{"id":59670,"date":"2022-08-03T09:13:37","date_gmt":"2022-08-03T07:13:37","guid":{"rendered":"https:\/\/vosgesinfo.fr\/remiremontinfo\/2022\/08\/remiremont-marion-lolita-participer-a-raid-sportif-guadeloupe\/"},"modified":"2022-08-03T09:13:37","modified_gmt":"2022-08-03T07:13:37","slug":"remiremont-marion-lolita-participer-a-raid-sportif-guadeloupe","status":"publish","type":"post","link":"https:\/\/vosgesinfo.fr\/remiremontinfo\/2022\/08\/remiremont-marion-lolita-participer-a-raid-sportif-guadeloupe\/","title":{"rendered":"Remiremont\u00a0: Marion et Lolita vont participer \u00e0 un raid sportif en Guadeloupe"},"content":{"rendered":"<p style=\"text-align: center;\"><a href=\"\/2022\/08\/03.jpg\"><img decoding=\"async\" class=\"alignnone size-full wp-image-350012\" src=\"\/2022\/08\/03.jpg\" alt=\"0\" width=\"849\" height=\"545\" \/><\/a><\/p>\n<h2><span style=\"font-size: 12pt;\"><strong>Marion Juker a 29 ans. Elle travaille au Centre Hospitalier de Remiremont. Lolita Michel a 26 ans. Elle travaille pour l\u2019entreprise Mauffrey \u00e0 Saint-Nabord. Toutes deux sont tr\u00e8s sportives, pratiquent r\u00e9guli\u00e8rement la course \u00e0 pied, le v\u00e9lo, le triathlon, le ski. Elles ont d\u00e9cid\u00e9 de se lancer dans une belle aventure en participant en novembre prochain \u00e0 un raid sportif en Guadeloupe.<\/strong><\/span><\/h2>\n<p>Les deux vosgiennes habitent le secteur de Remiremont, mais elles se sont rencontr\u00e9 \u00e0 plusieurs centaines de kilom\u00e8tres d\u2019ici. \u00ab\u00a0On s\u2019est rencontr\u00e9 l\u2019ann\u00e9e derni\u00e8re, par hasard\u00a0\u00bb, explique Lolita Michel. Au cours de la premi\u00e8re \u00e9dition du raid des \u00e9toiles du Verdon. En \u00e9changeant, les deux sportives d\u00e9couvrent qu\u2019elles viennent toutes deux des Vosges et pr\u00e9cis\u00e9ment de la charmante ville de Remiremont. <em>\u00ab\u00a0On s\u2019est rendu compte qu\u2019on habitait m\u00eame dans la m\u00eame rue\u00a0\u00bb.<\/em> Cette exp\u00e9rience sportive et humaine leur a donn\u00e9 envie de revivre une <a href=\"\/2022\/08\/vvv.jpg\"><img decoding=\"async\" class=\"wp-image-350010 alignleft\" src=\"\/2022\/08\/vvv.jpg\" alt=\"vvv\" width=\"355\" height=\"242\" \/><\/a>aventure encore plus hors du commun. Ce sera donc le Raid Femina Adventura, un raid sportif en Guadeloupe, du 15 au 20 novembre prochains.<\/p>\n<p><em>\u00ab\u00a0C\u2019est un raid 100\u00a0% f\u00e9minin, par \u00e9quipes de deux\u00a0\u00bb<\/em>, affirme Lolita Michel. Le raid r\u00e9unira des sportives au c\u0153ur des \u00celes de Guadeloupe. Les participantes venant de l\u2019hexagone, de la Guadeloupe, des \u00eeles de Cara\u00efbes ou de l\u2019\u00e9tranger, seront accueillies \u00e0 l\u2019a\u00e9roport international Guadeloupe P\u00f4le Cara\u00efbes. Une fois r\u00e9unies, les \u00ab\u00a0eco-aventuri\u00e8res\u00a0\u00bb seront conduites \u00e0 leur h\u00e9bergement o\u00f9 leur sera remis leur paquetage de course. Chaque jour, la comp\u00e9tition sera \u00e0 l\u2019honneur sur la Femina Adventure Guadeloupe. Des activit\u00e9s multiples seront propos\u00e9es aux participantes. Des journ\u00e9es vari\u00e9es, o\u00f9 elles encha\u00eeneront des \u00e9preuves Kayak, trail, parcours de cordes, etc. <em>\u00ab\u00a0On n\u2019a pas le programme en avance\u00a0\u00bb.<\/em><\/p>\n<p>Mais tout cela a un co\u00fbt. Pour l\u2019inscription, et pour les billets d\u2019avion. <em>\u00ab\u00a0C\u2019est quand m\u00eame un budget qui est cons\u00e9quent\u00a0\u00bb.<\/em> C\u2019est pourquoi les deux sportives ont cr\u00e9\u00e9 une association, \u00ab\u00a0Les \u00e9toiles Paillet\u00e9es\u00a0\u00bb afin de r\u00e9colter des fonds pour participer \u00e0 l\u2019aventure. Elles r\u00e9alisent depuis diverses actions : march\u00e9s de No\u00ebl, vente de biscuits, vente de saucisson, de bi\u00e8re, de brioche. <em>\u00ab\u00a0Nous allons continuer \u00e0 faire des actions de ce type tout au long de l&rsquo;ann\u00e9e afin de boucler notre budget\u00a0\u00bb<\/em>. En parall\u00e8le, elles effectuent une recherche de sponsors. <em>\u00ab\u00a0Nous acceptons les <a href=\"\/2022\/08\/tezsd.jpg\"><img decoding=\"async\" class=\" wp-image-350009 alignright\" src=\"\/2022\/08\/tezsd.jpg\" alt=\"tezsd\" width=\"386\" height=\"350\" \/><\/a>soutiens en argent mais \u00e9galement en \u00e9quipements sportifs\u00a0\u00bb.<\/em><\/p>\n<p>L\u2019un des objectifs de leur participation est de reverser en d\u00e9cembre prochain un don \u00e0 l\u2019Institut de Canc\u00e9rologie de Lorraine. C&rsquo;est une cause qui les touche personnellement. L&rsquo;iCL est un \u00e9tablissement de sant\u00e9 situ\u00e9 \u00e0 Nancy prenant en charge tout patient atteint d&rsquo;un cancer. Il assure des missions de soins standards et hautement sp\u00e9cifiques. Il est \u00e9galement impliqu\u00e9 dans l&rsquo;enseignement en canc\u00e9rologie en Lorraine. Il collecte des dons pour financer ses projets de recherche, d&rsquo;innovation et d&rsquo;aide aux patients. Ce projet est donc \u00e0 la fois sportif et solidaire. Pour l\u2019heure, Marion Juker et Lolita Michel s\u2019entra\u00eenent en participant \u00e0 de nombreux \u00e9v\u00e9nements sportifs.<\/p>\n<p>Pour suivre leur aventure et leur apporter votre soutien, <a href=\"https:\/\/www.facebook.com\/lesetoilespailletees\">rendez-vous sur les comptes Facebook et Instagram des \u00ab\u00a0\u00c9toiles Paillet\u00e9es\u00a0\u00bb.<\/a><\/p>\n<p>Ou prenez contact avec les deux sportives par mail \u00e0 <a href=\"mailto:lesetoilespailletees@gmail.com\">lesetoilespailletees@gmail.com<\/a> ou au 06 45 58 04 23 ou au 06 49 52 98 34.<\/p>\n<p>&nbsp;<\/p>\n","protected":false},"excerpt":{"rendered":"<p>Marion Juker a 29 ans. Elle travaille au Centre Hospitalier de Remiremont. Lolita Michel a 26 ans. Elle travaille pour [&hellip;]<\/p>\n","protected":false},"author":407,"featured_media":59671,"comment_status":"open","ping_status":"open","sticky":false,"template":"","format":"standard","meta":{"footnotes":""},"categories":[26,1556,35,14],"tags":[4346,4347,44,61,32],"class_list":["post-59670","post","type-post","status-publish","format-standard","has-post-thumbnail","hentry","category-a-la-une","category-remiremont-remiremont-son-canton-2","category-remiremont-son-canton","category-sport","tag-guadeloupe","tag-raid-femina","tag-remiremont","tag-sport","tag-vosges"],"acf":[],"yoast_head":"<!-- This site is optimized with the Yoast SEO plugin v22.5 - https:\/\/yoast.com\/wordpress\/plugins\/seo\/ -->\n<title>Remiremont\u00a0: Marion et Lolita vont participer \u00e0 un raid sportif en Guadeloupe - Remiremont Info<\/title>\n<meta name=\"robots\" content=\"index, follow, max-snippet:-1, max-image-preview:large, max-video-preview:-1\" \/>\n<link rel=\"canonical\" href=\"https:\/\/vosgesinfo.fr\/remiremontinfo\/2022\/08\/remiremont-marion-lolita-participer-a-raid-sportif-guadeloupe\/\" \/>\n<meta name=\"twitter:card\" content=\"summary_large_image\" \/>\n<meta name=\"twitter:title\" content=\"Remiremont\u00a0: Marion et Lolita vont participer \u00e0 un raid sportif en Guadeloupe - Remiremont Info\" \/>\n<meta name=\"twitter:description\" content=\"Marion Juker a 29 ans. Elle travaille au Centre Hospitalier de Remiremont. Lolita Michel a 26 ans. Elle travaille pour [&hellip;]\" \/>\n<meta name=\"twitter:image\" content=\"https:\/\/vosgesinfo.fr\/app\/uploads\/sites\/5\/2024\/09\/20220803.jpg\" \/>\n<meta name=\"twitter:creator\" content=\"@VosgesInfo88\" \/>\n<meta name=\"twitter:site\" content=\"@VosgesInfo88\" \/>\n<meta name=\"twitter:label1\" content=\"\u00c9crit par\" \/>\n\t<meta name=\"twitter:data1\" content=\"C D\" \/>\n\t<meta name=\"twitter:label2\" content=\"Dur\u00e9e de lecture estim\u00e9e\" \/>\n\t<meta name=\"twitter:data2\" content=\"3 minutes\" \/>\n<script type=\"application\/ld+json\" class=\"yoast-schema-graph\">{\"@context\":\"https:\/\/schema.org\",\"@graph\":[{\"@type\":\"Article\",\"@id\":\"https:\/\/vosgesinfo.fr\/remiremontinfo\/2022\/08\/remiremont-marion-lolita-participer-a-raid-sportif-guadeloupe\/#article\",\"isPartOf\":{\"@id\":\"https:\/\/vosgesinfo.fr\/remiremontinfo\/2022\/08\/remiremont-marion-lolita-participer-a-raid-sportif-guadeloupe\/\"},\"author\":{\"name\":\"C D\",\"@id\":\"https:\/\/vosgesinfo.fr\/remiremontinfo\/#\/schema\/person\/3bfd164d5218a185b1db68655a265316\"},\"headline\":\"Remiremont\u00a0: Marion et Lolita vont participer \u00e0 un raid sportif en Guadeloupe\",\"datePublished\":\"2022-08-03T07:13:37+00:00\",\"dateModified\":\"2022-08-03T07:13:37+00:00\",\"mainEntityOfPage\":{\"@id\":\"https:\/\/vosgesinfo.fr\/remiremontinfo\/2022\/08\/remiremont-marion-lolita-participer-a-raid-sportif-guadeloupe\/\"},\"wordCount\":584,\"commentCount\":0,\"publisher\":{\"@id\":\"https:\/\/vosgesinfo.fr\/remiremontinfo\/#organization\"},\"image\":{\"@id\":\"https:\/\/vosgesinfo.fr\/remiremontinfo\/2022\/08\/remiremont-marion-lolita-participer-a-raid-sportif-guadeloupe\/#primaryimage\"},\"thumbnailUrl\":\"https:\/\/vosgesinfo.fr\/app\/uploads\/sites\/5\/2024\/09\/20220803.jpg\",\"keywords\":[\"Guadeloupe\",\"raid femina\",\"remiremont\",\"sport\",\"Vosges\"],\"articleSection\":[\"A la Une\",\"Remiremont\",\"Remiremont &amp; son canton\",\"Sport\"],\"inLanguage\":\"fr-FR\",\"potentialAction\":[{\"@type\":\"CommentAction\",\"name\":\"Comment\",\"target\":[\"https:\/\/vosgesinfo.fr\/remiremontinfo\/2022\/08\/remiremont-marion-lolita-participer-a-raid-sportif-guadeloupe\/#respond\"]}]},{\"@type\":\"WebPage\",\"@id\":\"https:\/\/vosgesinfo.fr\/remiremontinfo\/2022\/08\/remiremont-marion-lolita-participer-a-raid-sportif-guadeloupe\/\",\"url\":\"https:\/\/vosgesinfo.fr\/remiremontinfo\/2022\/08\/remiremont-marion-lolita-participer-a-raid-sportif-guadeloupe\/\",\"name\":\"Remiremont\u00a0: Marion et Lolita vont participer \u00e0 un raid sportif en Guadeloupe - Remiremont Info\",\"isPartOf\":{\"@id\":\"https:\/\/vosgesinfo.fr\/remiremontinfo\/#website\"},\"primaryImageOfPage\":{\"@id\":\"https:\/\/vosgesinfo.fr\/remiremontinfo\/2022\/08\/remiremont-marion-lolita-participer-a-raid-sportif-guadeloupe\/#primaryimage\"},\"image\":{\"@id\":\"https:\/\/vosgesinfo.fr\/remiremontinfo\/2022\/08\/remiremont-marion-lolita-participer-a-raid-sportif-guadeloupe\/#primaryimage\"},\"thumbnailUrl\":\"https:\/\/vosgesinfo.fr\/app\/uploads\/sites\/5\/2024\/09\/20220803.jpg\",\"datePublished\":\"2022-08-03T07:13:37+00:00\",\"dateModified\":\"2022-08-03T07:13:37+00:00\",\"breadcrumb\":{\"@id\":\"https:\/\/vosgesinfo.fr\/remiremontinfo\/2022\/08\/remiremont-marion-lolita-participer-a-raid-sportif-guadeloupe\/#breadcrumb\"},\"inLanguage\":\"fr-FR\",\"potentialAction\":[{\"@type\":\"ReadAction\",\"target\":[\"https:\/\/vosgesinfo.fr\/remiremontinfo\/2022\/08\/remiremont-marion-lolita-participer-a-raid-sportif-guadeloupe\/\"]}]},{\"@type\":\"ImageObject\",\"inLanguage\":\"fr-FR\",\"@id\":\"https:\/\/vosgesinfo.fr\/remiremontinfo\/2022\/08\/remiremont-marion-lolita-participer-a-raid-sportif-guadeloupe\/#primaryimage\",\"url\":\"https:\/\/vosgesinfo.fr\/app\/uploads\/sites\/5\/2024\/09\/20220803.jpg\",\"contentUrl\":\"https:\/\/vosgesinfo.fr\/app\/uploads\/sites\/5\/2024\/09\/20220803.jpg\",\"width\":849,\"height\":545},{\"@type\":\"BreadcrumbList\",\"@id\":\"https:\/\/vosgesinfo.fr\/remiremontinfo\/2022\/08\/remiremont-marion-lolita-participer-a-raid-sportif-guadeloupe\/#breadcrumb\",\"itemListElement\":[{\"@type\":\"ListItem\",\"position\":1,\"name\":\"Home\",\"item\":\"https:\/\/vosgesinfo.fr\/remiremontinfo\/\"},{\"@type\":\"ListItem\",\"position\":2,\"name\":\"Remiremont\u00a0: Marion et Lolita vont participer \u00e0 un raid sportif en Guadeloupe\"}]},{\"@type\":\"WebSite\",\"@id\":\"https:\/\/vosgesinfo.fr\/remiremontinfo\/#website\",\"url\":\"https:\/\/vosgesinfo.fr\/remiremontinfo\/\",\"name\":\"Remiremont Info\",\"description\":\"Toute l&#039;actualit\u00e9 de Remiremont\",\"publisher\":{\"@id\":\"https:\/\/vosgesinfo.fr\/remiremontinfo\/#organization\"},\"alternateName\":\"Toute l'actualit\u00e9 de Remiremont\",\"potentialAction\":[{\"@type\":\"SearchAction\",\"target\":{\"@type\":\"EntryPoint\",\"urlTemplate\":\"https:\/\/vosgesinfo.fr\/remiremontinfo\/?s={search_term_string}\"},\"query-input\":\"required name=search_term_string\"}],\"inLanguage\":\"fr-FR\"},{\"@type\":\"Organization\",\"@id\":\"https:\/\/vosgesinfo.fr\/remiremontinfo\/#organization\",\"name\":\"Remiremont Info\",\"url\":\"https:\/\/vosgesinfo.fr\/remiremontinfo\/\",\"logo\":{\"@type\":\"ImageObject\",\"inLanguage\":\"fr-FR\",\"@id\":\"https:\/\/vosgesinfo.fr\/remiremontinfo\/#\/schema\/logo\/image\/\",\"url\":\"https:\/\/vosgesinfo.fr\/app\/uploads\/sites\/5\/2023\/08\/favicon-remiremontinfo.png\",\"contentUrl\":\"https:\/\/vosgesinfo.fr\/app\/uploads\/sites\/5\/2023\/08\/favicon-remiremontinfo.png\",\"width\":512,\"height\":512,\"caption\":\"Remiremont Info\"},\"image\":{\"@id\":\"https:\/\/vosgesinfo.fr\/remiremontinfo\/#\/schema\/logo\/image\/\"},\"sameAs\":[\"https:\/\/www.facebook.com\/remiremontinfo\",\"https:\/\/x.com\/VosgesInfo88\",\"https:\/\/www.youtube.com\/@vosgesinfo\"]},{\"@type\":\"Person\",\"@id\":\"https:\/\/vosgesinfo.fr\/remiremontinfo\/#\/schema\/person\/3bfd164d5218a185b1db68655a265316\",\"name\":\"C D\",\"image\":{\"@type\":\"ImageObject\",\"inLanguage\":\"fr-FR\",\"@id\":\"https:\/\/vosgesinfo.fr\/remiremontinfo\/#\/schema\/person\/image\/\",\"url\":\"https:\/\/secure.gravatar.com\/avatar\/1f9a70007336511a47468b8f1c66f922b8b7cf617b02a31149ada43893a5d48f?s=96&d=mm&r=g\",\"contentUrl\":\"https:\/\/secure.gravatar.com\/avatar\/1f9a70007336511a47468b8f1c66f922b8b7cf617b02a31149ada43893a5d48f?s=96&d=mm&r=g\",\"caption\":\"C D\"},\"url\":\"https:\/\/vosgesinfo.fr\/remiremontinfo\/author\/cedric-drevet\/\"}]}<\/script>\n<!-- \/ Yoast SEO plugin. -->","yoast_head_json":{"title":"Remiremont\u00a0: Marion et Lolita vont participer \u00e0 un raid sportif en Guadeloupe - Remiremont Info","robots":{"index":"index","follow":"follow","max-snippet":"max-snippet:-1","max-image-preview":"max-image-preview:large","max-video-preview":"max-video-preview:-1"},"canonical":"https:\/\/vosgesinfo.fr\/remiremontinfo\/2022\/08\/remiremont-marion-lolita-participer-a-raid-sportif-guadeloupe\/","twitter_card":"summary_large_image","twitter_title":"Remiremont\u00a0: Marion et Lolita vont participer \u00e0 un raid sportif en Guadeloupe - Remiremont Info","twitter_description":"Marion Juker a 29 ans. Elle travaille au Centre Hospitalier de Remiremont. Lolita Michel a 26 ans. Elle travaille pour [&hellip;]","twitter_image":"https:\/\/vosgesinfo.fr\/app\/uploads\/sites\/5\/2024\/09\/20220803.jpg","twitter_creator":"@VosgesInfo88","twitter_site":"@VosgesInfo88","twitter_misc":{"\u00c9crit par":"C D","Dur\u00e9e de lecture estim\u00e9e":"3 minutes"},"schema":{"@context":"https:\/\/schema.org","@graph":[{"@type":"Article","@id":"https:\/\/vosgesinfo.fr\/remiremontinfo\/2022\/08\/remiremont-marion-lolita-participer-a-raid-sportif-guadeloupe\/#article","isPartOf":{"@id":"https:\/\/vosgesinfo.fr\/remiremontinfo\/2022\/08\/remiremont-marion-lolita-participer-a-raid-sportif-guadeloupe\/"},"author":{"name":"C D","@id":"https:\/\/vosgesinfo.fr\/remiremontinfo\/#\/schema\/person\/3bfd164d5218a185b1db68655a265316"},"headline":"Remiremont\u00a0: Marion et Lolita vont participer \u00e0 un raid sportif en Guadeloupe","datePublished":"2022-08-03T07:13:37+00:00","dateModified":"2022-08-03T07:13:37+00:00","mainEntityOfPage":{"@id":"https:\/\/vosgesinfo.fr\/remiremontinfo\/2022\/08\/remiremont-marion-lolita-participer-a-raid-sportif-guadeloupe\/"},"wordCount":584,"commentCount":0,"publisher":{"@id":"https:\/\/vosgesinfo.fr\/remiremontinfo\/#organization"},"image":{"@id":"https:\/\/vosgesinfo.fr\/remiremontinfo\/2022\/08\/remiremont-marion-lolita-participer-a-raid-sportif-guadeloupe\/#primaryimage"},"thumbnailUrl":"https:\/\/vosgesinfo.fr\/app\/uploads\/sites\/5\/2024\/09\/20220803.jpg","keywords":["Guadeloupe","raid femina","remiremont","sport","Vosges"],"articleSection":["A la Une","Remiremont","Remiremont &amp; son canton","Sport"],"inLanguage":"fr-FR","potentialAction":[{"@type":"CommentAction","name":"Comment","target":["https:\/\/vosgesinfo.fr\/remiremontinfo\/2022\/08\/remiremont-marion-lolita-participer-a-raid-sportif-guadeloupe\/#respond"]}]},{"@type":"WebPage","@id":"https:\/\/vosgesinfo.fr\/remiremontinfo\/2022\/08\/remiremont-marion-lolita-participer-a-raid-sportif-guadeloupe\/","url":"https:\/\/vosgesinfo.fr\/remiremontinfo\/2022\/08\/remiremont-marion-lolita-participer-a-raid-sportif-guadeloupe\/","name":"Remiremont\u00a0: Marion et Lolita vont participer \u00e0 un raid sportif en Guadeloupe - Remiremont Info","isPartOf":{"@id":"https:\/\/vosgesinfo.fr\/remiremontinfo\/#website"},"primaryImageOfPage":{"@id":"https:\/\/vosgesinfo.fr\/remiremontinfo\/2022\/08\/remiremont-marion-lolita-participer-a-raid-sportif-guadeloupe\/#primaryimage"},"image":{"@id":"https:\/\/vosgesinfo.fr\/remiremontinfo\/2022\/08\/remiremont-marion-lolita-participer-a-raid-sportif-guadeloupe\/#primaryimage"},"thumbnailUrl":"https:\/\/vosgesinfo.fr\/app\/uploads\/sites\/5\/2024\/09\/20220803.jpg","datePublished":"2022-08-03T07:13:37+00:00","dateModified":"2022-08-03T07:13:37+00:00","breadcrumb":{"@id":"https:\/\/vosgesinfo.fr\/remiremontinfo\/2022\/08\/remiremont-marion-lolita-participer-a-raid-sportif-guadeloupe\/#breadcrumb"},"inLanguage":"fr-FR","potentialAction":[{"@type":"ReadAction","target":["https:\/\/vosgesinfo.fr\/remiremontinfo\/2022\/08\/remiremont-marion-lolita-participer-a-raid-sportif-guadeloupe\/"]}]},{"@type":"ImageObject","inLanguage":"fr-FR","@id":"https:\/\/vosgesinfo.fr\/remiremontinfo\/2022\/08\/remiremont-marion-lolita-participer-a-raid-sportif-guadeloupe\/#primaryimage","url":"https:\/\/vosgesinfo.fr\/app\/uploads\/sites\/5\/2024\/09\/20220803.jpg","contentUrl":"https:\/\/vosgesinfo.fr\/app\/uploads\/sites\/5\/2024\/09\/20220803.jpg","width":849,"height":545},{"@type":"BreadcrumbList","@id":"https:\/\/vosgesinfo.fr\/remiremontinfo\/2022\/08\/remiremont-marion-lolita-participer-a-raid-sportif-guadeloupe\/#breadcrumb","itemListElement":[{"@type":"ListItem","position":1,"name":"Home","item":"https:\/\/vosgesinfo.fr\/remiremontinfo\/"},{"@type":"ListItem","position":2,"name":"Remiremont\u00a0: Marion et Lolita vont participer \u00e0 un raid sportif en Guadeloupe"}]},{"@type":"WebSite","@id":"https:\/\/vosgesinfo.fr\/remiremontinfo\/#website","url":"https:\/\/vosgesinfo.fr\/remiremontinfo\/","name":"Remiremont Info","description":"Toute l&#039;actualit\u00e9 de Remiremont","publisher":{"@id":"https:\/\/vosgesinfo.fr\/remiremontinfo\/#organization"},"alternateName":"Toute l'actualit\u00e9 de Remiremont","potentialAction":[{"@type":"SearchAction","target":{"@type":"EntryPoint","urlTemplate":"https:\/\/vosgesinfo.fr\/remiremontinfo\/?s={search_term_string}"},"query-input":"required name=search_term_string"}],"inLanguage":"fr-FR"},{"@type":"Organization","@id":"https:\/\/vosgesinfo.fr\/remiremontinfo\/#organization","name":"Remiremont Info","url":"https:\/\/vosgesinfo.fr\/remiremontinfo\/","logo":{"@type":"ImageObject","inLanguage":"fr-FR","@id":"https:\/\/vosgesinfo.fr\/remiremontinfo\/#\/schema\/logo\/image\/","url":"https:\/\/vosgesinfo.fr\/app\/uploads\/sites\/5\/2023\/08\/favicon-remiremontinfo.png","contentUrl":"https:\/\/vosgesinfo.fr\/app\/uploads\/sites\/5\/2023\/08\/favicon-remiremontinfo.png","width":512,"height":512,"caption":"Remiremont Info"},"image":{"@id":"https:\/\/vosgesinfo.fr\/remiremontinfo\/#\/schema\/logo\/image\/"},"sameAs":["https:\/\/www.facebook.com\/remiremontinfo","https:\/\/x.com\/VosgesInfo88","https:\/\/www.youtube.com\/@vosgesinfo"]},{"@type":"Person","@id":"https:\/\/vosgesinfo.fr\/remiremontinfo\/#\/schema\/person\/3bfd164d5218a185b1db68655a265316","name":"C D","image":{"@type":"ImageObject","inLanguage":"fr-FR","@id":"https:\/\/vosgesinfo.fr\/remiremontinfo\/#\/schema\/person\/image\/","url":"https:\/\/secure.gravatar.com\/avatar\/1f9a70007336511a47468b8f1c66f922b8b7cf617b02a31149ada43893a5d48f?s=96&d=mm&r=g","contentUrl":"https:\/\/secure.gravatar.com\/avatar\/1f9a70007336511a47468b8f1c66f922b8b7cf617b02a31149ada43893a5d48f?s=96&d=mm&r=g","caption":"C D"},"url":"https:\/\/vosgesinfo.fr\/remiremontinfo\/author\/cedric-drevet\/"}]}},"_links":{"self":[{"href":"https:\/\/vosgesinfo.fr\/remiremontinfo\/wp-json\/wp\/v2\/posts\/59670","targetHints":{"allow":["GET"]}}],"collection":[{"href":"https:\/\/vosgesinfo.fr\/remiremontinfo\/wp-json\/wp\/v2\/posts"}],"about":[{"href":"https:\/\/vosgesinfo.fr\/remiremontinfo\/wp-json\/wp\/v2\/types\/post"}],"author":[{"embeddable":true,"href":"https:\/\/vosgesinfo.fr\/remiremontinfo\/wp-json\/wp\/v2\/users\/407"}],"replies":[{"embeddable":true,"href":"https:\/\/vosgesinfo.fr\/remiremontinfo\/wp-json\/wp\/v2\/comments?post=59670"}],"version-history":[{"count":0,"href":"https:\/\/vosgesinfo.fr\/remiremontinfo\/wp-json\/wp\/v2\/posts\/59670\/revisions"}],"wp:featuredmedia":[{"embeddable":true,"href":"https:\/\/vosgesinfo.fr\/remiremontinfo\/wp-json\/wp\/v2\/media\/59671"}],"wp:attachment":[{"href":"https:\/\/vosgesinfo.fr\/remiremontinfo\/wp-json\/wp\/v2\/media?parent=59670"}],"wp:term":[{"taxonomy":"category","embeddable":true,"href":"https:\/\/vosgesinfo.fr\/remiremontinfo\/wp-json\/wp\/v2\/categories?post=59670"},{"taxonomy":"post_tag","embeddable":true,"href":"https:\/\/vosgesinfo.fr\/remiremontinfo\/wp-json\/wp\/v2\/tags?post=59670"}],"curies":[{"name":"wp","href":"https:\/\/api.w.org\/{rel}","templated":true}]}}