{"id":59675,"date":"2022-08-03T10:00:16","date_gmt":"2022-08-03T08:00:16","guid":{"rendered":"https:\/\/vosgesinfo.fr\/remiremontinfo\/2022\/08\/remiremont-gilles-grivel-proposera-visite-guidee-de-lexposition-communaute-juive\/"},"modified":"2022-08-03T10:00:16","modified_gmt":"2022-08-03T08:00:16","slug":"remiremont-gilles-grivel-proposera-visite-guidee-de-lexposition-communaute-juive","status":"publish","type":"post","link":"https:\/\/vosgesinfo.fr\/remiremontinfo\/2022\/08\/remiremont-gilles-grivel-proposera-visite-guidee-de-lexposition-communaute-juive\/","title":{"rendered":"Remiremont : Gilles Grivel proposera une visite guid\u00e9e de l&rsquo;exposition sur la communaut\u00e9 juive"},"content":{"rendered":"\n<p><span style=\"font-size: 10pt;\"><em>Photos d&rsquo;archive\u00a0<\/em><\/span><\/p>\n<h2><span style=\"font-size: 12pt;\"><strong>Gilles Grivel, professeur agr\u00e9g\u00e9, docteur en histoire et conseiller scientifique de l\u2019exposition \u00ab Les Juifs de Remiremont : parcours d\u2019une communaut\u00e9 d\u2019hier \u00e0 aujourd\u2019hui \u00bb, proposera une visite guid\u00e9e, le mercredi 24 ao\u00fbt prochain \u00e0 18h aux Archives municipales, situ\u00e9es 4, place Christian Poncelet \u00e0 Remiremont.\u00a0<\/strong><\/span><\/h2>\n<p>L\u2019exposition a \u00e9t\u00e9 r\u00e9alis\u00e9e notamment par des \u00e9l\u00e8ves de secondes qui ont effectu\u00e9 un important travail de recherche. On y d\u00e9couvre des documents qui permettent de retracer l\u2019histoire de la communaut\u00e9 isra\u00e9lite \u00e0 Remiremont. Certains patronymes parleront peut \u00eatre \u00e0 des habitants de la commune : Li\u00e8vre, Kinsbourg, Grumbach, Veill, Dock\u00e8s, Picquard, Bloch. Malgr\u00e9 leur petit nombre, les juifs ont jou\u00e9 un r\u00f4le important dans l\u2019histoire de la cit\u00e9 des Chanoinesses au XIXe et au d\u00e9but du XXe si\u00e8cle, avant de s\u2019en \u00e9loigner, ou d\u2019\u00eatre d\u00e9cim\u00e9s par les pers\u00e9cutions durant la Seconde Guerre Mondiale.<\/p>\n<p>Le projet d\u2019exposition est n\u00e9 du travail collaboratif et interdisciplinaire de Nad\u00e8ge Maton et Arnaud Claire, enseignants du Lyc\u00e9e Jeanne d\u2019Arc avec l\u2019une de leur classe de seconde. Il avait pour ambition de permettre aux \u00e9l\u00e8ves de saisir les enjeux de m\u00e9moire autour de cette communaut\u00e9. Au fil des rencontres et visites, ils ont pr\u00e9par\u00e9 avec le soutien de St\u00e9phanie Ysard, directrice des Archives, diff\u00e9rents supports, qui sont pr\u00e9sent\u00e9s ici. Apr\u00e8s cette premi\u00e8re approche du sujet, il a fallut rechercher des documents d\u2019\u00e9poque. 22 \u00e9l\u00e8ves ont ainsi, au cours des mois \u00e9coul\u00e9s, travaill\u00e9 de nombreuses heures pour r\u00e9aliser ce projet. Pour cr\u00e9er l\u2019exposition, de nombreux documents et objets ont \u00e9t\u00e9 rassembl\u00e9s. Ils viennent des archives de Remiremont, des archives d\u00e9partementales, de la synagogue d\u2019Epinal. Des particuliers romarimontains ont aussi pr\u00eat\u00e9 des photos de famille, notamment.<\/p>\n<p>Informations pratiques :<br \/>\nEntr\u00e9e libre<br \/>\nL\u2019exposition est ouverte au public jusqu\u2019au jeudi 8 septembre 2022, les mardis, mercredis et jeudis de 13h30 \u00e0 17h30<\/p>\n","protected":false},"excerpt":{"rendered":"<p>Photos d&rsquo;archive\u00a0 Gilles Grivel, professeur agr\u00e9g\u00e9, docteur en histoire et conseiller scientifique de l\u2019exposition \u00ab Les Juifs de Remiremont : [&hellip;]<\/p>\n","protected":false},"author":407,"featured_media":59676,"comment_status":"open","ping_status":"open","sticky":false,"template":"","format":"standard","meta":{"footnotes":""},"categories":[26,86,1556,35],"tags":[2756,75,3976,44,32],"class_list":["post-59675","post","type-post","status-publish","format-standard","has-post-thumbnail","hentry","category-a-la-une","category-histoire","category-remiremont-remiremont-son-canton-2","category-remiremont-son-canton","tag-expo","tag-histoire","tag-juifs","tag-remiremont","tag-vosges"],"acf":[],"yoast_head":"<!-- This site is optimized with the Yoast SEO plugin v22.5 - https:\/\/yoast.com\/wordpress\/plugins\/seo\/ -->\n<title>Remiremont : Gilles Grivel proposera une visite guid\u00e9e de l&#039;exposition sur la communaut\u00e9 juive - Remiremont Info<\/title>\n<meta name=\"robots\" content=\"index, follow, max-snippet:-1, max-image-preview:large, max-video-preview:-1\" \/>\n<link rel=\"canonical\" href=\"https:\/\/vosgesinfo.fr\/remiremontinfo\/2022\/08\/remiremont-gilles-grivel-proposera-visite-guidee-de-lexposition-communaute-juive\/\" \/>\n<meta name=\"twitter:card\" content=\"summary_large_image\" \/>\n<meta name=\"twitter:title\" content=\"Remiremont : Gilles Grivel proposera une visite guid\u00e9e de l&#039;exposition sur la communaut\u00e9 juive - Remiremont Info\" \/>\n<meta name=\"twitter:description\" content=\"Photos d&rsquo;archive\u00a0 Gilles Grivel, professeur agr\u00e9g\u00e9, docteur en histoire et conseiller scientifique de l\u2019exposition \u00ab Les Juifs de Remiremont : [&hellip;]\" \/>\n<meta name=\"twitter:image\" content=\"https:\/\/vosgesinfo.fr\/app\/uploads\/sites\/5\/2024\/09\/202208dsc-0179.jpg\" \/>\n<meta name=\"twitter:creator\" content=\"@VosgesInfo88\" \/>\n<meta name=\"twitter:site\" content=\"@VosgesInfo88\" \/>\n<meta name=\"twitter:label1\" content=\"\u00c9crit par\" \/>\n\t<meta name=\"twitter:data1\" content=\"C D\" \/>\n\t<meta name=\"twitter:label2\" content=\"Dur\u00e9e de lecture estim\u00e9e\" \/>\n\t<meta name=\"twitter:data2\" content=\"2 minutes\" \/>\n<script type=\"application\/ld+json\" class=\"yoast-schema-graph\">{\"@context\":\"https:\/\/schema.org\",\"@graph\":[{\"@type\":\"Article\",\"@id\":\"https:\/\/vosgesinfo.fr\/remiremontinfo\/2022\/08\/remiremont-gilles-grivel-proposera-visite-guidee-de-lexposition-communaute-juive\/#article\",\"isPartOf\":{\"@id\":\"https:\/\/vosgesinfo.fr\/remiremontinfo\/2022\/08\/remiremont-gilles-grivel-proposera-visite-guidee-de-lexposition-communaute-juive\/\"},\"author\":{\"name\":\"C D\",\"@id\":\"https:\/\/vosgesinfo.fr\/remiremontinfo\/#\/schema\/person\/3bfd164d5218a185b1db68655a265316\"},\"headline\":\"Remiremont : Gilles Grivel proposera une visite guid\u00e9e de l&rsquo;exposition sur la communaut\u00e9 juive\",\"datePublished\":\"2022-08-03T08:00:16+00:00\",\"dateModified\":\"2022-08-03T08:00:16+00:00\",\"mainEntityOfPage\":{\"@id\":\"https:\/\/vosgesinfo.fr\/remiremontinfo\/2022\/08\/remiremont-gilles-grivel-proposera-visite-guidee-de-lexposition-communaute-juive\/\"},\"wordCount\":362,\"commentCount\":0,\"publisher\":{\"@id\":\"https:\/\/vosgesinfo.fr\/remiremontinfo\/#organization\"},\"image\":{\"@id\":\"https:\/\/vosgesinfo.fr\/remiremontinfo\/2022\/08\/remiremont-gilles-grivel-proposera-visite-guidee-de-lexposition-communaute-juive\/#primaryimage\"},\"thumbnailUrl\":\"https:\/\/vosgesinfo.fr\/app\/uploads\/sites\/5\/2024\/09\/202208dsc-0179.jpg\",\"keywords\":[\"Expo\",\"Histoire\",\"juifs\",\"remiremont\",\"Vosges\"],\"articleSection\":[\"A la Une\",\"Histoire\",\"Remiremont\",\"Remiremont &amp; son canton\"],\"inLanguage\":\"fr-FR\",\"potentialAction\":[{\"@type\":\"CommentAction\",\"name\":\"Comment\",\"target\":[\"https:\/\/vosgesinfo.fr\/remiremontinfo\/2022\/08\/remiremont-gilles-grivel-proposera-visite-guidee-de-lexposition-communaute-juive\/#respond\"]}]},{\"@type\":\"WebPage\",\"@id\":\"https:\/\/vosgesinfo.fr\/remiremontinfo\/2022\/08\/remiremont-gilles-grivel-proposera-visite-guidee-de-lexposition-communaute-juive\/\",\"url\":\"https:\/\/vosgesinfo.fr\/remiremontinfo\/2022\/08\/remiremont-gilles-grivel-proposera-visite-guidee-de-lexposition-communaute-juive\/\",\"name\":\"Remiremont : Gilles Grivel proposera une visite guid\u00e9e de l'exposition sur la communaut\u00e9 juive - Remiremont Info\",\"isPartOf\":{\"@id\":\"https:\/\/vosgesinfo.fr\/remiremontinfo\/#website\"},\"primaryImageOfPage\":{\"@id\":\"https:\/\/vosgesinfo.fr\/remiremontinfo\/2022\/08\/remiremont-gilles-grivel-proposera-visite-guidee-de-lexposition-communaute-juive\/#primaryimage\"},\"image\":{\"@id\":\"https:\/\/vosgesinfo.fr\/remiremontinfo\/2022\/08\/remiremont-gilles-grivel-proposera-visite-guidee-de-lexposition-communaute-juive\/#primaryimage\"},\"thumbnailUrl\":\"https:\/\/vosgesinfo.fr\/app\/uploads\/sites\/5\/2024\/09\/202208dsc-0179.jpg\",\"datePublished\":\"2022-08-03T08:00:16+00:00\",\"dateModified\":\"2022-08-03T08:00:16+00:00\",\"breadcrumb\":{\"@id\":\"https:\/\/vosgesinfo.fr\/remiremontinfo\/2022\/08\/remiremont-gilles-grivel-proposera-visite-guidee-de-lexposition-communaute-juive\/#breadcrumb\"},\"inLanguage\":\"fr-FR\",\"potentialAction\":[{\"@type\":\"ReadAction\",\"target\":[\"https:\/\/vosgesinfo.fr\/remiremontinfo\/2022\/08\/remiremont-gilles-grivel-proposera-visite-guidee-de-lexposition-communaute-juive\/\"]}]},{\"@type\":\"ImageObject\",\"inLanguage\":\"fr-FR\",\"@id\":\"https:\/\/vosgesinfo.fr\/remiremontinfo\/2022\/08\/remiremont-gilles-grivel-proposera-visite-guidee-de-lexposition-communaute-juive\/#primaryimage\",\"url\":\"https:\/\/vosgesinfo.fr\/app\/uploads\/sites\/5\/2024\/09\/202208dsc-0179.jpg\",\"contentUrl\":\"https:\/\/vosgesinfo.fr\/app\/uploads\/sites\/5\/2024\/09\/202208dsc-0179.jpg\",\"width\":1478,\"height\":1018},{\"@type\":\"BreadcrumbList\",\"@id\":\"https:\/\/vosgesinfo.fr\/remiremontinfo\/2022\/08\/remiremont-gilles-grivel-proposera-visite-guidee-de-lexposition-communaute-juive\/#breadcrumb\",\"itemListElement\":[{\"@type\":\"ListItem\",\"position\":1,\"name\":\"Home\",\"item\":\"https:\/\/vosgesinfo.fr\/remiremontinfo\/\"},{\"@type\":\"ListItem\",\"position\":2,\"name\":\"Remiremont : Gilles Grivel proposera une visite guid\u00e9e de l&rsquo;exposition sur la communaut\u00e9 juive\"}]},{\"@type\":\"WebSite\",\"@id\":\"https:\/\/vosgesinfo.fr\/remiremontinfo\/#website\",\"url\":\"https:\/\/vosgesinfo.fr\/remiremontinfo\/\",\"name\":\"Remiremont Info\",\"description\":\"Toute l&#039;actualit\u00e9 de Remiremont\",\"publisher\":{\"@id\":\"https:\/\/vosgesinfo.fr\/remiremontinfo\/#organization\"},\"alternateName\":\"Toute l'actualit\u00e9 de Remiremont\",\"potentialAction\":[{\"@type\":\"SearchAction\",\"target\":{\"@type\":\"EntryPoint\",\"urlTemplate\":\"https:\/\/vosgesinfo.fr\/remiremontinfo\/?s={search_term_string}\"},\"query-input\":\"required name=search_term_string\"}],\"inLanguage\":\"fr-FR\"},{\"@type\":\"Organization\",\"@id\":\"https:\/\/vosgesinfo.fr\/remiremontinfo\/#organization\",\"name\":\"Remiremont Info\",\"url\":\"https:\/\/vosgesinfo.fr\/remiremontinfo\/\",\"logo\":{\"@type\":\"ImageObject\",\"inLanguage\":\"fr-FR\",\"@id\":\"https:\/\/vosgesinfo.fr\/remiremontinfo\/#\/schema\/logo\/image\/\",\"url\":\"https:\/\/vosgesinfo.fr\/app\/uploads\/sites\/5\/2023\/08\/favicon-remiremontinfo.png\",\"contentUrl\":\"https:\/\/vosgesinfo.fr\/app\/uploads\/sites\/5\/2023\/08\/favicon-remiremontinfo.png\",\"width\":512,\"height\":512,\"caption\":\"Remiremont Info\"},\"image\":{\"@id\":\"https:\/\/vosgesinfo.fr\/remiremontinfo\/#\/schema\/logo\/image\/\"},\"sameAs\":[\"https:\/\/www.facebook.com\/remiremontinfo\",\"https:\/\/x.com\/VosgesInfo88\",\"https:\/\/www.youtube.com\/@vosgesinfo\"]},{\"@type\":\"Person\",\"@id\":\"https:\/\/vosgesinfo.fr\/remiremontinfo\/#\/schema\/person\/3bfd164d5218a185b1db68655a265316\",\"name\":\"C D\",\"image\":{\"@type\":\"ImageObject\",\"inLanguage\":\"fr-FR\",\"@id\":\"https:\/\/vosgesinfo.fr\/remiremontinfo\/#\/schema\/person\/image\/\",\"url\":\"https:\/\/secure.gravatar.com\/avatar\/1f9a70007336511a47468b8f1c66f922b8b7cf617b02a31149ada43893a5d48f?s=96&d=mm&r=g\",\"contentUrl\":\"https:\/\/secure.gravatar.com\/avatar\/1f9a70007336511a47468b8f1c66f922b8b7cf617b02a31149ada43893a5d48f?s=96&d=mm&r=g\",\"caption\":\"C D\"},\"url\":\"https:\/\/vosgesinfo.fr\/remiremontinfo\/author\/cedric-drevet\/\"}]}<\/script>\n<!-- \/ Yoast SEO plugin. -->","yoast_head_json":{"title":"Remiremont : Gilles Grivel proposera une visite guid\u00e9e de l'exposition sur la communaut\u00e9 juive - Remiremont Info","robots":{"index":"index","follow":"follow","max-snippet":"max-snippet:-1","max-image-preview":"max-image-preview:large","max-video-preview":"max-video-preview:-1"},"canonical":"https:\/\/vosgesinfo.fr\/remiremontinfo\/2022\/08\/remiremont-gilles-grivel-proposera-visite-guidee-de-lexposition-communaute-juive\/","twitter_card":"summary_large_image","twitter_title":"Remiremont : Gilles Grivel proposera une visite guid\u00e9e de l'exposition sur la communaut\u00e9 juive - Remiremont Info","twitter_description":"Photos d&rsquo;archive\u00a0 Gilles Grivel, professeur agr\u00e9g\u00e9, docteur en histoire et conseiller scientifique de l\u2019exposition \u00ab Les Juifs de Remiremont : [&hellip;]","twitter_image":"https:\/\/vosgesinfo.fr\/app\/uploads\/sites\/5\/2024\/09\/202208dsc-0179.jpg","twitter_creator":"@VosgesInfo88","twitter_site":"@VosgesInfo88","twitter_misc":{"\u00c9crit par":"C D","Dur\u00e9e de lecture estim\u00e9e":"2 minutes"},"schema":{"@context":"https:\/\/schema.org","@graph":[{"@type":"Article","@id":"https:\/\/vosgesinfo.fr\/remiremontinfo\/2022\/08\/remiremont-gilles-grivel-proposera-visite-guidee-de-lexposition-communaute-juive\/#article","isPartOf":{"@id":"https:\/\/vosgesinfo.fr\/remiremontinfo\/2022\/08\/remiremont-gilles-grivel-proposera-visite-guidee-de-lexposition-communaute-juive\/"},"author":{"name":"C D","@id":"https:\/\/vosgesinfo.fr\/remiremontinfo\/#\/schema\/person\/3bfd164d5218a185b1db68655a265316"},"headline":"Remiremont : Gilles Grivel proposera une visite guid\u00e9e de l&rsquo;exposition sur la communaut\u00e9 juive","datePublished":"2022-08-03T08:00:16+00:00","dateModified":"2022-08-03T08:00:16+00:00","mainEntityOfPage":{"@id":"https:\/\/vosgesinfo.fr\/remiremontinfo\/2022\/08\/remiremont-gilles-grivel-proposera-visite-guidee-de-lexposition-communaute-juive\/"},"wordCount":362,"commentCount":0,"publisher":{"@id":"https:\/\/vosgesinfo.fr\/remiremontinfo\/#organization"},"image":{"@id":"https:\/\/vosgesinfo.fr\/remiremontinfo\/2022\/08\/remiremont-gilles-grivel-proposera-visite-guidee-de-lexposition-communaute-juive\/#primaryimage"},"thumbnailUrl":"https:\/\/vosgesinfo.fr\/app\/uploads\/sites\/5\/2024\/09\/202208dsc-0179.jpg","keywords":["Expo","Histoire","juifs","remiremont","Vosges"],"articleSection":["A la Une","Histoire","Remiremont","Remiremont &amp; son canton"],"inLanguage":"fr-FR","potentialAction":[{"@type":"CommentAction","name":"Comment","target":["https:\/\/vosgesinfo.fr\/remiremontinfo\/2022\/08\/remiremont-gilles-grivel-proposera-visite-guidee-de-lexposition-communaute-juive\/#respond"]}]},{"@type":"WebPage","@id":"https:\/\/vosgesinfo.fr\/remiremontinfo\/2022\/08\/remiremont-gilles-grivel-proposera-visite-guidee-de-lexposition-communaute-juive\/","url":"https:\/\/vosgesinfo.fr\/remiremontinfo\/2022\/08\/remiremont-gilles-grivel-proposera-visite-guidee-de-lexposition-communaute-juive\/","name":"Remiremont : Gilles Grivel proposera une visite guid\u00e9e de l'exposition sur la communaut\u00e9 juive - Remiremont Info","isPartOf":{"@id":"https:\/\/vosgesinfo.fr\/remiremontinfo\/#website"},"primaryImageOfPage":{"@id":"https:\/\/vosgesinfo.fr\/remiremontinfo\/2022\/08\/remiremont-gilles-grivel-proposera-visite-guidee-de-lexposition-communaute-juive\/#primaryimage"},"image":{"@id":"https:\/\/vosgesinfo.fr\/remiremontinfo\/2022\/08\/remiremont-gilles-grivel-proposera-visite-guidee-de-lexposition-communaute-juive\/#primaryimage"},"thumbnailUrl":"https:\/\/vosgesinfo.fr\/app\/uploads\/sites\/5\/2024\/09\/202208dsc-0179.jpg","datePublished":"2022-08-03T08:00:16+00:00","dateModified":"2022-08-03T08:00:16+00:00","breadcrumb":{"@id":"https:\/\/vosgesinfo.fr\/remiremontinfo\/2022\/08\/remiremont-gilles-grivel-proposera-visite-guidee-de-lexposition-communaute-juive\/#breadcrumb"},"inLanguage":"fr-FR","potentialAction":[{"@type":"ReadAction","target":["https:\/\/vosgesinfo.fr\/remiremontinfo\/2022\/08\/remiremont-gilles-grivel-proposera-visite-guidee-de-lexposition-communaute-juive\/"]}]},{"@type":"ImageObject","inLanguage":"fr-FR","@id":"https:\/\/vosgesinfo.fr\/remiremontinfo\/2022\/08\/remiremont-gilles-grivel-proposera-visite-guidee-de-lexposition-communaute-juive\/#primaryimage","url":"https:\/\/vosgesinfo.fr\/app\/uploads\/sites\/5\/2024\/09\/202208dsc-0179.jpg","contentUrl":"https:\/\/vosgesinfo.fr\/app\/uploads\/sites\/5\/2024\/09\/202208dsc-0179.jpg","width":1478,"height":1018},{"@type":"BreadcrumbList","@id":"https:\/\/vosgesinfo.fr\/remiremontinfo\/2022\/08\/remiremont-gilles-grivel-proposera-visite-guidee-de-lexposition-communaute-juive\/#breadcrumb","itemListElement":[{"@type":"ListItem","position":1,"name":"Home","item":"https:\/\/vosgesinfo.fr\/remiremontinfo\/"},{"@type":"ListItem","position":2,"name":"Remiremont : Gilles Grivel proposera une visite guid\u00e9e de l&rsquo;exposition sur la communaut\u00e9 juive"}]},{"@type":"WebSite","@id":"https:\/\/vosgesinfo.fr\/remiremontinfo\/#website","url":"https:\/\/vosgesinfo.fr\/remiremontinfo\/","name":"Remiremont Info","description":"Toute l&#039;actualit\u00e9 de Remiremont","publisher":{"@id":"https:\/\/vosgesinfo.fr\/remiremontinfo\/#organization"},"alternateName":"Toute l'actualit\u00e9 de Remiremont","potentialAction":[{"@type":"SearchAction","target":{"@type":"EntryPoint","urlTemplate":"https:\/\/vosgesinfo.fr\/remiremontinfo\/?s={search_term_string}"},"query-input":"required name=search_term_string"}],"inLanguage":"fr-FR"},{"@type":"Organization","@id":"https:\/\/vosgesinfo.fr\/remiremontinfo\/#organization","name":"Remiremont Info","url":"https:\/\/vosgesinfo.fr\/remiremontinfo\/","logo":{"@type":"ImageObject","inLanguage":"fr-FR","@id":"https:\/\/vosgesinfo.fr\/remiremontinfo\/#\/schema\/logo\/image\/","url":"https:\/\/vosgesinfo.fr\/app\/uploads\/sites\/5\/2023\/08\/favicon-remiremontinfo.png","contentUrl":"https:\/\/vosgesinfo.fr\/app\/uploads\/sites\/5\/2023\/08\/favicon-remiremontinfo.png","width":512,"height":512,"caption":"Remiremont Info"},"image":{"@id":"https:\/\/vosgesinfo.fr\/remiremontinfo\/#\/schema\/logo\/image\/"},"sameAs":["https:\/\/www.facebook.com\/remiremontinfo","https:\/\/x.com\/VosgesInfo88","https:\/\/www.youtube.com\/@vosgesinfo"]},{"@type":"Person","@id":"https:\/\/vosgesinfo.fr\/remiremontinfo\/#\/schema\/person\/3bfd164d5218a185b1db68655a265316","name":"C D","image":{"@type":"ImageObject","inLanguage":"fr-FR","@id":"https:\/\/vosgesinfo.fr\/remiremontinfo\/#\/schema\/person\/image\/","url":"https:\/\/secure.gravatar.com\/avatar\/1f9a70007336511a47468b8f1c66f922b8b7cf617b02a31149ada43893a5d48f?s=96&d=mm&r=g","contentUrl":"https:\/\/secure.gravatar.com\/avatar\/1f9a70007336511a47468b8f1c66f922b8b7cf617b02a31149ada43893a5d48f?s=96&d=mm&r=g","caption":"C D"},"url":"https:\/\/vosgesinfo.fr\/remiremontinfo\/author\/cedric-drevet\/"}]}},"_links":{"self":[{"href":"https:\/\/vosgesinfo.fr\/remiremontinfo\/wp-json\/wp\/v2\/posts\/59675","targetHints":{"allow":["GET"]}}],"collection":[{"href":"https:\/\/vosgesinfo.fr\/remiremontinfo\/wp-json\/wp\/v2\/posts"}],"about":[{"href":"https:\/\/vosgesinfo.fr\/remiremontinfo\/wp-json\/wp\/v2\/types\/post"}],"author":[{"embeddable":true,"href":"https:\/\/vosgesinfo.fr\/remiremontinfo\/wp-json\/wp\/v2\/users\/407"}],"replies":[{"embeddable":true,"href":"https:\/\/vosgesinfo.fr\/remiremontinfo\/wp-json\/wp\/v2\/comments?post=59675"}],"version-history":[{"count":0,"href":"https:\/\/vosgesinfo.fr\/remiremontinfo\/wp-json\/wp\/v2\/posts\/59675\/revisions"}],"wp:featuredmedia":[{"embeddable":true,"href":"https:\/\/vosgesinfo.fr\/remiremontinfo\/wp-json\/wp\/v2\/media\/59676"}],"wp:attachment":[{"href":"https:\/\/vosgesinfo.fr\/remiremontinfo\/wp-json\/wp\/v2\/media?parent=59675"}],"wp:term":[{"taxonomy":"category","embeddable":true,"href":"https:\/\/vosgesinfo.fr\/remiremontinfo\/wp-json\/wp\/v2\/categories?post=59675"},{"taxonomy":"post_tag","embeddable":true,"href":"https:\/\/vosgesinfo.fr\/remiremontinfo\/wp-json\/wp\/v2\/tags?post=59675"}],"curies":[{"name":"wp","href":"https:\/\/api.w.org\/{rel}","templated":true}]}}