{"id":59681,"date":"2022-08-03T06:02:30","date_gmt":"2022-08-03T04:02:30","guid":{"rendered":"https:\/\/vosgesinfo.fr\/remiremontinfo\/2022\/08\/vagney-piano-roi-frederic-vaysse-knitter\/"},"modified":"2022-08-03T06:02:30","modified_gmt":"2022-08-03T04:02:30","slug":"vagney-piano-roi-frederic-vaysse-knitter","status":"publish","type":"post","link":"https:\/\/vosgesinfo.fr\/remiremontinfo\/2022\/08\/vagney-piano-roi-frederic-vaysse-knitter\/","title":{"rendered":"Vagney : le piano roi avec Fr\u00e9d\u00e9ric Vaysse-Knitter"},"content":{"rendered":"<p><a href=\"\/2022\/08\/ttt.png\"><img decoding=\"async\" class=\"alignnone size-large wp-image-350027\" src=\"\/2022\/08\/ttt-1024x666.png\" alt=\"ttt\" width=\"960\" height=\"624\" \/><\/a><\/p>\n<p><span style=\"font-size: 10pt;\"><em>Photo par\u00a0<a href=\"http:\/\/www.fredericvaysseknitter.com\/\">Fr\u00e9d\u00e9ric Vaysse Knitter<\/a><\/em><\/span><\/p>\n<h2><span style=\"font-size: 12pt;\"><strong>Un nouveau rendez-vous musical est donn\u00e9 ce mercredi soir \u00e0 Vagney, dans le cadre du festival \u00ab\u00a0Un soir d\u2019\u00e9t\u00e9 en la chapelle\u00a0\u00bb. Au programme\u00a0: quatuors pour piano et cordes de Mozart et Dvorak. Avec le pianiste fran\u00e7ais d&rsquo;origine polonaise Fr\u00e9d\u00e9ric Vaysse-Knitter.<\/strong><\/span><\/h2>\n<p>Fr\u00e9d\u00e9ric Vaysse-Knitter est l\u2019invit\u00e9 de salles prestigieuses telles que le Th\u00e9\u00e2tre des Champs- Elys\u00e9es, la Cit\u00e9 de la Musique, la Herkulessaal de Munich, le Concertgebouw d\u2019Amsterdam, les auditoriums de Grenade, Murcia et de Monterrey au Mexique, ainsi que de nombreux festivals: Menton, Radio France \u00e0 Montpellier, Lille Piano(s) Festival, Lazienki\/Varsovie, Weimar, Osaka, en Australie dans le cadre du premier French Festival d\u2019Adelaide\u2026 Il joue sous la direction de Sir John Eliot Gardiner, Arie Van Beek, St\u00e9phane Cardon, Diego Matheuz, Jean-Fran\u00e7ois Verdier, Benjamin L\u00e9vy, avec des orchestres tels que l\u2019Orchestre Colonne, le Simon Bolivar Youth Orchestra, l\u2019Orchestre de Chambre d\u2019Auvergne, l\u2019Orchestre de l\u2019Op\u00e9ra de Paris.<\/p>\n<p>Il s\u2019est form\u00e9 dans la grande tradition des \u00e9coles de piano fran\u00e7aises, polonaises et allemandes. Entr\u00e9 \u00e0 treize ans au Conservatoire National Sup\u00e9rieur de Musique de Paris, il y obtient un Premier Prix de Piano, de Musique de Chambre et y effectue un cycle de perfectionnement. Nomm\u00e9 R\u00e9v\u00e9lation Classique de l\u2019Adami, puis Laur\u00e9at Juventus, Fr\u00e9d\u00e9ric Vaysse-Knitter est remarqu\u00e9 par Maria Jo\u00e3o Pir\u00e8s, qui l\u2019invite au Lille Piano(s) Festival pour la premi\u00e8re fois. D\u00e8s lors, il fr\u00e9quente assidument les plateaux et studios de France T\u00e9l\u00e9vision, la BBC, TV Polonia, Radio Classique, France Musique, la Bayerischer Rundfunk. Fr\u00e9d\u00e9ric Vaysse-Knitter a fond\u00e9 et assur\u00e9 la direction artistique du festival A Tempo \u00e0 Lavaur, dans le Tarn, de 2006 \u00e0 2018. Il co-pr\u00e9side depuis 2021 l\u2019Acad\u00e9mie Beauregard, situ\u00e9e au coeur des Alpes fran\u00e7aises.<\/p>\n<p>Pour plus d\u2019informations sur le musicien, cliquez ici\u00a0:\u00a0<a href=\"http:\/\/www.fredericvaysseknitter.com\/\">fredericvaysseknitter.com<\/a><\/p>\n\n","protected":false},"excerpt":{"rendered":"<p>Photo par\u00a0Fr\u00e9d\u00e9ric Vaysse Knitter Un nouveau rendez-vous musical est donn\u00e9 ce mercredi soir \u00e0 Vagney, dans le cadre du festival [&hellip;]<\/p>\n","protected":false},"author":407,"featured_media":59682,"comment_status":"open","ping_status":"open","sticky":false,"template":"","format":"standard","meta":{"footnotes":""},"categories":[26,4,25,36],"tags":[117,4349,160],"class_list":["post-59681","post","type-post","status-publish","format-standard","has-post-thumbnail","hentry","category-a-la-une","category-culture","category-la-bresse-son-canton","category-vagney","tag-musique","tag-piano","tag-vagney"],"acf":[],"yoast_head":"<!-- This site is optimized with the Yoast SEO plugin v22.5 - https:\/\/yoast.com\/wordpress\/plugins\/seo\/ -->\n<title>Vagney : le piano roi avec Fr\u00e9d\u00e9ric Vaysse-Knitter - Remiremont Info<\/title>\n<meta name=\"robots\" content=\"index, follow, max-snippet:-1, max-image-preview:large, max-video-preview:-1\" \/>\n<link rel=\"canonical\" href=\"https:\/\/vosgesinfo.fr\/remiremontinfo\/2022\/08\/vagney-piano-roi-frederic-vaysse-knitter\/\" \/>\n<meta name=\"twitter:card\" content=\"summary_large_image\" \/>\n<meta name=\"twitter:title\" content=\"Vagney : le piano roi avec Fr\u00e9d\u00e9ric Vaysse-Knitter - Remiremont Info\" \/>\n<meta name=\"twitter:description\" content=\"Photo par\u00a0Fr\u00e9d\u00e9ric Vaysse Knitter Un nouveau rendez-vous musical est donn\u00e9 ce mercredi soir \u00e0 Vagney, dans le cadre du festival [&hellip;]\" \/>\n<meta name=\"twitter:image\" content=\"https:\/\/vosgesinfo.fr\/app\/uploads\/sites\/5\/2024\/09\/202208ttt.png\" \/>\n<meta name=\"twitter:creator\" content=\"@VosgesInfo88\" \/>\n<meta name=\"twitter:site\" content=\"@VosgesInfo88\" \/>\n<meta name=\"twitter:label1\" content=\"\u00c9crit par\" \/>\n\t<meta name=\"twitter:data1\" content=\"C D\" \/>\n\t<meta name=\"twitter:label2\" content=\"Dur\u00e9e de lecture estim\u00e9e\" \/>\n\t<meta name=\"twitter:data2\" content=\"2 minutes\" \/>\n<script type=\"application\/ld+json\" class=\"yoast-schema-graph\">{\"@context\":\"https:\/\/schema.org\",\"@graph\":[{\"@type\":\"Article\",\"@id\":\"https:\/\/vosgesinfo.fr\/remiremontinfo\/2022\/08\/vagney-piano-roi-frederic-vaysse-knitter\/#article\",\"isPartOf\":{\"@id\":\"https:\/\/vosgesinfo.fr\/remiremontinfo\/2022\/08\/vagney-piano-roi-frederic-vaysse-knitter\/\"},\"author\":{\"name\":\"C D\",\"@id\":\"https:\/\/vosgesinfo.fr\/remiremontinfo\/#\/schema\/person\/3bfd164d5218a185b1db68655a265316\"},\"headline\":\"Vagney : le piano roi avec Fr\u00e9d\u00e9ric Vaysse-Knitter\",\"datePublished\":\"2022-08-03T04:02:30+00:00\",\"dateModified\":\"2022-08-03T04:02:30+00:00\",\"mainEntityOfPage\":{\"@id\":\"https:\/\/vosgesinfo.fr\/remiremontinfo\/2022\/08\/vagney-piano-roi-frederic-vaysse-knitter\/\"},\"wordCount\":349,\"commentCount\":0,\"publisher\":{\"@id\":\"https:\/\/vosgesinfo.fr\/remiremontinfo\/#organization\"},\"image\":{\"@id\":\"https:\/\/vosgesinfo.fr\/remiremontinfo\/2022\/08\/vagney-piano-roi-frederic-vaysse-knitter\/#primaryimage\"},\"thumbnailUrl\":\"https:\/\/vosgesinfo.fr\/app\/uploads\/sites\/5\/2024\/09\/202208ttt.png\",\"keywords\":[\"musique\",\"piano\",\"vagney\"],\"articleSection\":[\"A la Une\",\"Culture\",\"La Bresse &amp; son canton\",\"Vagney\"],\"inLanguage\":\"fr-FR\",\"potentialAction\":[{\"@type\":\"CommentAction\",\"name\":\"Comment\",\"target\":[\"https:\/\/vosgesinfo.fr\/remiremontinfo\/2022\/08\/vagney-piano-roi-frederic-vaysse-knitter\/#respond\"]}]},{\"@type\":\"WebPage\",\"@id\":\"https:\/\/vosgesinfo.fr\/remiremontinfo\/2022\/08\/vagney-piano-roi-frederic-vaysse-knitter\/\",\"url\":\"https:\/\/vosgesinfo.fr\/remiremontinfo\/2022\/08\/vagney-piano-roi-frederic-vaysse-knitter\/\",\"name\":\"Vagney : le piano roi avec Fr\u00e9d\u00e9ric Vaysse-Knitter - Remiremont Info\",\"isPartOf\":{\"@id\":\"https:\/\/vosgesinfo.fr\/remiremontinfo\/#website\"},\"primaryImageOfPage\":{\"@id\":\"https:\/\/vosgesinfo.fr\/remiremontinfo\/2022\/08\/vagney-piano-roi-frederic-vaysse-knitter\/#primaryimage\"},\"image\":{\"@id\":\"https:\/\/vosgesinfo.fr\/remiremontinfo\/2022\/08\/vagney-piano-roi-frederic-vaysse-knitter\/#primaryimage\"},\"thumbnailUrl\":\"https:\/\/vosgesinfo.fr\/app\/uploads\/sites\/5\/2024\/09\/202208ttt.png\",\"datePublished\":\"2022-08-03T04:02:30+00:00\",\"dateModified\":\"2022-08-03T04:02:30+00:00\",\"breadcrumb\":{\"@id\":\"https:\/\/vosgesinfo.fr\/remiremontinfo\/2022\/08\/vagney-piano-roi-frederic-vaysse-knitter\/#breadcrumb\"},\"inLanguage\":\"fr-FR\",\"potentialAction\":[{\"@type\":\"ReadAction\",\"target\":[\"https:\/\/vosgesinfo.fr\/remiremontinfo\/2022\/08\/vagney-piano-roi-frederic-vaysse-knitter\/\"]}]},{\"@type\":\"ImageObject\",\"inLanguage\":\"fr-FR\",\"@id\":\"https:\/\/vosgesinfo.fr\/remiremontinfo\/2022\/08\/vagney-piano-roi-frederic-vaysse-knitter\/#primaryimage\",\"url\":\"https:\/\/vosgesinfo.fr\/app\/uploads\/sites\/5\/2024\/09\/202208ttt.png\",\"contentUrl\":\"https:\/\/vosgesinfo.fr\/app\/uploads\/sites\/5\/2024\/09\/202208ttt.png\",\"width\":1207,\"height\":785},{\"@type\":\"BreadcrumbList\",\"@id\":\"https:\/\/vosgesinfo.fr\/remiremontinfo\/2022\/08\/vagney-piano-roi-frederic-vaysse-knitter\/#breadcrumb\",\"itemListElement\":[{\"@type\":\"ListItem\",\"position\":1,\"name\":\"Home\",\"item\":\"https:\/\/vosgesinfo.fr\/remiremontinfo\/\"},{\"@type\":\"ListItem\",\"position\":2,\"name\":\"Vagney : le piano roi avec Fr\u00e9d\u00e9ric Vaysse-Knitter\"}]},{\"@type\":\"WebSite\",\"@id\":\"https:\/\/vosgesinfo.fr\/remiremontinfo\/#website\",\"url\":\"https:\/\/vosgesinfo.fr\/remiremontinfo\/\",\"name\":\"Remiremont Info\",\"description\":\"Toute l&#039;actualit\u00e9 de Remiremont\",\"publisher\":{\"@id\":\"https:\/\/vosgesinfo.fr\/remiremontinfo\/#organization\"},\"alternateName\":\"Toute l'actualit\u00e9 de Remiremont\",\"potentialAction\":[{\"@type\":\"SearchAction\",\"target\":{\"@type\":\"EntryPoint\",\"urlTemplate\":\"https:\/\/vosgesinfo.fr\/remiremontinfo\/?s={search_term_string}\"},\"query-input\":\"required name=search_term_string\"}],\"inLanguage\":\"fr-FR\"},{\"@type\":\"Organization\",\"@id\":\"https:\/\/vosgesinfo.fr\/remiremontinfo\/#organization\",\"name\":\"Remiremont Info\",\"url\":\"https:\/\/vosgesinfo.fr\/remiremontinfo\/\",\"logo\":{\"@type\":\"ImageObject\",\"inLanguage\":\"fr-FR\",\"@id\":\"https:\/\/vosgesinfo.fr\/remiremontinfo\/#\/schema\/logo\/image\/\",\"url\":\"https:\/\/vosgesinfo.fr\/app\/uploads\/sites\/5\/2023\/08\/favicon-remiremontinfo.png\",\"contentUrl\":\"https:\/\/vosgesinfo.fr\/app\/uploads\/sites\/5\/2023\/08\/favicon-remiremontinfo.png\",\"width\":512,\"height\":512,\"caption\":\"Remiremont Info\"},\"image\":{\"@id\":\"https:\/\/vosgesinfo.fr\/remiremontinfo\/#\/schema\/logo\/image\/\"},\"sameAs\":[\"https:\/\/www.facebook.com\/remiremontinfo\",\"https:\/\/x.com\/VosgesInfo88\",\"https:\/\/www.youtube.com\/@vosgesinfo\"]},{\"@type\":\"Person\",\"@id\":\"https:\/\/vosgesinfo.fr\/remiremontinfo\/#\/schema\/person\/3bfd164d5218a185b1db68655a265316\",\"name\":\"C D\",\"image\":{\"@type\":\"ImageObject\",\"inLanguage\":\"fr-FR\",\"@id\":\"https:\/\/vosgesinfo.fr\/remiremontinfo\/#\/schema\/person\/image\/\",\"url\":\"https:\/\/secure.gravatar.com\/avatar\/1f9a70007336511a47468b8f1c66f922b8b7cf617b02a31149ada43893a5d48f?s=96&d=mm&r=g\",\"contentUrl\":\"https:\/\/secure.gravatar.com\/avatar\/1f9a70007336511a47468b8f1c66f922b8b7cf617b02a31149ada43893a5d48f?s=96&d=mm&r=g\",\"caption\":\"C D\"},\"url\":\"https:\/\/vosgesinfo.fr\/remiremontinfo\/author\/cedric-drevet\/\"}]}<\/script>\n<!-- \/ Yoast SEO plugin. -->","yoast_head_json":{"title":"Vagney : le piano roi avec Fr\u00e9d\u00e9ric Vaysse-Knitter - Remiremont Info","robots":{"index":"index","follow":"follow","max-snippet":"max-snippet:-1","max-image-preview":"max-image-preview:large","max-video-preview":"max-video-preview:-1"},"canonical":"https:\/\/vosgesinfo.fr\/remiremontinfo\/2022\/08\/vagney-piano-roi-frederic-vaysse-knitter\/","twitter_card":"summary_large_image","twitter_title":"Vagney : le piano roi avec Fr\u00e9d\u00e9ric Vaysse-Knitter - Remiremont Info","twitter_description":"Photo par\u00a0Fr\u00e9d\u00e9ric Vaysse Knitter Un nouveau rendez-vous musical est donn\u00e9 ce mercredi soir \u00e0 Vagney, dans le cadre du festival [&hellip;]","twitter_image":"https:\/\/vosgesinfo.fr\/app\/uploads\/sites\/5\/2024\/09\/202208ttt.png","twitter_creator":"@VosgesInfo88","twitter_site":"@VosgesInfo88","twitter_misc":{"\u00c9crit par":"C D","Dur\u00e9e de lecture estim\u00e9e":"2 minutes"},"schema":{"@context":"https:\/\/schema.org","@graph":[{"@type":"Article","@id":"https:\/\/vosgesinfo.fr\/remiremontinfo\/2022\/08\/vagney-piano-roi-frederic-vaysse-knitter\/#article","isPartOf":{"@id":"https:\/\/vosgesinfo.fr\/remiremontinfo\/2022\/08\/vagney-piano-roi-frederic-vaysse-knitter\/"},"author":{"name":"C D","@id":"https:\/\/vosgesinfo.fr\/remiremontinfo\/#\/schema\/person\/3bfd164d5218a185b1db68655a265316"},"headline":"Vagney : le piano roi avec Fr\u00e9d\u00e9ric Vaysse-Knitter","datePublished":"2022-08-03T04:02:30+00:00","dateModified":"2022-08-03T04:02:30+00:00","mainEntityOfPage":{"@id":"https:\/\/vosgesinfo.fr\/remiremontinfo\/2022\/08\/vagney-piano-roi-frederic-vaysse-knitter\/"},"wordCount":349,"commentCount":0,"publisher":{"@id":"https:\/\/vosgesinfo.fr\/remiremontinfo\/#organization"},"image":{"@id":"https:\/\/vosgesinfo.fr\/remiremontinfo\/2022\/08\/vagney-piano-roi-frederic-vaysse-knitter\/#primaryimage"},"thumbnailUrl":"https:\/\/vosgesinfo.fr\/app\/uploads\/sites\/5\/2024\/09\/202208ttt.png","keywords":["musique","piano","vagney"],"articleSection":["A la Une","Culture","La Bresse &amp; son canton","Vagney"],"inLanguage":"fr-FR","potentialAction":[{"@type":"CommentAction","name":"Comment","target":["https:\/\/vosgesinfo.fr\/remiremontinfo\/2022\/08\/vagney-piano-roi-frederic-vaysse-knitter\/#respond"]}]},{"@type":"WebPage","@id":"https:\/\/vosgesinfo.fr\/remiremontinfo\/2022\/08\/vagney-piano-roi-frederic-vaysse-knitter\/","url":"https:\/\/vosgesinfo.fr\/remiremontinfo\/2022\/08\/vagney-piano-roi-frederic-vaysse-knitter\/","name":"Vagney : le piano roi avec Fr\u00e9d\u00e9ric Vaysse-Knitter - Remiremont Info","isPartOf":{"@id":"https:\/\/vosgesinfo.fr\/remiremontinfo\/#website"},"primaryImageOfPage":{"@id":"https:\/\/vosgesinfo.fr\/remiremontinfo\/2022\/08\/vagney-piano-roi-frederic-vaysse-knitter\/#primaryimage"},"image":{"@id":"https:\/\/vosgesinfo.fr\/remiremontinfo\/2022\/08\/vagney-piano-roi-frederic-vaysse-knitter\/#primaryimage"},"thumbnailUrl":"https:\/\/vosgesinfo.fr\/app\/uploads\/sites\/5\/2024\/09\/202208ttt.png","datePublished":"2022-08-03T04:02:30+00:00","dateModified":"2022-08-03T04:02:30+00:00","breadcrumb":{"@id":"https:\/\/vosgesinfo.fr\/remiremontinfo\/2022\/08\/vagney-piano-roi-frederic-vaysse-knitter\/#breadcrumb"},"inLanguage":"fr-FR","potentialAction":[{"@type":"ReadAction","target":["https:\/\/vosgesinfo.fr\/remiremontinfo\/2022\/08\/vagney-piano-roi-frederic-vaysse-knitter\/"]}]},{"@type":"ImageObject","inLanguage":"fr-FR","@id":"https:\/\/vosgesinfo.fr\/remiremontinfo\/2022\/08\/vagney-piano-roi-frederic-vaysse-knitter\/#primaryimage","url":"https:\/\/vosgesinfo.fr\/app\/uploads\/sites\/5\/2024\/09\/202208ttt.png","contentUrl":"https:\/\/vosgesinfo.fr\/app\/uploads\/sites\/5\/2024\/09\/202208ttt.png","width":1207,"height":785},{"@type":"BreadcrumbList","@id":"https:\/\/vosgesinfo.fr\/remiremontinfo\/2022\/08\/vagney-piano-roi-frederic-vaysse-knitter\/#breadcrumb","itemListElement":[{"@type":"ListItem","position":1,"name":"Home","item":"https:\/\/vosgesinfo.fr\/remiremontinfo\/"},{"@type":"ListItem","position":2,"name":"Vagney : le piano roi avec Fr\u00e9d\u00e9ric Vaysse-Knitter"}]},{"@type":"WebSite","@id":"https:\/\/vosgesinfo.fr\/remiremontinfo\/#website","url":"https:\/\/vosgesinfo.fr\/remiremontinfo\/","name":"Remiremont Info","description":"Toute l&#039;actualit\u00e9 de Remiremont","publisher":{"@id":"https:\/\/vosgesinfo.fr\/remiremontinfo\/#organization"},"alternateName":"Toute l'actualit\u00e9 de Remiremont","potentialAction":[{"@type":"SearchAction","target":{"@type":"EntryPoint","urlTemplate":"https:\/\/vosgesinfo.fr\/remiremontinfo\/?s={search_term_string}"},"query-input":"required name=search_term_string"}],"inLanguage":"fr-FR"},{"@type":"Organization","@id":"https:\/\/vosgesinfo.fr\/remiremontinfo\/#organization","name":"Remiremont Info","url":"https:\/\/vosgesinfo.fr\/remiremontinfo\/","logo":{"@type":"ImageObject","inLanguage":"fr-FR","@id":"https:\/\/vosgesinfo.fr\/remiremontinfo\/#\/schema\/logo\/image\/","url":"https:\/\/vosgesinfo.fr\/app\/uploads\/sites\/5\/2023\/08\/favicon-remiremontinfo.png","contentUrl":"https:\/\/vosgesinfo.fr\/app\/uploads\/sites\/5\/2023\/08\/favicon-remiremontinfo.png","width":512,"height":512,"caption":"Remiremont Info"},"image":{"@id":"https:\/\/vosgesinfo.fr\/remiremontinfo\/#\/schema\/logo\/image\/"},"sameAs":["https:\/\/www.facebook.com\/remiremontinfo","https:\/\/x.com\/VosgesInfo88","https:\/\/www.youtube.com\/@vosgesinfo"]},{"@type":"Person","@id":"https:\/\/vosgesinfo.fr\/remiremontinfo\/#\/schema\/person\/3bfd164d5218a185b1db68655a265316","name":"C D","image":{"@type":"ImageObject","inLanguage":"fr-FR","@id":"https:\/\/vosgesinfo.fr\/remiremontinfo\/#\/schema\/person\/image\/","url":"https:\/\/secure.gravatar.com\/avatar\/1f9a70007336511a47468b8f1c66f922b8b7cf617b02a31149ada43893a5d48f?s=96&d=mm&r=g","contentUrl":"https:\/\/secure.gravatar.com\/avatar\/1f9a70007336511a47468b8f1c66f922b8b7cf617b02a31149ada43893a5d48f?s=96&d=mm&r=g","caption":"C D"},"url":"https:\/\/vosgesinfo.fr\/remiremontinfo\/author\/cedric-drevet\/"}]}},"_links":{"self":[{"href":"https:\/\/vosgesinfo.fr\/remiremontinfo\/wp-json\/wp\/v2\/posts\/59681","targetHints":{"allow":["GET"]}}],"collection":[{"href":"https:\/\/vosgesinfo.fr\/remiremontinfo\/wp-json\/wp\/v2\/posts"}],"about":[{"href":"https:\/\/vosgesinfo.fr\/remiremontinfo\/wp-json\/wp\/v2\/types\/post"}],"author":[{"embeddable":true,"href":"https:\/\/vosgesinfo.fr\/remiremontinfo\/wp-json\/wp\/v2\/users\/407"}],"replies":[{"embeddable":true,"href":"https:\/\/vosgesinfo.fr\/remiremontinfo\/wp-json\/wp\/v2\/comments?post=59681"}],"version-history":[{"count":0,"href":"https:\/\/vosgesinfo.fr\/remiremontinfo\/wp-json\/wp\/v2\/posts\/59681\/revisions"}],"wp:featuredmedia":[{"embeddable":true,"href":"https:\/\/vosgesinfo.fr\/remiremontinfo\/wp-json\/wp\/v2\/media\/59682"}],"wp:attachment":[{"href":"https:\/\/vosgesinfo.fr\/remiremontinfo\/wp-json\/wp\/v2\/media?parent=59681"}],"wp:term":[{"taxonomy":"category","embeddable":true,"href":"https:\/\/vosgesinfo.fr\/remiremontinfo\/wp-json\/wp\/v2\/categories?post=59681"},{"taxonomy":"post_tag","embeddable":true,"href":"https:\/\/vosgesinfo.fr\/remiremontinfo\/wp-json\/wp\/v2\/tags?post=59681"}],"curies":[{"name":"wp","href":"https:\/\/api.w.org\/{rel}","templated":true}]}}