{"id":59685,"date":"2022-08-03T06:01:47","date_gmt":"2022-08-03T04:01:47","guid":{"rendered":"https:\/\/vosgesinfo.fr\/remiremontinfo\/2022\/08\/bresse-tofaille-geante-beignets-aux-brimbelles-feux-dartifice\/"},"modified":"2022-08-03T06:01:47","modified_gmt":"2022-08-03T04:01:47","slug":"bresse-tofaille-geante-beignets-aux-brimbelles-feux-dartifice","status":"publish","type":"post","link":"https:\/\/vosgesinfo.fr\/remiremontinfo\/2022\/08\/bresse-tofaille-geante-beignets-aux-brimbelles-feux-dartifice\/","title":{"rendered":"La Bresse : tofaille g\u00e9ante, beignets aux brimbelles et feux d&rsquo;artifice"},"content":{"rendered":"<h2><span style=\"font-size: 12pt;\"><strong>Un joli programme est pr\u00e9vu pour ce mercredi soir \u00e0 La Bresse. Les commer\u00e7ants, artisans, industriels et restaurateurs bressauds organisent une tofaille g\u00e9ante, accompagn\u00e9e de beignets de brimbelles, sur le march\u00e9 des producteurs.\u00a0<\/strong><\/span><\/h2>\n<p>Et dans la soir\u00e9e, un feu d&rsquo;artifice est au programme.<\/p>\n<p><a href=\"\/2022\/08\/296170174_423814759779966_5974397790804040693_n.jpg\"><img decoding=\"async\" class=\"alignnone size-large wp-image-350034\" src=\"\/2022\/08\/296170174_423814759779966_5974397790804040693_n-1024x641.jpg\" alt=\"296170174_423814759779966_5974397790804040693_n\" width=\"960\" height=\"601\" \/><\/a><\/p>\n<p><a href=\"\/2022\/08\/296648941_423864579774984_8690793896910102417_n.jpg\"><img decoding=\"async\" class=\"alignnone size-full wp-image-350035\" src=\"\/2022\/08\/296648941_423864579774984_8690793896910102417_n.jpg\" alt=\"296648941_423864579774984_8690793896910102417_n\" width=\"940\" height=\"788\" \/><\/a><\/p>\n","protected":false},"excerpt":{"rendered":"<p>Un joli programme est pr\u00e9vu pour ce mercredi soir \u00e0 La Bresse. Les commer\u00e7ants, artisans, industriels et restaurateurs bressauds organisent [&hellip;]<\/p>\n","protected":false},"author":407,"featured_media":59686,"comment_status":"open","ping_status":"open","sticky":false,"template":"","format":"standard","meta":{"footnotes":""},"categories":[26,104,25,54],"tags":[4350,216,105,3815,32],"class_list":["post-59685","post","type-post","status-publish","format-standard","has-post-thumbnail","hentry","category-a-la-une","category-la-bresse-la-bresse-son-canton","category-la-bresse-son-canton","category-loisirs","tag-beignets-brimbelles","tag-feu-dartifice","tag-la-bresse","tag-tofaille","tag-vosges"],"acf":[],"yoast_head":"<!-- This site is optimized with the Yoast SEO plugin v22.5 - https:\/\/yoast.com\/wordpress\/plugins\/seo\/ -->\n<title>La Bresse : tofaille g\u00e9ante, beignets aux brimbelles et feux d&#039;artifice - Remiremont Info<\/title>\n<meta name=\"robots\" content=\"index, follow, max-snippet:-1, max-image-preview:large, max-video-preview:-1\" \/>\n<link rel=\"canonical\" href=\"https:\/\/vosgesinfo.fr\/remiremontinfo\/2022\/08\/bresse-tofaille-geante-beignets-aux-brimbelles-feux-dartifice\/\" \/>\n<meta name=\"twitter:card\" content=\"summary_large_image\" \/>\n<meta name=\"twitter:title\" content=\"La Bresse : tofaille g\u00e9ante, beignets aux brimbelles et feux d&#039;artifice - Remiremont Info\" \/>\n<meta name=\"twitter:description\" content=\"Un joli programme est pr\u00e9vu pour ce mercredi soir \u00e0 La Bresse. Les commer\u00e7ants, artisans, industriels et restaurateurs bressauds organisent [&hellip;]\" \/>\n<meta name=\"twitter:image\" content=\"https:\/\/vosgesinfo.fr\/app\/uploads\/sites\/5\/2024\/09\/202107fireworks-15490-960-720-5.jpg\" \/>\n<meta name=\"twitter:creator\" content=\"@VosgesInfo88\" \/>\n<meta name=\"twitter:site\" content=\"@VosgesInfo88\" \/>\n<meta name=\"twitter:label1\" content=\"\u00c9crit par\" \/>\n\t<meta name=\"twitter:data1\" content=\"C D\" \/>\n<script type=\"application\/ld+json\" class=\"yoast-schema-graph\">{\"@context\":\"https:\/\/schema.org\",\"@graph\":[{\"@type\":\"Article\",\"@id\":\"https:\/\/vosgesinfo.fr\/remiremontinfo\/2022\/08\/bresse-tofaille-geante-beignets-aux-brimbelles-feux-dartifice\/#article\",\"isPartOf\":{\"@id\":\"https:\/\/vosgesinfo.fr\/remiremontinfo\/2022\/08\/bresse-tofaille-geante-beignets-aux-brimbelles-feux-dartifice\/\"},\"author\":{\"name\":\"C D\",\"@id\":\"https:\/\/vosgesinfo.fr\/remiremontinfo\/#\/schema\/person\/3bfd164d5218a185b1db68655a265316\"},\"headline\":\"La Bresse : tofaille g\u00e9ante, beignets aux brimbelles et feux d&rsquo;artifice\",\"datePublished\":\"2022-08-03T04:01:47+00:00\",\"dateModified\":\"2022-08-03T04:01:47+00:00\",\"mainEntityOfPage\":{\"@id\":\"https:\/\/vosgesinfo.fr\/remiremontinfo\/2022\/08\/bresse-tofaille-geante-beignets-aux-brimbelles-feux-dartifice\/\"},\"wordCount\":60,\"commentCount\":0,\"publisher\":{\"@id\":\"https:\/\/vosgesinfo.fr\/remiremontinfo\/#organization\"},\"image\":{\"@id\":\"https:\/\/vosgesinfo.fr\/remiremontinfo\/2022\/08\/bresse-tofaille-geante-beignets-aux-brimbelles-feux-dartifice\/#primaryimage\"},\"thumbnailUrl\":\"https:\/\/vosgesinfo.fr\/app\/uploads\/sites\/5\/2024\/09\/202107fireworks-15490-960-720-5.jpg\",\"keywords\":[\"beignets brimbelles\",\"Feu d'artifice\",\"la bresse\",\"tofaille\",\"Vosges\"],\"articleSection\":[\"A la Une\",\"La Bresse\",\"La Bresse &amp; son canton\",\"Loisirs\"],\"inLanguage\":\"fr-FR\",\"potentialAction\":[{\"@type\":\"CommentAction\",\"name\":\"Comment\",\"target\":[\"https:\/\/vosgesinfo.fr\/remiremontinfo\/2022\/08\/bresse-tofaille-geante-beignets-aux-brimbelles-feux-dartifice\/#respond\"]}]},{\"@type\":\"WebPage\",\"@id\":\"https:\/\/vosgesinfo.fr\/remiremontinfo\/2022\/08\/bresse-tofaille-geante-beignets-aux-brimbelles-feux-dartifice\/\",\"url\":\"https:\/\/vosgesinfo.fr\/remiremontinfo\/2022\/08\/bresse-tofaille-geante-beignets-aux-brimbelles-feux-dartifice\/\",\"name\":\"La Bresse : tofaille g\u00e9ante, beignets aux brimbelles et feux d'artifice - Remiremont Info\",\"isPartOf\":{\"@id\":\"https:\/\/vosgesinfo.fr\/remiremontinfo\/#website\"},\"primaryImageOfPage\":{\"@id\":\"https:\/\/vosgesinfo.fr\/remiremontinfo\/2022\/08\/bresse-tofaille-geante-beignets-aux-brimbelles-feux-dartifice\/#primaryimage\"},\"image\":{\"@id\":\"https:\/\/vosgesinfo.fr\/remiremontinfo\/2022\/08\/bresse-tofaille-geante-beignets-aux-brimbelles-feux-dartifice\/#primaryimage\"},\"thumbnailUrl\":\"https:\/\/vosgesinfo.fr\/app\/uploads\/sites\/5\/2024\/09\/202107fireworks-15490-960-720-5.jpg\",\"datePublished\":\"2022-08-03T04:01:47+00:00\",\"dateModified\":\"2022-08-03T04:01:47+00:00\",\"breadcrumb\":{\"@id\":\"https:\/\/vosgesinfo.fr\/remiremontinfo\/2022\/08\/bresse-tofaille-geante-beignets-aux-brimbelles-feux-dartifice\/#breadcrumb\"},\"inLanguage\":\"fr-FR\",\"potentialAction\":[{\"@type\":\"ReadAction\",\"target\":[\"https:\/\/vosgesinfo.fr\/remiremontinfo\/2022\/08\/bresse-tofaille-geante-beignets-aux-brimbelles-feux-dartifice\/\"]}]},{\"@type\":\"ImageObject\",\"inLanguage\":\"fr-FR\",\"@id\":\"https:\/\/vosgesinfo.fr\/remiremontinfo\/2022\/08\/bresse-tofaille-geante-beignets-aux-brimbelles-feux-dartifice\/#primaryimage\",\"url\":\"https:\/\/vosgesinfo.fr\/app\/uploads\/sites\/5\/2024\/09\/202107fireworks-15490-960-720-5.jpg\",\"contentUrl\":\"https:\/\/vosgesinfo.fr\/app\/uploads\/sites\/5\/2024\/09\/202107fireworks-15490-960-720-5.jpg\",\"width\":800,\"height\":533},{\"@type\":\"BreadcrumbList\",\"@id\":\"https:\/\/vosgesinfo.fr\/remiremontinfo\/2022\/08\/bresse-tofaille-geante-beignets-aux-brimbelles-feux-dartifice\/#breadcrumb\",\"itemListElement\":[{\"@type\":\"ListItem\",\"position\":1,\"name\":\"Home\",\"item\":\"https:\/\/vosgesinfo.fr\/remiremontinfo\/\"},{\"@type\":\"ListItem\",\"position\":2,\"name\":\"La Bresse : tofaille g\u00e9ante, beignets aux brimbelles et feux d&rsquo;artifice\"}]},{\"@type\":\"WebSite\",\"@id\":\"https:\/\/vosgesinfo.fr\/remiremontinfo\/#website\",\"url\":\"https:\/\/vosgesinfo.fr\/remiremontinfo\/\",\"name\":\"Remiremont Info\",\"description\":\"Toute l&#039;actualit\u00e9 de Remiremont\",\"publisher\":{\"@id\":\"https:\/\/vosgesinfo.fr\/remiremontinfo\/#organization\"},\"alternateName\":\"Toute l'actualit\u00e9 de Remiremont\",\"potentialAction\":[{\"@type\":\"SearchAction\",\"target\":{\"@type\":\"EntryPoint\",\"urlTemplate\":\"https:\/\/vosgesinfo.fr\/remiremontinfo\/?s={search_term_string}\"},\"query-input\":\"required name=search_term_string\"}],\"inLanguage\":\"fr-FR\"},{\"@type\":\"Organization\",\"@id\":\"https:\/\/vosgesinfo.fr\/remiremontinfo\/#organization\",\"name\":\"Remiremont Info\",\"url\":\"https:\/\/vosgesinfo.fr\/remiremontinfo\/\",\"logo\":{\"@type\":\"ImageObject\",\"inLanguage\":\"fr-FR\",\"@id\":\"https:\/\/vosgesinfo.fr\/remiremontinfo\/#\/schema\/logo\/image\/\",\"url\":\"https:\/\/vosgesinfo.fr\/app\/uploads\/sites\/5\/2023\/08\/favicon-remiremontinfo.png\",\"contentUrl\":\"https:\/\/vosgesinfo.fr\/app\/uploads\/sites\/5\/2023\/08\/favicon-remiremontinfo.png\",\"width\":512,\"height\":512,\"caption\":\"Remiremont Info\"},\"image\":{\"@id\":\"https:\/\/vosgesinfo.fr\/remiremontinfo\/#\/schema\/logo\/image\/\"},\"sameAs\":[\"https:\/\/www.facebook.com\/remiremontinfo\",\"https:\/\/x.com\/VosgesInfo88\",\"https:\/\/www.youtube.com\/@vosgesinfo\"]},{\"@type\":\"Person\",\"@id\":\"https:\/\/vosgesinfo.fr\/remiremontinfo\/#\/schema\/person\/3bfd164d5218a185b1db68655a265316\",\"name\":\"C D\",\"image\":{\"@type\":\"ImageObject\",\"inLanguage\":\"fr-FR\",\"@id\":\"https:\/\/vosgesinfo.fr\/remiremontinfo\/#\/schema\/person\/image\/\",\"url\":\"https:\/\/secure.gravatar.com\/avatar\/1f9a70007336511a47468b8f1c66f922b8b7cf617b02a31149ada43893a5d48f?s=96&d=mm&r=g\",\"contentUrl\":\"https:\/\/secure.gravatar.com\/avatar\/1f9a70007336511a47468b8f1c66f922b8b7cf617b02a31149ada43893a5d48f?s=96&d=mm&r=g\",\"caption\":\"C D\"},\"url\":\"https:\/\/vosgesinfo.fr\/remiremontinfo\/author\/cedric-drevet\/\"}]}<\/script>\n<!-- \/ Yoast SEO plugin. -->","yoast_head_json":{"title":"La Bresse : tofaille g\u00e9ante, beignets aux brimbelles et feux d'artifice - Remiremont Info","robots":{"index":"index","follow":"follow","max-snippet":"max-snippet:-1","max-image-preview":"max-image-preview:large","max-video-preview":"max-video-preview:-1"},"canonical":"https:\/\/vosgesinfo.fr\/remiremontinfo\/2022\/08\/bresse-tofaille-geante-beignets-aux-brimbelles-feux-dartifice\/","twitter_card":"summary_large_image","twitter_title":"La Bresse : tofaille g\u00e9ante, beignets aux brimbelles et feux d'artifice - Remiremont Info","twitter_description":"Un joli programme est pr\u00e9vu pour ce mercredi soir \u00e0 La Bresse. Les commer\u00e7ants, artisans, industriels et restaurateurs bressauds organisent [&hellip;]","twitter_image":"https:\/\/vosgesinfo.fr\/app\/uploads\/sites\/5\/2024\/09\/202107fireworks-15490-960-720-5.jpg","twitter_creator":"@VosgesInfo88","twitter_site":"@VosgesInfo88","twitter_misc":{"\u00c9crit par":"C D"},"schema":{"@context":"https:\/\/schema.org","@graph":[{"@type":"Article","@id":"https:\/\/vosgesinfo.fr\/remiremontinfo\/2022\/08\/bresse-tofaille-geante-beignets-aux-brimbelles-feux-dartifice\/#article","isPartOf":{"@id":"https:\/\/vosgesinfo.fr\/remiremontinfo\/2022\/08\/bresse-tofaille-geante-beignets-aux-brimbelles-feux-dartifice\/"},"author":{"name":"C D","@id":"https:\/\/vosgesinfo.fr\/remiremontinfo\/#\/schema\/person\/3bfd164d5218a185b1db68655a265316"},"headline":"La Bresse : tofaille g\u00e9ante, beignets aux brimbelles et feux d&rsquo;artifice","datePublished":"2022-08-03T04:01:47+00:00","dateModified":"2022-08-03T04:01:47+00:00","mainEntityOfPage":{"@id":"https:\/\/vosgesinfo.fr\/remiremontinfo\/2022\/08\/bresse-tofaille-geante-beignets-aux-brimbelles-feux-dartifice\/"},"wordCount":60,"commentCount":0,"publisher":{"@id":"https:\/\/vosgesinfo.fr\/remiremontinfo\/#organization"},"image":{"@id":"https:\/\/vosgesinfo.fr\/remiremontinfo\/2022\/08\/bresse-tofaille-geante-beignets-aux-brimbelles-feux-dartifice\/#primaryimage"},"thumbnailUrl":"https:\/\/vosgesinfo.fr\/app\/uploads\/sites\/5\/2024\/09\/202107fireworks-15490-960-720-5.jpg","keywords":["beignets brimbelles","Feu d'artifice","la bresse","tofaille","Vosges"],"articleSection":["A la Une","La Bresse","La Bresse &amp; son canton","Loisirs"],"inLanguage":"fr-FR","potentialAction":[{"@type":"CommentAction","name":"Comment","target":["https:\/\/vosgesinfo.fr\/remiremontinfo\/2022\/08\/bresse-tofaille-geante-beignets-aux-brimbelles-feux-dartifice\/#respond"]}]},{"@type":"WebPage","@id":"https:\/\/vosgesinfo.fr\/remiremontinfo\/2022\/08\/bresse-tofaille-geante-beignets-aux-brimbelles-feux-dartifice\/","url":"https:\/\/vosgesinfo.fr\/remiremontinfo\/2022\/08\/bresse-tofaille-geante-beignets-aux-brimbelles-feux-dartifice\/","name":"La Bresse : tofaille g\u00e9ante, beignets aux brimbelles et feux d'artifice - Remiremont Info","isPartOf":{"@id":"https:\/\/vosgesinfo.fr\/remiremontinfo\/#website"},"primaryImageOfPage":{"@id":"https:\/\/vosgesinfo.fr\/remiremontinfo\/2022\/08\/bresse-tofaille-geante-beignets-aux-brimbelles-feux-dartifice\/#primaryimage"},"image":{"@id":"https:\/\/vosgesinfo.fr\/remiremontinfo\/2022\/08\/bresse-tofaille-geante-beignets-aux-brimbelles-feux-dartifice\/#primaryimage"},"thumbnailUrl":"https:\/\/vosgesinfo.fr\/app\/uploads\/sites\/5\/2024\/09\/202107fireworks-15490-960-720-5.jpg","datePublished":"2022-08-03T04:01:47+00:00","dateModified":"2022-08-03T04:01:47+00:00","breadcrumb":{"@id":"https:\/\/vosgesinfo.fr\/remiremontinfo\/2022\/08\/bresse-tofaille-geante-beignets-aux-brimbelles-feux-dartifice\/#breadcrumb"},"inLanguage":"fr-FR","potentialAction":[{"@type":"ReadAction","target":["https:\/\/vosgesinfo.fr\/remiremontinfo\/2022\/08\/bresse-tofaille-geante-beignets-aux-brimbelles-feux-dartifice\/"]}]},{"@type":"ImageObject","inLanguage":"fr-FR","@id":"https:\/\/vosgesinfo.fr\/remiremontinfo\/2022\/08\/bresse-tofaille-geante-beignets-aux-brimbelles-feux-dartifice\/#primaryimage","url":"https:\/\/vosgesinfo.fr\/app\/uploads\/sites\/5\/2024\/09\/202107fireworks-15490-960-720-5.jpg","contentUrl":"https:\/\/vosgesinfo.fr\/app\/uploads\/sites\/5\/2024\/09\/202107fireworks-15490-960-720-5.jpg","width":800,"height":533},{"@type":"BreadcrumbList","@id":"https:\/\/vosgesinfo.fr\/remiremontinfo\/2022\/08\/bresse-tofaille-geante-beignets-aux-brimbelles-feux-dartifice\/#breadcrumb","itemListElement":[{"@type":"ListItem","position":1,"name":"Home","item":"https:\/\/vosgesinfo.fr\/remiremontinfo\/"},{"@type":"ListItem","position":2,"name":"La Bresse : tofaille g\u00e9ante, beignets aux brimbelles et feux d&rsquo;artifice"}]},{"@type":"WebSite","@id":"https:\/\/vosgesinfo.fr\/remiremontinfo\/#website","url":"https:\/\/vosgesinfo.fr\/remiremontinfo\/","name":"Remiremont Info","description":"Toute l&#039;actualit\u00e9 de Remiremont","publisher":{"@id":"https:\/\/vosgesinfo.fr\/remiremontinfo\/#organization"},"alternateName":"Toute l'actualit\u00e9 de Remiremont","potentialAction":[{"@type":"SearchAction","target":{"@type":"EntryPoint","urlTemplate":"https:\/\/vosgesinfo.fr\/remiremontinfo\/?s={search_term_string}"},"query-input":"required name=search_term_string"}],"inLanguage":"fr-FR"},{"@type":"Organization","@id":"https:\/\/vosgesinfo.fr\/remiremontinfo\/#organization","name":"Remiremont Info","url":"https:\/\/vosgesinfo.fr\/remiremontinfo\/","logo":{"@type":"ImageObject","inLanguage":"fr-FR","@id":"https:\/\/vosgesinfo.fr\/remiremontinfo\/#\/schema\/logo\/image\/","url":"https:\/\/vosgesinfo.fr\/app\/uploads\/sites\/5\/2023\/08\/favicon-remiremontinfo.png","contentUrl":"https:\/\/vosgesinfo.fr\/app\/uploads\/sites\/5\/2023\/08\/favicon-remiremontinfo.png","width":512,"height":512,"caption":"Remiremont Info"},"image":{"@id":"https:\/\/vosgesinfo.fr\/remiremontinfo\/#\/schema\/logo\/image\/"},"sameAs":["https:\/\/www.facebook.com\/remiremontinfo","https:\/\/x.com\/VosgesInfo88","https:\/\/www.youtube.com\/@vosgesinfo"]},{"@type":"Person","@id":"https:\/\/vosgesinfo.fr\/remiremontinfo\/#\/schema\/person\/3bfd164d5218a185b1db68655a265316","name":"C D","image":{"@type":"ImageObject","inLanguage":"fr-FR","@id":"https:\/\/vosgesinfo.fr\/remiremontinfo\/#\/schema\/person\/image\/","url":"https:\/\/secure.gravatar.com\/avatar\/1f9a70007336511a47468b8f1c66f922b8b7cf617b02a31149ada43893a5d48f?s=96&d=mm&r=g","contentUrl":"https:\/\/secure.gravatar.com\/avatar\/1f9a70007336511a47468b8f1c66f922b8b7cf617b02a31149ada43893a5d48f?s=96&d=mm&r=g","caption":"C D"},"url":"https:\/\/vosgesinfo.fr\/remiremontinfo\/author\/cedric-drevet\/"}]}},"_links":{"self":[{"href":"https:\/\/vosgesinfo.fr\/remiremontinfo\/wp-json\/wp\/v2\/posts\/59685","targetHints":{"allow":["GET"]}}],"collection":[{"href":"https:\/\/vosgesinfo.fr\/remiremontinfo\/wp-json\/wp\/v2\/posts"}],"about":[{"href":"https:\/\/vosgesinfo.fr\/remiremontinfo\/wp-json\/wp\/v2\/types\/post"}],"author":[{"embeddable":true,"href":"https:\/\/vosgesinfo.fr\/remiremontinfo\/wp-json\/wp\/v2\/users\/407"}],"replies":[{"embeddable":true,"href":"https:\/\/vosgesinfo.fr\/remiremontinfo\/wp-json\/wp\/v2\/comments?post=59685"}],"version-history":[{"count":0,"href":"https:\/\/vosgesinfo.fr\/remiremontinfo\/wp-json\/wp\/v2\/posts\/59685\/revisions"}],"wp:featuredmedia":[{"embeddable":true,"href":"https:\/\/vosgesinfo.fr\/remiremontinfo\/wp-json\/wp\/v2\/media\/59686"}],"wp:attachment":[{"href":"https:\/\/vosgesinfo.fr\/remiremontinfo\/wp-json\/wp\/v2\/media?parent=59685"}],"wp:term":[{"taxonomy":"category","embeddable":true,"href":"https:\/\/vosgesinfo.fr\/remiremontinfo\/wp-json\/wp\/v2\/categories?post=59685"},{"taxonomy":"post_tag","embeddable":true,"href":"https:\/\/vosgesinfo.fr\/remiremontinfo\/wp-json\/wp\/v2\/tags?post=59685"}],"curies":[{"name":"wp","href":"https:\/\/api.w.org\/{rel}","templated":true}]}}