{"id":59724,"date":"2022-08-04T04:10:12","date_gmt":"2022-08-04T02:10:12","guid":{"rendered":"https:\/\/vosgesinfo.fr\/remiremontinfo\/2022\/08\/projet-de-loi-pouvoir-dachat-inscription-loi-de-plusieurs-amendements-de-daniel-gremillet\/"},"modified":"2022-08-04T04:10:12","modified_gmt":"2022-08-04T02:10:12","slug":"projet-de-loi-pouvoir-dachat-inscription-loi-de-plusieurs-amendements-de-daniel-gremillet","status":"publish","type":"post","link":"https:\/\/vosgesinfo.fr\/remiremontinfo\/2022\/08\/projet-de-loi-pouvoir-dachat-inscription-loi-de-plusieurs-amendements-de-daniel-gremillet\/","title":{"rendered":"Projet de loi \u00ab Pouvoir d\u2019achat \u00bb : inscription dans la loi de plusieurs amendements de Daniel Gremillet"},"content":{"rendered":"<h2>Projet de loi d\u2019urgence pour la protection du pouvoir d\u2019achat : adoption d\u00e9finitive du texte par le Parlement et inscription dans la loi de plusieurs amendements de Daniel GREMILLET<\/h2>\n<p>Mercredi 3 ao\u00fbt 2022, l\u2019Assembl\u00e9e nationale puis le S\u00e9nat ont proc\u00e9d\u00e9 \u00e0 la lecture des conclusions de la commission mixte paritaire (CMP) qui s\u2019est tenue sur les dispositions du projet de loi portant mesures d\u2019urgence pour la protection du pouvoir d\u2019achat, le lundi 1er ao\u00fbt dernier. Ils les ont, ensuite, adopt\u00e9es, entra\u00eenant, ainsi, l\u2019adoption d\u00e9finitive du texte par le Parlement avant la promulgation de la loi.<\/p>\n<p>Rapporteur pour avis de ce texte de loi sur les volets \u00ab souverainet\u00e9 \u00e9nerg\u00e9tique \u00bb, \u00ab protection des consommateurs \u00bb et \u00ab logement \u00bb, le S\u00e9nateur des Vosges, Daniel GREMILLET, a particip\u00e9 \u00e0 cette CMP, r\u00e9unissant 7 d\u00e9put\u00e9s et 7 s\u00e9nateurs, en qualit\u00e9 de membr<\/p>\n","protected":false},"excerpt":{"rendered":"<p>Projet de loi d\u2019urgence pour la protection du pouvoir d\u2019achat : adoption d\u00e9finitive du texte par le Parlement et inscription [&hellip;]<\/p>\n","protected":false},"author":407,"featured_media":59725,"comment_status":"open","ping_status":"open","sticky":false,"template":"","format":"standard","meta":{"footnotes":""},"categories":[26,10,18],"tags":[126,2614,32],"class_list":["post-59724","post","type-post","status-publish","format-standard","has-post-thumbnail","hentry","category-a-la-une","category-politique","category-vosges","tag-politique","tag-senat","tag-vosges"],"acf":[],"yoast_head":"<!-- This site is optimized with the Yoast SEO plugin v22.5 - https:\/\/yoast.com\/wordpress\/plugins\/seo\/ -->\n<title>Projet de loi \u00ab Pouvoir d\u2019achat \u00bb : inscription dans la loi de plusieurs amendements de Daniel Gremillet - Remiremont Info<\/title>\n<meta name=\"robots\" content=\"index, follow, max-snippet:-1, max-image-preview:large, max-video-preview:-1\" \/>\n<link rel=\"canonical\" href=\"https:\/\/vosgesinfo.fr\/remiremontinfo\/2022\/08\/projet-de-loi-pouvoir-dachat-inscription-loi-de-plusieurs-amendements-de-daniel-gremillet\/\" \/>\n<meta name=\"twitter:card\" content=\"summary_large_image\" \/>\n<meta name=\"twitter:title\" content=\"Projet de loi \u00ab Pouvoir d\u2019achat \u00bb : inscription dans la loi de plusieurs amendements de Daniel Gremillet - Remiremont Info\" \/>\n<meta name=\"twitter:description\" content=\"Projet de loi d\u2019urgence pour la protection du pouvoir d\u2019achat : adoption d\u00e9finitive du texte par le Parlement et inscription [&hellip;]\" \/>\n<meta name=\"twitter:image\" content=\"https:\/\/vosgesinfo.fr\/app\/uploads\/sites\/5\/2024\/09\/202201gremillet-3.jpg\" \/>\n<meta name=\"twitter:creator\" content=\"@VosgesInfo88\" \/>\n<meta name=\"twitter:site\" content=\"@VosgesInfo88\" \/>\n<meta name=\"twitter:label1\" content=\"\u00c9crit par\" \/>\n\t<meta name=\"twitter:data1\" content=\"C D\" \/>\n\t<meta name=\"twitter:label2\" content=\"Dur\u00e9e de lecture estim\u00e9e\" \/>\n\t<meta name=\"twitter:data2\" content=\"1 minute\" \/>\n<script type=\"application\/ld+json\" class=\"yoast-schema-graph\">{\"@context\":\"https:\/\/schema.org\",\"@graph\":[{\"@type\":\"Article\",\"@id\":\"https:\/\/vosgesinfo.fr\/remiremontinfo\/2022\/08\/projet-de-loi-pouvoir-dachat-inscription-loi-de-plusieurs-amendements-de-daniel-gremillet\/#article\",\"isPartOf\":{\"@id\":\"https:\/\/vosgesinfo.fr\/remiremontinfo\/2022\/08\/projet-de-loi-pouvoir-dachat-inscription-loi-de-plusieurs-amendements-de-daniel-gremillet\/\"},\"author\":{\"name\":\"C D\",\"@id\":\"https:\/\/vosgesinfo.fr\/remiremontinfo\/#\/schema\/person\/3bfd164d5218a185b1db68655a265316\"},\"headline\":\"Projet de loi \u00ab Pouvoir d\u2019achat \u00bb : inscription dans la loi de plusieurs amendements de Daniel Gremillet\",\"datePublished\":\"2022-08-04T02:10:12+00:00\",\"dateModified\":\"2022-08-04T02:10:12+00:00\",\"mainEntityOfPage\":{\"@id\":\"https:\/\/vosgesinfo.fr\/remiremontinfo\/2022\/08\/projet-de-loi-pouvoir-dachat-inscription-loi-de-plusieurs-amendements-de-daniel-gremillet\/\"},\"wordCount\":165,\"commentCount\":0,\"publisher\":{\"@id\":\"https:\/\/vosgesinfo.fr\/remiremontinfo\/#organization\"},\"image\":{\"@id\":\"https:\/\/vosgesinfo.fr\/remiremontinfo\/2022\/08\/projet-de-loi-pouvoir-dachat-inscription-loi-de-plusieurs-amendements-de-daniel-gremillet\/#primaryimage\"},\"thumbnailUrl\":\"https:\/\/vosgesinfo.fr\/app\/uploads\/sites\/5\/2024\/09\/202201gremillet-3.jpg\",\"keywords\":[\"politique\",\"S\u00e9nat\",\"Vosges\"],\"articleSection\":[\"A la Une\",\"Politique\",\"Vosges\"],\"inLanguage\":\"fr-FR\",\"potentialAction\":[{\"@type\":\"CommentAction\",\"name\":\"Comment\",\"target\":[\"https:\/\/vosgesinfo.fr\/remiremontinfo\/2022\/08\/projet-de-loi-pouvoir-dachat-inscription-loi-de-plusieurs-amendements-de-daniel-gremillet\/#respond\"]}]},{\"@type\":\"WebPage\",\"@id\":\"https:\/\/vosgesinfo.fr\/remiremontinfo\/2022\/08\/projet-de-loi-pouvoir-dachat-inscription-loi-de-plusieurs-amendements-de-daniel-gremillet\/\",\"url\":\"https:\/\/vosgesinfo.fr\/remiremontinfo\/2022\/08\/projet-de-loi-pouvoir-dachat-inscription-loi-de-plusieurs-amendements-de-daniel-gremillet\/\",\"name\":\"Projet de loi \u00ab Pouvoir d\u2019achat \u00bb : inscription dans la loi de plusieurs amendements de Daniel Gremillet - Remiremont Info\",\"isPartOf\":{\"@id\":\"https:\/\/vosgesinfo.fr\/remiremontinfo\/#website\"},\"primaryImageOfPage\":{\"@id\":\"https:\/\/vosgesinfo.fr\/remiremontinfo\/2022\/08\/projet-de-loi-pouvoir-dachat-inscription-loi-de-plusieurs-amendements-de-daniel-gremillet\/#primaryimage\"},\"image\":{\"@id\":\"https:\/\/vosgesinfo.fr\/remiremontinfo\/2022\/08\/projet-de-loi-pouvoir-dachat-inscription-loi-de-plusieurs-amendements-de-daniel-gremillet\/#primaryimage\"},\"thumbnailUrl\":\"https:\/\/vosgesinfo.fr\/app\/uploads\/sites\/5\/2024\/09\/202201gremillet-3.jpg\",\"datePublished\":\"2022-08-04T02:10:12+00:00\",\"dateModified\":\"2022-08-04T02:10:12+00:00\",\"breadcrumb\":{\"@id\":\"https:\/\/vosgesinfo.fr\/remiremontinfo\/2022\/08\/projet-de-loi-pouvoir-dachat-inscription-loi-de-plusieurs-amendements-de-daniel-gremillet\/#breadcrumb\"},\"inLanguage\":\"fr-FR\",\"potentialAction\":[{\"@type\":\"ReadAction\",\"target\":[\"https:\/\/vosgesinfo.fr\/remiremontinfo\/2022\/08\/projet-de-loi-pouvoir-dachat-inscription-loi-de-plusieurs-amendements-de-daniel-gremillet\/\"]}]},{\"@type\":\"ImageObject\",\"inLanguage\":\"fr-FR\",\"@id\":\"https:\/\/vosgesinfo.fr\/remiremontinfo\/2022\/08\/projet-de-loi-pouvoir-dachat-inscription-loi-de-plusieurs-amendements-de-daniel-gremillet\/#primaryimage\",\"url\":\"https:\/\/vosgesinfo.fr\/app\/uploads\/sites\/5\/2024\/09\/202201gremillet-3.jpg\",\"contentUrl\":\"https:\/\/vosgesinfo.fr\/app\/uploads\/sites\/5\/2024\/09\/202201gremillet-3.jpg\",\"width\":537,\"height\":359},{\"@type\":\"BreadcrumbList\",\"@id\":\"https:\/\/vosgesinfo.fr\/remiremontinfo\/2022\/08\/projet-de-loi-pouvoir-dachat-inscription-loi-de-plusieurs-amendements-de-daniel-gremillet\/#breadcrumb\",\"itemListElement\":[{\"@type\":\"ListItem\",\"position\":1,\"name\":\"Home\",\"item\":\"https:\/\/vosgesinfo.fr\/remiremontinfo\/\"},{\"@type\":\"ListItem\",\"position\":2,\"name\":\"Projet de loi \u00ab Pouvoir d\u2019achat \u00bb : inscription dans la loi de plusieurs amendements de Daniel Gremillet\"}]},{\"@type\":\"WebSite\",\"@id\":\"https:\/\/vosgesinfo.fr\/remiremontinfo\/#website\",\"url\":\"https:\/\/vosgesinfo.fr\/remiremontinfo\/\",\"name\":\"Remiremont Info\",\"description\":\"Toute l&#039;actualit\u00e9 de Remiremont\",\"publisher\":{\"@id\":\"https:\/\/vosgesinfo.fr\/remiremontinfo\/#organization\"},\"alternateName\":\"Toute l'actualit\u00e9 de Remiremont\",\"potentialAction\":[{\"@type\":\"SearchAction\",\"target\":{\"@type\":\"EntryPoint\",\"urlTemplate\":\"https:\/\/vosgesinfo.fr\/remiremontinfo\/?s={search_term_string}\"},\"query-input\":\"required name=search_term_string\"}],\"inLanguage\":\"fr-FR\"},{\"@type\":\"Organization\",\"@id\":\"https:\/\/vosgesinfo.fr\/remiremontinfo\/#organization\",\"name\":\"Remiremont Info\",\"url\":\"https:\/\/vosgesinfo.fr\/remiremontinfo\/\",\"logo\":{\"@type\":\"ImageObject\",\"inLanguage\":\"fr-FR\",\"@id\":\"https:\/\/vosgesinfo.fr\/remiremontinfo\/#\/schema\/logo\/image\/\",\"url\":\"https:\/\/vosgesinfo.fr\/app\/uploads\/sites\/5\/2023\/08\/favicon-remiremontinfo.png\",\"contentUrl\":\"https:\/\/vosgesinfo.fr\/app\/uploads\/sites\/5\/2023\/08\/favicon-remiremontinfo.png\",\"width\":512,\"height\":512,\"caption\":\"Remiremont Info\"},\"image\":{\"@id\":\"https:\/\/vosgesinfo.fr\/remiremontinfo\/#\/schema\/logo\/image\/\"},\"sameAs\":[\"https:\/\/www.facebook.com\/remiremontinfo\",\"https:\/\/x.com\/VosgesInfo88\",\"https:\/\/www.youtube.com\/@vosgesinfo\"]},{\"@type\":\"Person\",\"@id\":\"https:\/\/vosgesinfo.fr\/remiremontinfo\/#\/schema\/person\/3bfd164d5218a185b1db68655a265316\",\"name\":\"C D\",\"image\":{\"@type\":\"ImageObject\",\"inLanguage\":\"fr-FR\",\"@id\":\"https:\/\/vosgesinfo.fr\/remiremontinfo\/#\/schema\/person\/image\/\",\"url\":\"https:\/\/secure.gravatar.com\/avatar\/1f9a70007336511a47468b8f1c66f922b8b7cf617b02a31149ada43893a5d48f?s=96&d=mm&r=g\",\"contentUrl\":\"https:\/\/secure.gravatar.com\/avatar\/1f9a70007336511a47468b8f1c66f922b8b7cf617b02a31149ada43893a5d48f?s=96&d=mm&r=g\",\"caption\":\"C D\"},\"url\":\"https:\/\/vosgesinfo.fr\/remiremontinfo\/author\/cedric-drevet\/\"}]}<\/script>\n<!-- \/ Yoast SEO plugin. -->","yoast_head_json":{"title":"Projet de loi \u00ab Pouvoir d\u2019achat \u00bb : inscription dans la loi de plusieurs amendements de Daniel Gremillet - Remiremont Info","robots":{"index":"index","follow":"follow","max-snippet":"max-snippet:-1","max-image-preview":"max-image-preview:large","max-video-preview":"max-video-preview:-1"},"canonical":"https:\/\/vosgesinfo.fr\/remiremontinfo\/2022\/08\/projet-de-loi-pouvoir-dachat-inscription-loi-de-plusieurs-amendements-de-daniel-gremillet\/","twitter_card":"summary_large_image","twitter_title":"Projet de loi \u00ab Pouvoir d\u2019achat \u00bb : inscription dans la loi de plusieurs amendements de Daniel Gremillet - Remiremont Info","twitter_description":"Projet de loi d\u2019urgence pour la protection du pouvoir d\u2019achat : adoption d\u00e9finitive du texte par le Parlement et inscription [&hellip;]","twitter_image":"https:\/\/vosgesinfo.fr\/app\/uploads\/sites\/5\/2024\/09\/202201gremillet-3.jpg","twitter_creator":"@VosgesInfo88","twitter_site":"@VosgesInfo88","twitter_misc":{"\u00c9crit par":"C D","Dur\u00e9e de lecture estim\u00e9e":"1 minute"},"schema":{"@context":"https:\/\/schema.org","@graph":[{"@type":"Article","@id":"https:\/\/vosgesinfo.fr\/remiremontinfo\/2022\/08\/projet-de-loi-pouvoir-dachat-inscription-loi-de-plusieurs-amendements-de-daniel-gremillet\/#article","isPartOf":{"@id":"https:\/\/vosgesinfo.fr\/remiremontinfo\/2022\/08\/projet-de-loi-pouvoir-dachat-inscription-loi-de-plusieurs-amendements-de-daniel-gremillet\/"},"author":{"name":"C D","@id":"https:\/\/vosgesinfo.fr\/remiremontinfo\/#\/schema\/person\/3bfd164d5218a185b1db68655a265316"},"headline":"Projet de loi \u00ab Pouvoir d\u2019achat \u00bb : inscription dans la loi de plusieurs amendements de Daniel Gremillet","datePublished":"2022-08-04T02:10:12+00:00","dateModified":"2022-08-04T02:10:12+00:00","mainEntityOfPage":{"@id":"https:\/\/vosgesinfo.fr\/remiremontinfo\/2022\/08\/projet-de-loi-pouvoir-dachat-inscription-loi-de-plusieurs-amendements-de-daniel-gremillet\/"},"wordCount":165,"commentCount":0,"publisher":{"@id":"https:\/\/vosgesinfo.fr\/remiremontinfo\/#organization"},"image":{"@id":"https:\/\/vosgesinfo.fr\/remiremontinfo\/2022\/08\/projet-de-loi-pouvoir-dachat-inscription-loi-de-plusieurs-amendements-de-daniel-gremillet\/#primaryimage"},"thumbnailUrl":"https:\/\/vosgesinfo.fr\/app\/uploads\/sites\/5\/2024\/09\/202201gremillet-3.jpg","keywords":["politique","S\u00e9nat","Vosges"],"articleSection":["A la Une","Politique","Vosges"],"inLanguage":"fr-FR","potentialAction":[{"@type":"CommentAction","name":"Comment","target":["https:\/\/vosgesinfo.fr\/remiremontinfo\/2022\/08\/projet-de-loi-pouvoir-dachat-inscription-loi-de-plusieurs-amendements-de-daniel-gremillet\/#respond"]}]},{"@type":"WebPage","@id":"https:\/\/vosgesinfo.fr\/remiremontinfo\/2022\/08\/projet-de-loi-pouvoir-dachat-inscription-loi-de-plusieurs-amendements-de-daniel-gremillet\/","url":"https:\/\/vosgesinfo.fr\/remiremontinfo\/2022\/08\/projet-de-loi-pouvoir-dachat-inscription-loi-de-plusieurs-amendements-de-daniel-gremillet\/","name":"Projet de loi \u00ab Pouvoir d\u2019achat \u00bb : inscription dans la loi de plusieurs amendements de Daniel Gremillet - Remiremont Info","isPartOf":{"@id":"https:\/\/vosgesinfo.fr\/remiremontinfo\/#website"},"primaryImageOfPage":{"@id":"https:\/\/vosgesinfo.fr\/remiremontinfo\/2022\/08\/projet-de-loi-pouvoir-dachat-inscription-loi-de-plusieurs-amendements-de-daniel-gremillet\/#primaryimage"},"image":{"@id":"https:\/\/vosgesinfo.fr\/remiremontinfo\/2022\/08\/projet-de-loi-pouvoir-dachat-inscription-loi-de-plusieurs-amendements-de-daniel-gremillet\/#primaryimage"},"thumbnailUrl":"https:\/\/vosgesinfo.fr\/app\/uploads\/sites\/5\/2024\/09\/202201gremillet-3.jpg","datePublished":"2022-08-04T02:10:12+00:00","dateModified":"2022-08-04T02:10:12+00:00","breadcrumb":{"@id":"https:\/\/vosgesinfo.fr\/remiremontinfo\/2022\/08\/projet-de-loi-pouvoir-dachat-inscription-loi-de-plusieurs-amendements-de-daniel-gremillet\/#breadcrumb"},"inLanguage":"fr-FR","potentialAction":[{"@type":"ReadAction","target":["https:\/\/vosgesinfo.fr\/remiremontinfo\/2022\/08\/projet-de-loi-pouvoir-dachat-inscription-loi-de-plusieurs-amendements-de-daniel-gremillet\/"]}]},{"@type":"ImageObject","inLanguage":"fr-FR","@id":"https:\/\/vosgesinfo.fr\/remiremontinfo\/2022\/08\/projet-de-loi-pouvoir-dachat-inscription-loi-de-plusieurs-amendements-de-daniel-gremillet\/#primaryimage","url":"https:\/\/vosgesinfo.fr\/app\/uploads\/sites\/5\/2024\/09\/202201gremillet-3.jpg","contentUrl":"https:\/\/vosgesinfo.fr\/app\/uploads\/sites\/5\/2024\/09\/202201gremillet-3.jpg","width":537,"height":359},{"@type":"BreadcrumbList","@id":"https:\/\/vosgesinfo.fr\/remiremontinfo\/2022\/08\/projet-de-loi-pouvoir-dachat-inscription-loi-de-plusieurs-amendements-de-daniel-gremillet\/#breadcrumb","itemListElement":[{"@type":"ListItem","position":1,"name":"Home","item":"https:\/\/vosgesinfo.fr\/remiremontinfo\/"},{"@type":"ListItem","position":2,"name":"Projet de loi \u00ab Pouvoir d\u2019achat \u00bb : inscription dans la loi de plusieurs amendements de Daniel Gremillet"}]},{"@type":"WebSite","@id":"https:\/\/vosgesinfo.fr\/remiremontinfo\/#website","url":"https:\/\/vosgesinfo.fr\/remiremontinfo\/","name":"Remiremont Info","description":"Toute l&#039;actualit\u00e9 de Remiremont","publisher":{"@id":"https:\/\/vosgesinfo.fr\/remiremontinfo\/#organization"},"alternateName":"Toute l'actualit\u00e9 de Remiremont","potentialAction":[{"@type":"SearchAction","target":{"@type":"EntryPoint","urlTemplate":"https:\/\/vosgesinfo.fr\/remiremontinfo\/?s={search_term_string}"},"query-input":"required name=search_term_string"}],"inLanguage":"fr-FR"},{"@type":"Organization","@id":"https:\/\/vosgesinfo.fr\/remiremontinfo\/#organization","name":"Remiremont Info","url":"https:\/\/vosgesinfo.fr\/remiremontinfo\/","logo":{"@type":"ImageObject","inLanguage":"fr-FR","@id":"https:\/\/vosgesinfo.fr\/remiremontinfo\/#\/schema\/logo\/image\/","url":"https:\/\/vosgesinfo.fr\/app\/uploads\/sites\/5\/2023\/08\/favicon-remiremontinfo.png","contentUrl":"https:\/\/vosgesinfo.fr\/app\/uploads\/sites\/5\/2023\/08\/favicon-remiremontinfo.png","width":512,"height":512,"caption":"Remiremont Info"},"image":{"@id":"https:\/\/vosgesinfo.fr\/remiremontinfo\/#\/schema\/logo\/image\/"},"sameAs":["https:\/\/www.facebook.com\/remiremontinfo","https:\/\/x.com\/VosgesInfo88","https:\/\/www.youtube.com\/@vosgesinfo"]},{"@type":"Person","@id":"https:\/\/vosgesinfo.fr\/remiremontinfo\/#\/schema\/person\/3bfd164d5218a185b1db68655a265316","name":"C D","image":{"@type":"ImageObject","inLanguage":"fr-FR","@id":"https:\/\/vosgesinfo.fr\/remiremontinfo\/#\/schema\/person\/image\/","url":"https:\/\/secure.gravatar.com\/avatar\/1f9a70007336511a47468b8f1c66f922b8b7cf617b02a31149ada43893a5d48f?s=96&d=mm&r=g","contentUrl":"https:\/\/secure.gravatar.com\/avatar\/1f9a70007336511a47468b8f1c66f922b8b7cf617b02a31149ada43893a5d48f?s=96&d=mm&r=g","caption":"C D"},"url":"https:\/\/vosgesinfo.fr\/remiremontinfo\/author\/cedric-drevet\/"}]}},"_links":{"self":[{"href":"https:\/\/vosgesinfo.fr\/remiremontinfo\/wp-json\/wp\/v2\/posts\/59724","targetHints":{"allow":["GET"]}}],"collection":[{"href":"https:\/\/vosgesinfo.fr\/remiremontinfo\/wp-json\/wp\/v2\/posts"}],"about":[{"href":"https:\/\/vosgesinfo.fr\/remiremontinfo\/wp-json\/wp\/v2\/types\/post"}],"author":[{"embeddable":true,"href":"https:\/\/vosgesinfo.fr\/remiremontinfo\/wp-json\/wp\/v2\/users\/407"}],"replies":[{"embeddable":true,"href":"https:\/\/vosgesinfo.fr\/remiremontinfo\/wp-json\/wp\/v2\/comments?post=59724"}],"version-history":[{"count":0,"href":"https:\/\/vosgesinfo.fr\/remiremontinfo\/wp-json\/wp\/v2\/posts\/59724\/revisions"}],"wp:featuredmedia":[{"embeddable":true,"href":"https:\/\/vosgesinfo.fr\/remiremontinfo\/wp-json\/wp\/v2\/media\/59725"}],"wp:attachment":[{"href":"https:\/\/vosgesinfo.fr\/remiremontinfo\/wp-json\/wp\/v2\/media?parent=59724"}],"wp:term":[{"taxonomy":"category","embeddable":true,"href":"https:\/\/vosgesinfo.fr\/remiremontinfo\/wp-json\/wp\/v2\/categories?post=59724"},{"taxonomy":"post_tag","embeddable":true,"href":"https:\/\/vosgesinfo.fr\/remiremontinfo\/wp-json\/wp\/v2\/tags?post=59724"}],"curies":[{"name":"wp","href":"https:\/\/api.w.org\/{rel}","templated":true}]}}