{"id":59726,"date":"2022-08-04T06:10:19","date_gmt":"2022-08-04T04:10:19","guid":{"rendered":"https:\/\/vosgesinfo.fr\/remiremontinfo\/2022\/08\/vosges-alternatives-nucleaire-participe-a-jeune-international-labolition-armes-nucleaires\/"},"modified":"2022-08-04T06:10:19","modified_gmt":"2022-08-04T04:10:19","slug":"vosges-alternatives-nucleaire-participe-a-jeune-international-labolition-armes-nucleaires","status":"publish","type":"post","link":"https:\/\/vosgesinfo.fr\/remiremontinfo\/2022\/08\/vosges-alternatives-nucleaire-participe-a-jeune-international-labolition-armes-nucleaires\/","title":{"rendered":"Vosges Alternatives au Nucl\u00e9aire participe \u00e0 un je\u00fbne international pour l\u2019abolition des armes nucl\u00e9aires"},"content":{"rendered":"<h2>Vosges Alternatives au Nucl\u00e9aire participe \u00e0 un je\u00fbne international pour l\u2019abolition des armes nucl\u00e9aires. Pour la troisi\u00e8me ann\u00e9e cons\u00e9cutive, ils seront pr\u00e9sents au kiosque \u00e0 musique dans le parc du cours \u00e0 Epinal du 6 au 8 ao\u00fbt de 10 \u00e0 18 heures et le 9 de 10 \u00e0 12 heures. Un dizaine de personnes je\u00fbnerons du 6 au 9 aout, pour demander que la France signe et ratifie le Trait\u00e9 d\u2019Interdiction des Armes Nucl\u00e9aire, TIAN. Celui-ci est en vigueur depuis le 22 janvier 2021. A ce jour 65 pays l\u2019ont sign\u00e9 et ratifi\u00e9.<\/h2>\n<div>\n<p><strong><em>Le communiqu\u00e9:<\/em><\/strong><\/p>\n<p><em>\u00ab\u00a0Nous sommes des groupes de personnes de plusieurs pays qui avons d\u00e9cid\u00e9 de je\u00fbner du 6 ao\u00fbt, anniversaire du bombardement d\u2019Hiroshima, au 9 ao\u00fbt, anni<\/em><\/p>\n<\/div>\n","protected":false},"excerpt":{"rendered":"<p>Vosges Alternatives au Nucl\u00e9aire participe \u00e0 un je\u00fbne international pour l\u2019abolition des armes nucl\u00e9aires. Pour la troisi\u00e8me ann\u00e9e cons\u00e9cutive, ils [&hellip;]<\/p>\n","protected":false},"author":407,"featured_media":59727,"comment_status":"open","ping_status":"open","sticky":false,"template":"","format":"standard","meta":{"footnotes":""},"categories":[26,17,18],"tags":[4356,4357,32],"class_list":["post-59726","post","type-post","status-publish","format-standard","has-post-thumbnail","hentry","category-a-la-une","category-vie-associative","category-vosges","tag-armes","tag-nucleaire","tag-vosges"],"acf":[],"yoast_head":"<!-- This site is optimized with the Yoast SEO plugin v22.5 - https:\/\/yoast.com\/wordpress\/plugins\/seo\/ -->\n<title>Vosges Alternatives au Nucl\u00e9aire participe \u00e0 un je\u00fbne international pour l\u2019abolition des armes nucl\u00e9aires - Remiremont Info<\/title>\n<meta name=\"robots\" content=\"index, follow, max-snippet:-1, max-image-preview:large, max-video-preview:-1\" \/>\n<link rel=\"canonical\" href=\"https:\/\/vosgesinfo.fr\/remiremontinfo\/2022\/08\/vosges-alternatives-nucleaire-participe-a-jeune-international-labolition-armes-nucleaires\/\" \/>\n<meta name=\"twitter:card\" content=\"summary_large_image\" \/>\n<meta name=\"twitter:title\" content=\"Vosges Alternatives au Nucl\u00e9aire participe \u00e0 un je\u00fbne international pour l\u2019abolition des armes nucl\u00e9aires - Remiremont Info\" \/>\n<meta name=\"twitter:description\" content=\"Vosges Alternatives au Nucl\u00e9aire participe \u00e0 un je\u00fbne international pour l\u2019abolition des armes nucl\u00e9aires. Pour la troisi\u00e8me ann\u00e9e cons\u00e9cutive, ils [&hellip;]\" \/>\n<meta name=\"twitter:image\" content=\"https:\/\/vosgesinfo.fr\/app\/uploads\/sites\/5\/2024\/09\/202208vosges-alternative-au-nucleaire-1.jpg\" \/>\n<meta name=\"twitter:creator\" content=\"@VosgesInfo88\" \/>\n<meta name=\"twitter:site\" content=\"@VosgesInfo88\" \/>\n<meta name=\"twitter:label1\" content=\"\u00c9crit par\" \/>\n\t<meta name=\"twitter:data1\" content=\"C D\" \/>\n\t<meta name=\"twitter:label2\" content=\"Dur\u00e9e de lecture estim\u00e9e\" \/>\n\t<meta name=\"twitter:data2\" content=\"1 minute\" \/>\n<script type=\"application\/ld+json\" class=\"yoast-schema-graph\">{\"@context\":\"https:\/\/schema.org\",\"@graph\":[{\"@type\":\"Article\",\"@id\":\"https:\/\/vosgesinfo.fr\/remiremontinfo\/2022\/08\/vosges-alternatives-nucleaire-participe-a-jeune-international-labolition-armes-nucleaires\/#article\",\"isPartOf\":{\"@id\":\"https:\/\/vosgesinfo.fr\/remiremontinfo\/2022\/08\/vosges-alternatives-nucleaire-participe-a-jeune-international-labolition-armes-nucleaires\/\"},\"author\":{\"name\":\"C D\",\"@id\":\"https:\/\/vosgesinfo.fr\/remiremontinfo\/#\/schema\/person\/3bfd164d5218a185b1db68655a265316\"},\"headline\":\"Vosges Alternatives au Nucl\u00e9aire participe \u00e0 un je\u00fbne international pour l\u2019abolition des armes nucl\u00e9aires\",\"datePublished\":\"2022-08-04T04:10:19+00:00\",\"dateModified\":\"2022-08-04T04:10:19+00:00\",\"mainEntityOfPage\":{\"@id\":\"https:\/\/vosgesinfo.fr\/remiremontinfo\/2022\/08\/vosges-alternatives-nucleaire-participe-a-jeune-international-labolition-armes-nucleaires\/\"},\"wordCount\":137,\"commentCount\":0,\"publisher\":{\"@id\":\"https:\/\/vosgesinfo.fr\/remiremontinfo\/#organization\"},\"image\":{\"@id\":\"https:\/\/vosgesinfo.fr\/remiremontinfo\/2022\/08\/vosges-alternatives-nucleaire-participe-a-jeune-international-labolition-armes-nucleaires\/#primaryimage\"},\"thumbnailUrl\":\"https:\/\/vosgesinfo.fr\/app\/uploads\/sites\/5\/2024\/09\/202208vosges-alternative-au-nucleaire-1.jpg\",\"keywords\":[\"armes\",\"nucleaire\",\"Vosges\"],\"articleSection\":[\"A la Une\",\"Vie associative\",\"Vosges\"],\"inLanguage\":\"fr-FR\",\"potentialAction\":[{\"@type\":\"CommentAction\",\"name\":\"Comment\",\"target\":[\"https:\/\/vosgesinfo.fr\/remiremontinfo\/2022\/08\/vosges-alternatives-nucleaire-participe-a-jeune-international-labolition-armes-nucleaires\/#respond\"]}]},{\"@type\":\"WebPage\",\"@id\":\"https:\/\/vosgesinfo.fr\/remiremontinfo\/2022\/08\/vosges-alternatives-nucleaire-participe-a-jeune-international-labolition-armes-nucleaires\/\",\"url\":\"https:\/\/vosgesinfo.fr\/remiremontinfo\/2022\/08\/vosges-alternatives-nucleaire-participe-a-jeune-international-labolition-armes-nucleaires\/\",\"name\":\"Vosges Alternatives au Nucl\u00e9aire participe \u00e0 un je\u00fbne international pour l\u2019abolition des armes nucl\u00e9aires - Remiremont Info\",\"isPartOf\":{\"@id\":\"https:\/\/vosgesinfo.fr\/remiremontinfo\/#website\"},\"primaryImageOfPage\":{\"@id\":\"https:\/\/vosgesinfo.fr\/remiremontinfo\/2022\/08\/vosges-alternatives-nucleaire-participe-a-jeune-international-labolition-armes-nucleaires\/#primaryimage\"},\"image\":{\"@id\":\"https:\/\/vosgesinfo.fr\/remiremontinfo\/2022\/08\/vosges-alternatives-nucleaire-participe-a-jeune-international-labolition-armes-nucleaires\/#primaryimage\"},\"thumbnailUrl\":\"https:\/\/vosgesinfo.fr\/app\/uploads\/sites\/5\/2024\/09\/202208vosges-alternative-au-nucleaire-1.jpg\",\"datePublished\":\"2022-08-04T04:10:19+00:00\",\"dateModified\":\"2022-08-04T04:10:19+00:00\",\"breadcrumb\":{\"@id\":\"https:\/\/vosgesinfo.fr\/remiremontinfo\/2022\/08\/vosges-alternatives-nucleaire-participe-a-jeune-international-labolition-armes-nucleaires\/#breadcrumb\"},\"inLanguage\":\"fr-FR\",\"potentialAction\":[{\"@type\":\"ReadAction\",\"target\":[\"https:\/\/vosgesinfo.fr\/remiremontinfo\/2022\/08\/vosges-alternatives-nucleaire-participe-a-jeune-international-labolition-armes-nucleaires\/\"]}]},{\"@type\":\"ImageObject\",\"inLanguage\":\"fr-FR\",\"@id\":\"https:\/\/vosgesinfo.fr\/remiremontinfo\/2022\/08\/vosges-alternatives-nucleaire-participe-a-jeune-international-labolition-armes-nucleaires\/#primaryimage\",\"url\":\"https:\/\/vosgesinfo.fr\/app\/uploads\/sites\/5\/2024\/09\/202208vosges-alternative-au-nucleaire-1.jpg\",\"contentUrl\":\"https:\/\/vosgesinfo.fr\/app\/uploads\/sites\/5\/2024\/09\/202208vosges-alternative-au-nucleaire-1.jpg\",\"width\":640,\"height\":480},{\"@type\":\"BreadcrumbList\",\"@id\":\"https:\/\/vosgesinfo.fr\/remiremontinfo\/2022\/08\/vosges-alternatives-nucleaire-participe-a-jeune-international-labolition-armes-nucleaires\/#breadcrumb\",\"itemListElement\":[{\"@type\":\"ListItem\",\"position\":1,\"name\":\"Home\",\"item\":\"https:\/\/vosgesinfo.fr\/remiremontinfo\/\"},{\"@type\":\"ListItem\",\"position\":2,\"name\":\"Vosges Alternatives au Nucl\u00e9aire participe \u00e0 un je\u00fbne international pour l\u2019abolition des armes nucl\u00e9aires\"}]},{\"@type\":\"WebSite\",\"@id\":\"https:\/\/vosgesinfo.fr\/remiremontinfo\/#website\",\"url\":\"https:\/\/vosgesinfo.fr\/remiremontinfo\/\",\"name\":\"Remiremont Info\",\"description\":\"Toute l&#039;actualit\u00e9 de Remiremont\",\"publisher\":{\"@id\":\"https:\/\/vosgesinfo.fr\/remiremontinfo\/#organization\"},\"alternateName\":\"Toute l'actualit\u00e9 de Remiremont\",\"potentialAction\":[{\"@type\":\"SearchAction\",\"target\":{\"@type\":\"EntryPoint\",\"urlTemplate\":\"https:\/\/vosgesinfo.fr\/remiremontinfo\/?s={search_term_string}\"},\"query-input\":\"required name=search_term_string\"}],\"inLanguage\":\"fr-FR\"},{\"@type\":\"Organization\",\"@id\":\"https:\/\/vosgesinfo.fr\/remiremontinfo\/#organization\",\"name\":\"Remiremont Info\",\"url\":\"https:\/\/vosgesinfo.fr\/remiremontinfo\/\",\"logo\":{\"@type\":\"ImageObject\",\"inLanguage\":\"fr-FR\",\"@id\":\"https:\/\/vosgesinfo.fr\/remiremontinfo\/#\/schema\/logo\/image\/\",\"url\":\"https:\/\/vosgesinfo.fr\/app\/uploads\/sites\/5\/2023\/08\/favicon-remiremontinfo.png\",\"contentUrl\":\"https:\/\/vosgesinfo.fr\/app\/uploads\/sites\/5\/2023\/08\/favicon-remiremontinfo.png\",\"width\":512,\"height\":512,\"caption\":\"Remiremont Info\"},\"image\":{\"@id\":\"https:\/\/vosgesinfo.fr\/remiremontinfo\/#\/schema\/logo\/image\/\"},\"sameAs\":[\"https:\/\/www.facebook.com\/remiremontinfo\",\"https:\/\/x.com\/VosgesInfo88\",\"https:\/\/www.youtube.com\/@vosgesinfo\"]},{\"@type\":\"Person\",\"@id\":\"https:\/\/vosgesinfo.fr\/remiremontinfo\/#\/schema\/person\/3bfd164d5218a185b1db68655a265316\",\"name\":\"C D\",\"image\":{\"@type\":\"ImageObject\",\"inLanguage\":\"fr-FR\",\"@id\":\"https:\/\/vosgesinfo.fr\/remiremontinfo\/#\/schema\/person\/image\/\",\"url\":\"https:\/\/secure.gravatar.com\/avatar\/1f9a70007336511a47468b8f1c66f922b8b7cf617b02a31149ada43893a5d48f?s=96&d=mm&r=g\",\"contentUrl\":\"https:\/\/secure.gravatar.com\/avatar\/1f9a70007336511a47468b8f1c66f922b8b7cf617b02a31149ada43893a5d48f?s=96&d=mm&r=g\",\"caption\":\"C D\"},\"url\":\"https:\/\/vosgesinfo.fr\/remiremontinfo\/author\/cedric-drevet\/\"}]}<\/script>\n<!-- \/ Yoast SEO plugin. -->","yoast_head_json":{"title":"Vosges Alternatives au Nucl\u00e9aire participe \u00e0 un je\u00fbne international pour l\u2019abolition des armes nucl\u00e9aires - Remiremont Info","robots":{"index":"index","follow":"follow","max-snippet":"max-snippet:-1","max-image-preview":"max-image-preview:large","max-video-preview":"max-video-preview:-1"},"canonical":"https:\/\/vosgesinfo.fr\/remiremontinfo\/2022\/08\/vosges-alternatives-nucleaire-participe-a-jeune-international-labolition-armes-nucleaires\/","twitter_card":"summary_large_image","twitter_title":"Vosges Alternatives au Nucl\u00e9aire participe \u00e0 un je\u00fbne international pour l\u2019abolition des armes nucl\u00e9aires - Remiremont Info","twitter_description":"Vosges Alternatives au Nucl\u00e9aire participe \u00e0 un je\u00fbne international pour l\u2019abolition des armes nucl\u00e9aires. Pour la troisi\u00e8me ann\u00e9e cons\u00e9cutive, ils [&hellip;]","twitter_image":"https:\/\/vosgesinfo.fr\/app\/uploads\/sites\/5\/2024\/09\/202208vosges-alternative-au-nucleaire-1.jpg","twitter_creator":"@VosgesInfo88","twitter_site":"@VosgesInfo88","twitter_misc":{"\u00c9crit par":"C D","Dur\u00e9e de lecture estim\u00e9e":"1 minute"},"schema":{"@context":"https:\/\/schema.org","@graph":[{"@type":"Article","@id":"https:\/\/vosgesinfo.fr\/remiremontinfo\/2022\/08\/vosges-alternatives-nucleaire-participe-a-jeune-international-labolition-armes-nucleaires\/#article","isPartOf":{"@id":"https:\/\/vosgesinfo.fr\/remiremontinfo\/2022\/08\/vosges-alternatives-nucleaire-participe-a-jeune-international-labolition-armes-nucleaires\/"},"author":{"name":"C D","@id":"https:\/\/vosgesinfo.fr\/remiremontinfo\/#\/schema\/person\/3bfd164d5218a185b1db68655a265316"},"headline":"Vosges Alternatives au Nucl\u00e9aire participe \u00e0 un je\u00fbne international pour l\u2019abolition des armes nucl\u00e9aires","datePublished":"2022-08-04T04:10:19+00:00","dateModified":"2022-08-04T04:10:19+00:00","mainEntityOfPage":{"@id":"https:\/\/vosgesinfo.fr\/remiremontinfo\/2022\/08\/vosges-alternatives-nucleaire-participe-a-jeune-international-labolition-armes-nucleaires\/"},"wordCount":137,"commentCount":0,"publisher":{"@id":"https:\/\/vosgesinfo.fr\/remiremontinfo\/#organization"},"image":{"@id":"https:\/\/vosgesinfo.fr\/remiremontinfo\/2022\/08\/vosges-alternatives-nucleaire-participe-a-jeune-international-labolition-armes-nucleaires\/#primaryimage"},"thumbnailUrl":"https:\/\/vosgesinfo.fr\/app\/uploads\/sites\/5\/2024\/09\/202208vosges-alternative-au-nucleaire-1.jpg","keywords":["armes","nucleaire","Vosges"],"articleSection":["A la Une","Vie associative","Vosges"],"inLanguage":"fr-FR","potentialAction":[{"@type":"CommentAction","name":"Comment","target":["https:\/\/vosgesinfo.fr\/remiremontinfo\/2022\/08\/vosges-alternatives-nucleaire-participe-a-jeune-international-labolition-armes-nucleaires\/#respond"]}]},{"@type":"WebPage","@id":"https:\/\/vosgesinfo.fr\/remiremontinfo\/2022\/08\/vosges-alternatives-nucleaire-participe-a-jeune-international-labolition-armes-nucleaires\/","url":"https:\/\/vosgesinfo.fr\/remiremontinfo\/2022\/08\/vosges-alternatives-nucleaire-participe-a-jeune-international-labolition-armes-nucleaires\/","name":"Vosges Alternatives au Nucl\u00e9aire participe \u00e0 un je\u00fbne international pour l\u2019abolition des armes nucl\u00e9aires - Remiremont Info","isPartOf":{"@id":"https:\/\/vosgesinfo.fr\/remiremontinfo\/#website"},"primaryImageOfPage":{"@id":"https:\/\/vosgesinfo.fr\/remiremontinfo\/2022\/08\/vosges-alternatives-nucleaire-participe-a-jeune-international-labolition-armes-nucleaires\/#primaryimage"},"image":{"@id":"https:\/\/vosgesinfo.fr\/remiremontinfo\/2022\/08\/vosges-alternatives-nucleaire-participe-a-jeune-international-labolition-armes-nucleaires\/#primaryimage"},"thumbnailUrl":"https:\/\/vosgesinfo.fr\/app\/uploads\/sites\/5\/2024\/09\/202208vosges-alternative-au-nucleaire-1.jpg","datePublished":"2022-08-04T04:10:19+00:00","dateModified":"2022-08-04T04:10:19+00:00","breadcrumb":{"@id":"https:\/\/vosgesinfo.fr\/remiremontinfo\/2022\/08\/vosges-alternatives-nucleaire-participe-a-jeune-international-labolition-armes-nucleaires\/#breadcrumb"},"inLanguage":"fr-FR","potentialAction":[{"@type":"ReadAction","target":["https:\/\/vosgesinfo.fr\/remiremontinfo\/2022\/08\/vosges-alternatives-nucleaire-participe-a-jeune-international-labolition-armes-nucleaires\/"]}]},{"@type":"ImageObject","inLanguage":"fr-FR","@id":"https:\/\/vosgesinfo.fr\/remiremontinfo\/2022\/08\/vosges-alternatives-nucleaire-participe-a-jeune-international-labolition-armes-nucleaires\/#primaryimage","url":"https:\/\/vosgesinfo.fr\/app\/uploads\/sites\/5\/2024\/09\/202208vosges-alternative-au-nucleaire-1.jpg","contentUrl":"https:\/\/vosgesinfo.fr\/app\/uploads\/sites\/5\/2024\/09\/202208vosges-alternative-au-nucleaire-1.jpg","width":640,"height":480},{"@type":"BreadcrumbList","@id":"https:\/\/vosgesinfo.fr\/remiremontinfo\/2022\/08\/vosges-alternatives-nucleaire-participe-a-jeune-international-labolition-armes-nucleaires\/#breadcrumb","itemListElement":[{"@type":"ListItem","position":1,"name":"Home","item":"https:\/\/vosgesinfo.fr\/remiremontinfo\/"},{"@type":"ListItem","position":2,"name":"Vosges Alternatives au Nucl\u00e9aire participe \u00e0 un je\u00fbne international pour l\u2019abolition des armes nucl\u00e9aires"}]},{"@type":"WebSite","@id":"https:\/\/vosgesinfo.fr\/remiremontinfo\/#website","url":"https:\/\/vosgesinfo.fr\/remiremontinfo\/","name":"Remiremont Info","description":"Toute l&#039;actualit\u00e9 de Remiremont","publisher":{"@id":"https:\/\/vosgesinfo.fr\/remiremontinfo\/#organization"},"alternateName":"Toute l'actualit\u00e9 de Remiremont","potentialAction":[{"@type":"SearchAction","target":{"@type":"EntryPoint","urlTemplate":"https:\/\/vosgesinfo.fr\/remiremontinfo\/?s={search_term_string}"},"query-input":"required name=search_term_string"}],"inLanguage":"fr-FR"},{"@type":"Organization","@id":"https:\/\/vosgesinfo.fr\/remiremontinfo\/#organization","name":"Remiremont Info","url":"https:\/\/vosgesinfo.fr\/remiremontinfo\/","logo":{"@type":"ImageObject","inLanguage":"fr-FR","@id":"https:\/\/vosgesinfo.fr\/remiremontinfo\/#\/schema\/logo\/image\/","url":"https:\/\/vosgesinfo.fr\/app\/uploads\/sites\/5\/2023\/08\/favicon-remiremontinfo.png","contentUrl":"https:\/\/vosgesinfo.fr\/app\/uploads\/sites\/5\/2023\/08\/favicon-remiremontinfo.png","width":512,"height":512,"caption":"Remiremont Info"},"image":{"@id":"https:\/\/vosgesinfo.fr\/remiremontinfo\/#\/schema\/logo\/image\/"},"sameAs":["https:\/\/www.facebook.com\/remiremontinfo","https:\/\/x.com\/VosgesInfo88","https:\/\/www.youtube.com\/@vosgesinfo"]},{"@type":"Person","@id":"https:\/\/vosgesinfo.fr\/remiremontinfo\/#\/schema\/person\/3bfd164d5218a185b1db68655a265316","name":"C D","image":{"@type":"ImageObject","inLanguage":"fr-FR","@id":"https:\/\/vosgesinfo.fr\/remiremontinfo\/#\/schema\/person\/image\/","url":"https:\/\/secure.gravatar.com\/avatar\/1f9a70007336511a47468b8f1c66f922b8b7cf617b02a31149ada43893a5d48f?s=96&d=mm&r=g","contentUrl":"https:\/\/secure.gravatar.com\/avatar\/1f9a70007336511a47468b8f1c66f922b8b7cf617b02a31149ada43893a5d48f?s=96&d=mm&r=g","caption":"C D"},"url":"https:\/\/vosgesinfo.fr\/remiremontinfo\/author\/cedric-drevet\/"}]}},"_links":{"self":[{"href":"https:\/\/vosgesinfo.fr\/remiremontinfo\/wp-json\/wp\/v2\/posts\/59726","targetHints":{"allow":["GET"]}}],"collection":[{"href":"https:\/\/vosgesinfo.fr\/remiremontinfo\/wp-json\/wp\/v2\/posts"}],"about":[{"href":"https:\/\/vosgesinfo.fr\/remiremontinfo\/wp-json\/wp\/v2\/types\/post"}],"author":[{"embeddable":true,"href":"https:\/\/vosgesinfo.fr\/remiremontinfo\/wp-json\/wp\/v2\/users\/407"}],"replies":[{"embeddable":true,"href":"https:\/\/vosgesinfo.fr\/remiremontinfo\/wp-json\/wp\/v2\/comments?post=59726"}],"version-history":[{"count":0,"href":"https:\/\/vosgesinfo.fr\/remiremontinfo\/wp-json\/wp\/v2\/posts\/59726\/revisions"}],"wp:featuredmedia":[{"embeddable":true,"href":"https:\/\/vosgesinfo.fr\/remiremontinfo\/wp-json\/wp\/v2\/media\/59727"}],"wp:attachment":[{"href":"https:\/\/vosgesinfo.fr\/remiremontinfo\/wp-json\/wp\/v2\/media?parent=59726"}],"wp:term":[{"taxonomy":"category","embeddable":true,"href":"https:\/\/vosgesinfo.fr\/remiremontinfo\/wp-json\/wp\/v2\/categories?post=59726"},{"taxonomy":"post_tag","embeddable":true,"href":"https:\/\/vosgesinfo.fr\/remiremontinfo\/wp-json\/wp\/v2\/tags?post=59726"}],"curies":[{"name":"wp","href":"https:\/\/api.w.org\/{rel}","templated":true}]}}