{"id":59757,"date":"2022-08-05T07:28:16","date_gmt":"2022-08-05T05:28:16","guid":{"rendered":"https:\/\/vosgesinfo.fr\/remiremontinfo\/2022\/08\/vosges-abel-aber-finale-a-championnats-monde-paracanoe-a-halifax\/"},"modified":"2022-08-05T07:28:16","modified_gmt":"2022-08-05T05:28:16","slug":"vosges-abel-aber-finale-a-championnats-monde-paracanoe-a-halifax","status":"publish","type":"post","link":"https:\/\/vosgesinfo.fr\/remiremontinfo\/2022\/08\/vosges-abel-aber-finale-a-championnats-monde-paracanoe-a-halifax\/","title":{"rendered":"Vosges : Abel Aber en finale A des championnats du monde paracano\u00eb \u00e0 Halifax"},"content":{"rendered":"<p>Abel ABER, athl\u00e8te GESN, repr\u00e9sente la France aux championnats du monde \u00e0 Halifax au Canada. Apr\u00e8s le titre de champion de France obtenu le 13 juillet \u00e0 Vichy, Abel a effectu\u00e9 un stage de pr\u00e9paration \u00e0 Temple sur Lot en 2\u00e8me quinzaine de juillet. Ces championnats du monde se d\u00e9roulent sur le lac Banook \u00e0 Halifax. Cette ville \u00e9tant la capitale de la Nouvelle Ecosse, une des provinces du Canada. Avec un d\u00e9calage horaire de \u2013 5 h par rapport \u00e0 la France.<\/p>\n<p>Abel \u00e9tait en 50,32 s sur l\u2019\u00e9tape de coupe du monde de Poznan (POL) fin mai, il a donc de la marge\u2026 Les gagnants des 3 s\u00e9ries acc\u00e8dent directement \u00e0 la finale : EYERS (GBR) en 49,66 s (champion du monde en titre), YEPIVANOV (UKR) en 49,89 s, ATAMANUK (ARG) en 51,89 s. Ce sont les \u00ab\u00a0pointures mondiales\u00a0\u00bb !<\/p>\n<p>Abel remporte sa demi-finale de belle mani\u00e8re assurant sa place en finale A sur la ligne 3. Du bon boulot !!!<\/p>\n","protected":false},"excerpt":{"rendered":"<p>Abel ABER, athl\u00e8te GESN, repr\u00e9sente la France aux championnats du monde \u00e0 Halifax au Canada. Apr\u00e8s le titre de champion [&hellip;]<\/p>\n","protected":false},"author":407,"featured_media":59758,"comment_status":"open","ping_status":"open","sticky":false,"template":"","format":"standard","meta":{"footnotes":""},"categories":[26,14,18],"tags":[4365,2567,4366,61,32],"class_list":["post-59757","post","type-post","status-publish","format-standard","has-post-thumbnail","hentry","category-a-la-une","category-sport","category-vosges","tag-abel-aber","tag-kayak","tag-paracanoe","tag-sport","tag-vosges"],"acf":[],"yoast_head":"<!-- This site is optimized with the Yoast SEO plugin v22.5 - https:\/\/yoast.com\/wordpress\/plugins\/seo\/ -->\n<title>Vosges : Abel Aber en finale A des championnats du monde paracano\u00eb \u00e0 Halifax - Remiremont Info<\/title>\n<meta name=\"robots\" content=\"index, follow, max-snippet:-1, max-image-preview:large, max-video-preview:-1\" \/>\n<link rel=\"canonical\" href=\"https:\/\/vosgesinfo.fr\/remiremontinfo\/2022\/08\/vosges-abel-aber-finale-a-championnats-monde-paracanoe-a-halifax\/\" \/>\n<meta name=\"twitter:card\" content=\"summary_large_image\" \/>\n<meta name=\"twitter:title\" content=\"Vosges : Abel Aber en finale A des championnats du monde paracano\u00eb \u00e0 Halifax - Remiremont Info\" \/>\n<meta name=\"twitter:description\" content=\"Abel ABER, athl\u00e8te GESN, repr\u00e9sente la France aux championnats du monde \u00e0 Halifax au Canada. Apr\u00e8s le titre de champion [&hellip;]\" \/>\n<meta name=\"twitter:image\" content=\"https:\/\/vosgesinfo.fr\/app\/uploads\/sites\/5\/2024\/09\/202208abel-aber-en-competition-aux-mondiaux-de-poznan2.jpg\" \/>\n<meta name=\"twitter:creator\" content=\"@VosgesInfo88\" \/>\n<meta name=\"twitter:site\" content=\"@VosgesInfo88\" \/>\n<meta name=\"twitter:label1\" content=\"\u00c9crit par\" \/>\n\t<meta name=\"twitter:data1\" content=\"C D\" \/>\n\t<meta name=\"twitter:label2\" content=\"Dur\u00e9e de lecture estim\u00e9e\" \/>\n\t<meta name=\"twitter:data2\" content=\"1 minute\" \/>\n<script type=\"application\/ld+json\" class=\"yoast-schema-graph\">{\"@context\":\"https:\/\/schema.org\",\"@graph\":[{\"@type\":\"Article\",\"@id\":\"https:\/\/vosgesinfo.fr\/remiremontinfo\/2022\/08\/vosges-abel-aber-finale-a-championnats-monde-paracanoe-a-halifax\/#article\",\"isPartOf\":{\"@id\":\"https:\/\/vosgesinfo.fr\/remiremontinfo\/2022\/08\/vosges-abel-aber-finale-a-championnats-monde-paracanoe-a-halifax\/\"},\"author\":{\"name\":\"C D\",\"@id\":\"https:\/\/vosgesinfo.fr\/remiremontinfo\/#\/schema\/person\/3bfd164d5218a185b1db68655a265316\"},\"headline\":\"Vosges : Abel Aber en finale A des championnats du monde paracano\u00eb \u00e0 Halifax\",\"datePublished\":\"2022-08-05T05:28:16+00:00\",\"dateModified\":\"2022-08-05T05:28:16+00:00\",\"mainEntityOfPage\":{\"@id\":\"https:\/\/vosgesinfo.fr\/remiremontinfo\/2022\/08\/vosges-abel-aber-finale-a-championnats-monde-paracanoe-a-halifax\/\"},\"wordCount\":167,\"commentCount\":0,\"publisher\":{\"@id\":\"https:\/\/vosgesinfo.fr\/remiremontinfo\/#organization\"},\"image\":{\"@id\":\"https:\/\/vosgesinfo.fr\/remiremontinfo\/2022\/08\/vosges-abel-aber-finale-a-championnats-monde-paracanoe-a-halifax\/#primaryimage\"},\"thumbnailUrl\":\"https:\/\/vosgesinfo.fr\/app\/uploads\/sites\/5\/2024\/09\/202208abel-aber-en-competition-aux-mondiaux-de-poznan2.jpg\",\"keywords\":[\"abel aber\",\"kayak\",\"paracanoe\",\"sport\",\"Vosges\"],\"articleSection\":[\"A la Une\",\"Sport\",\"Vosges\"],\"inLanguage\":\"fr-FR\",\"potentialAction\":[{\"@type\":\"CommentAction\",\"name\":\"Comment\",\"target\":[\"https:\/\/vosgesinfo.fr\/remiremontinfo\/2022\/08\/vosges-abel-aber-finale-a-championnats-monde-paracanoe-a-halifax\/#respond\"]}]},{\"@type\":\"WebPage\",\"@id\":\"https:\/\/vosgesinfo.fr\/remiremontinfo\/2022\/08\/vosges-abel-aber-finale-a-championnats-monde-paracanoe-a-halifax\/\",\"url\":\"https:\/\/vosgesinfo.fr\/remiremontinfo\/2022\/08\/vosges-abel-aber-finale-a-championnats-monde-paracanoe-a-halifax\/\",\"name\":\"Vosges : Abel Aber en finale A des championnats du monde paracano\u00eb \u00e0 Halifax - Remiremont Info\",\"isPartOf\":{\"@id\":\"https:\/\/vosgesinfo.fr\/remiremontinfo\/#website\"},\"primaryImageOfPage\":{\"@id\":\"https:\/\/vosgesinfo.fr\/remiremontinfo\/2022\/08\/vosges-abel-aber-finale-a-championnats-monde-paracanoe-a-halifax\/#primaryimage\"},\"image\":{\"@id\":\"https:\/\/vosgesinfo.fr\/remiremontinfo\/2022\/08\/vosges-abel-aber-finale-a-championnats-monde-paracanoe-a-halifax\/#primaryimage\"},\"thumbnailUrl\":\"https:\/\/vosgesinfo.fr\/app\/uploads\/sites\/5\/2024\/09\/202208abel-aber-en-competition-aux-mondiaux-de-poznan2.jpg\",\"datePublished\":\"2022-08-05T05:28:16+00:00\",\"dateModified\":\"2022-08-05T05:28:16+00:00\",\"breadcrumb\":{\"@id\":\"https:\/\/vosgesinfo.fr\/remiremontinfo\/2022\/08\/vosges-abel-aber-finale-a-championnats-monde-paracanoe-a-halifax\/#breadcrumb\"},\"inLanguage\":\"fr-FR\",\"potentialAction\":[{\"@type\":\"ReadAction\",\"target\":[\"https:\/\/vosgesinfo.fr\/remiremontinfo\/2022\/08\/vosges-abel-aber-finale-a-championnats-monde-paracanoe-a-halifax\/\"]}]},{\"@type\":\"ImageObject\",\"inLanguage\":\"fr-FR\",\"@id\":\"https:\/\/vosgesinfo.fr\/remiremontinfo\/2022\/08\/vosges-abel-aber-finale-a-championnats-monde-paracanoe-a-halifax\/#primaryimage\",\"url\":\"https:\/\/vosgesinfo.fr\/app\/uploads\/sites\/5\/2024\/09\/202208abel-aber-en-competition-aux-mondiaux-de-poznan2.jpg\",\"contentUrl\":\"https:\/\/vosgesinfo.fr\/app\/uploads\/sites\/5\/2024\/09\/202208abel-aber-en-competition-aux-mondiaux-de-poznan2.jpg\",\"width\":800,\"height\":800},{\"@type\":\"BreadcrumbList\",\"@id\":\"https:\/\/vosgesinfo.fr\/remiremontinfo\/2022\/08\/vosges-abel-aber-finale-a-championnats-monde-paracanoe-a-halifax\/#breadcrumb\",\"itemListElement\":[{\"@type\":\"ListItem\",\"position\":1,\"name\":\"Home\",\"item\":\"https:\/\/vosgesinfo.fr\/remiremontinfo\/\"},{\"@type\":\"ListItem\",\"position\":2,\"name\":\"Vosges : Abel Aber en finale A des championnats du monde paracano\u00eb \u00e0 Halifax\"}]},{\"@type\":\"WebSite\",\"@id\":\"https:\/\/vosgesinfo.fr\/remiremontinfo\/#website\",\"url\":\"https:\/\/vosgesinfo.fr\/remiremontinfo\/\",\"name\":\"Remiremont Info\",\"description\":\"Toute l&#039;actualit\u00e9 de Remiremont\",\"publisher\":{\"@id\":\"https:\/\/vosgesinfo.fr\/remiremontinfo\/#organization\"},\"alternateName\":\"Toute l'actualit\u00e9 de Remiremont\",\"potentialAction\":[{\"@type\":\"SearchAction\",\"target\":{\"@type\":\"EntryPoint\",\"urlTemplate\":\"https:\/\/vosgesinfo.fr\/remiremontinfo\/?s={search_term_string}\"},\"query-input\":\"required name=search_term_string\"}],\"inLanguage\":\"fr-FR\"},{\"@type\":\"Organization\",\"@id\":\"https:\/\/vosgesinfo.fr\/remiremontinfo\/#organization\",\"name\":\"Remiremont Info\",\"url\":\"https:\/\/vosgesinfo.fr\/remiremontinfo\/\",\"logo\":{\"@type\":\"ImageObject\",\"inLanguage\":\"fr-FR\",\"@id\":\"https:\/\/vosgesinfo.fr\/remiremontinfo\/#\/schema\/logo\/image\/\",\"url\":\"https:\/\/vosgesinfo.fr\/app\/uploads\/sites\/5\/2023\/08\/favicon-remiremontinfo.png\",\"contentUrl\":\"https:\/\/vosgesinfo.fr\/app\/uploads\/sites\/5\/2023\/08\/favicon-remiremontinfo.png\",\"width\":512,\"height\":512,\"caption\":\"Remiremont Info\"},\"image\":{\"@id\":\"https:\/\/vosgesinfo.fr\/remiremontinfo\/#\/schema\/logo\/image\/\"},\"sameAs\":[\"https:\/\/www.facebook.com\/remiremontinfo\",\"https:\/\/x.com\/VosgesInfo88\",\"https:\/\/www.youtube.com\/@vosgesinfo\"]},{\"@type\":\"Person\",\"@id\":\"https:\/\/vosgesinfo.fr\/remiremontinfo\/#\/schema\/person\/3bfd164d5218a185b1db68655a265316\",\"name\":\"C D\",\"image\":{\"@type\":\"ImageObject\",\"inLanguage\":\"fr-FR\",\"@id\":\"https:\/\/vosgesinfo.fr\/remiremontinfo\/#\/schema\/person\/image\/\",\"url\":\"https:\/\/secure.gravatar.com\/avatar\/1f9a70007336511a47468b8f1c66f922b8b7cf617b02a31149ada43893a5d48f?s=96&d=mm&r=g\",\"contentUrl\":\"https:\/\/secure.gravatar.com\/avatar\/1f9a70007336511a47468b8f1c66f922b8b7cf617b02a31149ada43893a5d48f?s=96&d=mm&r=g\",\"caption\":\"C D\"},\"url\":\"https:\/\/vosgesinfo.fr\/remiremontinfo\/author\/cedric-drevet\/\"}]}<\/script>\n<!-- \/ Yoast SEO plugin. -->","yoast_head_json":{"title":"Vosges : Abel Aber en finale A des championnats du monde paracano\u00eb \u00e0 Halifax - Remiremont Info","robots":{"index":"index","follow":"follow","max-snippet":"max-snippet:-1","max-image-preview":"max-image-preview:large","max-video-preview":"max-video-preview:-1"},"canonical":"https:\/\/vosgesinfo.fr\/remiremontinfo\/2022\/08\/vosges-abel-aber-finale-a-championnats-monde-paracanoe-a-halifax\/","twitter_card":"summary_large_image","twitter_title":"Vosges : Abel Aber en finale A des championnats du monde paracano\u00eb \u00e0 Halifax - Remiremont Info","twitter_description":"Abel ABER, athl\u00e8te GESN, repr\u00e9sente la France aux championnats du monde \u00e0 Halifax au Canada. Apr\u00e8s le titre de champion [&hellip;]","twitter_image":"https:\/\/vosgesinfo.fr\/app\/uploads\/sites\/5\/2024\/09\/202208abel-aber-en-competition-aux-mondiaux-de-poznan2.jpg","twitter_creator":"@VosgesInfo88","twitter_site":"@VosgesInfo88","twitter_misc":{"\u00c9crit par":"C D","Dur\u00e9e de lecture estim\u00e9e":"1 minute"},"schema":{"@context":"https:\/\/schema.org","@graph":[{"@type":"Article","@id":"https:\/\/vosgesinfo.fr\/remiremontinfo\/2022\/08\/vosges-abel-aber-finale-a-championnats-monde-paracanoe-a-halifax\/#article","isPartOf":{"@id":"https:\/\/vosgesinfo.fr\/remiremontinfo\/2022\/08\/vosges-abel-aber-finale-a-championnats-monde-paracanoe-a-halifax\/"},"author":{"name":"C D","@id":"https:\/\/vosgesinfo.fr\/remiremontinfo\/#\/schema\/person\/3bfd164d5218a185b1db68655a265316"},"headline":"Vosges : Abel Aber en finale A des championnats du monde paracano\u00eb \u00e0 Halifax","datePublished":"2022-08-05T05:28:16+00:00","dateModified":"2022-08-05T05:28:16+00:00","mainEntityOfPage":{"@id":"https:\/\/vosgesinfo.fr\/remiremontinfo\/2022\/08\/vosges-abel-aber-finale-a-championnats-monde-paracanoe-a-halifax\/"},"wordCount":167,"commentCount":0,"publisher":{"@id":"https:\/\/vosgesinfo.fr\/remiremontinfo\/#organization"},"image":{"@id":"https:\/\/vosgesinfo.fr\/remiremontinfo\/2022\/08\/vosges-abel-aber-finale-a-championnats-monde-paracanoe-a-halifax\/#primaryimage"},"thumbnailUrl":"https:\/\/vosgesinfo.fr\/app\/uploads\/sites\/5\/2024\/09\/202208abel-aber-en-competition-aux-mondiaux-de-poznan2.jpg","keywords":["abel aber","kayak","paracanoe","sport","Vosges"],"articleSection":["A la Une","Sport","Vosges"],"inLanguage":"fr-FR","potentialAction":[{"@type":"CommentAction","name":"Comment","target":["https:\/\/vosgesinfo.fr\/remiremontinfo\/2022\/08\/vosges-abel-aber-finale-a-championnats-monde-paracanoe-a-halifax\/#respond"]}]},{"@type":"WebPage","@id":"https:\/\/vosgesinfo.fr\/remiremontinfo\/2022\/08\/vosges-abel-aber-finale-a-championnats-monde-paracanoe-a-halifax\/","url":"https:\/\/vosgesinfo.fr\/remiremontinfo\/2022\/08\/vosges-abel-aber-finale-a-championnats-monde-paracanoe-a-halifax\/","name":"Vosges : Abel Aber en finale A des championnats du monde paracano\u00eb \u00e0 Halifax - Remiremont Info","isPartOf":{"@id":"https:\/\/vosgesinfo.fr\/remiremontinfo\/#website"},"primaryImageOfPage":{"@id":"https:\/\/vosgesinfo.fr\/remiremontinfo\/2022\/08\/vosges-abel-aber-finale-a-championnats-monde-paracanoe-a-halifax\/#primaryimage"},"image":{"@id":"https:\/\/vosgesinfo.fr\/remiremontinfo\/2022\/08\/vosges-abel-aber-finale-a-championnats-monde-paracanoe-a-halifax\/#primaryimage"},"thumbnailUrl":"https:\/\/vosgesinfo.fr\/app\/uploads\/sites\/5\/2024\/09\/202208abel-aber-en-competition-aux-mondiaux-de-poznan2.jpg","datePublished":"2022-08-05T05:28:16+00:00","dateModified":"2022-08-05T05:28:16+00:00","breadcrumb":{"@id":"https:\/\/vosgesinfo.fr\/remiremontinfo\/2022\/08\/vosges-abel-aber-finale-a-championnats-monde-paracanoe-a-halifax\/#breadcrumb"},"inLanguage":"fr-FR","potentialAction":[{"@type":"ReadAction","target":["https:\/\/vosgesinfo.fr\/remiremontinfo\/2022\/08\/vosges-abel-aber-finale-a-championnats-monde-paracanoe-a-halifax\/"]}]},{"@type":"ImageObject","inLanguage":"fr-FR","@id":"https:\/\/vosgesinfo.fr\/remiremontinfo\/2022\/08\/vosges-abel-aber-finale-a-championnats-monde-paracanoe-a-halifax\/#primaryimage","url":"https:\/\/vosgesinfo.fr\/app\/uploads\/sites\/5\/2024\/09\/202208abel-aber-en-competition-aux-mondiaux-de-poznan2.jpg","contentUrl":"https:\/\/vosgesinfo.fr\/app\/uploads\/sites\/5\/2024\/09\/202208abel-aber-en-competition-aux-mondiaux-de-poznan2.jpg","width":800,"height":800},{"@type":"BreadcrumbList","@id":"https:\/\/vosgesinfo.fr\/remiremontinfo\/2022\/08\/vosges-abel-aber-finale-a-championnats-monde-paracanoe-a-halifax\/#breadcrumb","itemListElement":[{"@type":"ListItem","position":1,"name":"Home","item":"https:\/\/vosgesinfo.fr\/remiremontinfo\/"},{"@type":"ListItem","position":2,"name":"Vosges : Abel Aber en finale A des championnats du monde paracano\u00eb \u00e0 Halifax"}]},{"@type":"WebSite","@id":"https:\/\/vosgesinfo.fr\/remiremontinfo\/#website","url":"https:\/\/vosgesinfo.fr\/remiremontinfo\/","name":"Remiremont Info","description":"Toute l&#039;actualit\u00e9 de Remiremont","publisher":{"@id":"https:\/\/vosgesinfo.fr\/remiremontinfo\/#organization"},"alternateName":"Toute l'actualit\u00e9 de Remiremont","potentialAction":[{"@type":"SearchAction","target":{"@type":"EntryPoint","urlTemplate":"https:\/\/vosgesinfo.fr\/remiremontinfo\/?s={search_term_string}"},"query-input":"required name=search_term_string"}],"inLanguage":"fr-FR"},{"@type":"Organization","@id":"https:\/\/vosgesinfo.fr\/remiremontinfo\/#organization","name":"Remiremont Info","url":"https:\/\/vosgesinfo.fr\/remiremontinfo\/","logo":{"@type":"ImageObject","inLanguage":"fr-FR","@id":"https:\/\/vosgesinfo.fr\/remiremontinfo\/#\/schema\/logo\/image\/","url":"https:\/\/vosgesinfo.fr\/app\/uploads\/sites\/5\/2023\/08\/favicon-remiremontinfo.png","contentUrl":"https:\/\/vosgesinfo.fr\/app\/uploads\/sites\/5\/2023\/08\/favicon-remiremontinfo.png","width":512,"height":512,"caption":"Remiremont Info"},"image":{"@id":"https:\/\/vosgesinfo.fr\/remiremontinfo\/#\/schema\/logo\/image\/"},"sameAs":["https:\/\/www.facebook.com\/remiremontinfo","https:\/\/x.com\/VosgesInfo88","https:\/\/www.youtube.com\/@vosgesinfo"]},{"@type":"Person","@id":"https:\/\/vosgesinfo.fr\/remiremontinfo\/#\/schema\/person\/3bfd164d5218a185b1db68655a265316","name":"C D","image":{"@type":"ImageObject","inLanguage":"fr-FR","@id":"https:\/\/vosgesinfo.fr\/remiremontinfo\/#\/schema\/person\/image\/","url":"https:\/\/secure.gravatar.com\/avatar\/1f9a70007336511a47468b8f1c66f922b8b7cf617b02a31149ada43893a5d48f?s=96&d=mm&r=g","contentUrl":"https:\/\/secure.gravatar.com\/avatar\/1f9a70007336511a47468b8f1c66f922b8b7cf617b02a31149ada43893a5d48f?s=96&d=mm&r=g","caption":"C D"},"url":"https:\/\/vosgesinfo.fr\/remiremontinfo\/author\/cedric-drevet\/"}]}},"_links":{"self":[{"href":"https:\/\/vosgesinfo.fr\/remiremontinfo\/wp-json\/wp\/v2\/posts\/59757","targetHints":{"allow":["GET"]}}],"collection":[{"href":"https:\/\/vosgesinfo.fr\/remiremontinfo\/wp-json\/wp\/v2\/posts"}],"about":[{"href":"https:\/\/vosgesinfo.fr\/remiremontinfo\/wp-json\/wp\/v2\/types\/post"}],"author":[{"embeddable":true,"href":"https:\/\/vosgesinfo.fr\/remiremontinfo\/wp-json\/wp\/v2\/users\/407"}],"replies":[{"embeddable":true,"href":"https:\/\/vosgesinfo.fr\/remiremontinfo\/wp-json\/wp\/v2\/comments?post=59757"}],"version-history":[{"count":0,"href":"https:\/\/vosgesinfo.fr\/remiremontinfo\/wp-json\/wp\/v2\/posts\/59757\/revisions"}],"wp:featuredmedia":[{"embeddable":true,"href":"https:\/\/vosgesinfo.fr\/remiremontinfo\/wp-json\/wp\/v2\/media\/59758"}],"wp:attachment":[{"href":"https:\/\/vosgesinfo.fr\/remiremontinfo\/wp-json\/wp\/v2\/media?parent=59757"}],"wp:term":[{"taxonomy":"category","embeddable":true,"href":"https:\/\/vosgesinfo.fr\/remiremontinfo\/wp-json\/wp\/v2\/categories?post=59757"},{"taxonomy":"post_tag","embeddable":true,"href":"https:\/\/vosgesinfo.fr\/remiremontinfo\/wp-json\/wp\/v2\/tags?post=59757"}],"curies":[{"name":"wp","href":"https:\/\/api.w.org\/{rel}","templated":true}]}}