{"id":59917,"date":"2022-08-08T08:30:41","date_gmt":"2022-08-08T06:30:41","guid":{"rendered":"https:\/\/vosgesinfo.fr\/remiremontinfo\/2022\/08\/secteur-de-remiremont-8-000-e-de-nouveaux-projets-dinstallation-de-reprise-commerciale\/"},"modified":"2022-08-08T08:30:41","modified_gmt":"2022-08-08T06:30:41","slug":"secteur-de-remiremont-8-000-e-de-nouveaux-projets-dinstallation-de-reprise-commerciale","status":"publish","type":"post","link":"https:\/\/vosgesinfo.fr\/remiremontinfo\/2022\/08\/secteur-de-remiremont-8-000-e-de-nouveaux-projets-dinstallation-de-reprise-commerciale\/","title":{"rendered":"Secteur de Remiremont : 8 000 \u20ac pour de nouveaux projets d\u2019installation ou de reprise commerciale"},"content":{"rendered":"<p style=\"text-align: center;\"><a href=\"\/2022\/08\/unnamed.png\"><img decoding=\"async\" class=\"alignnone size-large wp-image-350374\" src=\"\/2022\/08\/unnamed-724x1024.png\" alt=\"unnamed\" width=\"724\" height=\"1024\" \/><\/a><\/p>\n<h2><span style=\"font-size: 12pt;\"><strong>Les communes de la Communaut\u00e9 de Communes de la Porte des Vosges M\u00e9ridionales (CCPVM) expriment un besoin g\u00e9n\u00e9ralis\u00e9 de contrer le ph\u00e9nom\u00e8ne de vacance commerciale et de redynamiser leurs centres-bourgs. Afin de stimuler le lancement de nouveaux projets d\u2019installation ou de reprise commerciale, la CCPVM a donc d\u00e9cid\u00e9 de lancer, du 11 juillet 2022 au 19 septembre 2022, un appel \u00e0 projets.\u00a0<\/strong><\/span><\/h2>\n<p>Vous avez plus de 18 ans ? Vous avez un projet d\u2019ouverture ou de reprise d\u2019un commerce sur le territoire de l\u2019une des 10 communes de la CCPVM ? Votre projet n\u00e9cessite la location d\u2019un local commercial dont le bail n\u2019a pas encore \u00e9t\u00e9 sign\u00e9 ?<br \/>\nAlors n\u2019h\u00e9sitez plus \u00e0 candidater sur ce site internet, cet appel \u00e0 projets est pour vous !<\/p>\n<h3><span style=\"font-size: 12pt;\"><strong>Un projet en 5 \u00e9tapes, pr\u00e9vues entre juillet et fin d\u00e9cembre 2022<\/strong><\/span><\/h3>\n<p>L\u2019appel \u00e0 projets se d\u00e9roulera en plusieurs \u00e9tapes :<\/p>\n<p>Etape 1 : Tout d\u2019abord, une p\u00e9riode d\u2019ouverture des candidatures en ligne (site de la CCPVM), du 11 juillet au 19 septembre 2022 \u00e0 18H ;<br \/>\nEtape 2 : Ensuite, une analyse de la recevabilit\u00e9 pour analyse en comit\u00e9 technique des candidatures des personnes dont le projet correspond aux conditions de participation mentionn\u00e9es dans le R\u00e8glement (voir \u00ab R\u00e8glement de l\u2019appel \u00e0 projets \u00bb) ;<br \/>\nEtape 3 : Une analyse en comit\u00e9 technique visant \u00e0 \u00e9liminer les \u00e9ventuelles candidatures dont le projet ne dispose pas d\u2019un degr\u00e9 d\u2019avancement et de robustesse suffisant ;<br \/>\nEtape 4 : Ensuite, un jury de s\u00e9lection des dossiers avec la tenue en pr\u00e9sentiel d\u2019une pr\u00e9sentation du projet r\u00e9alis\u00e9e par chaque candidat. Seront notamment examin\u00e9s : la qualit\u00e9 du projet, de l\u2019\u00e9quipe, la localisation propos\u00e9e, la capacit\u00e9 du projet \u00e0 r\u00e9pondre \u00e0 un besoin local, etc. D\u2019autres points sont de nature \u00e0 pouvoir apporter un \u00ab bonus \u00bb lors de l\u2019\u00e9valuation : caract\u00e8re innovant du projet, potentielle valeur ajout\u00e9e en mati\u00e8res environnementales et sociales, \u00ab primo-porteur de projet \u00bb, positionnement sur le centre-ville d\u2019une des trois communes laur\u00e9ates du programme Petites Villes de demain, etc.<br \/>\nEtape 5 : Enfin, une d\u00e9cision finale en Commission Economie de la CCPVM : le jury pr\u00e9sente de fa\u00e7on synth\u00e9tique l\u2019ensemble des projets examin\u00e9s lors des entretiens, expose son analyse et ses pr\u00e9conisations pour d\u00e9bat en Commission. La Commission d\u00e9lib\u00e8re et identifie les projets les plus prometteurs par ordre de m\u00e9rite. La d\u00e9cision est ensuite notifi\u00e9e officiellement par \u00e9crit aux candidats retenus et non-retenus.<\/p>\n<p>L\u2019ensemble de ces \u00e9tapes aura lieu durant l\u2019ann\u00e9e 2022.<\/p>\n<p><span style=\"font-size: 12pt;\"><strong>8 000 euros de r\u00e9compenses au total, pr\u00e9vues sous forme d\u2019une aide au loyer sur la premi\u00e8re ann\u00e9e d\u2019installation<\/strong><\/span><\/p>\n<p>La Communaut\u00e9 de Communes pr\u00e9voit une enveloppe de 8 000 \u20ac de r\u00e9compenses au total sur cet appel \u00e0 projets.<\/p>\n<p>Le premier lot consiste en une r\u00e9compense de 4 000\u20ac, sous forme de 12 versements mensuels \u00e9quivalents (sur pr\u00e9sentation de la quittance de loyer).<\/p>\n<p>Le deuxi\u00e8me lot est une r\u00e9compense de 2 500\u20ac de r\u00e9compense, sous forme de 12 versements mensuels \u00e9quivalents (sur pr\u00e9sentation de la quittance de loyer).<\/p>\n<p>Le troisi\u00e8me lot est une r\u00e9compense de 1 200\u20ac, vers\u00e9e \u00e9galement sous forme de 12 versements mensuels \u00e9quivalents (sur pr\u00e9sentation d\u2019une quittance de loyer.<\/p>\n<p>La r\u00e9compense suivante est un prix d\u2019encouragement \u00e0 hauteur de 300\u20ac, vers\u00e9s en une seule fois, \u00e0 utiliser de pr\u00e9f\u00e9rence pour des frais li\u00e9s au loyer (frais d\u2019agence accept\u00e9s, sur pr\u00e9sentation de justificatifs).<\/p>\n<p>Pour plus d&rsquo;information visitez : <a href=\"https:\/\/www.ccpvm.fr\/economie\/appel-a-projet-creation-ou-reprise-commerce\/\">https:\/\/www.ccpvm.fr\/economie\/appel-a-projet-creation-ou-reprise-commerce\/<\/a><\/p>\n<p><span style=\"font-size: 10pt;\"><em>Communiqu\u00e9\u00a0<\/em><\/span><\/p>\n","protected":false},"excerpt":{"rendered":"<p>Les communes de la Communaut\u00e9 de Communes de la Porte des Vosges M\u00e9ridionales (CCPVM) expriment un besoin g\u00e9n\u00e9ralis\u00e9 de contrer [&hellip;]<\/p>\n","protected":false},"author":407,"featured_media":3558,"comment_status":"open","ping_status":"open","sticky":false,"template":"","format":"standard","meta":{"footnotes":""},"categories":[26,1556,35],"tags":[57,2290,44],"class_list":["post-59917","post","type-post","status-publish","format-standard","has-post-thumbnail","hentry","category-a-la-une","category-remiremont-remiremont-son-canton-2","category-remiremont-son-canton","tag-commerce","tag-communaute-de-communes","tag-remiremont"],"acf":[],"yoast_head":"<!-- This site is optimized with the Yoast SEO plugin v22.5 - https:\/\/yoast.com\/wordpress\/plugins\/seo\/ -->\n<title>Secteur de Remiremont : 8 000 \u20ac pour de nouveaux projets d\u2019installation ou de reprise commerciale - Remiremont Info<\/title>\n<meta name=\"robots\" content=\"index, follow, max-snippet:-1, max-image-preview:large, max-video-preview:-1\" \/>\n<link rel=\"canonical\" href=\"https:\/\/vosgesinfo.fr\/remiremontinfo\/2022\/08\/secteur-de-remiremont-8-000-e-de-nouveaux-projets-dinstallation-de-reprise-commerciale\/\" \/>\n<meta name=\"twitter:card\" content=\"summary_large_image\" \/>\n<meta name=\"twitter:title\" content=\"Secteur de Remiremont : 8 000 \u20ac pour de nouveaux projets d\u2019installation ou de reprise commerciale - Remiremont Info\" \/>\n<meta name=\"twitter:description\" content=\"Les communes de la Communaut\u00e9 de Communes de la Porte des Vosges M\u00e9ridionales (CCPVM) expriment un besoin g\u00e9n\u00e9ralis\u00e9 de contrer [&hellip;]\" \/>\n<meta name=\"twitter:image\" content=\"https:\/\/vosgesinfo.fr\/app\/uploads\/sites\/5\/2024\/01\/annotation-2020-06-10-09353411.png\" \/>\n<meta name=\"twitter:creator\" content=\"@VosgesInfo88\" \/>\n<meta name=\"twitter:site\" content=\"@VosgesInfo88\" \/>\n<meta name=\"twitter:label1\" content=\"\u00c9crit par\" \/>\n\t<meta name=\"twitter:data1\" content=\"C D\" \/>\n\t<meta name=\"twitter:label2\" content=\"Dur\u00e9e de lecture estim\u00e9e\" \/>\n\t<meta name=\"twitter:data2\" content=\"3 minutes\" \/>\n<script type=\"application\/ld+json\" class=\"yoast-schema-graph\">{\"@context\":\"https:\/\/schema.org\",\"@graph\":[{\"@type\":\"Article\",\"@id\":\"https:\/\/vosgesinfo.fr\/remiremontinfo\/2022\/08\/secteur-de-remiremont-8-000-e-de-nouveaux-projets-dinstallation-de-reprise-commerciale\/#article\",\"isPartOf\":{\"@id\":\"https:\/\/vosgesinfo.fr\/remiremontinfo\/2022\/08\/secteur-de-remiremont-8-000-e-de-nouveaux-projets-dinstallation-de-reprise-commerciale\/\"},\"author\":{\"name\":\"C D\",\"@id\":\"https:\/\/vosgesinfo.fr\/remiremontinfo\/#\/schema\/person\/3bfd164d5218a185b1db68655a265316\"},\"headline\":\"Secteur de Remiremont : 8 000 \u20ac pour de nouveaux projets d\u2019installation ou de reprise commerciale\",\"datePublished\":\"2022-08-08T06:30:41+00:00\",\"dateModified\":\"2022-08-08T06:30:41+00:00\",\"mainEntityOfPage\":{\"@id\":\"https:\/\/vosgesinfo.fr\/remiremontinfo\/2022\/08\/secteur-de-remiremont-8-000-e-de-nouveaux-projets-dinstallation-de-reprise-commerciale\/\"},\"wordCount\":600,\"commentCount\":0,\"publisher\":{\"@id\":\"https:\/\/vosgesinfo.fr\/remiremontinfo\/#organization\"},\"image\":{\"@id\":\"https:\/\/vosgesinfo.fr\/remiremontinfo\/2022\/08\/secteur-de-remiremont-8-000-e-de-nouveaux-projets-dinstallation-de-reprise-commerciale\/#primaryimage\"},\"thumbnailUrl\":\"https:\/\/vosgesinfo.fr\/app\/uploads\/sites\/5\/2024\/01\/annotation-2020-06-10-09353411.png\",\"keywords\":[\"commerce\",\"communaut\u00e9 de communes\",\"remiremont\"],\"articleSection\":[\"A la Une\",\"Remiremont\",\"Remiremont &amp; son canton\"],\"inLanguage\":\"fr-FR\",\"potentialAction\":[{\"@type\":\"CommentAction\",\"name\":\"Comment\",\"target\":[\"https:\/\/vosgesinfo.fr\/remiremontinfo\/2022\/08\/secteur-de-remiremont-8-000-e-de-nouveaux-projets-dinstallation-de-reprise-commerciale\/#respond\"]}]},{\"@type\":\"WebPage\",\"@id\":\"https:\/\/vosgesinfo.fr\/remiremontinfo\/2022\/08\/secteur-de-remiremont-8-000-e-de-nouveaux-projets-dinstallation-de-reprise-commerciale\/\",\"url\":\"https:\/\/vosgesinfo.fr\/remiremontinfo\/2022\/08\/secteur-de-remiremont-8-000-e-de-nouveaux-projets-dinstallation-de-reprise-commerciale\/\",\"name\":\"Secteur de Remiremont : 8 000 \u20ac pour de nouveaux projets d\u2019installation ou de reprise commerciale - Remiremont Info\",\"isPartOf\":{\"@id\":\"https:\/\/vosgesinfo.fr\/remiremontinfo\/#website\"},\"primaryImageOfPage\":{\"@id\":\"https:\/\/vosgesinfo.fr\/remiremontinfo\/2022\/08\/secteur-de-remiremont-8-000-e-de-nouveaux-projets-dinstallation-de-reprise-commerciale\/#primaryimage\"},\"image\":{\"@id\":\"https:\/\/vosgesinfo.fr\/remiremontinfo\/2022\/08\/secteur-de-remiremont-8-000-e-de-nouveaux-projets-dinstallation-de-reprise-commerciale\/#primaryimage\"},\"thumbnailUrl\":\"https:\/\/vosgesinfo.fr\/app\/uploads\/sites\/5\/2024\/01\/annotation-2020-06-10-09353411.png\",\"datePublished\":\"2022-08-08T06:30:41+00:00\",\"dateModified\":\"2022-08-08T06:30:41+00:00\",\"breadcrumb\":{\"@id\":\"https:\/\/vosgesinfo.fr\/remiremontinfo\/2022\/08\/secteur-de-remiremont-8-000-e-de-nouveaux-projets-dinstallation-de-reprise-commerciale\/#breadcrumb\"},\"inLanguage\":\"fr-FR\",\"potentialAction\":[{\"@type\":\"ReadAction\",\"target\":[\"https:\/\/vosgesinfo.fr\/remiremontinfo\/2022\/08\/secteur-de-remiremont-8-000-e-de-nouveaux-projets-dinstallation-de-reprise-commerciale\/\"]}]},{\"@type\":\"ImageObject\",\"inLanguage\":\"fr-FR\",\"@id\":\"https:\/\/vosgesinfo.fr\/remiremontinfo\/2022\/08\/secteur-de-remiremont-8-000-e-de-nouveaux-projets-dinstallation-de-reprise-commerciale\/#primaryimage\",\"url\":\"https:\/\/vosgesinfo.fr\/app\/uploads\/sites\/5\/2024\/01\/annotation-2020-06-10-09353411.png\",\"contentUrl\":\"https:\/\/vosgesinfo.fr\/app\/uploads\/sites\/5\/2024\/01\/annotation-2020-06-10-09353411.png\",\"width\":800,\"height\":504},{\"@type\":\"BreadcrumbList\",\"@id\":\"https:\/\/vosgesinfo.fr\/remiremontinfo\/2022\/08\/secteur-de-remiremont-8-000-e-de-nouveaux-projets-dinstallation-de-reprise-commerciale\/#breadcrumb\",\"itemListElement\":[{\"@type\":\"ListItem\",\"position\":1,\"name\":\"Home\",\"item\":\"https:\/\/vosgesinfo.fr\/remiremontinfo\/\"},{\"@type\":\"ListItem\",\"position\":2,\"name\":\"Secteur de Remiremont : 8 000 \u20ac pour de nouveaux projets d\u2019installation ou de reprise commerciale\"}]},{\"@type\":\"WebSite\",\"@id\":\"https:\/\/vosgesinfo.fr\/remiremontinfo\/#website\",\"url\":\"https:\/\/vosgesinfo.fr\/remiremontinfo\/\",\"name\":\"Remiremont Info\",\"description\":\"Toute l&#039;actualit\u00e9 de Remiremont\",\"publisher\":{\"@id\":\"https:\/\/vosgesinfo.fr\/remiremontinfo\/#organization\"},\"alternateName\":\"Toute l'actualit\u00e9 de Remiremont\",\"potentialAction\":[{\"@type\":\"SearchAction\",\"target\":{\"@type\":\"EntryPoint\",\"urlTemplate\":\"https:\/\/vosgesinfo.fr\/remiremontinfo\/?s={search_term_string}\"},\"query-input\":\"required name=search_term_string\"}],\"inLanguage\":\"fr-FR\"},{\"@type\":\"Organization\",\"@id\":\"https:\/\/vosgesinfo.fr\/remiremontinfo\/#organization\",\"name\":\"Remiremont Info\",\"url\":\"https:\/\/vosgesinfo.fr\/remiremontinfo\/\",\"logo\":{\"@type\":\"ImageObject\",\"inLanguage\":\"fr-FR\",\"@id\":\"https:\/\/vosgesinfo.fr\/remiremontinfo\/#\/schema\/logo\/image\/\",\"url\":\"https:\/\/vosgesinfo.fr\/app\/uploads\/sites\/5\/2023\/08\/favicon-remiremontinfo.png\",\"contentUrl\":\"https:\/\/vosgesinfo.fr\/app\/uploads\/sites\/5\/2023\/08\/favicon-remiremontinfo.png\",\"width\":512,\"height\":512,\"caption\":\"Remiremont Info\"},\"image\":{\"@id\":\"https:\/\/vosgesinfo.fr\/remiremontinfo\/#\/schema\/logo\/image\/\"},\"sameAs\":[\"https:\/\/www.facebook.com\/remiremontinfo\",\"https:\/\/x.com\/VosgesInfo88\",\"https:\/\/www.youtube.com\/@vosgesinfo\"]},{\"@type\":\"Person\",\"@id\":\"https:\/\/vosgesinfo.fr\/remiremontinfo\/#\/schema\/person\/3bfd164d5218a185b1db68655a265316\",\"name\":\"C D\",\"image\":{\"@type\":\"ImageObject\",\"inLanguage\":\"fr-FR\",\"@id\":\"https:\/\/vosgesinfo.fr\/remiremontinfo\/#\/schema\/person\/image\/\",\"url\":\"https:\/\/secure.gravatar.com\/avatar\/1f9a70007336511a47468b8f1c66f922b8b7cf617b02a31149ada43893a5d48f?s=96&d=mm&r=g\",\"contentUrl\":\"https:\/\/secure.gravatar.com\/avatar\/1f9a70007336511a47468b8f1c66f922b8b7cf617b02a31149ada43893a5d48f?s=96&d=mm&r=g\",\"caption\":\"C D\"},\"url\":\"https:\/\/vosgesinfo.fr\/remiremontinfo\/author\/cedric-drevet\/\"}]}<\/script>\n<!-- \/ Yoast SEO plugin. -->","yoast_head_json":{"title":"Secteur de Remiremont : 8 000 \u20ac pour de nouveaux projets d\u2019installation ou de reprise commerciale - Remiremont Info","robots":{"index":"index","follow":"follow","max-snippet":"max-snippet:-1","max-image-preview":"max-image-preview:large","max-video-preview":"max-video-preview:-1"},"canonical":"https:\/\/vosgesinfo.fr\/remiremontinfo\/2022\/08\/secteur-de-remiremont-8-000-e-de-nouveaux-projets-dinstallation-de-reprise-commerciale\/","twitter_card":"summary_large_image","twitter_title":"Secteur de Remiremont : 8 000 \u20ac pour de nouveaux projets d\u2019installation ou de reprise commerciale - Remiremont Info","twitter_description":"Les communes de la Communaut\u00e9 de Communes de la Porte des Vosges M\u00e9ridionales (CCPVM) expriment un besoin g\u00e9n\u00e9ralis\u00e9 de contrer [&hellip;]","twitter_image":"https:\/\/vosgesinfo.fr\/app\/uploads\/sites\/5\/2024\/01\/annotation-2020-06-10-09353411.png","twitter_creator":"@VosgesInfo88","twitter_site":"@VosgesInfo88","twitter_misc":{"\u00c9crit par":"C D","Dur\u00e9e de lecture estim\u00e9e":"3 minutes"},"schema":{"@context":"https:\/\/schema.org","@graph":[{"@type":"Article","@id":"https:\/\/vosgesinfo.fr\/remiremontinfo\/2022\/08\/secteur-de-remiremont-8-000-e-de-nouveaux-projets-dinstallation-de-reprise-commerciale\/#article","isPartOf":{"@id":"https:\/\/vosgesinfo.fr\/remiremontinfo\/2022\/08\/secteur-de-remiremont-8-000-e-de-nouveaux-projets-dinstallation-de-reprise-commerciale\/"},"author":{"name":"C D","@id":"https:\/\/vosgesinfo.fr\/remiremontinfo\/#\/schema\/person\/3bfd164d5218a185b1db68655a265316"},"headline":"Secteur de Remiremont : 8 000 \u20ac pour de nouveaux projets d\u2019installation ou de reprise commerciale","datePublished":"2022-08-08T06:30:41+00:00","dateModified":"2022-08-08T06:30:41+00:00","mainEntityOfPage":{"@id":"https:\/\/vosgesinfo.fr\/remiremontinfo\/2022\/08\/secteur-de-remiremont-8-000-e-de-nouveaux-projets-dinstallation-de-reprise-commerciale\/"},"wordCount":600,"commentCount":0,"publisher":{"@id":"https:\/\/vosgesinfo.fr\/remiremontinfo\/#organization"},"image":{"@id":"https:\/\/vosgesinfo.fr\/remiremontinfo\/2022\/08\/secteur-de-remiremont-8-000-e-de-nouveaux-projets-dinstallation-de-reprise-commerciale\/#primaryimage"},"thumbnailUrl":"https:\/\/vosgesinfo.fr\/app\/uploads\/sites\/5\/2024\/01\/annotation-2020-06-10-09353411.png","keywords":["commerce","communaut\u00e9 de communes","remiremont"],"articleSection":["A la Une","Remiremont","Remiremont &amp; son canton"],"inLanguage":"fr-FR","potentialAction":[{"@type":"CommentAction","name":"Comment","target":["https:\/\/vosgesinfo.fr\/remiremontinfo\/2022\/08\/secteur-de-remiremont-8-000-e-de-nouveaux-projets-dinstallation-de-reprise-commerciale\/#respond"]}]},{"@type":"WebPage","@id":"https:\/\/vosgesinfo.fr\/remiremontinfo\/2022\/08\/secteur-de-remiremont-8-000-e-de-nouveaux-projets-dinstallation-de-reprise-commerciale\/","url":"https:\/\/vosgesinfo.fr\/remiremontinfo\/2022\/08\/secteur-de-remiremont-8-000-e-de-nouveaux-projets-dinstallation-de-reprise-commerciale\/","name":"Secteur de Remiremont : 8 000 \u20ac pour de nouveaux projets d\u2019installation ou de reprise commerciale - Remiremont Info","isPartOf":{"@id":"https:\/\/vosgesinfo.fr\/remiremontinfo\/#website"},"primaryImageOfPage":{"@id":"https:\/\/vosgesinfo.fr\/remiremontinfo\/2022\/08\/secteur-de-remiremont-8-000-e-de-nouveaux-projets-dinstallation-de-reprise-commerciale\/#primaryimage"},"image":{"@id":"https:\/\/vosgesinfo.fr\/remiremontinfo\/2022\/08\/secteur-de-remiremont-8-000-e-de-nouveaux-projets-dinstallation-de-reprise-commerciale\/#primaryimage"},"thumbnailUrl":"https:\/\/vosgesinfo.fr\/app\/uploads\/sites\/5\/2024\/01\/annotation-2020-06-10-09353411.png","datePublished":"2022-08-08T06:30:41+00:00","dateModified":"2022-08-08T06:30:41+00:00","breadcrumb":{"@id":"https:\/\/vosgesinfo.fr\/remiremontinfo\/2022\/08\/secteur-de-remiremont-8-000-e-de-nouveaux-projets-dinstallation-de-reprise-commerciale\/#breadcrumb"},"inLanguage":"fr-FR","potentialAction":[{"@type":"ReadAction","target":["https:\/\/vosgesinfo.fr\/remiremontinfo\/2022\/08\/secteur-de-remiremont-8-000-e-de-nouveaux-projets-dinstallation-de-reprise-commerciale\/"]}]},{"@type":"ImageObject","inLanguage":"fr-FR","@id":"https:\/\/vosgesinfo.fr\/remiremontinfo\/2022\/08\/secteur-de-remiremont-8-000-e-de-nouveaux-projets-dinstallation-de-reprise-commerciale\/#primaryimage","url":"https:\/\/vosgesinfo.fr\/app\/uploads\/sites\/5\/2024\/01\/annotation-2020-06-10-09353411.png","contentUrl":"https:\/\/vosgesinfo.fr\/app\/uploads\/sites\/5\/2024\/01\/annotation-2020-06-10-09353411.png","width":800,"height":504},{"@type":"BreadcrumbList","@id":"https:\/\/vosgesinfo.fr\/remiremontinfo\/2022\/08\/secteur-de-remiremont-8-000-e-de-nouveaux-projets-dinstallation-de-reprise-commerciale\/#breadcrumb","itemListElement":[{"@type":"ListItem","position":1,"name":"Home","item":"https:\/\/vosgesinfo.fr\/remiremontinfo\/"},{"@type":"ListItem","position":2,"name":"Secteur de Remiremont : 8 000 \u20ac pour de nouveaux projets d\u2019installation ou de reprise commerciale"}]},{"@type":"WebSite","@id":"https:\/\/vosgesinfo.fr\/remiremontinfo\/#website","url":"https:\/\/vosgesinfo.fr\/remiremontinfo\/","name":"Remiremont Info","description":"Toute l&#039;actualit\u00e9 de Remiremont","publisher":{"@id":"https:\/\/vosgesinfo.fr\/remiremontinfo\/#organization"},"alternateName":"Toute l'actualit\u00e9 de Remiremont","potentialAction":[{"@type":"SearchAction","target":{"@type":"EntryPoint","urlTemplate":"https:\/\/vosgesinfo.fr\/remiremontinfo\/?s={search_term_string}"},"query-input":"required name=search_term_string"}],"inLanguage":"fr-FR"},{"@type":"Organization","@id":"https:\/\/vosgesinfo.fr\/remiremontinfo\/#organization","name":"Remiremont Info","url":"https:\/\/vosgesinfo.fr\/remiremontinfo\/","logo":{"@type":"ImageObject","inLanguage":"fr-FR","@id":"https:\/\/vosgesinfo.fr\/remiremontinfo\/#\/schema\/logo\/image\/","url":"https:\/\/vosgesinfo.fr\/app\/uploads\/sites\/5\/2023\/08\/favicon-remiremontinfo.png","contentUrl":"https:\/\/vosgesinfo.fr\/app\/uploads\/sites\/5\/2023\/08\/favicon-remiremontinfo.png","width":512,"height":512,"caption":"Remiremont Info"},"image":{"@id":"https:\/\/vosgesinfo.fr\/remiremontinfo\/#\/schema\/logo\/image\/"},"sameAs":["https:\/\/www.facebook.com\/remiremontinfo","https:\/\/x.com\/VosgesInfo88","https:\/\/www.youtube.com\/@vosgesinfo"]},{"@type":"Person","@id":"https:\/\/vosgesinfo.fr\/remiremontinfo\/#\/schema\/person\/3bfd164d5218a185b1db68655a265316","name":"C D","image":{"@type":"ImageObject","inLanguage":"fr-FR","@id":"https:\/\/vosgesinfo.fr\/remiremontinfo\/#\/schema\/person\/image\/","url":"https:\/\/secure.gravatar.com\/avatar\/1f9a70007336511a47468b8f1c66f922b8b7cf617b02a31149ada43893a5d48f?s=96&d=mm&r=g","contentUrl":"https:\/\/secure.gravatar.com\/avatar\/1f9a70007336511a47468b8f1c66f922b8b7cf617b02a31149ada43893a5d48f?s=96&d=mm&r=g","caption":"C D"},"url":"https:\/\/vosgesinfo.fr\/remiremontinfo\/author\/cedric-drevet\/"}]}},"_links":{"self":[{"href":"https:\/\/vosgesinfo.fr\/remiremontinfo\/wp-json\/wp\/v2\/posts\/59917","targetHints":{"allow":["GET"]}}],"collection":[{"href":"https:\/\/vosgesinfo.fr\/remiremontinfo\/wp-json\/wp\/v2\/posts"}],"about":[{"href":"https:\/\/vosgesinfo.fr\/remiremontinfo\/wp-json\/wp\/v2\/types\/post"}],"author":[{"embeddable":true,"href":"https:\/\/vosgesinfo.fr\/remiremontinfo\/wp-json\/wp\/v2\/users\/407"}],"replies":[{"embeddable":true,"href":"https:\/\/vosgesinfo.fr\/remiremontinfo\/wp-json\/wp\/v2\/comments?post=59917"}],"version-history":[{"count":0,"href":"https:\/\/vosgesinfo.fr\/remiremontinfo\/wp-json\/wp\/v2\/posts\/59917\/revisions"}],"wp:featuredmedia":[{"embeddable":true,"href":"https:\/\/vosgesinfo.fr\/remiremontinfo\/wp-json\/wp\/v2\/media\/3558"}],"wp:attachment":[{"href":"https:\/\/vosgesinfo.fr\/remiremontinfo\/wp-json\/wp\/v2\/media?parent=59917"}],"wp:term":[{"taxonomy":"category","embeddable":true,"href":"https:\/\/vosgesinfo.fr\/remiremontinfo\/wp-json\/wp\/v2\/categories?post=59917"},{"taxonomy":"post_tag","embeddable":true,"href":"https:\/\/vosgesinfo.fr\/remiremontinfo\/wp-json\/wp\/v2\/tags?post=59917"}],"curies":[{"name":"wp","href":"https:\/\/api.w.org\/{rel}","templated":true}]}}