{"id":59921,"date":"2022-08-08T08:50:07","date_gmt":"2022-08-08T06:50:07","guid":{"rendered":"https:\/\/vosgesinfo.fr\/remiremontinfo\/2022\/08\/biathlete-paula-bottet-sera-mercredi-a-confiserie-bressaude\/"},"modified":"2022-08-08T08:50:07","modified_gmt":"2022-08-08T06:50:07","slug":"biathlete-paula-bottet-sera-mercredi-a-confiserie-bressaude","status":"publish","type":"post","link":"https:\/\/vosgesinfo.fr\/remiremontinfo\/2022\/08\/biathlete-paula-bottet-sera-mercredi-a-confiserie-bressaude\/","title":{"rendered":"La biathl\u00e8te Paula Botet sera ce mercredi \u00e0 la Confiserie Bressaude"},"content":{"rendered":"\n<p><span style=\"font-size: 10pt;\"><em>Photos par\u00a0<a href=\"https:\/\/www.facebook.com\/CBressaude\">La confiserie Bressaude<\/a><\/em><\/span><\/p>\n<h2><span style=\"font-size: 12pt;\"><strong>Paula Botet, de l&rsquo;\u00e9quipe de France de Biathlon, sera \u00e0 la Confiserie Bressaude ce mercredi 10 ao\u00fbt de 14h \u00e0 17h. Une occasion unique pour rencontrer la sportive, avec d\u00e9monstration et animation au programme ! D&rsquo;ann\u00e9e en ann\u00e9e, la Confiserie Bressaude poursuit son engagement pour le monde associatif et pour le sport vosgien ! <\/strong><\/span><\/h2>\n<p>L&rsquo;\u00e9tablissement reste fid\u00e8le \u00e0 sa politique de soutien aux clubs et aux sportifs locaux. De tr\u00e8s nombreuses disciplines sont repr\u00e9sent\u00e9e dans l\u2019 \u00ab Equipe Bressaude \u00bb : Florent Claude, Thibault Fr\u00e9chard et Paula Botet, en biathlon, J\u00e9r\u00e9my Arnould pour le ski et le VTT, Delphine Claudel et L\u00e9onie Perry en ski de fond, Julia Clair en saut \u00e0 ski. L\u2019\u00e9tablissement soutient aussi l\u2019\u00e9quipe de Hockey d\u2019Epinal, l\u2019\u00e9quipe des Vosges de Basketball, La Bressaude Roue Verte, pour le cyclisme, ainsi que le patinage artistique d\u2019Epinal. Petit \u00e0 petit, des liens se sont cr\u00e9\u00e9s entre l\u2019entreprise et les sportifs, qui donnent r\u00e9guli\u00e8rement des nouvelles de leurs r\u00e9sultats et actualit\u00e9s, et rendent visite \u00e0 la confiserie. Une v\u00e9ritable relation de confiance, et une \u00e9quipe devenue avec le temps \u00ab une petite famille \u00bb.<\/p>\n","protected":false},"excerpt":{"rendered":"<p>Photos par\u00a0La confiserie Bressaude Paula Botet, de l&rsquo;\u00e9quipe de France de Biathlon, sera \u00e0 la Confiserie Bressaude ce mercredi 10 [&hellip;]<\/p>\n","protected":false},"author":407,"featured_media":59922,"comment_status":"open","ping_status":"open","sticky":false,"template":"","format":"standard","meta":{"footnotes":""},"categories":[26,104,25,14],"tags":[2156,4378,105,4379,61,32],"class_list":["post-59921","post","type-post","status-publish","format-standard","has-post-thumbnail","hentry","category-a-la-une","category-la-bresse-la-bresse-son-canton","category-la-bresse-son-canton","category-sport","tag-biathlon","tag-confiserie-brassaude","tag-la-bresse","tag-paula-bottet","tag-sport","tag-vosges"],"acf":[],"yoast_head":"<!-- This site is optimized with the Yoast SEO plugin v22.5 - https:\/\/yoast.com\/wordpress\/plugins\/seo\/ -->\n<title>La biathl\u00e8te Paula Botet sera ce mercredi \u00e0 la Confiserie Bressaude - Remiremont Info<\/title>\n<meta name=\"robots\" content=\"index, follow, max-snippet:-1, max-image-preview:large, max-video-preview:-1\" \/>\n<link rel=\"canonical\" href=\"https:\/\/vosgesinfo.fr\/remiremontinfo\/2022\/08\/biathlete-paula-bottet-sera-mercredi-a-confiserie-bressaude\/\" \/>\n<meta name=\"twitter:card\" content=\"summary_large_image\" \/>\n<meta name=\"twitter:title\" content=\"La biathl\u00e8te Paula Botet sera ce mercredi \u00e0 la Confiserie Bressaude - Remiremont Info\" \/>\n<meta name=\"twitter:description\" content=\"Photos par\u00a0La confiserie Bressaude Paula Botet, de l&rsquo;\u00e9quipe de France de Biathlon, sera \u00e0 la Confiserie Bressaude ce mercredi 10 [&hellip;]\" \/>\n<meta name=\"twitter:image\" content=\"https:\/\/vosgesinfo.fr\/app\/uploads\/sites\/5\/2024\/09\/202208294098667-5537293919663728-1177897150848763583-n1.jpg\" \/>\n<meta name=\"twitter:creator\" content=\"@VosgesInfo88\" \/>\n<meta name=\"twitter:site\" content=\"@VosgesInfo88\" \/>\n<meta name=\"twitter:label1\" content=\"\u00c9crit par\" \/>\n\t<meta name=\"twitter:data1\" content=\"C D\" \/>\n\t<meta name=\"twitter:label2\" content=\"Dur\u00e9e de lecture estim\u00e9e\" \/>\n\t<meta name=\"twitter:data2\" content=\"1 minute\" \/>\n<script type=\"application\/ld+json\" class=\"yoast-schema-graph\">{\"@context\":\"https:\/\/schema.org\",\"@graph\":[{\"@type\":\"Article\",\"@id\":\"https:\/\/vosgesinfo.fr\/remiremontinfo\/2022\/08\/biathlete-paula-bottet-sera-mercredi-a-confiserie-bressaude\/#article\",\"isPartOf\":{\"@id\":\"https:\/\/vosgesinfo.fr\/remiremontinfo\/2022\/08\/biathlete-paula-bottet-sera-mercredi-a-confiserie-bressaude\/\"},\"author\":{\"name\":\"C D\",\"@id\":\"https:\/\/vosgesinfo.fr\/remiremontinfo\/#\/schema\/person\/3bfd164d5218a185b1db68655a265316\"},\"headline\":\"La biathl\u00e8te Paula Botet sera ce mercredi \u00e0 la Confiserie Bressaude\",\"datePublished\":\"2022-08-08T06:50:07+00:00\",\"dateModified\":\"2022-08-08T06:50:07+00:00\",\"mainEntityOfPage\":{\"@id\":\"https:\/\/vosgesinfo.fr\/remiremontinfo\/2022\/08\/biathlete-paula-bottet-sera-mercredi-a-confiserie-bressaude\/\"},\"wordCount\":221,\"commentCount\":0,\"publisher\":{\"@id\":\"https:\/\/vosgesinfo.fr\/remiremontinfo\/#organization\"},\"image\":{\"@id\":\"https:\/\/vosgesinfo.fr\/remiremontinfo\/2022\/08\/biathlete-paula-bottet-sera-mercredi-a-confiserie-bressaude\/#primaryimage\"},\"thumbnailUrl\":\"https:\/\/vosgesinfo.fr\/app\/uploads\/sites\/5\/2024\/09\/202208294098667-5537293919663728-1177897150848763583-n1.jpg\",\"keywords\":[\"biathlon\",\"confiserie brassaude\",\"la bresse\",\"paula bottet\",\"sport\",\"Vosges\"],\"articleSection\":[\"A la Une\",\"La Bresse\",\"La Bresse &amp; son canton\",\"Sport\"],\"inLanguage\":\"fr-FR\",\"potentialAction\":[{\"@type\":\"CommentAction\",\"name\":\"Comment\",\"target\":[\"https:\/\/vosgesinfo.fr\/remiremontinfo\/2022\/08\/biathlete-paula-bottet-sera-mercredi-a-confiserie-bressaude\/#respond\"]}]},{\"@type\":\"WebPage\",\"@id\":\"https:\/\/vosgesinfo.fr\/remiremontinfo\/2022\/08\/biathlete-paula-bottet-sera-mercredi-a-confiserie-bressaude\/\",\"url\":\"https:\/\/vosgesinfo.fr\/remiremontinfo\/2022\/08\/biathlete-paula-bottet-sera-mercredi-a-confiserie-bressaude\/\",\"name\":\"La biathl\u00e8te Paula Botet sera ce mercredi \u00e0 la Confiserie Bressaude - Remiremont Info\",\"isPartOf\":{\"@id\":\"https:\/\/vosgesinfo.fr\/remiremontinfo\/#website\"},\"primaryImageOfPage\":{\"@id\":\"https:\/\/vosgesinfo.fr\/remiremontinfo\/2022\/08\/biathlete-paula-bottet-sera-mercredi-a-confiserie-bressaude\/#primaryimage\"},\"image\":{\"@id\":\"https:\/\/vosgesinfo.fr\/remiremontinfo\/2022\/08\/biathlete-paula-bottet-sera-mercredi-a-confiserie-bressaude\/#primaryimage\"},\"thumbnailUrl\":\"https:\/\/vosgesinfo.fr\/app\/uploads\/sites\/5\/2024\/09\/202208294098667-5537293919663728-1177897150848763583-n1.jpg\",\"datePublished\":\"2022-08-08T06:50:07+00:00\",\"dateModified\":\"2022-08-08T06:50:07+00:00\",\"breadcrumb\":{\"@id\":\"https:\/\/vosgesinfo.fr\/remiremontinfo\/2022\/08\/biathlete-paula-bottet-sera-mercredi-a-confiserie-bressaude\/#breadcrumb\"},\"inLanguage\":\"fr-FR\",\"potentialAction\":[{\"@type\":\"ReadAction\",\"target\":[\"https:\/\/vosgesinfo.fr\/remiremontinfo\/2022\/08\/biathlete-paula-bottet-sera-mercredi-a-confiserie-bressaude\/\"]}]},{\"@type\":\"ImageObject\",\"inLanguage\":\"fr-FR\",\"@id\":\"https:\/\/vosgesinfo.fr\/remiremontinfo\/2022\/08\/biathlete-paula-bottet-sera-mercredi-a-confiserie-bressaude\/#primaryimage\",\"url\":\"https:\/\/vosgesinfo.fr\/app\/uploads\/sites\/5\/2024\/09\/202208294098667-5537293919663728-1177897150848763583-n1.jpg\",\"contentUrl\":\"https:\/\/vosgesinfo.fr\/app\/uploads\/sites\/5\/2024\/09\/202208294098667-5537293919663728-1177897150848763583-n1.jpg\",\"width\":1536,\"height\":1263},{\"@type\":\"BreadcrumbList\",\"@id\":\"https:\/\/vosgesinfo.fr\/remiremontinfo\/2022\/08\/biathlete-paula-bottet-sera-mercredi-a-confiserie-bressaude\/#breadcrumb\",\"itemListElement\":[{\"@type\":\"ListItem\",\"position\":1,\"name\":\"Home\",\"item\":\"https:\/\/vosgesinfo.fr\/remiremontinfo\/\"},{\"@type\":\"ListItem\",\"position\":2,\"name\":\"La biathl\u00e8te Paula Botet sera ce mercredi \u00e0 la Confiserie Bressaude\"}]},{\"@type\":\"WebSite\",\"@id\":\"https:\/\/vosgesinfo.fr\/remiremontinfo\/#website\",\"url\":\"https:\/\/vosgesinfo.fr\/remiremontinfo\/\",\"name\":\"Remiremont Info\",\"description\":\"Toute l&#039;actualit\u00e9 de Remiremont\",\"publisher\":{\"@id\":\"https:\/\/vosgesinfo.fr\/remiremontinfo\/#organization\"},\"alternateName\":\"Toute l'actualit\u00e9 de Remiremont\",\"potentialAction\":[{\"@type\":\"SearchAction\",\"target\":{\"@type\":\"EntryPoint\",\"urlTemplate\":\"https:\/\/vosgesinfo.fr\/remiremontinfo\/?s={search_term_string}\"},\"query-input\":\"required name=search_term_string\"}],\"inLanguage\":\"fr-FR\"},{\"@type\":\"Organization\",\"@id\":\"https:\/\/vosgesinfo.fr\/remiremontinfo\/#organization\",\"name\":\"Remiremont Info\",\"url\":\"https:\/\/vosgesinfo.fr\/remiremontinfo\/\",\"logo\":{\"@type\":\"ImageObject\",\"inLanguage\":\"fr-FR\",\"@id\":\"https:\/\/vosgesinfo.fr\/remiremontinfo\/#\/schema\/logo\/image\/\",\"url\":\"https:\/\/vosgesinfo.fr\/app\/uploads\/sites\/5\/2023\/08\/favicon-remiremontinfo.png\",\"contentUrl\":\"https:\/\/vosgesinfo.fr\/app\/uploads\/sites\/5\/2023\/08\/favicon-remiremontinfo.png\",\"width\":512,\"height\":512,\"caption\":\"Remiremont Info\"},\"image\":{\"@id\":\"https:\/\/vosgesinfo.fr\/remiremontinfo\/#\/schema\/logo\/image\/\"},\"sameAs\":[\"https:\/\/www.facebook.com\/remiremontinfo\",\"https:\/\/x.com\/VosgesInfo88\",\"https:\/\/www.youtube.com\/@vosgesinfo\"]},{\"@type\":\"Person\",\"@id\":\"https:\/\/vosgesinfo.fr\/remiremontinfo\/#\/schema\/person\/3bfd164d5218a185b1db68655a265316\",\"name\":\"C D\",\"image\":{\"@type\":\"ImageObject\",\"inLanguage\":\"fr-FR\",\"@id\":\"https:\/\/vosgesinfo.fr\/remiremontinfo\/#\/schema\/person\/image\/\",\"url\":\"https:\/\/secure.gravatar.com\/avatar\/1f9a70007336511a47468b8f1c66f922b8b7cf617b02a31149ada43893a5d48f?s=96&d=mm&r=g\",\"contentUrl\":\"https:\/\/secure.gravatar.com\/avatar\/1f9a70007336511a47468b8f1c66f922b8b7cf617b02a31149ada43893a5d48f?s=96&d=mm&r=g\",\"caption\":\"C D\"},\"url\":\"https:\/\/vosgesinfo.fr\/remiremontinfo\/author\/cedric-drevet\/\"}]}<\/script>\n<!-- \/ Yoast SEO plugin. -->","yoast_head_json":{"title":"La biathl\u00e8te Paula Botet sera ce mercredi \u00e0 la Confiserie Bressaude - Remiremont Info","robots":{"index":"index","follow":"follow","max-snippet":"max-snippet:-1","max-image-preview":"max-image-preview:large","max-video-preview":"max-video-preview:-1"},"canonical":"https:\/\/vosgesinfo.fr\/remiremontinfo\/2022\/08\/biathlete-paula-bottet-sera-mercredi-a-confiserie-bressaude\/","twitter_card":"summary_large_image","twitter_title":"La biathl\u00e8te Paula Botet sera ce mercredi \u00e0 la Confiserie Bressaude - Remiremont Info","twitter_description":"Photos par\u00a0La confiserie Bressaude Paula Botet, de l&rsquo;\u00e9quipe de France de Biathlon, sera \u00e0 la Confiserie Bressaude ce mercredi 10 [&hellip;]","twitter_image":"https:\/\/vosgesinfo.fr\/app\/uploads\/sites\/5\/2024\/09\/202208294098667-5537293919663728-1177897150848763583-n1.jpg","twitter_creator":"@VosgesInfo88","twitter_site":"@VosgesInfo88","twitter_misc":{"\u00c9crit par":"C D","Dur\u00e9e de lecture estim\u00e9e":"1 minute"},"schema":{"@context":"https:\/\/schema.org","@graph":[{"@type":"Article","@id":"https:\/\/vosgesinfo.fr\/remiremontinfo\/2022\/08\/biathlete-paula-bottet-sera-mercredi-a-confiserie-bressaude\/#article","isPartOf":{"@id":"https:\/\/vosgesinfo.fr\/remiremontinfo\/2022\/08\/biathlete-paula-bottet-sera-mercredi-a-confiserie-bressaude\/"},"author":{"name":"C D","@id":"https:\/\/vosgesinfo.fr\/remiremontinfo\/#\/schema\/person\/3bfd164d5218a185b1db68655a265316"},"headline":"La biathl\u00e8te Paula Botet sera ce mercredi \u00e0 la Confiserie Bressaude","datePublished":"2022-08-08T06:50:07+00:00","dateModified":"2022-08-08T06:50:07+00:00","mainEntityOfPage":{"@id":"https:\/\/vosgesinfo.fr\/remiremontinfo\/2022\/08\/biathlete-paula-bottet-sera-mercredi-a-confiserie-bressaude\/"},"wordCount":221,"commentCount":0,"publisher":{"@id":"https:\/\/vosgesinfo.fr\/remiremontinfo\/#organization"},"image":{"@id":"https:\/\/vosgesinfo.fr\/remiremontinfo\/2022\/08\/biathlete-paula-bottet-sera-mercredi-a-confiserie-bressaude\/#primaryimage"},"thumbnailUrl":"https:\/\/vosgesinfo.fr\/app\/uploads\/sites\/5\/2024\/09\/202208294098667-5537293919663728-1177897150848763583-n1.jpg","keywords":["biathlon","confiserie brassaude","la bresse","paula bottet","sport","Vosges"],"articleSection":["A la Une","La Bresse","La Bresse &amp; son canton","Sport"],"inLanguage":"fr-FR","potentialAction":[{"@type":"CommentAction","name":"Comment","target":["https:\/\/vosgesinfo.fr\/remiremontinfo\/2022\/08\/biathlete-paula-bottet-sera-mercredi-a-confiserie-bressaude\/#respond"]}]},{"@type":"WebPage","@id":"https:\/\/vosgesinfo.fr\/remiremontinfo\/2022\/08\/biathlete-paula-bottet-sera-mercredi-a-confiserie-bressaude\/","url":"https:\/\/vosgesinfo.fr\/remiremontinfo\/2022\/08\/biathlete-paula-bottet-sera-mercredi-a-confiserie-bressaude\/","name":"La biathl\u00e8te Paula Botet sera ce mercredi \u00e0 la Confiserie Bressaude - Remiremont Info","isPartOf":{"@id":"https:\/\/vosgesinfo.fr\/remiremontinfo\/#website"},"primaryImageOfPage":{"@id":"https:\/\/vosgesinfo.fr\/remiremontinfo\/2022\/08\/biathlete-paula-bottet-sera-mercredi-a-confiserie-bressaude\/#primaryimage"},"image":{"@id":"https:\/\/vosgesinfo.fr\/remiremontinfo\/2022\/08\/biathlete-paula-bottet-sera-mercredi-a-confiserie-bressaude\/#primaryimage"},"thumbnailUrl":"https:\/\/vosgesinfo.fr\/app\/uploads\/sites\/5\/2024\/09\/202208294098667-5537293919663728-1177897150848763583-n1.jpg","datePublished":"2022-08-08T06:50:07+00:00","dateModified":"2022-08-08T06:50:07+00:00","breadcrumb":{"@id":"https:\/\/vosgesinfo.fr\/remiremontinfo\/2022\/08\/biathlete-paula-bottet-sera-mercredi-a-confiserie-bressaude\/#breadcrumb"},"inLanguage":"fr-FR","potentialAction":[{"@type":"ReadAction","target":["https:\/\/vosgesinfo.fr\/remiremontinfo\/2022\/08\/biathlete-paula-bottet-sera-mercredi-a-confiserie-bressaude\/"]}]},{"@type":"ImageObject","inLanguage":"fr-FR","@id":"https:\/\/vosgesinfo.fr\/remiremontinfo\/2022\/08\/biathlete-paula-bottet-sera-mercredi-a-confiserie-bressaude\/#primaryimage","url":"https:\/\/vosgesinfo.fr\/app\/uploads\/sites\/5\/2024\/09\/202208294098667-5537293919663728-1177897150848763583-n1.jpg","contentUrl":"https:\/\/vosgesinfo.fr\/app\/uploads\/sites\/5\/2024\/09\/202208294098667-5537293919663728-1177897150848763583-n1.jpg","width":1536,"height":1263},{"@type":"BreadcrumbList","@id":"https:\/\/vosgesinfo.fr\/remiremontinfo\/2022\/08\/biathlete-paula-bottet-sera-mercredi-a-confiserie-bressaude\/#breadcrumb","itemListElement":[{"@type":"ListItem","position":1,"name":"Home","item":"https:\/\/vosgesinfo.fr\/remiremontinfo\/"},{"@type":"ListItem","position":2,"name":"La biathl\u00e8te Paula Botet sera ce mercredi \u00e0 la Confiserie Bressaude"}]},{"@type":"WebSite","@id":"https:\/\/vosgesinfo.fr\/remiremontinfo\/#website","url":"https:\/\/vosgesinfo.fr\/remiremontinfo\/","name":"Remiremont Info","description":"Toute l&#039;actualit\u00e9 de Remiremont","publisher":{"@id":"https:\/\/vosgesinfo.fr\/remiremontinfo\/#organization"},"alternateName":"Toute l'actualit\u00e9 de Remiremont","potentialAction":[{"@type":"SearchAction","target":{"@type":"EntryPoint","urlTemplate":"https:\/\/vosgesinfo.fr\/remiremontinfo\/?s={search_term_string}"},"query-input":"required name=search_term_string"}],"inLanguage":"fr-FR"},{"@type":"Organization","@id":"https:\/\/vosgesinfo.fr\/remiremontinfo\/#organization","name":"Remiremont Info","url":"https:\/\/vosgesinfo.fr\/remiremontinfo\/","logo":{"@type":"ImageObject","inLanguage":"fr-FR","@id":"https:\/\/vosgesinfo.fr\/remiremontinfo\/#\/schema\/logo\/image\/","url":"https:\/\/vosgesinfo.fr\/app\/uploads\/sites\/5\/2023\/08\/favicon-remiremontinfo.png","contentUrl":"https:\/\/vosgesinfo.fr\/app\/uploads\/sites\/5\/2023\/08\/favicon-remiremontinfo.png","width":512,"height":512,"caption":"Remiremont Info"},"image":{"@id":"https:\/\/vosgesinfo.fr\/remiremontinfo\/#\/schema\/logo\/image\/"},"sameAs":["https:\/\/www.facebook.com\/remiremontinfo","https:\/\/x.com\/VosgesInfo88","https:\/\/www.youtube.com\/@vosgesinfo"]},{"@type":"Person","@id":"https:\/\/vosgesinfo.fr\/remiremontinfo\/#\/schema\/person\/3bfd164d5218a185b1db68655a265316","name":"C D","image":{"@type":"ImageObject","inLanguage":"fr-FR","@id":"https:\/\/vosgesinfo.fr\/remiremontinfo\/#\/schema\/person\/image\/","url":"https:\/\/secure.gravatar.com\/avatar\/1f9a70007336511a47468b8f1c66f922b8b7cf617b02a31149ada43893a5d48f?s=96&d=mm&r=g","contentUrl":"https:\/\/secure.gravatar.com\/avatar\/1f9a70007336511a47468b8f1c66f922b8b7cf617b02a31149ada43893a5d48f?s=96&d=mm&r=g","caption":"C D"},"url":"https:\/\/vosgesinfo.fr\/remiremontinfo\/author\/cedric-drevet\/"}]}},"_links":{"self":[{"href":"https:\/\/vosgesinfo.fr\/remiremontinfo\/wp-json\/wp\/v2\/posts\/59921","targetHints":{"allow":["GET"]}}],"collection":[{"href":"https:\/\/vosgesinfo.fr\/remiremontinfo\/wp-json\/wp\/v2\/posts"}],"about":[{"href":"https:\/\/vosgesinfo.fr\/remiremontinfo\/wp-json\/wp\/v2\/types\/post"}],"author":[{"embeddable":true,"href":"https:\/\/vosgesinfo.fr\/remiremontinfo\/wp-json\/wp\/v2\/users\/407"}],"replies":[{"embeddable":true,"href":"https:\/\/vosgesinfo.fr\/remiremontinfo\/wp-json\/wp\/v2\/comments?post=59921"}],"version-history":[{"count":0,"href":"https:\/\/vosgesinfo.fr\/remiremontinfo\/wp-json\/wp\/v2\/posts\/59921\/revisions"}],"wp:featuredmedia":[{"embeddable":true,"href":"https:\/\/vosgesinfo.fr\/remiremontinfo\/wp-json\/wp\/v2\/media\/59922"}],"wp:attachment":[{"href":"https:\/\/vosgesinfo.fr\/remiremontinfo\/wp-json\/wp\/v2\/media?parent=59921"}],"wp:term":[{"taxonomy":"category","embeddable":true,"href":"https:\/\/vosgesinfo.fr\/remiremontinfo\/wp-json\/wp\/v2\/categories?post=59921"},{"taxonomy":"post_tag","embeddable":true,"href":"https:\/\/vosgesinfo.fr\/remiremontinfo\/wp-json\/wp\/v2\/tags?post=59921"}],"curies":[{"name":"wp","href":"https:\/\/api.w.org\/{rel}","templated":true}]}}