{"id":59932,"date":"2022-08-08T09:28:30","date_gmt":"2022-08-08T07:28:30","guid":{"rendered":"https:\/\/vosgesinfo.fr\/remiremontinfo\/2022\/08\/girmont-feu-dartifice-tire-a-loccasion-de-fete-de-lete\/"},"modified":"2022-08-08T09:28:30","modified_gmt":"2022-08-08T07:28:30","slug":"girmont-feu-dartifice-tire-a-loccasion-de-fete-de-lete","status":"publish","type":"post","link":"https:\/\/vosgesinfo.fr\/remiremontinfo\/2022\/08\/girmont-feu-dartifice-tire-a-loccasion-de-fete-de-lete\/","title":{"rendered":"Girmont : un feu d&rsquo;artifice tir\u00e9 \u00e0 l&rsquo;occasion de la F\u00eate de l&rsquo;\u00e9t\u00e9"},"content":{"rendered":"<h2><a href=\"\/2022\/08\/298149697_349504350725229_83577485040023574_n.jpg\"><img decoding=\"async\" class=\"alignnone size-large wp-image-350396\" src=\"\/2022\/08\/298149697_349504350725229_83577485040023574_n-1024x768.jpg\" alt=\"298149697_349504350725229_83577485040023574_n\" width=\"960\" height=\"720\" \/><\/a><\/h2>\n<p><span style=\"font-size: 10pt;\"><em>Photo par\u00a0<a href=\"https:\/\/www.facebook.com\/MarcheNocturneGirmont\">March\u00e9 Nocturne Girmont Val d&rsquo;Ajol<\/a><\/em><\/span><\/p>\n<h2><span style=\"font-size: 12pt;\"><strong>Le F\u00eate de l\u2019\u00e9t\u00e9 a eu lieu ce week-end au Girmont Val d\u2019Ajol. Au programme, ap\u00e9ro-concert, pizzas au feu de bois, animations par l\u2019association \u00ab\u00a0Vivre en jeux\u00a0\u00bb, bal populaire, et feu d\u2019artifice. Ce dernier a \u00e9t\u00e9 maintenu, la d\u00e9claration ayant \u00e9t\u00e9 faite avant l\u2019arr\u00eat\u00e9 pr\u00e9fectoral qui interdit d\u00e9sormais d\u2019en tirer.<\/strong><\/span><\/h2>\n<p>L\u2019animation se poursuit cet \u00e9t\u00e9 au Girmont, avec notamment l\u2019\u00e9dition 2022 du march\u00e9 nocturne, qui remporte chaque vendredi soir un franc succ\u00e8s. Tout au long de l\u2019\u00e9t\u00e9, le Girmont devient une fois encore le lieu de rassemblement des amateurs de bons produits, et de ceux qui les fournissent. Producteurs et artisans locaux viennent pr\u00e9senter au public leurs fruits, glaces, bijoux, miel, objets divers, beignets, jus etc. L\u2019\u00e9v\u00e9nement rassemble des centaines de visiteurs chaque fin de semaine. C\u2019est une nouvelle fois un succ\u00e8s, les visiteurs sont au rendez-vous. Promenade, d\u00e9couverte et d\u00e9gustation de produits sont au programme. Apr\u00e8s l\u2019ouverture avec le festival d\u2019\u00c9pinettes et les chants en patois, plusieurs th\u00e8mes sont propos\u00e9s au cours de l\u2019\u00e9t\u00e9. Un beau programme a \u00e9t\u00e9 propos\u00e9. Apr\u00e8s les v\u00e9hicules anciens, les produits laitiers, les artistes, et l\u2019exploitation m\u00e9canique de la for\u00eat, le bluet, les plantes, le miel et les escargots, et les gestes d\u2019antan autour du bois, la soir\u00e9e de ce vendredi sera d\u00e9di\u00e9e aux produits d\u2019ici et d\u2019ailleurs.<\/p>\n<p>&nbsp;<\/p>\n","protected":false},"excerpt":{"rendered":"<p>Photo par\u00a0March\u00e9 Nocturne Girmont Val d&rsquo;Ajol Le F\u00eate de l\u2019\u00e9t\u00e9 a eu lieu ce week-end au Girmont Val d\u2019Ajol. Au [&hellip;]<\/p>\n","protected":false},"author":407,"featured_media":59933,"comment_status":"open","ping_status":"open","sticky":false,"template":"","format":"standard","meta":{"footnotes":""},"categories":[26,124,82],"tags":[125,216,132],"class_list":["post-59932","post","type-post","status-publish","format-standard","has-post-thumbnail","hentry","category-a-la-une","category-fetes","category-le-val-dajol-son-canton","tag-fete","tag-feu-dartifice","tag-girmont"],"acf":[],"yoast_head":"<!-- This site is optimized with the Yoast SEO plugin v22.5 - https:\/\/yoast.com\/wordpress\/plugins\/seo\/ -->\n<title>Girmont : un feu d&#039;artifice tir\u00e9 \u00e0 l&#039;occasion de la F\u00eate de l&#039;\u00e9t\u00e9 - Remiremont Info<\/title>\n<meta name=\"robots\" content=\"index, follow, max-snippet:-1, max-image-preview:large, max-video-preview:-1\" \/>\n<link rel=\"canonical\" href=\"https:\/\/vosgesinfo.fr\/remiremontinfo\/2022\/08\/girmont-feu-dartifice-tire-a-loccasion-de-fete-de-lete\/\" \/>\n<meta name=\"twitter:card\" content=\"summary_large_image\" \/>\n<meta name=\"twitter:title\" content=\"Girmont : un feu d&#039;artifice tir\u00e9 \u00e0 l&#039;occasion de la F\u00eate de l&#039;\u00e9t\u00e9 - Remiremont Info\" \/>\n<meta name=\"twitter:description\" content=\"Photo par\u00a0March\u00e9 Nocturne Girmont Val d&rsquo;Ajol Le F\u00eate de l\u2019\u00e9t\u00e9 a eu lieu ce week-end au Girmont Val d\u2019Ajol. Au [&hellip;]\" \/>\n<meta name=\"twitter:image\" content=\"https:\/\/vosgesinfo.fr\/app\/uploads\/sites\/5\/2024\/09\/202208298149697-349504350725229-83577485040023574-n.jpg\" \/>\n<meta name=\"twitter:creator\" content=\"@VosgesInfo88\" \/>\n<meta name=\"twitter:site\" content=\"@VosgesInfo88\" \/>\n<meta name=\"twitter:label1\" content=\"\u00c9crit par\" \/>\n\t<meta name=\"twitter:data1\" content=\"C D\" \/>\n\t<meta name=\"twitter:label2\" content=\"Dur\u00e9e de lecture estim\u00e9e\" \/>\n\t<meta name=\"twitter:data2\" content=\"1 minute\" \/>\n<script type=\"application\/ld+json\" class=\"yoast-schema-graph\">{\"@context\":\"https:\/\/schema.org\",\"@graph\":[{\"@type\":\"Article\",\"@id\":\"https:\/\/vosgesinfo.fr\/remiremontinfo\/2022\/08\/girmont-feu-dartifice-tire-a-loccasion-de-fete-de-lete\/#article\",\"isPartOf\":{\"@id\":\"https:\/\/vosgesinfo.fr\/remiremontinfo\/2022\/08\/girmont-feu-dartifice-tire-a-loccasion-de-fete-de-lete\/\"},\"author\":{\"name\":\"C D\",\"@id\":\"https:\/\/vosgesinfo.fr\/remiremontinfo\/#\/schema\/person\/3bfd164d5218a185b1db68655a265316\"},\"headline\":\"Girmont : un feu d&rsquo;artifice tir\u00e9 \u00e0 l&rsquo;occasion de la F\u00eate de l&rsquo;\u00e9t\u00e9\",\"datePublished\":\"2022-08-08T07:28:30+00:00\",\"dateModified\":\"2022-08-08T07:28:30+00:00\",\"mainEntityOfPage\":{\"@id\":\"https:\/\/vosgesinfo.fr\/remiremontinfo\/2022\/08\/girmont-feu-dartifice-tire-a-loccasion-de-fete-de-lete\/\"},\"wordCount\":277,\"commentCount\":0,\"publisher\":{\"@id\":\"https:\/\/vosgesinfo.fr\/remiremontinfo\/#organization\"},\"image\":{\"@id\":\"https:\/\/vosgesinfo.fr\/remiremontinfo\/2022\/08\/girmont-feu-dartifice-tire-a-loccasion-de-fete-de-lete\/#primaryimage\"},\"thumbnailUrl\":\"https:\/\/vosgesinfo.fr\/app\/uploads\/sites\/5\/2024\/09\/202208298149697-349504350725229-83577485040023574-n.jpg\",\"keywords\":[\"f\u00eate\",\"Feu d'artifice\",\"Girmont\"],\"articleSection\":[\"A la Une\",\"F\u00eates\",\"Le Val-d'Ajol &amp; son canton\"],\"inLanguage\":\"fr-FR\",\"potentialAction\":[{\"@type\":\"CommentAction\",\"name\":\"Comment\",\"target\":[\"https:\/\/vosgesinfo.fr\/remiremontinfo\/2022\/08\/girmont-feu-dartifice-tire-a-loccasion-de-fete-de-lete\/#respond\"]}]},{\"@type\":\"WebPage\",\"@id\":\"https:\/\/vosgesinfo.fr\/remiremontinfo\/2022\/08\/girmont-feu-dartifice-tire-a-loccasion-de-fete-de-lete\/\",\"url\":\"https:\/\/vosgesinfo.fr\/remiremontinfo\/2022\/08\/girmont-feu-dartifice-tire-a-loccasion-de-fete-de-lete\/\",\"name\":\"Girmont : un feu d'artifice tir\u00e9 \u00e0 l'occasion de la F\u00eate de l'\u00e9t\u00e9 - Remiremont Info\",\"isPartOf\":{\"@id\":\"https:\/\/vosgesinfo.fr\/remiremontinfo\/#website\"},\"primaryImageOfPage\":{\"@id\":\"https:\/\/vosgesinfo.fr\/remiremontinfo\/2022\/08\/girmont-feu-dartifice-tire-a-loccasion-de-fete-de-lete\/#primaryimage\"},\"image\":{\"@id\":\"https:\/\/vosgesinfo.fr\/remiremontinfo\/2022\/08\/girmont-feu-dartifice-tire-a-loccasion-de-fete-de-lete\/#primaryimage\"},\"thumbnailUrl\":\"https:\/\/vosgesinfo.fr\/app\/uploads\/sites\/5\/2024\/09\/202208298149697-349504350725229-83577485040023574-n.jpg\",\"datePublished\":\"2022-08-08T07:28:30+00:00\",\"dateModified\":\"2022-08-08T07:28:30+00:00\",\"breadcrumb\":{\"@id\":\"https:\/\/vosgesinfo.fr\/remiremontinfo\/2022\/08\/girmont-feu-dartifice-tire-a-loccasion-de-fete-de-lete\/#breadcrumb\"},\"inLanguage\":\"fr-FR\",\"potentialAction\":[{\"@type\":\"ReadAction\",\"target\":[\"https:\/\/vosgesinfo.fr\/remiremontinfo\/2022\/08\/girmont-feu-dartifice-tire-a-loccasion-de-fete-de-lete\/\"]}]},{\"@type\":\"ImageObject\",\"inLanguage\":\"fr-FR\",\"@id\":\"https:\/\/vosgesinfo.fr\/remiremontinfo\/2022\/08\/girmont-feu-dartifice-tire-a-loccasion-de-fete-de-lete\/#primaryimage\",\"url\":\"https:\/\/vosgesinfo.fr\/app\/uploads\/sites\/5\/2024\/09\/202208298149697-349504350725229-83577485040023574-n.jpg\",\"contentUrl\":\"https:\/\/vosgesinfo.fr\/app\/uploads\/sites\/5\/2024\/09\/202208298149697-349504350725229-83577485040023574-n.jpg\",\"width\":1600,\"height\":1200},{\"@type\":\"BreadcrumbList\",\"@id\":\"https:\/\/vosgesinfo.fr\/remiremontinfo\/2022\/08\/girmont-feu-dartifice-tire-a-loccasion-de-fete-de-lete\/#breadcrumb\",\"itemListElement\":[{\"@type\":\"ListItem\",\"position\":1,\"name\":\"Home\",\"item\":\"https:\/\/vosgesinfo.fr\/remiremontinfo\/\"},{\"@type\":\"ListItem\",\"position\":2,\"name\":\"Girmont : un feu d&rsquo;artifice tir\u00e9 \u00e0 l&rsquo;occasion de la F\u00eate de l&rsquo;\u00e9t\u00e9\"}]},{\"@type\":\"WebSite\",\"@id\":\"https:\/\/vosgesinfo.fr\/remiremontinfo\/#website\",\"url\":\"https:\/\/vosgesinfo.fr\/remiremontinfo\/\",\"name\":\"Remiremont Info\",\"description\":\"Toute l&#039;actualit\u00e9 de Remiremont\",\"publisher\":{\"@id\":\"https:\/\/vosgesinfo.fr\/remiremontinfo\/#organization\"},\"alternateName\":\"Toute l'actualit\u00e9 de Remiremont\",\"potentialAction\":[{\"@type\":\"SearchAction\",\"target\":{\"@type\":\"EntryPoint\",\"urlTemplate\":\"https:\/\/vosgesinfo.fr\/remiremontinfo\/?s={search_term_string}\"},\"query-input\":\"required name=search_term_string\"}],\"inLanguage\":\"fr-FR\"},{\"@type\":\"Organization\",\"@id\":\"https:\/\/vosgesinfo.fr\/remiremontinfo\/#organization\",\"name\":\"Remiremont Info\",\"url\":\"https:\/\/vosgesinfo.fr\/remiremontinfo\/\",\"logo\":{\"@type\":\"ImageObject\",\"inLanguage\":\"fr-FR\",\"@id\":\"https:\/\/vosgesinfo.fr\/remiremontinfo\/#\/schema\/logo\/image\/\",\"url\":\"https:\/\/vosgesinfo.fr\/app\/uploads\/sites\/5\/2023\/08\/favicon-remiremontinfo.png\",\"contentUrl\":\"https:\/\/vosgesinfo.fr\/app\/uploads\/sites\/5\/2023\/08\/favicon-remiremontinfo.png\",\"width\":512,\"height\":512,\"caption\":\"Remiremont Info\"},\"image\":{\"@id\":\"https:\/\/vosgesinfo.fr\/remiremontinfo\/#\/schema\/logo\/image\/\"},\"sameAs\":[\"https:\/\/www.facebook.com\/remiremontinfo\",\"https:\/\/x.com\/VosgesInfo88\",\"https:\/\/www.youtube.com\/@vosgesinfo\"]},{\"@type\":\"Person\",\"@id\":\"https:\/\/vosgesinfo.fr\/remiremontinfo\/#\/schema\/person\/3bfd164d5218a185b1db68655a265316\",\"name\":\"C D\",\"image\":{\"@type\":\"ImageObject\",\"inLanguage\":\"fr-FR\",\"@id\":\"https:\/\/vosgesinfo.fr\/remiremontinfo\/#\/schema\/person\/image\/\",\"url\":\"https:\/\/secure.gravatar.com\/avatar\/1f9a70007336511a47468b8f1c66f922b8b7cf617b02a31149ada43893a5d48f?s=96&d=mm&r=g\",\"contentUrl\":\"https:\/\/secure.gravatar.com\/avatar\/1f9a70007336511a47468b8f1c66f922b8b7cf617b02a31149ada43893a5d48f?s=96&d=mm&r=g\",\"caption\":\"C D\"},\"url\":\"https:\/\/vosgesinfo.fr\/remiremontinfo\/author\/cedric-drevet\/\"}]}<\/script>\n<!-- \/ Yoast SEO plugin. -->","yoast_head_json":{"title":"Girmont : un feu d'artifice tir\u00e9 \u00e0 l'occasion de la F\u00eate de l'\u00e9t\u00e9 - Remiremont Info","robots":{"index":"index","follow":"follow","max-snippet":"max-snippet:-1","max-image-preview":"max-image-preview:large","max-video-preview":"max-video-preview:-1"},"canonical":"https:\/\/vosgesinfo.fr\/remiremontinfo\/2022\/08\/girmont-feu-dartifice-tire-a-loccasion-de-fete-de-lete\/","twitter_card":"summary_large_image","twitter_title":"Girmont : un feu d'artifice tir\u00e9 \u00e0 l'occasion de la F\u00eate de l'\u00e9t\u00e9 - Remiremont Info","twitter_description":"Photo par\u00a0March\u00e9 Nocturne Girmont Val d&rsquo;Ajol Le F\u00eate de l\u2019\u00e9t\u00e9 a eu lieu ce week-end au Girmont Val d\u2019Ajol. Au [&hellip;]","twitter_image":"https:\/\/vosgesinfo.fr\/app\/uploads\/sites\/5\/2024\/09\/202208298149697-349504350725229-83577485040023574-n.jpg","twitter_creator":"@VosgesInfo88","twitter_site":"@VosgesInfo88","twitter_misc":{"\u00c9crit par":"C D","Dur\u00e9e de lecture estim\u00e9e":"1 minute"},"schema":{"@context":"https:\/\/schema.org","@graph":[{"@type":"Article","@id":"https:\/\/vosgesinfo.fr\/remiremontinfo\/2022\/08\/girmont-feu-dartifice-tire-a-loccasion-de-fete-de-lete\/#article","isPartOf":{"@id":"https:\/\/vosgesinfo.fr\/remiremontinfo\/2022\/08\/girmont-feu-dartifice-tire-a-loccasion-de-fete-de-lete\/"},"author":{"name":"C D","@id":"https:\/\/vosgesinfo.fr\/remiremontinfo\/#\/schema\/person\/3bfd164d5218a185b1db68655a265316"},"headline":"Girmont : un feu d&rsquo;artifice tir\u00e9 \u00e0 l&rsquo;occasion de la F\u00eate de l&rsquo;\u00e9t\u00e9","datePublished":"2022-08-08T07:28:30+00:00","dateModified":"2022-08-08T07:28:30+00:00","mainEntityOfPage":{"@id":"https:\/\/vosgesinfo.fr\/remiremontinfo\/2022\/08\/girmont-feu-dartifice-tire-a-loccasion-de-fete-de-lete\/"},"wordCount":277,"commentCount":0,"publisher":{"@id":"https:\/\/vosgesinfo.fr\/remiremontinfo\/#organization"},"image":{"@id":"https:\/\/vosgesinfo.fr\/remiremontinfo\/2022\/08\/girmont-feu-dartifice-tire-a-loccasion-de-fete-de-lete\/#primaryimage"},"thumbnailUrl":"https:\/\/vosgesinfo.fr\/app\/uploads\/sites\/5\/2024\/09\/202208298149697-349504350725229-83577485040023574-n.jpg","keywords":["f\u00eate","Feu d'artifice","Girmont"],"articleSection":["A la Une","F\u00eates","Le Val-d'Ajol &amp; son canton"],"inLanguage":"fr-FR","potentialAction":[{"@type":"CommentAction","name":"Comment","target":["https:\/\/vosgesinfo.fr\/remiremontinfo\/2022\/08\/girmont-feu-dartifice-tire-a-loccasion-de-fete-de-lete\/#respond"]}]},{"@type":"WebPage","@id":"https:\/\/vosgesinfo.fr\/remiremontinfo\/2022\/08\/girmont-feu-dartifice-tire-a-loccasion-de-fete-de-lete\/","url":"https:\/\/vosgesinfo.fr\/remiremontinfo\/2022\/08\/girmont-feu-dartifice-tire-a-loccasion-de-fete-de-lete\/","name":"Girmont : un feu d'artifice tir\u00e9 \u00e0 l'occasion de la F\u00eate de l'\u00e9t\u00e9 - Remiremont Info","isPartOf":{"@id":"https:\/\/vosgesinfo.fr\/remiremontinfo\/#website"},"primaryImageOfPage":{"@id":"https:\/\/vosgesinfo.fr\/remiremontinfo\/2022\/08\/girmont-feu-dartifice-tire-a-loccasion-de-fete-de-lete\/#primaryimage"},"image":{"@id":"https:\/\/vosgesinfo.fr\/remiremontinfo\/2022\/08\/girmont-feu-dartifice-tire-a-loccasion-de-fete-de-lete\/#primaryimage"},"thumbnailUrl":"https:\/\/vosgesinfo.fr\/app\/uploads\/sites\/5\/2024\/09\/202208298149697-349504350725229-83577485040023574-n.jpg","datePublished":"2022-08-08T07:28:30+00:00","dateModified":"2022-08-08T07:28:30+00:00","breadcrumb":{"@id":"https:\/\/vosgesinfo.fr\/remiremontinfo\/2022\/08\/girmont-feu-dartifice-tire-a-loccasion-de-fete-de-lete\/#breadcrumb"},"inLanguage":"fr-FR","potentialAction":[{"@type":"ReadAction","target":["https:\/\/vosgesinfo.fr\/remiremontinfo\/2022\/08\/girmont-feu-dartifice-tire-a-loccasion-de-fete-de-lete\/"]}]},{"@type":"ImageObject","inLanguage":"fr-FR","@id":"https:\/\/vosgesinfo.fr\/remiremontinfo\/2022\/08\/girmont-feu-dartifice-tire-a-loccasion-de-fete-de-lete\/#primaryimage","url":"https:\/\/vosgesinfo.fr\/app\/uploads\/sites\/5\/2024\/09\/202208298149697-349504350725229-83577485040023574-n.jpg","contentUrl":"https:\/\/vosgesinfo.fr\/app\/uploads\/sites\/5\/2024\/09\/202208298149697-349504350725229-83577485040023574-n.jpg","width":1600,"height":1200},{"@type":"BreadcrumbList","@id":"https:\/\/vosgesinfo.fr\/remiremontinfo\/2022\/08\/girmont-feu-dartifice-tire-a-loccasion-de-fete-de-lete\/#breadcrumb","itemListElement":[{"@type":"ListItem","position":1,"name":"Home","item":"https:\/\/vosgesinfo.fr\/remiremontinfo\/"},{"@type":"ListItem","position":2,"name":"Girmont : un feu d&rsquo;artifice tir\u00e9 \u00e0 l&rsquo;occasion de la F\u00eate de l&rsquo;\u00e9t\u00e9"}]},{"@type":"WebSite","@id":"https:\/\/vosgesinfo.fr\/remiremontinfo\/#website","url":"https:\/\/vosgesinfo.fr\/remiremontinfo\/","name":"Remiremont Info","description":"Toute l&#039;actualit\u00e9 de Remiremont","publisher":{"@id":"https:\/\/vosgesinfo.fr\/remiremontinfo\/#organization"},"alternateName":"Toute l'actualit\u00e9 de Remiremont","potentialAction":[{"@type":"SearchAction","target":{"@type":"EntryPoint","urlTemplate":"https:\/\/vosgesinfo.fr\/remiremontinfo\/?s={search_term_string}"},"query-input":"required name=search_term_string"}],"inLanguage":"fr-FR"},{"@type":"Organization","@id":"https:\/\/vosgesinfo.fr\/remiremontinfo\/#organization","name":"Remiremont Info","url":"https:\/\/vosgesinfo.fr\/remiremontinfo\/","logo":{"@type":"ImageObject","inLanguage":"fr-FR","@id":"https:\/\/vosgesinfo.fr\/remiremontinfo\/#\/schema\/logo\/image\/","url":"https:\/\/vosgesinfo.fr\/app\/uploads\/sites\/5\/2023\/08\/favicon-remiremontinfo.png","contentUrl":"https:\/\/vosgesinfo.fr\/app\/uploads\/sites\/5\/2023\/08\/favicon-remiremontinfo.png","width":512,"height":512,"caption":"Remiremont Info"},"image":{"@id":"https:\/\/vosgesinfo.fr\/remiremontinfo\/#\/schema\/logo\/image\/"},"sameAs":["https:\/\/www.facebook.com\/remiremontinfo","https:\/\/x.com\/VosgesInfo88","https:\/\/www.youtube.com\/@vosgesinfo"]},{"@type":"Person","@id":"https:\/\/vosgesinfo.fr\/remiremontinfo\/#\/schema\/person\/3bfd164d5218a185b1db68655a265316","name":"C D","image":{"@type":"ImageObject","inLanguage":"fr-FR","@id":"https:\/\/vosgesinfo.fr\/remiremontinfo\/#\/schema\/person\/image\/","url":"https:\/\/secure.gravatar.com\/avatar\/1f9a70007336511a47468b8f1c66f922b8b7cf617b02a31149ada43893a5d48f?s=96&d=mm&r=g","contentUrl":"https:\/\/secure.gravatar.com\/avatar\/1f9a70007336511a47468b8f1c66f922b8b7cf617b02a31149ada43893a5d48f?s=96&d=mm&r=g","caption":"C D"},"url":"https:\/\/vosgesinfo.fr\/remiremontinfo\/author\/cedric-drevet\/"}]}},"_links":{"self":[{"href":"https:\/\/vosgesinfo.fr\/remiremontinfo\/wp-json\/wp\/v2\/posts\/59932","targetHints":{"allow":["GET"]}}],"collection":[{"href":"https:\/\/vosgesinfo.fr\/remiremontinfo\/wp-json\/wp\/v2\/posts"}],"about":[{"href":"https:\/\/vosgesinfo.fr\/remiremontinfo\/wp-json\/wp\/v2\/types\/post"}],"author":[{"embeddable":true,"href":"https:\/\/vosgesinfo.fr\/remiremontinfo\/wp-json\/wp\/v2\/users\/407"}],"replies":[{"embeddable":true,"href":"https:\/\/vosgesinfo.fr\/remiremontinfo\/wp-json\/wp\/v2\/comments?post=59932"}],"version-history":[{"count":0,"href":"https:\/\/vosgesinfo.fr\/remiremontinfo\/wp-json\/wp\/v2\/posts\/59932\/revisions"}],"wp:featuredmedia":[{"embeddable":true,"href":"https:\/\/vosgesinfo.fr\/remiremontinfo\/wp-json\/wp\/v2\/media\/59933"}],"wp:attachment":[{"href":"https:\/\/vosgesinfo.fr\/remiremontinfo\/wp-json\/wp\/v2\/media?parent=59932"}],"wp:term":[{"taxonomy":"category","embeddable":true,"href":"https:\/\/vosgesinfo.fr\/remiremontinfo\/wp-json\/wp\/v2\/categories?post=59932"},{"taxonomy":"post_tag","embeddable":true,"href":"https:\/\/vosgesinfo.fr\/remiremontinfo\/wp-json\/wp\/v2\/tags?post=59932"}],"curies":[{"name":"wp","href":"https:\/\/api.w.org\/{rel}","templated":true}]}}