{"id":59936,"date":"2022-08-08T09:38:41","date_gmt":"2022-08-08T07:38:41","guid":{"rendered":"https:\/\/vosgesinfo.fr\/remiremontinfo\/2022\/08\/valentin-de-retour-vosges-apres-tour-de-france-a-pied\/"},"modified":"2022-08-08T09:38:41","modified_gmt":"2022-08-08T07:38:41","slug":"valentin-de-retour-vosges-apres-tour-de-france-a-pied","status":"publish","type":"post","link":"https:\/\/vosgesinfo.fr\/remiremontinfo\/2022\/08\/valentin-de-retour-vosges-apres-tour-de-france-a-pied\/","title":{"rendered":"Valentin de retour dans les Vosges apr\u00e8s son tour de France \u00e0 pied"},"content":{"rendered":"<h2>Il l\u2019a fait ! Le jeune vosgien, Valentin Michel, est de retour dans les Vosges apr\u00e8s son\u00a0 tour de France \u00e0 pied entam\u00e9 le 9 avril dernier, 1600 km parcourus. Le\u00a0jeune homme de 29 ans, ma\u00eetre-nageur et rugbyman vosgien, a \u00e9t\u00e9 victime d\u2019un accident vasculaire c\u00e9r\u00e9bral\u00a0(AVC)\u00a0en 2019. Il est attendu ce lundi, vers 17h \u00e0 la gare d\u2019Epinal.<\/h2>\n<p>Valentin, surnomm\u00e9 Valou avait pris le d\u00e9part le 9 avril dernier pour un tour de France \u00e0 pied.\u00a0Symboliquement, Valou \u00e9tait parti \u00e0 pied de la place des Vosges d\u2019Epinal vers cette grande aventure humaine du d\u00e9passement de soi.<\/p>\n<p>Un p\u00e9riple dans tout le pays pour montrer que m\u00eame apr\u00e8s un AVC la vie ne s\u2019arr\u00eate pas.\u00a0<em>\u00a0\u00bb \u00c7a y est, j\u2019ai vaincu mon AVC. J\u2019ai eu des grosses s\u00e9quelles. J\u2019en ai des plus petites. Elles sont encore l\u00e0 mais j\u2019ai vaincu mon AVC. Le tour de France s\u2019est transform\u00e9 en angle droit (Epinal \u2013 Bordeaux avec un d\u00e9tour vers Beziers) et je ne pensais pas que c\u2019\u00e9tait possible mais si. Je suis si fier ! Certains me diront que c\u2019est courageux, d\u2019autres que c\u2019est fou mais c\u2019est comme \u00e7a que j\u2019ai vaincu mon AVC. Je l\u2019ai vaincu par le sport parce que je me sens sportif, d\u2019autres le font en reprenant des \u00e9tudes et ainsi de suite\u2026 Comme le dit ma maman \u00ab\u00a0\u00c0 chacun son everest\u00a0\u00bb, le mien \u00e9tait ce magnifique, difficile voyage o\u00f9 j\u2019ai \u00e9t\u00e9 \u00e9bloui par les paysages, \u00e9bloui par les personnes qui m\u2019h\u00e9bergeaient, \u00e9bloui par les messages positifs que je re\u00e7evais et \u00e9bloui par le bien que \u00e7a vous a fait !\u00a0\u00bb<\/em>\u00a0explique-t-il sur les<\/p>\n","protected":false},"excerpt":{"rendered":"<p>Il l\u2019a fait ! Le jeune vosgien, Valentin Michel, est de retour dans les Vosges apr\u00e8s son\u00a0 tour de France [&hellip;]<\/p>\n","protected":false},"author":407,"featured_media":59937,"comment_status":"open","ping_status":"open","sticky":false,"template":"","format":"standard","meta":{"footnotes":""},"categories":[26,14,18],"tags":[493,4383,32],"class_list":["post-59936","post","type-post","status-publish","format-standard","has-post-thumbnail","hentry","category-a-la-une","category-sport","category-vosges","tag-marche","tag-valentin","tag-vosges"],"acf":[],"yoast_head":"<!-- This site is optimized with the Yoast SEO plugin v22.5 - https:\/\/yoast.com\/wordpress\/plugins\/seo\/ -->\n<title>Valentin de retour dans les Vosges apr\u00e8s son tour de France \u00e0 pied - Remiremont Info<\/title>\n<meta name=\"robots\" content=\"index, follow, max-snippet:-1, max-image-preview:large, max-video-preview:-1\" \/>\n<link rel=\"canonical\" href=\"https:\/\/vosgesinfo.fr\/remiremontinfo\/2022\/08\/valentin-de-retour-vosges-apres-tour-de-france-a-pied\/\" \/>\n<meta name=\"twitter:card\" content=\"summary_large_image\" \/>\n<meta name=\"twitter:title\" content=\"Valentin de retour dans les Vosges apr\u00e8s son tour de France \u00e0 pied - Remiremont Info\" \/>\n<meta name=\"twitter:description\" content=\"Il l\u2019a fait ! Le jeune vosgien, Valentin Michel, est de retour dans les Vosges apr\u00e8s son\u00a0 tour de France [&hellip;]\" \/>\n<meta name=\"twitter:image\" content=\"https:\/\/vosgesinfo.fr\/app\/uploads\/sites\/5\/2024\/09\/202208valou-depart-800x600-1.jpg\" \/>\n<meta name=\"twitter:creator\" content=\"@VosgesInfo88\" \/>\n<meta name=\"twitter:site\" content=\"@VosgesInfo88\" \/>\n<meta name=\"twitter:label1\" content=\"\u00c9crit par\" \/>\n\t<meta name=\"twitter:data1\" content=\"C D\" \/>\n\t<meta name=\"twitter:label2\" content=\"Dur\u00e9e de lecture estim\u00e9e\" \/>\n\t<meta name=\"twitter:data2\" content=\"1 minute\" \/>\n<script type=\"application\/ld+json\" class=\"yoast-schema-graph\">{\"@context\":\"https:\/\/schema.org\",\"@graph\":[{\"@type\":\"Article\",\"@id\":\"https:\/\/vosgesinfo.fr\/remiremontinfo\/2022\/08\/valentin-de-retour-vosges-apres-tour-de-france-a-pied\/#article\",\"isPartOf\":{\"@id\":\"https:\/\/vosgesinfo.fr\/remiremontinfo\/2022\/08\/valentin-de-retour-vosges-apres-tour-de-france-a-pied\/\"},\"author\":{\"name\":\"C D\",\"@id\":\"https:\/\/vosgesinfo.fr\/remiremontinfo\/#\/schema\/person\/3bfd164d5218a185b1db68655a265316\"},\"headline\":\"Valentin de retour dans les Vosges apr\u00e8s son tour de France \u00e0 pied\",\"datePublished\":\"2022-08-08T07:38:41+00:00\",\"dateModified\":\"2022-08-08T07:38:41+00:00\",\"mainEntityOfPage\":{\"@id\":\"https:\/\/vosgesinfo.fr\/remiremontinfo\/2022\/08\/valentin-de-retour-vosges-apres-tour-de-france-a-pied\/\"},\"wordCount\":302,\"commentCount\":0,\"publisher\":{\"@id\":\"https:\/\/vosgesinfo.fr\/remiremontinfo\/#organization\"},\"image\":{\"@id\":\"https:\/\/vosgesinfo.fr\/remiremontinfo\/2022\/08\/valentin-de-retour-vosges-apres-tour-de-france-a-pied\/#primaryimage\"},\"thumbnailUrl\":\"https:\/\/vosgesinfo.fr\/app\/uploads\/sites\/5\/2024\/09\/202208valou-depart-800x600-1.jpg\",\"keywords\":[\"march\u00e9\",\"valentin\",\"Vosges\"],\"articleSection\":[\"A la Une\",\"Sport\",\"Vosges\"],\"inLanguage\":\"fr-FR\",\"potentialAction\":[{\"@type\":\"CommentAction\",\"name\":\"Comment\",\"target\":[\"https:\/\/vosgesinfo.fr\/remiremontinfo\/2022\/08\/valentin-de-retour-vosges-apres-tour-de-france-a-pied\/#respond\"]}]},{\"@type\":\"WebPage\",\"@id\":\"https:\/\/vosgesinfo.fr\/remiremontinfo\/2022\/08\/valentin-de-retour-vosges-apres-tour-de-france-a-pied\/\",\"url\":\"https:\/\/vosgesinfo.fr\/remiremontinfo\/2022\/08\/valentin-de-retour-vosges-apres-tour-de-france-a-pied\/\",\"name\":\"Valentin de retour dans les Vosges apr\u00e8s son tour de France \u00e0 pied - Remiremont Info\",\"isPartOf\":{\"@id\":\"https:\/\/vosgesinfo.fr\/remiremontinfo\/#website\"},\"primaryImageOfPage\":{\"@id\":\"https:\/\/vosgesinfo.fr\/remiremontinfo\/2022\/08\/valentin-de-retour-vosges-apres-tour-de-france-a-pied\/#primaryimage\"},\"image\":{\"@id\":\"https:\/\/vosgesinfo.fr\/remiremontinfo\/2022\/08\/valentin-de-retour-vosges-apres-tour-de-france-a-pied\/#primaryimage\"},\"thumbnailUrl\":\"https:\/\/vosgesinfo.fr\/app\/uploads\/sites\/5\/2024\/09\/202208valou-depart-800x600-1.jpg\",\"datePublished\":\"2022-08-08T07:38:41+00:00\",\"dateModified\":\"2022-08-08T07:38:41+00:00\",\"breadcrumb\":{\"@id\":\"https:\/\/vosgesinfo.fr\/remiremontinfo\/2022\/08\/valentin-de-retour-vosges-apres-tour-de-france-a-pied\/#breadcrumb\"},\"inLanguage\":\"fr-FR\",\"potentialAction\":[{\"@type\":\"ReadAction\",\"target\":[\"https:\/\/vosgesinfo.fr\/remiremontinfo\/2022\/08\/valentin-de-retour-vosges-apres-tour-de-france-a-pied\/\"]}]},{\"@type\":\"ImageObject\",\"inLanguage\":\"fr-FR\",\"@id\":\"https:\/\/vosgesinfo.fr\/remiremontinfo\/2022\/08\/valentin-de-retour-vosges-apres-tour-de-france-a-pied\/#primaryimage\",\"url\":\"https:\/\/vosgesinfo.fr\/app\/uploads\/sites\/5\/2024\/09\/202208valou-depart-800x600-1.jpg\",\"contentUrl\":\"https:\/\/vosgesinfo.fr\/app\/uploads\/sites\/5\/2024\/09\/202208valou-depart-800x600-1.jpg\",\"width\":800,\"height\":600},{\"@type\":\"BreadcrumbList\",\"@id\":\"https:\/\/vosgesinfo.fr\/remiremontinfo\/2022\/08\/valentin-de-retour-vosges-apres-tour-de-france-a-pied\/#breadcrumb\",\"itemListElement\":[{\"@type\":\"ListItem\",\"position\":1,\"name\":\"Home\",\"item\":\"https:\/\/vosgesinfo.fr\/remiremontinfo\/\"},{\"@type\":\"ListItem\",\"position\":2,\"name\":\"Valentin de retour dans les Vosges apr\u00e8s son tour de France \u00e0 pied\"}]},{\"@type\":\"WebSite\",\"@id\":\"https:\/\/vosgesinfo.fr\/remiremontinfo\/#website\",\"url\":\"https:\/\/vosgesinfo.fr\/remiremontinfo\/\",\"name\":\"Remiremont Info\",\"description\":\"Toute l&#039;actualit\u00e9 de Remiremont\",\"publisher\":{\"@id\":\"https:\/\/vosgesinfo.fr\/remiremontinfo\/#organization\"},\"alternateName\":\"Toute l'actualit\u00e9 de Remiremont\",\"potentialAction\":[{\"@type\":\"SearchAction\",\"target\":{\"@type\":\"EntryPoint\",\"urlTemplate\":\"https:\/\/vosgesinfo.fr\/remiremontinfo\/?s={search_term_string}\"},\"query-input\":\"required name=search_term_string\"}],\"inLanguage\":\"fr-FR\"},{\"@type\":\"Organization\",\"@id\":\"https:\/\/vosgesinfo.fr\/remiremontinfo\/#organization\",\"name\":\"Remiremont Info\",\"url\":\"https:\/\/vosgesinfo.fr\/remiremontinfo\/\",\"logo\":{\"@type\":\"ImageObject\",\"inLanguage\":\"fr-FR\",\"@id\":\"https:\/\/vosgesinfo.fr\/remiremontinfo\/#\/schema\/logo\/image\/\",\"url\":\"https:\/\/vosgesinfo.fr\/app\/uploads\/sites\/5\/2023\/08\/favicon-remiremontinfo.png\",\"contentUrl\":\"https:\/\/vosgesinfo.fr\/app\/uploads\/sites\/5\/2023\/08\/favicon-remiremontinfo.png\",\"width\":512,\"height\":512,\"caption\":\"Remiremont Info\"},\"image\":{\"@id\":\"https:\/\/vosgesinfo.fr\/remiremontinfo\/#\/schema\/logo\/image\/\"},\"sameAs\":[\"https:\/\/www.facebook.com\/remiremontinfo\",\"https:\/\/x.com\/VosgesInfo88\",\"https:\/\/www.youtube.com\/@vosgesinfo\"]},{\"@type\":\"Person\",\"@id\":\"https:\/\/vosgesinfo.fr\/remiremontinfo\/#\/schema\/person\/3bfd164d5218a185b1db68655a265316\",\"name\":\"C D\",\"image\":{\"@type\":\"ImageObject\",\"inLanguage\":\"fr-FR\",\"@id\":\"https:\/\/vosgesinfo.fr\/remiremontinfo\/#\/schema\/person\/image\/\",\"url\":\"https:\/\/secure.gravatar.com\/avatar\/1f9a70007336511a47468b8f1c66f922b8b7cf617b02a31149ada43893a5d48f?s=96&d=mm&r=g\",\"contentUrl\":\"https:\/\/secure.gravatar.com\/avatar\/1f9a70007336511a47468b8f1c66f922b8b7cf617b02a31149ada43893a5d48f?s=96&d=mm&r=g\",\"caption\":\"C D\"},\"url\":\"https:\/\/vosgesinfo.fr\/remiremontinfo\/author\/cedric-drevet\/\"}]}<\/script>\n<!-- \/ Yoast SEO plugin. -->","yoast_head_json":{"title":"Valentin de retour dans les Vosges apr\u00e8s son tour de France \u00e0 pied - Remiremont Info","robots":{"index":"index","follow":"follow","max-snippet":"max-snippet:-1","max-image-preview":"max-image-preview:large","max-video-preview":"max-video-preview:-1"},"canonical":"https:\/\/vosgesinfo.fr\/remiremontinfo\/2022\/08\/valentin-de-retour-vosges-apres-tour-de-france-a-pied\/","twitter_card":"summary_large_image","twitter_title":"Valentin de retour dans les Vosges apr\u00e8s son tour de France \u00e0 pied - Remiremont Info","twitter_description":"Il l\u2019a fait ! Le jeune vosgien, Valentin Michel, est de retour dans les Vosges apr\u00e8s son\u00a0 tour de France [&hellip;]","twitter_image":"https:\/\/vosgesinfo.fr\/app\/uploads\/sites\/5\/2024\/09\/202208valou-depart-800x600-1.jpg","twitter_creator":"@VosgesInfo88","twitter_site":"@VosgesInfo88","twitter_misc":{"\u00c9crit par":"C D","Dur\u00e9e de lecture estim\u00e9e":"1 minute"},"schema":{"@context":"https:\/\/schema.org","@graph":[{"@type":"Article","@id":"https:\/\/vosgesinfo.fr\/remiremontinfo\/2022\/08\/valentin-de-retour-vosges-apres-tour-de-france-a-pied\/#article","isPartOf":{"@id":"https:\/\/vosgesinfo.fr\/remiremontinfo\/2022\/08\/valentin-de-retour-vosges-apres-tour-de-france-a-pied\/"},"author":{"name":"C D","@id":"https:\/\/vosgesinfo.fr\/remiremontinfo\/#\/schema\/person\/3bfd164d5218a185b1db68655a265316"},"headline":"Valentin de retour dans les Vosges apr\u00e8s son tour de France \u00e0 pied","datePublished":"2022-08-08T07:38:41+00:00","dateModified":"2022-08-08T07:38:41+00:00","mainEntityOfPage":{"@id":"https:\/\/vosgesinfo.fr\/remiremontinfo\/2022\/08\/valentin-de-retour-vosges-apres-tour-de-france-a-pied\/"},"wordCount":302,"commentCount":0,"publisher":{"@id":"https:\/\/vosgesinfo.fr\/remiremontinfo\/#organization"},"image":{"@id":"https:\/\/vosgesinfo.fr\/remiremontinfo\/2022\/08\/valentin-de-retour-vosges-apres-tour-de-france-a-pied\/#primaryimage"},"thumbnailUrl":"https:\/\/vosgesinfo.fr\/app\/uploads\/sites\/5\/2024\/09\/202208valou-depart-800x600-1.jpg","keywords":["march\u00e9","valentin","Vosges"],"articleSection":["A la Une","Sport","Vosges"],"inLanguage":"fr-FR","potentialAction":[{"@type":"CommentAction","name":"Comment","target":["https:\/\/vosgesinfo.fr\/remiremontinfo\/2022\/08\/valentin-de-retour-vosges-apres-tour-de-france-a-pied\/#respond"]}]},{"@type":"WebPage","@id":"https:\/\/vosgesinfo.fr\/remiremontinfo\/2022\/08\/valentin-de-retour-vosges-apres-tour-de-france-a-pied\/","url":"https:\/\/vosgesinfo.fr\/remiremontinfo\/2022\/08\/valentin-de-retour-vosges-apres-tour-de-france-a-pied\/","name":"Valentin de retour dans les Vosges apr\u00e8s son tour de France \u00e0 pied - Remiremont Info","isPartOf":{"@id":"https:\/\/vosgesinfo.fr\/remiremontinfo\/#website"},"primaryImageOfPage":{"@id":"https:\/\/vosgesinfo.fr\/remiremontinfo\/2022\/08\/valentin-de-retour-vosges-apres-tour-de-france-a-pied\/#primaryimage"},"image":{"@id":"https:\/\/vosgesinfo.fr\/remiremontinfo\/2022\/08\/valentin-de-retour-vosges-apres-tour-de-france-a-pied\/#primaryimage"},"thumbnailUrl":"https:\/\/vosgesinfo.fr\/app\/uploads\/sites\/5\/2024\/09\/202208valou-depart-800x600-1.jpg","datePublished":"2022-08-08T07:38:41+00:00","dateModified":"2022-08-08T07:38:41+00:00","breadcrumb":{"@id":"https:\/\/vosgesinfo.fr\/remiremontinfo\/2022\/08\/valentin-de-retour-vosges-apres-tour-de-france-a-pied\/#breadcrumb"},"inLanguage":"fr-FR","potentialAction":[{"@type":"ReadAction","target":["https:\/\/vosgesinfo.fr\/remiremontinfo\/2022\/08\/valentin-de-retour-vosges-apres-tour-de-france-a-pied\/"]}]},{"@type":"ImageObject","inLanguage":"fr-FR","@id":"https:\/\/vosgesinfo.fr\/remiremontinfo\/2022\/08\/valentin-de-retour-vosges-apres-tour-de-france-a-pied\/#primaryimage","url":"https:\/\/vosgesinfo.fr\/app\/uploads\/sites\/5\/2024\/09\/202208valou-depart-800x600-1.jpg","contentUrl":"https:\/\/vosgesinfo.fr\/app\/uploads\/sites\/5\/2024\/09\/202208valou-depart-800x600-1.jpg","width":800,"height":600},{"@type":"BreadcrumbList","@id":"https:\/\/vosgesinfo.fr\/remiremontinfo\/2022\/08\/valentin-de-retour-vosges-apres-tour-de-france-a-pied\/#breadcrumb","itemListElement":[{"@type":"ListItem","position":1,"name":"Home","item":"https:\/\/vosgesinfo.fr\/remiremontinfo\/"},{"@type":"ListItem","position":2,"name":"Valentin de retour dans les Vosges apr\u00e8s son tour de France \u00e0 pied"}]},{"@type":"WebSite","@id":"https:\/\/vosgesinfo.fr\/remiremontinfo\/#website","url":"https:\/\/vosgesinfo.fr\/remiremontinfo\/","name":"Remiremont Info","description":"Toute l&#039;actualit\u00e9 de Remiremont","publisher":{"@id":"https:\/\/vosgesinfo.fr\/remiremontinfo\/#organization"},"alternateName":"Toute l'actualit\u00e9 de Remiremont","potentialAction":[{"@type":"SearchAction","target":{"@type":"EntryPoint","urlTemplate":"https:\/\/vosgesinfo.fr\/remiremontinfo\/?s={search_term_string}"},"query-input":"required name=search_term_string"}],"inLanguage":"fr-FR"},{"@type":"Organization","@id":"https:\/\/vosgesinfo.fr\/remiremontinfo\/#organization","name":"Remiremont Info","url":"https:\/\/vosgesinfo.fr\/remiremontinfo\/","logo":{"@type":"ImageObject","inLanguage":"fr-FR","@id":"https:\/\/vosgesinfo.fr\/remiremontinfo\/#\/schema\/logo\/image\/","url":"https:\/\/vosgesinfo.fr\/app\/uploads\/sites\/5\/2023\/08\/favicon-remiremontinfo.png","contentUrl":"https:\/\/vosgesinfo.fr\/app\/uploads\/sites\/5\/2023\/08\/favicon-remiremontinfo.png","width":512,"height":512,"caption":"Remiremont Info"},"image":{"@id":"https:\/\/vosgesinfo.fr\/remiremontinfo\/#\/schema\/logo\/image\/"},"sameAs":["https:\/\/www.facebook.com\/remiremontinfo","https:\/\/x.com\/VosgesInfo88","https:\/\/www.youtube.com\/@vosgesinfo"]},{"@type":"Person","@id":"https:\/\/vosgesinfo.fr\/remiremontinfo\/#\/schema\/person\/3bfd164d5218a185b1db68655a265316","name":"C D","image":{"@type":"ImageObject","inLanguage":"fr-FR","@id":"https:\/\/vosgesinfo.fr\/remiremontinfo\/#\/schema\/person\/image\/","url":"https:\/\/secure.gravatar.com\/avatar\/1f9a70007336511a47468b8f1c66f922b8b7cf617b02a31149ada43893a5d48f?s=96&d=mm&r=g","contentUrl":"https:\/\/secure.gravatar.com\/avatar\/1f9a70007336511a47468b8f1c66f922b8b7cf617b02a31149ada43893a5d48f?s=96&d=mm&r=g","caption":"C D"},"url":"https:\/\/vosgesinfo.fr\/remiremontinfo\/author\/cedric-drevet\/"}]}},"_links":{"self":[{"href":"https:\/\/vosgesinfo.fr\/remiremontinfo\/wp-json\/wp\/v2\/posts\/59936","targetHints":{"allow":["GET"]}}],"collection":[{"href":"https:\/\/vosgesinfo.fr\/remiremontinfo\/wp-json\/wp\/v2\/posts"}],"about":[{"href":"https:\/\/vosgesinfo.fr\/remiremontinfo\/wp-json\/wp\/v2\/types\/post"}],"author":[{"embeddable":true,"href":"https:\/\/vosgesinfo.fr\/remiremontinfo\/wp-json\/wp\/v2\/users\/407"}],"replies":[{"embeddable":true,"href":"https:\/\/vosgesinfo.fr\/remiremontinfo\/wp-json\/wp\/v2\/comments?post=59936"}],"version-history":[{"count":0,"href":"https:\/\/vosgesinfo.fr\/remiremontinfo\/wp-json\/wp\/v2\/posts\/59936\/revisions"}],"wp:featuredmedia":[{"embeddable":true,"href":"https:\/\/vosgesinfo.fr\/remiremontinfo\/wp-json\/wp\/v2\/media\/59937"}],"wp:attachment":[{"href":"https:\/\/vosgesinfo.fr\/remiremontinfo\/wp-json\/wp\/v2\/media?parent=59936"}],"wp:term":[{"taxonomy":"category","embeddable":true,"href":"https:\/\/vosgesinfo.fr\/remiremontinfo\/wp-json\/wp\/v2\/categories?post=59936"},{"taxonomy":"post_tag","embeddable":true,"href":"https:\/\/vosgesinfo.fr\/remiremontinfo\/wp-json\/wp\/v2\/tags?post=59936"}],"curies":[{"name":"wp","href":"https:\/\/api.w.org\/{rel}","templated":true}]}}