{"id":59970,"date":"2022-08-08T08:52:37","date_gmt":"2022-08-08T06:52:37","guid":{"rendered":"https:\/\/vosgesinfo.fr\/remiremontinfo\/2022\/08\/vosges-victime-dun-spa-vandalise-proprietaire-dun-chalet-raconte\/"},"modified":"2022-08-08T08:52:37","modified_gmt":"2022-08-08T06:52:37","slug":"vosges-victime-dun-spa-vandalise-proprietaire-dun-chalet-raconte","status":"publish","type":"post","link":"https:\/\/vosgesinfo.fr\/remiremontinfo\/2022\/08\/vosges-victime-dun-spa-vandalise-proprietaire-dun-chalet-raconte\/","title":{"rendered":"Vosges : victime d\u2019un SPA vandalis\u00e9, le propri\u00e9taire d\u2019un chalet raconte"},"content":{"rendered":"<p>Le manque d\u2019eau li\u00e9 \u00e0 la s\u00e9cheresse exacerbe les sentiments et surtout les ressentiments. Dans la chaleur d\u2019un \u00e9t\u00e9 tr\u00e8s particulier \u00e0 la recherche d\u2019une eau salvatrice,\u00a0 un des huit propri\u00e9taires victimes la semaine derni\u00e8re d\u2019un \u00ab\u00a0perceur\u00a0\u00bb nocturne de SPA ou Jacuzzi sur le coteau de la Ray\u00e9e et dont le pr\u00e9judice total s\u2019\u00e9l\u00e8ve \u00e0 80 000\u20ac raconte (une cuve perc\u00e9e est \u00e0 changer ). Olivier Robert a \u00e9galement souhait\u00e9 donner son ressenti sur la situation actuelle.<\/p>\n<p>\u00ab\u00a0<em>Jeudi dernier vers 3h du matin, un individu a p\u00e9n\u00e9tr\u00e9 dans\u00a0 ma propri\u00e9t\u00e9 et toutes celles de mon quartier. Cette personne est rest\u00e9e 1h30 sur place<\/em>\u00a0en\u00a0<em>mode commando avec un bandana sur les yeux et des gants en latex<\/em>\u00a0\u00ab\u00a0constate le spinalien d\u2019origine dont une partie de la famille est originaire de G\u00e9rardmer \u00a0\u00bb\u00a0<em>je viens g\u00e9n\u00e9ralement une fois par semaine, je loue tr\u00e8s peu le chalet dont je dispose et j\u2019avoue que c\u2019est tr\u00e8s \u00ab\u00a0flippant\u00a0\u00bb d\u2019avoir une personne qui rentre chez soi la nuit pour un acte de sabotage en laissant un message de Robin des Bois au nom d\u2019un pseudo id\u00e9al.\u00a0\u00bb<\/em><\/p>\n<p>Plainte a \u00e9t\u00e9 d\u00e9pos\u00e9e par Olivier Robert, comme l\u2019ont fait \u00e9galement d\u2019autres propri\u00e9taires du coteau g\u00e9r\u00f4mois\u00a0\u00bb<em>\u00a0Ce qui arrive actuellement est la conjonction de plusieurs facteurs . Nous ne sommes pas responsables du manque d\u2019eau\u00a0\u00bb<\/em>\u00a0poursuit la victime. \u00ab\u00a0<em>La s\u00e9cheresse est la principale cause \u00e0 cette\u00a0 p\u00e9nurie \u00e0 laquelle s\u2019ajoute effectivement l\u2019affluence touristique comme elle existe depuis des dizaines d\u2019ann\u00e9es \u00e0 G\u00e9rardmer.\u00a0 Est-ce que le r\u00e9seau d\u2019eau est pour autant suffisant en sources et ressources par rapport \u00e0 l\u2019activit\u00e9 humaine ? Nous sommes aujourd\u2019hui stigmatis\u00e9s \u00e0 tort dans une ambiance malsaine. Un certain nombre de propri\u00e9taires sont pr\u00e8s \u00e0 se surprot\u00e9ger face \u00e0 cette violence hors du commun et non fond\u00e9e. Il faut \u00eatre d\u00e9termin\u00e9 pour faire des trous de 2cm de diam\u00e8tre et laisser sur place un message \u00e9crit \u00e0 l\u2019avance\u00a0\u00bb.<\/em><\/p>\n<p>Pour conclure Olivier Robert, dont l\u2019entreprise est sp\u00e9cialis\u00e9e dans le traitem<\/p>\n","protected":false},"excerpt":{"rendered":"<p>Le manque d\u2019eau li\u00e9 \u00e0 la s\u00e9cheresse exacerbe les sentiments et surtout les ressentiments. Dans la chaleur d\u2019un \u00e9t\u00e9 tr\u00e8s [&hellip;]<\/p>\n","protected":false},"author":407,"featured_media":59971,"comment_status":"open","ping_status":"open","sticky":false,"template":"","format":"standard","meta":{"footnotes":""},"categories":[26,8,18],"tags":[63,996,32],"class_list":["post-59970","post","type-post","status-publish","format-standard","has-post-thumbnail","hentry","category-a-la-une","category-faits-divers","category-vosges","tag-gerardmer","tag-spa","tag-vosges"],"acf":[],"yoast_head":"<!-- This site is optimized with the Yoast SEO plugin v22.5 - https:\/\/yoast.com\/wordpress\/plugins\/seo\/ -->\n<title>Vosges : victime d\u2019un SPA vandalis\u00e9, le propri\u00e9taire d\u2019un chalet raconte - Remiremont Info<\/title>\n<meta name=\"robots\" content=\"index, follow, max-snippet:-1, max-image-preview:large, max-video-preview:-1\" \/>\n<link rel=\"canonical\" href=\"https:\/\/vosgesinfo.fr\/remiremontinfo\/2022\/08\/vosges-victime-dun-spa-vandalise-proprietaire-dun-chalet-raconte\/\" \/>\n<meta name=\"twitter:card\" content=\"summary_large_image\" \/>\n<meta name=\"twitter:title\" content=\"Vosges : victime d\u2019un SPA vandalis\u00e9, le propri\u00e9taire d\u2019un chalet raconte - Remiremont Info\" \/>\n<meta name=\"twitter:description\" content=\"Le manque d\u2019eau li\u00e9 \u00e0 la s\u00e9cheresse exacerbe les sentiments et surtout les ressentiments. Dans la chaleur d\u2019un \u00e9t\u00e9 tr\u00e8s [&hellip;]\" \/>\n<meta name=\"twitter:image\" content=\"https:\/\/vosgesinfo.fr\/app\/uploads\/sites\/5\/2024\/09\/202208resized-61-e1659943631525.jpg\" \/>\n<meta name=\"twitter:creator\" content=\"@VosgesInfo88\" \/>\n<meta name=\"twitter:site\" content=\"@VosgesInfo88\" \/>\n<meta name=\"twitter:label1\" content=\"\u00c9crit par\" \/>\n\t<meta name=\"twitter:data1\" content=\"C D\" \/>\n\t<meta name=\"twitter:label2\" content=\"Dur\u00e9e de lecture estim\u00e9e\" \/>\n\t<meta name=\"twitter:data2\" content=\"2 minutes\" \/>\n<script type=\"application\/ld+json\" class=\"yoast-schema-graph\">{\"@context\":\"https:\/\/schema.org\",\"@graph\":[{\"@type\":\"Article\",\"@id\":\"https:\/\/vosgesinfo.fr\/remiremontinfo\/2022\/08\/vosges-victime-dun-spa-vandalise-proprietaire-dun-chalet-raconte\/#article\",\"isPartOf\":{\"@id\":\"https:\/\/vosgesinfo.fr\/remiremontinfo\/2022\/08\/vosges-victime-dun-spa-vandalise-proprietaire-dun-chalet-raconte\/\"},\"author\":{\"name\":\"C D\",\"@id\":\"https:\/\/vosgesinfo.fr\/remiremontinfo\/#\/schema\/person\/3bfd164d5218a185b1db68655a265316\"},\"headline\":\"Vosges : victime d\u2019un SPA vandalis\u00e9, le propri\u00e9taire d\u2019un chalet raconte\",\"datePublished\":\"2022-08-08T06:52:37+00:00\",\"dateModified\":\"2022-08-08T06:52:37+00:00\",\"mainEntityOfPage\":{\"@id\":\"https:\/\/vosgesinfo.fr\/remiremontinfo\/2022\/08\/vosges-victime-dun-spa-vandalise-proprietaire-dun-chalet-raconte\/\"},\"wordCount\":377,\"commentCount\":0,\"publisher\":{\"@id\":\"https:\/\/vosgesinfo.fr\/remiremontinfo\/#organization\"},\"image\":{\"@id\":\"https:\/\/vosgesinfo.fr\/remiremontinfo\/2022\/08\/vosges-victime-dun-spa-vandalise-proprietaire-dun-chalet-raconte\/#primaryimage\"},\"thumbnailUrl\":\"https:\/\/vosgesinfo.fr\/app\/uploads\/sites\/5\/2024\/09\/202208resized-61-e1659943631525.jpg\",\"keywords\":[\"g\u00e9rardmer\",\"spa\",\"Vosges\"],\"articleSection\":[\"A la Une\",\"Faits-divers\",\"Vosges\"],\"inLanguage\":\"fr-FR\",\"potentialAction\":[{\"@type\":\"CommentAction\",\"name\":\"Comment\",\"target\":[\"https:\/\/vosgesinfo.fr\/remiremontinfo\/2022\/08\/vosges-victime-dun-spa-vandalise-proprietaire-dun-chalet-raconte\/#respond\"]}]},{\"@type\":\"WebPage\",\"@id\":\"https:\/\/vosgesinfo.fr\/remiremontinfo\/2022\/08\/vosges-victime-dun-spa-vandalise-proprietaire-dun-chalet-raconte\/\",\"url\":\"https:\/\/vosgesinfo.fr\/remiremontinfo\/2022\/08\/vosges-victime-dun-spa-vandalise-proprietaire-dun-chalet-raconte\/\",\"name\":\"Vosges : victime d\u2019un SPA vandalis\u00e9, le propri\u00e9taire d\u2019un chalet raconte - Remiremont Info\",\"isPartOf\":{\"@id\":\"https:\/\/vosgesinfo.fr\/remiremontinfo\/#website\"},\"primaryImageOfPage\":{\"@id\":\"https:\/\/vosgesinfo.fr\/remiremontinfo\/2022\/08\/vosges-victime-dun-spa-vandalise-proprietaire-dun-chalet-raconte\/#primaryimage\"},\"image\":{\"@id\":\"https:\/\/vosgesinfo.fr\/remiremontinfo\/2022\/08\/vosges-victime-dun-spa-vandalise-proprietaire-dun-chalet-raconte\/#primaryimage\"},\"thumbnailUrl\":\"https:\/\/vosgesinfo.fr\/app\/uploads\/sites\/5\/2024\/09\/202208resized-61-e1659943631525.jpg\",\"datePublished\":\"2022-08-08T06:52:37+00:00\",\"dateModified\":\"2022-08-08T06:52:37+00:00\",\"breadcrumb\":{\"@id\":\"https:\/\/vosgesinfo.fr\/remiremontinfo\/2022\/08\/vosges-victime-dun-spa-vandalise-proprietaire-dun-chalet-raconte\/#breadcrumb\"},\"inLanguage\":\"fr-FR\",\"potentialAction\":[{\"@type\":\"ReadAction\",\"target\":[\"https:\/\/vosgesinfo.fr\/remiremontinfo\/2022\/08\/vosges-victime-dun-spa-vandalise-proprietaire-dun-chalet-raconte\/\"]}]},{\"@type\":\"ImageObject\",\"inLanguage\":\"fr-FR\",\"@id\":\"https:\/\/vosgesinfo.fr\/remiremontinfo\/2022\/08\/vosges-victime-dun-spa-vandalise-proprietaire-dun-chalet-raconte\/#primaryimage\",\"url\":\"https:\/\/vosgesinfo.fr\/app\/uploads\/sites\/5\/2024\/09\/202208resized-61-e1659943631525.jpg\",\"contentUrl\":\"https:\/\/vosgesinfo.fr\/app\/uploads\/sites\/5\/2024\/09\/202208resized-61-e1659943631525.jpg\",\"width\":480,\"height\":360},{\"@type\":\"BreadcrumbList\",\"@id\":\"https:\/\/vosgesinfo.fr\/remiremontinfo\/2022\/08\/vosges-victime-dun-spa-vandalise-proprietaire-dun-chalet-raconte\/#breadcrumb\",\"itemListElement\":[{\"@type\":\"ListItem\",\"position\":1,\"name\":\"Home\",\"item\":\"https:\/\/vosgesinfo.fr\/remiremontinfo\/\"},{\"@type\":\"ListItem\",\"position\":2,\"name\":\"Vosges : victime d\u2019un SPA vandalis\u00e9, le propri\u00e9taire d\u2019un chalet raconte\"}]},{\"@type\":\"WebSite\",\"@id\":\"https:\/\/vosgesinfo.fr\/remiremontinfo\/#website\",\"url\":\"https:\/\/vosgesinfo.fr\/remiremontinfo\/\",\"name\":\"Remiremont Info\",\"description\":\"Toute l&#039;actualit\u00e9 de Remiremont\",\"publisher\":{\"@id\":\"https:\/\/vosgesinfo.fr\/remiremontinfo\/#organization\"},\"alternateName\":\"Toute l'actualit\u00e9 de Remiremont\",\"potentialAction\":[{\"@type\":\"SearchAction\",\"target\":{\"@type\":\"EntryPoint\",\"urlTemplate\":\"https:\/\/vosgesinfo.fr\/remiremontinfo\/?s={search_term_string}\"},\"query-input\":\"required name=search_term_string\"}],\"inLanguage\":\"fr-FR\"},{\"@type\":\"Organization\",\"@id\":\"https:\/\/vosgesinfo.fr\/remiremontinfo\/#organization\",\"name\":\"Remiremont Info\",\"url\":\"https:\/\/vosgesinfo.fr\/remiremontinfo\/\",\"logo\":{\"@type\":\"ImageObject\",\"inLanguage\":\"fr-FR\",\"@id\":\"https:\/\/vosgesinfo.fr\/remiremontinfo\/#\/schema\/logo\/image\/\",\"url\":\"https:\/\/vosgesinfo.fr\/app\/uploads\/sites\/5\/2023\/08\/favicon-remiremontinfo.png\",\"contentUrl\":\"https:\/\/vosgesinfo.fr\/app\/uploads\/sites\/5\/2023\/08\/favicon-remiremontinfo.png\",\"width\":512,\"height\":512,\"caption\":\"Remiremont Info\"},\"image\":{\"@id\":\"https:\/\/vosgesinfo.fr\/remiremontinfo\/#\/schema\/logo\/image\/\"},\"sameAs\":[\"https:\/\/www.facebook.com\/remiremontinfo\",\"https:\/\/x.com\/VosgesInfo88\",\"https:\/\/www.youtube.com\/@vosgesinfo\"]},{\"@type\":\"Person\",\"@id\":\"https:\/\/vosgesinfo.fr\/remiremontinfo\/#\/schema\/person\/3bfd164d5218a185b1db68655a265316\",\"name\":\"C D\",\"image\":{\"@type\":\"ImageObject\",\"inLanguage\":\"fr-FR\",\"@id\":\"https:\/\/vosgesinfo.fr\/remiremontinfo\/#\/schema\/person\/image\/\",\"url\":\"https:\/\/secure.gravatar.com\/avatar\/1f9a70007336511a47468b8f1c66f922b8b7cf617b02a31149ada43893a5d48f?s=96&d=mm&r=g\",\"contentUrl\":\"https:\/\/secure.gravatar.com\/avatar\/1f9a70007336511a47468b8f1c66f922b8b7cf617b02a31149ada43893a5d48f?s=96&d=mm&r=g\",\"caption\":\"C D\"},\"url\":\"https:\/\/vosgesinfo.fr\/remiremontinfo\/author\/cedric-drevet\/\"}]}<\/script>\n<!-- \/ Yoast SEO plugin. -->","yoast_head_json":{"title":"Vosges : victime d\u2019un SPA vandalis\u00e9, le propri\u00e9taire d\u2019un chalet raconte - Remiremont Info","robots":{"index":"index","follow":"follow","max-snippet":"max-snippet:-1","max-image-preview":"max-image-preview:large","max-video-preview":"max-video-preview:-1"},"canonical":"https:\/\/vosgesinfo.fr\/remiremontinfo\/2022\/08\/vosges-victime-dun-spa-vandalise-proprietaire-dun-chalet-raconte\/","twitter_card":"summary_large_image","twitter_title":"Vosges : victime d\u2019un SPA vandalis\u00e9, le propri\u00e9taire d\u2019un chalet raconte - Remiremont Info","twitter_description":"Le manque d\u2019eau li\u00e9 \u00e0 la s\u00e9cheresse exacerbe les sentiments et surtout les ressentiments. Dans la chaleur d\u2019un \u00e9t\u00e9 tr\u00e8s [&hellip;]","twitter_image":"https:\/\/vosgesinfo.fr\/app\/uploads\/sites\/5\/2024\/09\/202208resized-61-e1659943631525.jpg","twitter_creator":"@VosgesInfo88","twitter_site":"@VosgesInfo88","twitter_misc":{"\u00c9crit par":"C D","Dur\u00e9e de lecture estim\u00e9e":"2 minutes"},"schema":{"@context":"https:\/\/schema.org","@graph":[{"@type":"Article","@id":"https:\/\/vosgesinfo.fr\/remiremontinfo\/2022\/08\/vosges-victime-dun-spa-vandalise-proprietaire-dun-chalet-raconte\/#article","isPartOf":{"@id":"https:\/\/vosgesinfo.fr\/remiremontinfo\/2022\/08\/vosges-victime-dun-spa-vandalise-proprietaire-dun-chalet-raconte\/"},"author":{"name":"C D","@id":"https:\/\/vosgesinfo.fr\/remiremontinfo\/#\/schema\/person\/3bfd164d5218a185b1db68655a265316"},"headline":"Vosges : victime d\u2019un SPA vandalis\u00e9, le propri\u00e9taire d\u2019un chalet raconte","datePublished":"2022-08-08T06:52:37+00:00","dateModified":"2022-08-08T06:52:37+00:00","mainEntityOfPage":{"@id":"https:\/\/vosgesinfo.fr\/remiremontinfo\/2022\/08\/vosges-victime-dun-spa-vandalise-proprietaire-dun-chalet-raconte\/"},"wordCount":377,"commentCount":0,"publisher":{"@id":"https:\/\/vosgesinfo.fr\/remiremontinfo\/#organization"},"image":{"@id":"https:\/\/vosgesinfo.fr\/remiremontinfo\/2022\/08\/vosges-victime-dun-spa-vandalise-proprietaire-dun-chalet-raconte\/#primaryimage"},"thumbnailUrl":"https:\/\/vosgesinfo.fr\/app\/uploads\/sites\/5\/2024\/09\/202208resized-61-e1659943631525.jpg","keywords":["g\u00e9rardmer","spa","Vosges"],"articleSection":["A la Une","Faits-divers","Vosges"],"inLanguage":"fr-FR","potentialAction":[{"@type":"CommentAction","name":"Comment","target":["https:\/\/vosgesinfo.fr\/remiremontinfo\/2022\/08\/vosges-victime-dun-spa-vandalise-proprietaire-dun-chalet-raconte\/#respond"]}]},{"@type":"WebPage","@id":"https:\/\/vosgesinfo.fr\/remiremontinfo\/2022\/08\/vosges-victime-dun-spa-vandalise-proprietaire-dun-chalet-raconte\/","url":"https:\/\/vosgesinfo.fr\/remiremontinfo\/2022\/08\/vosges-victime-dun-spa-vandalise-proprietaire-dun-chalet-raconte\/","name":"Vosges : victime d\u2019un SPA vandalis\u00e9, le propri\u00e9taire d\u2019un chalet raconte - Remiremont Info","isPartOf":{"@id":"https:\/\/vosgesinfo.fr\/remiremontinfo\/#website"},"primaryImageOfPage":{"@id":"https:\/\/vosgesinfo.fr\/remiremontinfo\/2022\/08\/vosges-victime-dun-spa-vandalise-proprietaire-dun-chalet-raconte\/#primaryimage"},"image":{"@id":"https:\/\/vosgesinfo.fr\/remiremontinfo\/2022\/08\/vosges-victime-dun-spa-vandalise-proprietaire-dun-chalet-raconte\/#primaryimage"},"thumbnailUrl":"https:\/\/vosgesinfo.fr\/app\/uploads\/sites\/5\/2024\/09\/202208resized-61-e1659943631525.jpg","datePublished":"2022-08-08T06:52:37+00:00","dateModified":"2022-08-08T06:52:37+00:00","breadcrumb":{"@id":"https:\/\/vosgesinfo.fr\/remiremontinfo\/2022\/08\/vosges-victime-dun-spa-vandalise-proprietaire-dun-chalet-raconte\/#breadcrumb"},"inLanguage":"fr-FR","potentialAction":[{"@type":"ReadAction","target":["https:\/\/vosgesinfo.fr\/remiremontinfo\/2022\/08\/vosges-victime-dun-spa-vandalise-proprietaire-dun-chalet-raconte\/"]}]},{"@type":"ImageObject","inLanguage":"fr-FR","@id":"https:\/\/vosgesinfo.fr\/remiremontinfo\/2022\/08\/vosges-victime-dun-spa-vandalise-proprietaire-dun-chalet-raconte\/#primaryimage","url":"https:\/\/vosgesinfo.fr\/app\/uploads\/sites\/5\/2024\/09\/202208resized-61-e1659943631525.jpg","contentUrl":"https:\/\/vosgesinfo.fr\/app\/uploads\/sites\/5\/2024\/09\/202208resized-61-e1659943631525.jpg","width":480,"height":360},{"@type":"BreadcrumbList","@id":"https:\/\/vosgesinfo.fr\/remiremontinfo\/2022\/08\/vosges-victime-dun-spa-vandalise-proprietaire-dun-chalet-raconte\/#breadcrumb","itemListElement":[{"@type":"ListItem","position":1,"name":"Home","item":"https:\/\/vosgesinfo.fr\/remiremontinfo\/"},{"@type":"ListItem","position":2,"name":"Vosges : victime d\u2019un SPA vandalis\u00e9, le propri\u00e9taire d\u2019un chalet raconte"}]},{"@type":"WebSite","@id":"https:\/\/vosgesinfo.fr\/remiremontinfo\/#website","url":"https:\/\/vosgesinfo.fr\/remiremontinfo\/","name":"Remiremont Info","description":"Toute l&#039;actualit\u00e9 de Remiremont","publisher":{"@id":"https:\/\/vosgesinfo.fr\/remiremontinfo\/#organization"},"alternateName":"Toute l'actualit\u00e9 de Remiremont","potentialAction":[{"@type":"SearchAction","target":{"@type":"EntryPoint","urlTemplate":"https:\/\/vosgesinfo.fr\/remiremontinfo\/?s={search_term_string}"},"query-input":"required name=search_term_string"}],"inLanguage":"fr-FR"},{"@type":"Organization","@id":"https:\/\/vosgesinfo.fr\/remiremontinfo\/#organization","name":"Remiremont Info","url":"https:\/\/vosgesinfo.fr\/remiremontinfo\/","logo":{"@type":"ImageObject","inLanguage":"fr-FR","@id":"https:\/\/vosgesinfo.fr\/remiremontinfo\/#\/schema\/logo\/image\/","url":"https:\/\/vosgesinfo.fr\/app\/uploads\/sites\/5\/2023\/08\/favicon-remiremontinfo.png","contentUrl":"https:\/\/vosgesinfo.fr\/app\/uploads\/sites\/5\/2023\/08\/favicon-remiremontinfo.png","width":512,"height":512,"caption":"Remiremont Info"},"image":{"@id":"https:\/\/vosgesinfo.fr\/remiremontinfo\/#\/schema\/logo\/image\/"},"sameAs":["https:\/\/www.facebook.com\/remiremontinfo","https:\/\/x.com\/VosgesInfo88","https:\/\/www.youtube.com\/@vosgesinfo"]},{"@type":"Person","@id":"https:\/\/vosgesinfo.fr\/remiremontinfo\/#\/schema\/person\/3bfd164d5218a185b1db68655a265316","name":"C D","image":{"@type":"ImageObject","inLanguage":"fr-FR","@id":"https:\/\/vosgesinfo.fr\/remiremontinfo\/#\/schema\/person\/image\/","url":"https:\/\/secure.gravatar.com\/avatar\/1f9a70007336511a47468b8f1c66f922b8b7cf617b02a31149ada43893a5d48f?s=96&d=mm&r=g","contentUrl":"https:\/\/secure.gravatar.com\/avatar\/1f9a70007336511a47468b8f1c66f922b8b7cf617b02a31149ada43893a5d48f?s=96&d=mm&r=g","caption":"C D"},"url":"https:\/\/vosgesinfo.fr\/remiremontinfo\/author\/cedric-drevet\/"}]}},"_links":{"self":[{"href":"https:\/\/vosgesinfo.fr\/remiremontinfo\/wp-json\/wp\/v2\/posts\/59970","targetHints":{"allow":["GET"]}}],"collection":[{"href":"https:\/\/vosgesinfo.fr\/remiremontinfo\/wp-json\/wp\/v2\/posts"}],"about":[{"href":"https:\/\/vosgesinfo.fr\/remiremontinfo\/wp-json\/wp\/v2\/types\/post"}],"author":[{"embeddable":true,"href":"https:\/\/vosgesinfo.fr\/remiremontinfo\/wp-json\/wp\/v2\/users\/407"}],"replies":[{"embeddable":true,"href":"https:\/\/vosgesinfo.fr\/remiremontinfo\/wp-json\/wp\/v2\/comments?post=59970"}],"version-history":[{"count":0,"href":"https:\/\/vosgesinfo.fr\/remiremontinfo\/wp-json\/wp\/v2\/posts\/59970\/revisions"}],"wp:featuredmedia":[{"embeddable":true,"href":"https:\/\/vosgesinfo.fr\/remiremontinfo\/wp-json\/wp\/v2\/media\/59971"}],"wp:attachment":[{"href":"https:\/\/vosgesinfo.fr\/remiremontinfo\/wp-json\/wp\/v2\/media?parent=59970"}],"wp:term":[{"taxonomy":"category","embeddable":true,"href":"https:\/\/vosgesinfo.fr\/remiremontinfo\/wp-json\/wp\/v2\/categories?post=59970"},{"taxonomy":"post_tag","embeddable":true,"href":"https:\/\/vosgesinfo.fr\/remiremontinfo\/wp-json\/wp\/v2\/tags?post=59970"}],"curies":[{"name":"wp","href":"https:\/\/api.w.org\/{rel}","templated":true}]}}