{"id":60057,"date":"2022-08-10T05:18:38","date_gmt":"2022-08-10T03:18:38","guid":{"rendered":"https:\/\/vosgesinfo.fr\/remiremontinfo\/2022\/08\/xavier-vincent-nouvel-entraineur-de-lequipe-senior-fc-saint-ame-julienrupt\/"},"modified":"2022-08-10T05:18:38","modified_gmt":"2022-08-10T03:18:38","slug":"xavier-vincent-nouvel-entraineur-de-lequipe-senior-fc-saint-ame-julienrupt","status":"publish","type":"post","link":"https:\/\/vosgesinfo.fr\/remiremontinfo\/2022\/08\/xavier-vincent-nouvel-entraineur-de-lequipe-senior-fc-saint-ame-julienrupt\/","title":{"rendered":"Xavier Vincent, nouvel entra\u00eeneur de l\u2019\u00e9quipe S\u00e9nior du FC Saint- Am\u00e9 Julienrupt"},"content":{"rendered":"\n<h2>\n<span style=\"font-size: 12pt;\"><strong>Depuis le 26 juillet dernier, les entra\u00eenements ont repris au sein du football club de Saint- Am\u00e9\/Julienrupt sous la houlette d\u2019un nouveau coach. D\u00e9j\u00e0 bien connu des terrains puisque joueur depuis de nombreuses ann\u00e9es, Xavier Vincent a en effet repris les r\u00eanes de l\u2019\u00e9quipe s\u00e9niors dans une ambiance qui se veut d\u2019ores et d\u00e9j\u00e0 familiale.<\/strong><\/span><\/h2>\n<p>Les anciens joueurs ont accueilli les nouveaux afin de rechausser les crampons pour une nouvelle saison. La pr\u00e9paration se poursuit afin d\u2019\u00eatre pr\u00eat pour le 1er match officiel, le 21 ao\u00fbt, en coupe de France.<\/p>\n<p><span style=\"font-size: 10pt;\"><em>Source :\u00a0H Marchal\u00a0<\/em><\/span><\/p>\n","protected":false},"excerpt":{"rendered":"<p>Depuis le 26 juillet dernier, les entra\u00eenements ont repris au sein du football club de Saint- Am\u00e9\/Julienrupt sous la houlette [&hellip;]<\/p>\n","protected":false},"author":407,"featured_media":60058,"comment_status":"open","ping_status":"open","sticky":false,"template":"","format":"standard","meta":{"footnotes":""},"categories":[26,35,223],"tags":[1807,1808,225,61,32],"class_list":["post-60057","post","type-post","status-publish","format-standard","has-post-thumbnail","hentry","category-a-la-une","category-remiremont-son-canton","category-saint-ame","tag-fc","tag-julienrupt","tag-saint-ame","tag-sport","tag-vosges"],"acf":[],"yoast_head":"<!-- This site is optimized with the Yoast SEO plugin v22.5 - https:\/\/yoast.com\/wordpress\/plugins\/seo\/ -->\n<title>Xavier Vincent, nouvel entra\u00eeneur de l\u2019\u00e9quipe S\u00e9nior du FC Saint- Am\u00e9 Julienrupt - Remiremont Info<\/title>\n<meta name=\"robots\" content=\"index, follow, max-snippet:-1, max-image-preview:large, max-video-preview:-1\" \/>\n<link rel=\"canonical\" href=\"https:\/\/vosgesinfo.fr\/remiremontinfo\/2022\/08\/xavier-vincent-nouvel-entraineur-de-lequipe-senior-fc-saint-ame-julienrupt\/\" \/>\n<meta name=\"twitter:card\" content=\"summary_large_image\" \/>\n<meta name=\"twitter:title\" content=\"Xavier Vincent, nouvel entra\u00eeneur de l\u2019\u00e9quipe S\u00e9nior du FC Saint- Am\u00e9 Julienrupt - Remiremont Info\" \/>\n<meta name=\"twitter:description\" content=\"Depuis le 26 juillet dernier, les entra\u00eenements ont repris au sein du football club de Saint- Am\u00e9\/Julienrupt sous la houlette [&hellip;]\" \/>\n<meta name=\"twitter:image\" content=\"https:\/\/vosgesinfo.fr\/app\/uploads\/sites\/5\/2024\/09\/202208d1.jpg\" \/>\n<meta name=\"twitter:creator\" content=\"@VosgesInfo88\" \/>\n<meta name=\"twitter:site\" content=\"@VosgesInfo88\" \/>\n<meta name=\"twitter:label1\" content=\"\u00c9crit par\" \/>\n\t<meta name=\"twitter:data1\" content=\"C D\" \/>\n\t<meta name=\"twitter:label2\" content=\"Dur\u00e9e de lecture estim\u00e9e\" \/>\n\t<meta name=\"twitter:data2\" content=\"1 minute\" \/>\n<script type=\"application\/ld+json\" class=\"yoast-schema-graph\">{\"@context\":\"https:\/\/schema.org\",\"@graph\":[{\"@type\":\"Article\",\"@id\":\"https:\/\/vosgesinfo.fr\/remiremontinfo\/2022\/08\/xavier-vincent-nouvel-entraineur-de-lequipe-senior-fc-saint-ame-julienrupt\/#article\",\"isPartOf\":{\"@id\":\"https:\/\/vosgesinfo.fr\/remiremontinfo\/2022\/08\/xavier-vincent-nouvel-entraineur-de-lequipe-senior-fc-saint-ame-julienrupt\/\"},\"author\":{\"name\":\"C D\",\"@id\":\"https:\/\/vosgesinfo.fr\/remiremontinfo\/#\/schema\/person\/3bfd164d5218a185b1db68655a265316\"},\"headline\":\"Xavier Vincent, nouvel entra\u00eeneur de l\u2019\u00e9quipe S\u00e9nior du FC Saint- Am\u00e9 Julienrupt\",\"datePublished\":\"2022-08-10T03:18:38+00:00\",\"dateModified\":\"2022-08-10T03:18:38+00:00\",\"mainEntityOfPage\":{\"@id\":\"https:\/\/vosgesinfo.fr\/remiremontinfo\/2022\/08\/xavier-vincent-nouvel-entraineur-de-lequipe-senior-fc-saint-ame-julienrupt\/\"},\"wordCount\":128,\"commentCount\":0,\"publisher\":{\"@id\":\"https:\/\/vosgesinfo.fr\/remiremontinfo\/#organization\"},\"image\":{\"@id\":\"https:\/\/vosgesinfo.fr\/remiremontinfo\/2022\/08\/xavier-vincent-nouvel-entraineur-de-lequipe-senior-fc-saint-ame-julienrupt\/#primaryimage\"},\"thumbnailUrl\":\"https:\/\/vosgesinfo.fr\/app\/uploads\/sites\/5\/2024\/09\/202208d1.jpg\",\"keywords\":[\"fc\",\"julienrupt\",\"saint-am\u00e9\",\"sport\",\"Vosges\"],\"articleSection\":[\"A la Une\",\"Remiremont &amp; son canton\",\"Saint-Am\u00e9\"],\"inLanguage\":\"fr-FR\",\"potentialAction\":[{\"@type\":\"CommentAction\",\"name\":\"Comment\",\"target\":[\"https:\/\/vosgesinfo.fr\/remiremontinfo\/2022\/08\/xavier-vincent-nouvel-entraineur-de-lequipe-senior-fc-saint-ame-julienrupt\/#respond\"]}]},{\"@type\":\"WebPage\",\"@id\":\"https:\/\/vosgesinfo.fr\/remiremontinfo\/2022\/08\/xavier-vincent-nouvel-entraineur-de-lequipe-senior-fc-saint-ame-julienrupt\/\",\"url\":\"https:\/\/vosgesinfo.fr\/remiremontinfo\/2022\/08\/xavier-vincent-nouvel-entraineur-de-lequipe-senior-fc-saint-ame-julienrupt\/\",\"name\":\"Xavier Vincent, nouvel entra\u00eeneur de l\u2019\u00e9quipe S\u00e9nior du FC Saint- Am\u00e9 Julienrupt - Remiremont Info\",\"isPartOf\":{\"@id\":\"https:\/\/vosgesinfo.fr\/remiremontinfo\/#website\"},\"primaryImageOfPage\":{\"@id\":\"https:\/\/vosgesinfo.fr\/remiremontinfo\/2022\/08\/xavier-vincent-nouvel-entraineur-de-lequipe-senior-fc-saint-ame-julienrupt\/#primaryimage\"},\"image\":{\"@id\":\"https:\/\/vosgesinfo.fr\/remiremontinfo\/2022\/08\/xavier-vincent-nouvel-entraineur-de-lequipe-senior-fc-saint-ame-julienrupt\/#primaryimage\"},\"thumbnailUrl\":\"https:\/\/vosgesinfo.fr\/app\/uploads\/sites\/5\/2024\/09\/202208d1.jpg\",\"datePublished\":\"2022-08-10T03:18:38+00:00\",\"dateModified\":\"2022-08-10T03:18:38+00:00\",\"breadcrumb\":{\"@id\":\"https:\/\/vosgesinfo.fr\/remiremontinfo\/2022\/08\/xavier-vincent-nouvel-entraineur-de-lequipe-senior-fc-saint-ame-julienrupt\/#breadcrumb\"},\"inLanguage\":\"fr-FR\",\"potentialAction\":[{\"@type\":\"ReadAction\",\"target\":[\"https:\/\/vosgesinfo.fr\/remiremontinfo\/2022\/08\/xavier-vincent-nouvel-entraineur-de-lequipe-senior-fc-saint-ame-julienrupt\/\"]}]},{\"@type\":\"ImageObject\",\"inLanguage\":\"fr-FR\",\"@id\":\"https:\/\/vosgesinfo.fr\/remiremontinfo\/2022\/08\/xavier-vincent-nouvel-entraineur-de-lequipe-senior-fc-saint-ame-julienrupt\/#primaryimage\",\"url\":\"https:\/\/vosgesinfo.fr\/app\/uploads\/sites\/5\/2024\/09\/202208d1.jpg\",\"contentUrl\":\"https:\/\/vosgesinfo.fr\/app\/uploads\/sites\/5\/2024\/09\/202208d1.jpg\",\"width\":641,\"height\":491},{\"@type\":\"BreadcrumbList\",\"@id\":\"https:\/\/vosgesinfo.fr\/remiremontinfo\/2022\/08\/xavier-vincent-nouvel-entraineur-de-lequipe-senior-fc-saint-ame-julienrupt\/#breadcrumb\",\"itemListElement\":[{\"@type\":\"ListItem\",\"position\":1,\"name\":\"Home\",\"item\":\"https:\/\/vosgesinfo.fr\/remiremontinfo\/\"},{\"@type\":\"ListItem\",\"position\":2,\"name\":\"Xavier Vincent, nouvel entra\u00eeneur de l\u2019\u00e9quipe S\u00e9nior du FC Saint- Am\u00e9 Julienrupt\"}]},{\"@type\":\"WebSite\",\"@id\":\"https:\/\/vosgesinfo.fr\/remiremontinfo\/#website\",\"url\":\"https:\/\/vosgesinfo.fr\/remiremontinfo\/\",\"name\":\"Remiremont Info\",\"description\":\"Toute l&#039;actualit\u00e9 de Remiremont\",\"publisher\":{\"@id\":\"https:\/\/vosgesinfo.fr\/remiremontinfo\/#organization\"},\"alternateName\":\"Toute l'actualit\u00e9 de Remiremont\",\"potentialAction\":[{\"@type\":\"SearchAction\",\"target\":{\"@type\":\"EntryPoint\",\"urlTemplate\":\"https:\/\/vosgesinfo.fr\/remiremontinfo\/?s={search_term_string}\"},\"query-input\":\"required name=search_term_string\"}],\"inLanguage\":\"fr-FR\"},{\"@type\":\"Organization\",\"@id\":\"https:\/\/vosgesinfo.fr\/remiremontinfo\/#organization\",\"name\":\"Remiremont Info\",\"url\":\"https:\/\/vosgesinfo.fr\/remiremontinfo\/\",\"logo\":{\"@type\":\"ImageObject\",\"inLanguage\":\"fr-FR\",\"@id\":\"https:\/\/vosgesinfo.fr\/remiremontinfo\/#\/schema\/logo\/image\/\",\"url\":\"https:\/\/vosgesinfo.fr\/app\/uploads\/sites\/5\/2023\/08\/favicon-remiremontinfo.png\",\"contentUrl\":\"https:\/\/vosgesinfo.fr\/app\/uploads\/sites\/5\/2023\/08\/favicon-remiremontinfo.png\",\"width\":512,\"height\":512,\"caption\":\"Remiremont Info\"},\"image\":{\"@id\":\"https:\/\/vosgesinfo.fr\/remiremontinfo\/#\/schema\/logo\/image\/\"},\"sameAs\":[\"https:\/\/www.facebook.com\/remiremontinfo\",\"https:\/\/x.com\/VosgesInfo88\",\"https:\/\/www.youtube.com\/@vosgesinfo\"]},{\"@type\":\"Person\",\"@id\":\"https:\/\/vosgesinfo.fr\/remiremontinfo\/#\/schema\/person\/3bfd164d5218a185b1db68655a265316\",\"name\":\"C D\",\"image\":{\"@type\":\"ImageObject\",\"inLanguage\":\"fr-FR\",\"@id\":\"https:\/\/vosgesinfo.fr\/remiremontinfo\/#\/schema\/person\/image\/\",\"url\":\"https:\/\/secure.gravatar.com\/avatar\/1f9a70007336511a47468b8f1c66f922b8b7cf617b02a31149ada43893a5d48f?s=96&d=mm&r=g\",\"contentUrl\":\"https:\/\/secure.gravatar.com\/avatar\/1f9a70007336511a47468b8f1c66f922b8b7cf617b02a31149ada43893a5d48f?s=96&d=mm&r=g\",\"caption\":\"C D\"},\"url\":\"https:\/\/vosgesinfo.fr\/remiremontinfo\/author\/cedric-drevet\/\"}]}<\/script>\n<!-- \/ Yoast SEO plugin. -->","yoast_head_json":{"title":"Xavier Vincent, nouvel entra\u00eeneur de l\u2019\u00e9quipe S\u00e9nior du FC Saint- Am\u00e9 Julienrupt - Remiremont Info","robots":{"index":"index","follow":"follow","max-snippet":"max-snippet:-1","max-image-preview":"max-image-preview:large","max-video-preview":"max-video-preview:-1"},"canonical":"https:\/\/vosgesinfo.fr\/remiremontinfo\/2022\/08\/xavier-vincent-nouvel-entraineur-de-lequipe-senior-fc-saint-ame-julienrupt\/","twitter_card":"summary_large_image","twitter_title":"Xavier Vincent, nouvel entra\u00eeneur de l\u2019\u00e9quipe S\u00e9nior du FC Saint- Am\u00e9 Julienrupt - Remiremont Info","twitter_description":"Depuis le 26 juillet dernier, les entra\u00eenements ont repris au sein du football club de Saint- Am\u00e9\/Julienrupt sous la houlette [&hellip;]","twitter_image":"https:\/\/vosgesinfo.fr\/app\/uploads\/sites\/5\/2024\/09\/202208d1.jpg","twitter_creator":"@VosgesInfo88","twitter_site":"@VosgesInfo88","twitter_misc":{"\u00c9crit par":"C D","Dur\u00e9e de lecture estim\u00e9e":"1 minute"},"schema":{"@context":"https:\/\/schema.org","@graph":[{"@type":"Article","@id":"https:\/\/vosgesinfo.fr\/remiremontinfo\/2022\/08\/xavier-vincent-nouvel-entraineur-de-lequipe-senior-fc-saint-ame-julienrupt\/#article","isPartOf":{"@id":"https:\/\/vosgesinfo.fr\/remiremontinfo\/2022\/08\/xavier-vincent-nouvel-entraineur-de-lequipe-senior-fc-saint-ame-julienrupt\/"},"author":{"name":"C D","@id":"https:\/\/vosgesinfo.fr\/remiremontinfo\/#\/schema\/person\/3bfd164d5218a185b1db68655a265316"},"headline":"Xavier Vincent, nouvel entra\u00eeneur de l\u2019\u00e9quipe S\u00e9nior du FC Saint- Am\u00e9 Julienrupt","datePublished":"2022-08-10T03:18:38+00:00","dateModified":"2022-08-10T03:18:38+00:00","mainEntityOfPage":{"@id":"https:\/\/vosgesinfo.fr\/remiremontinfo\/2022\/08\/xavier-vincent-nouvel-entraineur-de-lequipe-senior-fc-saint-ame-julienrupt\/"},"wordCount":128,"commentCount":0,"publisher":{"@id":"https:\/\/vosgesinfo.fr\/remiremontinfo\/#organization"},"image":{"@id":"https:\/\/vosgesinfo.fr\/remiremontinfo\/2022\/08\/xavier-vincent-nouvel-entraineur-de-lequipe-senior-fc-saint-ame-julienrupt\/#primaryimage"},"thumbnailUrl":"https:\/\/vosgesinfo.fr\/app\/uploads\/sites\/5\/2024\/09\/202208d1.jpg","keywords":["fc","julienrupt","saint-am\u00e9","sport","Vosges"],"articleSection":["A la Une","Remiremont &amp; son canton","Saint-Am\u00e9"],"inLanguage":"fr-FR","potentialAction":[{"@type":"CommentAction","name":"Comment","target":["https:\/\/vosgesinfo.fr\/remiremontinfo\/2022\/08\/xavier-vincent-nouvel-entraineur-de-lequipe-senior-fc-saint-ame-julienrupt\/#respond"]}]},{"@type":"WebPage","@id":"https:\/\/vosgesinfo.fr\/remiremontinfo\/2022\/08\/xavier-vincent-nouvel-entraineur-de-lequipe-senior-fc-saint-ame-julienrupt\/","url":"https:\/\/vosgesinfo.fr\/remiremontinfo\/2022\/08\/xavier-vincent-nouvel-entraineur-de-lequipe-senior-fc-saint-ame-julienrupt\/","name":"Xavier Vincent, nouvel entra\u00eeneur de l\u2019\u00e9quipe S\u00e9nior du FC Saint- Am\u00e9 Julienrupt - Remiremont Info","isPartOf":{"@id":"https:\/\/vosgesinfo.fr\/remiremontinfo\/#website"},"primaryImageOfPage":{"@id":"https:\/\/vosgesinfo.fr\/remiremontinfo\/2022\/08\/xavier-vincent-nouvel-entraineur-de-lequipe-senior-fc-saint-ame-julienrupt\/#primaryimage"},"image":{"@id":"https:\/\/vosgesinfo.fr\/remiremontinfo\/2022\/08\/xavier-vincent-nouvel-entraineur-de-lequipe-senior-fc-saint-ame-julienrupt\/#primaryimage"},"thumbnailUrl":"https:\/\/vosgesinfo.fr\/app\/uploads\/sites\/5\/2024\/09\/202208d1.jpg","datePublished":"2022-08-10T03:18:38+00:00","dateModified":"2022-08-10T03:18:38+00:00","breadcrumb":{"@id":"https:\/\/vosgesinfo.fr\/remiremontinfo\/2022\/08\/xavier-vincent-nouvel-entraineur-de-lequipe-senior-fc-saint-ame-julienrupt\/#breadcrumb"},"inLanguage":"fr-FR","potentialAction":[{"@type":"ReadAction","target":["https:\/\/vosgesinfo.fr\/remiremontinfo\/2022\/08\/xavier-vincent-nouvel-entraineur-de-lequipe-senior-fc-saint-ame-julienrupt\/"]}]},{"@type":"ImageObject","inLanguage":"fr-FR","@id":"https:\/\/vosgesinfo.fr\/remiremontinfo\/2022\/08\/xavier-vincent-nouvel-entraineur-de-lequipe-senior-fc-saint-ame-julienrupt\/#primaryimage","url":"https:\/\/vosgesinfo.fr\/app\/uploads\/sites\/5\/2024\/09\/202208d1.jpg","contentUrl":"https:\/\/vosgesinfo.fr\/app\/uploads\/sites\/5\/2024\/09\/202208d1.jpg","width":641,"height":491},{"@type":"BreadcrumbList","@id":"https:\/\/vosgesinfo.fr\/remiremontinfo\/2022\/08\/xavier-vincent-nouvel-entraineur-de-lequipe-senior-fc-saint-ame-julienrupt\/#breadcrumb","itemListElement":[{"@type":"ListItem","position":1,"name":"Home","item":"https:\/\/vosgesinfo.fr\/remiremontinfo\/"},{"@type":"ListItem","position":2,"name":"Xavier Vincent, nouvel entra\u00eeneur de l\u2019\u00e9quipe S\u00e9nior du FC Saint- Am\u00e9 Julienrupt"}]},{"@type":"WebSite","@id":"https:\/\/vosgesinfo.fr\/remiremontinfo\/#website","url":"https:\/\/vosgesinfo.fr\/remiremontinfo\/","name":"Remiremont Info","description":"Toute l&#039;actualit\u00e9 de Remiremont","publisher":{"@id":"https:\/\/vosgesinfo.fr\/remiremontinfo\/#organization"},"alternateName":"Toute l'actualit\u00e9 de Remiremont","potentialAction":[{"@type":"SearchAction","target":{"@type":"EntryPoint","urlTemplate":"https:\/\/vosgesinfo.fr\/remiremontinfo\/?s={search_term_string}"},"query-input":"required name=search_term_string"}],"inLanguage":"fr-FR"},{"@type":"Organization","@id":"https:\/\/vosgesinfo.fr\/remiremontinfo\/#organization","name":"Remiremont Info","url":"https:\/\/vosgesinfo.fr\/remiremontinfo\/","logo":{"@type":"ImageObject","inLanguage":"fr-FR","@id":"https:\/\/vosgesinfo.fr\/remiremontinfo\/#\/schema\/logo\/image\/","url":"https:\/\/vosgesinfo.fr\/app\/uploads\/sites\/5\/2023\/08\/favicon-remiremontinfo.png","contentUrl":"https:\/\/vosgesinfo.fr\/app\/uploads\/sites\/5\/2023\/08\/favicon-remiremontinfo.png","width":512,"height":512,"caption":"Remiremont Info"},"image":{"@id":"https:\/\/vosgesinfo.fr\/remiremontinfo\/#\/schema\/logo\/image\/"},"sameAs":["https:\/\/www.facebook.com\/remiremontinfo","https:\/\/x.com\/VosgesInfo88","https:\/\/www.youtube.com\/@vosgesinfo"]},{"@type":"Person","@id":"https:\/\/vosgesinfo.fr\/remiremontinfo\/#\/schema\/person\/3bfd164d5218a185b1db68655a265316","name":"C D","image":{"@type":"ImageObject","inLanguage":"fr-FR","@id":"https:\/\/vosgesinfo.fr\/remiremontinfo\/#\/schema\/person\/image\/","url":"https:\/\/secure.gravatar.com\/avatar\/1f9a70007336511a47468b8f1c66f922b8b7cf617b02a31149ada43893a5d48f?s=96&d=mm&r=g","contentUrl":"https:\/\/secure.gravatar.com\/avatar\/1f9a70007336511a47468b8f1c66f922b8b7cf617b02a31149ada43893a5d48f?s=96&d=mm&r=g","caption":"C D"},"url":"https:\/\/vosgesinfo.fr\/remiremontinfo\/author\/cedric-drevet\/"}]}},"_links":{"self":[{"href":"https:\/\/vosgesinfo.fr\/remiremontinfo\/wp-json\/wp\/v2\/posts\/60057","targetHints":{"allow":["GET"]}}],"collection":[{"href":"https:\/\/vosgesinfo.fr\/remiremontinfo\/wp-json\/wp\/v2\/posts"}],"about":[{"href":"https:\/\/vosgesinfo.fr\/remiremontinfo\/wp-json\/wp\/v2\/types\/post"}],"author":[{"embeddable":true,"href":"https:\/\/vosgesinfo.fr\/remiremontinfo\/wp-json\/wp\/v2\/users\/407"}],"replies":[{"embeddable":true,"href":"https:\/\/vosgesinfo.fr\/remiremontinfo\/wp-json\/wp\/v2\/comments?post=60057"}],"version-history":[{"count":0,"href":"https:\/\/vosgesinfo.fr\/remiremontinfo\/wp-json\/wp\/v2\/posts\/60057\/revisions"}],"wp:featuredmedia":[{"embeddable":true,"href":"https:\/\/vosgesinfo.fr\/remiremontinfo\/wp-json\/wp\/v2\/media\/60058"}],"wp:attachment":[{"href":"https:\/\/vosgesinfo.fr\/remiremontinfo\/wp-json\/wp\/v2\/media?parent=60057"}],"wp:term":[{"taxonomy":"category","embeddable":true,"href":"https:\/\/vosgesinfo.fr\/remiremontinfo\/wp-json\/wp\/v2\/categories?post=60057"},{"taxonomy":"post_tag","embeddable":true,"href":"https:\/\/vosgesinfo.fr\/remiremontinfo\/wp-json\/wp\/v2\/tags?post=60057"}],"curies":[{"name":"wp","href":"https:\/\/api.w.org\/{rel}","templated":true}]}}