{"id":60124,"date":"2022-08-11T08:38:12","date_gmt":"2022-08-11T06:38:12","guid":{"rendered":"https:\/\/vosgesinfo.fr\/remiremontinfo\/2022\/08\/girmont-produits-dici-dailleurs-a-lhonneur-marche-nocturne\/"},"modified":"2022-08-11T08:38:12","modified_gmt":"2022-08-11T06:38:12","slug":"girmont-produits-dici-dailleurs-a-lhonneur-marche-nocturne","status":"publish","type":"post","link":"https:\/\/vosgesinfo.fr\/remiremontinfo\/2022\/08\/girmont-produits-dici-dailleurs-a-lhonneur-marche-nocturne\/","title":{"rendered":"Girmont : les produits d&rsquo;ici et d&rsquo;ailleurs \u00e0 l&rsquo;honneur au March\u00e9 Nocturne"},"content":{"rendered":"<h2><a href=\"\/2022\/07\/DSC_17291.jpg\"><img decoding=\"async\" class=\"alignnone size-large wp-image-349671\" src=\"\/2022\/07\/DSC_17291-1024x681.jpg\" alt=\"DSC_1729\" width=\"960\" height=\"638\" \/><\/a><\/h2>\n<h2><span style=\"font-size: 12pt;\"><strong>L\u2019\u00e9dition 2022 du march\u00e9 nocturne au Girmont Val d\u2019Ajol se poursuit chaque vendredi soir. L\u2019\u00e9v\u00e9nement majeur de l\u2019\u00e9t\u00e9, qui s\u2019\u00e9tale sur 10 week-ends, propose une nouvelle fois un riche programme. Cette semaine, les\u00a0produits d&rsquo;ici et d&rsquo;ailleurs seront \u00e0 l&rsquo;honneur.\u00a0<\/strong><\/span><\/h2>\n<p>Tout au long de l\u2019\u00e9t\u00e9, le Girmont devient une fois encore le lieu de rassemblement des amateurs de bons produits, et de ceux qui les fournissent. Producteurs et artisans locaux viennent pr\u00e9senter au public leurs fruits, glaces, bijoux, miel, objets divers, beignets, jus etc. L\u2019\u00e9v\u00e9nement rassemble des centaines de visiteurs chaque fin de semaine. Promenade, d\u00e9couverte et d\u00e9gustation de produits sont au programme.<\/p>\n<p>Apr\u00e8s l\u2019ouverture avec le festival d\u2019\u00c9pinettes et les chants en patois, plusieurs th\u00e8mes sont propos\u00e9s au cours de l\u2019\u00e9t\u00e9. Un beau programme a \u00e9t\u00e9 propos\u00e9. Apr\u00e8s les v\u00e9hicules anciens, les produits laitiers, les artistes, et l\u2019exploitation m\u00e9canique de la for\u00eat, le bluet, les plantes, le miel et les escargots, et les gestes d\u2019antan autour du bois, rendez vous\u00a0cette semaine pour une soir\u00e9e d\u00e9di\u00e9e aux produits d\u2019ici et d\u2019ailleurs.<\/p>\n","protected":false},"excerpt":{"rendered":"<p>L\u2019\u00e9dition 2022 du march\u00e9 nocturne au Girmont Val d\u2019Ajol se poursuit chaque vendredi soir. L\u2019\u00e9v\u00e9nement majeur de l\u2019\u00e9t\u00e9, qui s\u2019\u00e9tale [&hellip;]<\/p>\n","protected":false},"author":407,"featured_media":60125,"comment_status":"open","ping_status":"open","sticky":false,"template":"","format":"standard","meta":{"footnotes":""},"categories":[26,4,82],"tags":[132,493,32],"class_list":["post-60124","post","type-post","status-publish","format-standard","has-post-thumbnail","hentry","category-a-la-une","category-culture","category-le-val-dajol-son-canton","tag-girmont","tag-marche","tag-vosges"],"acf":[],"yoast_head":"<!-- This site is optimized with the Yoast SEO plugin v22.5 - https:\/\/yoast.com\/wordpress\/plugins\/seo\/ -->\n<title>Girmont : les produits d&#039;ici et d&#039;ailleurs \u00e0 l&#039;honneur au March\u00e9 Nocturne - Remiremont Info<\/title>\n<meta name=\"robots\" content=\"index, follow, max-snippet:-1, max-image-preview:large, max-video-preview:-1\" \/>\n<link rel=\"canonical\" href=\"https:\/\/vosgesinfo.fr\/remiremontinfo\/2022\/08\/girmont-produits-dici-dailleurs-a-lhonneur-marche-nocturne\/\" \/>\n<meta name=\"twitter:card\" content=\"summary_large_image\" \/>\n<meta name=\"twitter:title\" content=\"Girmont : les produits d&#039;ici et d&#039;ailleurs \u00e0 l&#039;honneur au March\u00e9 Nocturne - Remiremont Info\" \/>\n<meta name=\"twitter:description\" content=\"L\u2019\u00e9dition 2022 du march\u00e9 nocturne au Girmont Val d\u2019Ajol se poursuit chaque vendredi soir. L\u2019\u00e9v\u00e9nement majeur de l\u2019\u00e9t\u00e9, qui s\u2019\u00e9tale [&hellip;]\" \/>\n<meta name=\"twitter:image\" content=\"https:\/\/vosgesinfo.fr\/app\/uploads\/sites\/5\/2024\/09\/202207dsc-17291-1.jpg\" \/>\n<meta name=\"twitter:creator\" content=\"@VosgesInfo88\" \/>\n<meta name=\"twitter:site\" content=\"@VosgesInfo88\" \/>\n<meta name=\"twitter:label1\" content=\"\u00c9crit par\" \/>\n\t<meta name=\"twitter:data1\" content=\"C D\" \/>\n\t<meta name=\"twitter:label2\" content=\"Dur\u00e9e de lecture estim\u00e9e\" \/>\n\t<meta name=\"twitter:data2\" content=\"1 minute\" \/>\n<script type=\"application\/ld+json\" class=\"yoast-schema-graph\">{\"@context\":\"https:\/\/schema.org\",\"@graph\":[{\"@type\":\"Article\",\"@id\":\"https:\/\/vosgesinfo.fr\/remiremontinfo\/2022\/08\/girmont-produits-dici-dailleurs-a-lhonneur-marche-nocturne\/#article\",\"isPartOf\":{\"@id\":\"https:\/\/vosgesinfo.fr\/remiremontinfo\/2022\/08\/girmont-produits-dici-dailleurs-a-lhonneur-marche-nocturne\/\"},\"author\":{\"name\":\"C D\",\"@id\":\"https:\/\/vosgesinfo.fr\/remiremontinfo\/#\/schema\/person\/3bfd164d5218a185b1db68655a265316\"},\"headline\":\"Girmont : les produits d&rsquo;ici et d&rsquo;ailleurs \u00e0 l&rsquo;honneur au March\u00e9 Nocturne\",\"datePublished\":\"2022-08-11T06:38:12+00:00\",\"dateModified\":\"2022-08-11T06:38:12+00:00\",\"mainEntityOfPage\":{\"@id\":\"https:\/\/vosgesinfo.fr\/remiremontinfo\/2022\/08\/girmont-produits-dici-dailleurs-a-lhonneur-marche-nocturne\/\"},\"wordCount\":214,\"commentCount\":0,\"publisher\":{\"@id\":\"https:\/\/vosgesinfo.fr\/remiremontinfo\/#organization\"},\"image\":{\"@id\":\"https:\/\/vosgesinfo.fr\/remiremontinfo\/2022\/08\/girmont-produits-dici-dailleurs-a-lhonneur-marche-nocturne\/#primaryimage\"},\"thumbnailUrl\":\"https:\/\/vosgesinfo.fr\/app\/uploads\/sites\/5\/2024\/09\/202207dsc-17291-1.jpg\",\"keywords\":[\"Girmont\",\"march\u00e9\",\"Vosges\"],\"articleSection\":[\"A la Une\",\"Culture\",\"Le Val-d'Ajol &amp; son canton\"],\"inLanguage\":\"fr-FR\",\"potentialAction\":[{\"@type\":\"CommentAction\",\"name\":\"Comment\",\"target\":[\"https:\/\/vosgesinfo.fr\/remiremontinfo\/2022\/08\/girmont-produits-dici-dailleurs-a-lhonneur-marche-nocturne\/#respond\"]}]},{\"@type\":\"WebPage\",\"@id\":\"https:\/\/vosgesinfo.fr\/remiremontinfo\/2022\/08\/girmont-produits-dici-dailleurs-a-lhonneur-marche-nocturne\/\",\"url\":\"https:\/\/vosgesinfo.fr\/remiremontinfo\/2022\/08\/girmont-produits-dici-dailleurs-a-lhonneur-marche-nocturne\/\",\"name\":\"Girmont : les produits d'ici et d'ailleurs \u00e0 l'honneur au March\u00e9 Nocturne - Remiremont Info\",\"isPartOf\":{\"@id\":\"https:\/\/vosgesinfo.fr\/remiremontinfo\/#website\"},\"primaryImageOfPage\":{\"@id\":\"https:\/\/vosgesinfo.fr\/remiremontinfo\/2022\/08\/girmont-produits-dici-dailleurs-a-lhonneur-marche-nocturne\/#primaryimage\"},\"image\":{\"@id\":\"https:\/\/vosgesinfo.fr\/remiremontinfo\/2022\/08\/girmont-produits-dici-dailleurs-a-lhonneur-marche-nocturne\/#primaryimage\"},\"thumbnailUrl\":\"https:\/\/vosgesinfo.fr\/app\/uploads\/sites\/5\/2024\/09\/202207dsc-17291-1.jpg\",\"datePublished\":\"2022-08-11T06:38:12+00:00\",\"dateModified\":\"2022-08-11T06:38:12+00:00\",\"breadcrumb\":{\"@id\":\"https:\/\/vosgesinfo.fr\/remiremontinfo\/2022\/08\/girmont-produits-dici-dailleurs-a-lhonneur-marche-nocturne\/#breadcrumb\"},\"inLanguage\":\"fr-FR\",\"potentialAction\":[{\"@type\":\"ReadAction\",\"target\":[\"https:\/\/vosgesinfo.fr\/remiremontinfo\/2022\/08\/girmont-produits-dici-dailleurs-a-lhonneur-marche-nocturne\/\"]}]},{\"@type\":\"ImageObject\",\"inLanguage\":\"fr-FR\",\"@id\":\"https:\/\/vosgesinfo.fr\/remiremontinfo\/2022\/08\/girmont-produits-dici-dailleurs-a-lhonneur-marche-nocturne\/#primaryimage\",\"url\":\"https:\/\/vosgesinfo.fr\/app\/uploads\/sites\/5\/2024\/09\/202207dsc-17291-1.jpg\",\"contentUrl\":\"https:\/\/vosgesinfo.fr\/app\/uploads\/sites\/5\/2024\/09\/202207dsc-17291-1.jpg\",\"width\":1600,\"height\":1064},{\"@type\":\"BreadcrumbList\",\"@id\":\"https:\/\/vosgesinfo.fr\/remiremontinfo\/2022\/08\/girmont-produits-dici-dailleurs-a-lhonneur-marche-nocturne\/#breadcrumb\",\"itemListElement\":[{\"@type\":\"ListItem\",\"position\":1,\"name\":\"Home\",\"item\":\"https:\/\/vosgesinfo.fr\/remiremontinfo\/\"},{\"@type\":\"ListItem\",\"position\":2,\"name\":\"Girmont : les produits d&rsquo;ici et d&rsquo;ailleurs \u00e0 l&rsquo;honneur au March\u00e9 Nocturne\"}]},{\"@type\":\"WebSite\",\"@id\":\"https:\/\/vosgesinfo.fr\/remiremontinfo\/#website\",\"url\":\"https:\/\/vosgesinfo.fr\/remiremontinfo\/\",\"name\":\"Remiremont Info\",\"description\":\"Toute l&#039;actualit\u00e9 de Remiremont\",\"publisher\":{\"@id\":\"https:\/\/vosgesinfo.fr\/remiremontinfo\/#organization\"},\"alternateName\":\"Toute l'actualit\u00e9 de Remiremont\",\"potentialAction\":[{\"@type\":\"SearchAction\",\"target\":{\"@type\":\"EntryPoint\",\"urlTemplate\":\"https:\/\/vosgesinfo.fr\/remiremontinfo\/?s={search_term_string}\"},\"query-input\":\"required name=search_term_string\"}],\"inLanguage\":\"fr-FR\"},{\"@type\":\"Organization\",\"@id\":\"https:\/\/vosgesinfo.fr\/remiremontinfo\/#organization\",\"name\":\"Remiremont Info\",\"url\":\"https:\/\/vosgesinfo.fr\/remiremontinfo\/\",\"logo\":{\"@type\":\"ImageObject\",\"inLanguage\":\"fr-FR\",\"@id\":\"https:\/\/vosgesinfo.fr\/remiremontinfo\/#\/schema\/logo\/image\/\",\"url\":\"https:\/\/vosgesinfo.fr\/app\/uploads\/sites\/5\/2023\/08\/favicon-remiremontinfo.png\",\"contentUrl\":\"https:\/\/vosgesinfo.fr\/app\/uploads\/sites\/5\/2023\/08\/favicon-remiremontinfo.png\",\"width\":512,\"height\":512,\"caption\":\"Remiremont Info\"},\"image\":{\"@id\":\"https:\/\/vosgesinfo.fr\/remiremontinfo\/#\/schema\/logo\/image\/\"},\"sameAs\":[\"https:\/\/www.facebook.com\/remiremontinfo\",\"https:\/\/x.com\/VosgesInfo88\",\"https:\/\/www.youtube.com\/@vosgesinfo\"]},{\"@type\":\"Person\",\"@id\":\"https:\/\/vosgesinfo.fr\/remiremontinfo\/#\/schema\/person\/3bfd164d5218a185b1db68655a265316\",\"name\":\"C D\",\"image\":{\"@type\":\"ImageObject\",\"inLanguage\":\"fr-FR\",\"@id\":\"https:\/\/vosgesinfo.fr\/remiremontinfo\/#\/schema\/person\/image\/\",\"url\":\"https:\/\/secure.gravatar.com\/avatar\/1f9a70007336511a47468b8f1c66f922b8b7cf617b02a31149ada43893a5d48f?s=96&d=mm&r=g\",\"contentUrl\":\"https:\/\/secure.gravatar.com\/avatar\/1f9a70007336511a47468b8f1c66f922b8b7cf617b02a31149ada43893a5d48f?s=96&d=mm&r=g\",\"caption\":\"C D\"},\"url\":\"https:\/\/vosgesinfo.fr\/remiremontinfo\/author\/cedric-drevet\/\"}]}<\/script>\n<!-- \/ Yoast SEO plugin. -->","yoast_head_json":{"title":"Girmont : les produits d'ici et d'ailleurs \u00e0 l'honneur au March\u00e9 Nocturne - Remiremont Info","robots":{"index":"index","follow":"follow","max-snippet":"max-snippet:-1","max-image-preview":"max-image-preview:large","max-video-preview":"max-video-preview:-1"},"canonical":"https:\/\/vosgesinfo.fr\/remiremontinfo\/2022\/08\/girmont-produits-dici-dailleurs-a-lhonneur-marche-nocturne\/","twitter_card":"summary_large_image","twitter_title":"Girmont : les produits d'ici et d'ailleurs \u00e0 l'honneur au March\u00e9 Nocturne - Remiremont Info","twitter_description":"L\u2019\u00e9dition 2022 du march\u00e9 nocturne au Girmont Val d\u2019Ajol se poursuit chaque vendredi soir. L\u2019\u00e9v\u00e9nement majeur de l\u2019\u00e9t\u00e9, qui s\u2019\u00e9tale [&hellip;]","twitter_image":"https:\/\/vosgesinfo.fr\/app\/uploads\/sites\/5\/2024\/09\/202207dsc-17291-1.jpg","twitter_creator":"@VosgesInfo88","twitter_site":"@VosgesInfo88","twitter_misc":{"\u00c9crit par":"C D","Dur\u00e9e de lecture estim\u00e9e":"1 minute"},"schema":{"@context":"https:\/\/schema.org","@graph":[{"@type":"Article","@id":"https:\/\/vosgesinfo.fr\/remiremontinfo\/2022\/08\/girmont-produits-dici-dailleurs-a-lhonneur-marche-nocturne\/#article","isPartOf":{"@id":"https:\/\/vosgesinfo.fr\/remiremontinfo\/2022\/08\/girmont-produits-dici-dailleurs-a-lhonneur-marche-nocturne\/"},"author":{"name":"C D","@id":"https:\/\/vosgesinfo.fr\/remiremontinfo\/#\/schema\/person\/3bfd164d5218a185b1db68655a265316"},"headline":"Girmont : les produits d&rsquo;ici et d&rsquo;ailleurs \u00e0 l&rsquo;honneur au March\u00e9 Nocturne","datePublished":"2022-08-11T06:38:12+00:00","dateModified":"2022-08-11T06:38:12+00:00","mainEntityOfPage":{"@id":"https:\/\/vosgesinfo.fr\/remiremontinfo\/2022\/08\/girmont-produits-dici-dailleurs-a-lhonneur-marche-nocturne\/"},"wordCount":214,"commentCount":0,"publisher":{"@id":"https:\/\/vosgesinfo.fr\/remiremontinfo\/#organization"},"image":{"@id":"https:\/\/vosgesinfo.fr\/remiremontinfo\/2022\/08\/girmont-produits-dici-dailleurs-a-lhonneur-marche-nocturne\/#primaryimage"},"thumbnailUrl":"https:\/\/vosgesinfo.fr\/app\/uploads\/sites\/5\/2024\/09\/202207dsc-17291-1.jpg","keywords":["Girmont","march\u00e9","Vosges"],"articleSection":["A la Une","Culture","Le Val-d'Ajol &amp; son canton"],"inLanguage":"fr-FR","potentialAction":[{"@type":"CommentAction","name":"Comment","target":["https:\/\/vosgesinfo.fr\/remiremontinfo\/2022\/08\/girmont-produits-dici-dailleurs-a-lhonneur-marche-nocturne\/#respond"]}]},{"@type":"WebPage","@id":"https:\/\/vosgesinfo.fr\/remiremontinfo\/2022\/08\/girmont-produits-dici-dailleurs-a-lhonneur-marche-nocturne\/","url":"https:\/\/vosgesinfo.fr\/remiremontinfo\/2022\/08\/girmont-produits-dici-dailleurs-a-lhonneur-marche-nocturne\/","name":"Girmont : les produits d'ici et d'ailleurs \u00e0 l'honneur au March\u00e9 Nocturne - Remiremont Info","isPartOf":{"@id":"https:\/\/vosgesinfo.fr\/remiremontinfo\/#website"},"primaryImageOfPage":{"@id":"https:\/\/vosgesinfo.fr\/remiremontinfo\/2022\/08\/girmont-produits-dici-dailleurs-a-lhonneur-marche-nocturne\/#primaryimage"},"image":{"@id":"https:\/\/vosgesinfo.fr\/remiremontinfo\/2022\/08\/girmont-produits-dici-dailleurs-a-lhonneur-marche-nocturne\/#primaryimage"},"thumbnailUrl":"https:\/\/vosgesinfo.fr\/app\/uploads\/sites\/5\/2024\/09\/202207dsc-17291-1.jpg","datePublished":"2022-08-11T06:38:12+00:00","dateModified":"2022-08-11T06:38:12+00:00","breadcrumb":{"@id":"https:\/\/vosgesinfo.fr\/remiremontinfo\/2022\/08\/girmont-produits-dici-dailleurs-a-lhonneur-marche-nocturne\/#breadcrumb"},"inLanguage":"fr-FR","potentialAction":[{"@type":"ReadAction","target":["https:\/\/vosgesinfo.fr\/remiremontinfo\/2022\/08\/girmont-produits-dici-dailleurs-a-lhonneur-marche-nocturne\/"]}]},{"@type":"ImageObject","inLanguage":"fr-FR","@id":"https:\/\/vosgesinfo.fr\/remiremontinfo\/2022\/08\/girmont-produits-dici-dailleurs-a-lhonneur-marche-nocturne\/#primaryimage","url":"https:\/\/vosgesinfo.fr\/app\/uploads\/sites\/5\/2024\/09\/202207dsc-17291-1.jpg","contentUrl":"https:\/\/vosgesinfo.fr\/app\/uploads\/sites\/5\/2024\/09\/202207dsc-17291-1.jpg","width":1600,"height":1064},{"@type":"BreadcrumbList","@id":"https:\/\/vosgesinfo.fr\/remiremontinfo\/2022\/08\/girmont-produits-dici-dailleurs-a-lhonneur-marche-nocturne\/#breadcrumb","itemListElement":[{"@type":"ListItem","position":1,"name":"Home","item":"https:\/\/vosgesinfo.fr\/remiremontinfo\/"},{"@type":"ListItem","position":2,"name":"Girmont : les produits d&rsquo;ici et d&rsquo;ailleurs \u00e0 l&rsquo;honneur au March\u00e9 Nocturne"}]},{"@type":"WebSite","@id":"https:\/\/vosgesinfo.fr\/remiremontinfo\/#website","url":"https:\/\/vosgesinfo.fr\/remiremontinfo\/","name":"Remiremont Info","description":"Toute l&#039;actualit\u00e9 de Remiremont","publisher":{"@id":"https:\/\/vosgesinfo.fr\/remiremontinfo\/#organization"},"alternateName":"Toute l'actualit\u00e9 de Remiremont","potentialAction":[{"@type":"SearchAction","target":{"@type":"EntryPoint","urlTemplate":"https:\/\/vosgesinfo.fr\/remiremontinfo\/?s={search_term_string}"},"query-input":"required name=search_term_string"}],"inLanguage":"fr-FR"},{"@type":"Organization","@id":"https:\/\/vosgesinfo.fr\/remiremontinfo\/#organization","name":"Remiremont Info","url":"https:\/\/vosgesinfo.fr\/remiremontinfo\/","logo":{"@type":"ImageObject","inLanguage":"fr-FR","@id":"https:\/\/vosgesinfo.fr\/remiremontinfo\/#\/schema\/logo\/image\/","url":"https:\/\/vosgesinfo.fr\/app\/uploads\/sites\/5\/2023\/08\/favicon-remiremontinfo.png","contentUrl":"https:\/\/vosgesinfo.fr\/app\/uploads\/sites\/5\/2023\/08\/favicon-remiremontinfo.png","width":512,"height":512,"caption":"Remiremont Info"},"image":{"@id":"https:\/\/vosgesinfo.fr\/remiremontinfo\/#\/schema\/logo\/image\/"},"sameAs":["https:\/\/www.facebook.com\/remiremontinfo","https:\/\/x.com\/VosgesInfo88","https:\/\/www.youtube.com\/@vosgesinfo"]},{"@type":"Person","@id":"https:\/\/vosgesinfo.fr\/remiremontinfo\/#\/schema\/person\/3bfd164d5218a185b1db68655a265316","name":"C D","image":{"@type":"ImageObject","inLanguage":"fr-FR","@id":"https:\/\/vosgesinfo.fr\/remiremontinfo\/#\/schema\/person\/image\/","url":"https:\/\/secure.gravatar.com\/avatar\/1f9a70007336511a47468b8f1c66f922b8b7cf617b02a31149ada43893a5d48f?s=96&d=mm&r=g","contentUrl":"https:\/\/secure.gravatar.com\/avatar\/1f9a70007336511a47468b8f1c66f922b8b7cf617b02a31149ada43893a5d48f?s=96&d=mm&r=g","caption":"C D"},"url":"https:\/\/vosgesinfo.fr\/remiremontinfo\/author\/cedric-drevet\/"}]}},"_links":{"self":[{"href":"https:\/\/vosgesinfo.fr\/remiremontinfo\/wp-json\/wp\/v2\/posts\/60124","targetHints":{"allow":["GET"]}}],"collection":[{"href":"https:\/\/vosgesinfo.fr\/remiremontinfo\/wp-json\/wp\/v2\/posts"}],"about":[{"href":"https:\/\/vosgesinfo.fr\/remiremontinfo\/wp-json\/wp\/v2\/types\/post"}],"author":[{"embeddable":true,"href":"https:\/\/vosgesinfo.fr\/remiremontinfo\/wp-json\/wp\/v2\/users\/407"}],"replies":[{"embeddable":true,"href":"https:\/\/vosgesinfo.fr\/remiremontinfo\/wp-json\/wp\/v2\/comments?post=60124"}],"version-history":[{"count":0,"href":"https:\/\/vosgesinfo.fr\/remiremontinfo\/wp-json\/wp\/v2\/posts\/60124\/revisions"}],"wp:featuredmedia":[{"embeddable":true,"href":"https:\/\/vosgesinfo.fr\/remiremontinfo\/wp-json\/wp\/v2\/media\/60125"}],"wp:attachment":[{"href":"https:\/\/vosgesinfo.fr\/remiremontinfo\/wp-json\/wp\/v2\/media?parent=60124"}],"wp:term":[{"taxonomy":"category","embeddable":true,"href":"https:\/\/vosgesinfo.fr\/remiremontinfo\/wp-json\/wp\/v2\/categories?post=60124"},{"taxonomy":"post_tag","embeddable":true,"href":"https:\/\/vosgesinfo.fr\/remiremontinfo\/wp-json\/wp\/v2\/tags?post=60124"}],"curies":[{"name":"wp","href":"https:\/\/api.w.org\/{rel}","templated":true}]}}