{"id":60128,"date":"2022-08-11T09:12:24","date_gmt":"2022-08-11T07:12:24","guid":{"rendered":"https:\/\/vosgesinfo.fr\/remiremontinfo\/2022\/08\/secheresse-a-retour-de-pluie\/"},"modified":"2022-08-11T09:12:24","modified_gmt":"2022-08-11T07:12:24","slug":"secheresse-a-retour-de-pluie","status":"publish","type":"post","link":"https:\/\/vosgesinfo.fr\/remiremontinfo\/2022\/08\/secheresse-a-retour-de-pluie\/","title":{"rendered":"S\u00e9cheresse\u00a0: \u00e0 quand le retour de la pluie\u00a0?"},"content":{"rendered":"<p><a href=\"\/2022\/08\/Capture-d\u2019\u00e9cran-2022-08-11-111108.png\"><img decoding=\"async\" class=\"alignnone size-large wp-image-350737\" src=\"\/2022\/08\/Capture-d\u2019\u00e9cran-2022-08-11-111108-1024x805.png\" alt=\"Capture d\u2019\u00e9cran 2022-08-11 111108\" width=\"960\" height=\"755\" \/><\/a><\/p>\n<p><span style=\"font-size: 10pt;\"><em>Photo d&rsquo;illustration\u00a0<\/em><\/span><\/p>\n<h2><span style=\"font-size: 12pt;\"><strong><span style=\"color: #000000;\"><span style=\"font-family: 'Linux Libertine', Georgia, Times, serif;\">Depuis plusieurs semaines maintenant, les Vosges traversent une <\/span><\/span><span style=\"color: #000000;\"><span style=\"font-family: 'Linux Libertine', Georgia, Times, serif;\">intense <\/span><\/span><span style=\"color: #000000;\"><span style=\"font-family: 'Linux Libertine', Georgia, Times, serif;\">p\u00e9riode de s\u00e9cheresse. <\/span><\/span><span style=\"color: #000000;\"><span style=\"font-family: 'Linux Libertine', Georgia, Times, serif;\">Des cours d\u2019eau \u00e0 sec, des r\u00e9serves presque vides, des cultures en danger, et d\u2019importants feux de for\u00eats. Des mesures sont prises pour \u00e9conomiser l\u2019eau en attendant l\u2019am\u00e9lioration de la situation.<\/span><\/span><\/strong><\/span><\/h2>\n<p><span style=\"color: #000000;\"><span style=\"font-family: 'Linux Libertine', Georgia, Times, serif;\">On se met \u00e0 esp\u00e9rer que le ciel donnera juste les pr\u00e9cipitations n\u00e9cessaires. <em>\u00ab\u00a0<\/em><\/span><\/span><span style=\"color: #000000;\"><span style=\"font-family: 'Linux Libertine', Georgia, Times, serif;\"><em>C&rsquo;est simple, jamais un tel niveau d&rsquo;humidit\u00e9 des sols n&rsquo;avaient \u00e9t\u00e9 atteint \u00e0 l&rsquo;\u00e9chelle du pays, m\u00eame lors de la grande s\u00e9cheresse de 1976\u00a0\u00bb<\/em>, <\/span><\/span><span style=\"color: #000000;\"><span style=\"font-family: 'Linux Libertine', Georgia, Times, serif;\">affirme <a href=\"https:\/\/www.facebook.com\/meteodesvallees\">M\u00e9t\u00e9o des Vall\u00e9es.<\/a><\/span><\/span><span style=\"color: #000000;\"><span style=\"font-family: 'Linux Libertine', Georgia, Times, serif;\"><em> \u00ab\u00a0Des incendies se d\u00e9clenchent un peu partout sur le Pays, m\u00eame dans des r\u00e9gions peu habitu\u00e9es\u00a0\u00bb.<\/em> D\u2019apr\u00e8s les pr\u00e9visions de <a href=\"https:\/\/meteofrance.com\/previsions-meteo-france\/vosges\/88\">M\u00e9t\u00e9o France,<\/a> il faudra attendre la nuit de dimanche \u00e0 lundi pour le retour de quelques pluies orageuses. Celles-ci devraient de poursuivre sur plusieurs jours. Mais cela ne sera pas suffisant pour combler le d\u00e9ficit d\u2019eau. Ce week-end, <em>\u00ab\u00a0le niveau de s\u00e9cheresse deviendra vraiment pr\u00e9occupant, d\u2019autant plus que le risque orageux attendu pour lundi ne sera pas suffisant : averses localis\u00e9es et peu durables\u00a0\u00bb<\/em>, affirme M\u00e9t\u00e9o des Vall\u00e9es. Esp\u00e9rons une am\u00e9lioration de la situation dans les semaines \u00e0 venir.\u00a0<\/span><\/span><\/p>\n<p><a href=\"\/2022\/08\/Capture-d\u2019\u00e9cran-2022-08-11-110049.png\"><img decoding=\"async\" class=\"alignnone size-full wp-image-350736\" src=\"\/2022\/08\/Capture-d\u2019\u00e9cran-2022-08-11-110049.png\" alt=\"Capture d\u2019\u00e9cran 2022-08-11 110049\" width=\"936\" height=\"648\" \/><\/a><\/p>\n<p><span style=\"font-size: 10pt;\"><em>Capture d&rsquo;\u00e9cran <a href=\"https:\/\/meteofrance.com\/previsions-meteo-france\/vosges\/88\">meteofrance.com<\/a>\u00a0<\/em><\/span><\/p>\n","protected":false},"excerpt":{"rendered":"<p>Photo d&rsquo;illustration\u00a0 Depuis plusieurs semaines maintenant, les Vosges traversent une intense p\u00e9riode de s\u00e9cheresse. Des cours d\u2019eau \u00e0 sec, des [&hellip;]<\/p>\n","protected":false},"author":407,"featured_media":60129,"comment_status":"open","ping_status":"open","sticky":false,"template":"","format":"standard","meta":{"footnotes":""},"categories":[26,127,18],"tags":[1222,128,676,3915,32],"class_list":["post-60128","post","type-post","status-publish","format-standard","has-post-thumbnail","hentry","category-a-la-une","category-meteo","category-vosges","tag-eau","tag-meteo","tag-pluie","tag-secheresse","tag-vosges"],"acf":[],"yoast_head":"<!-- This site is optimized with the Yoast SEO plugin v22.5 - https:\/\/yoast.com\/wordpress\/plugins\/seo\/ -->\n<title>S\u00e9cheresse\u00a0: \u00e0 quand le retour de la pluie\u00a0? - Remiremont Info<\/title>\n<meta name=\"robots\" content=\"index, follow, max-snippet:-1, max-image-preview:large, max-video-preview:-1\" \/>\n<link rel=\"canonical\" href=\"https:\/\/vosgesinfo.fr\/remiremontinfo\/2022\/08\/secheresse-a-retour-de-pluie\/\" \/>\n<meta name=\"twitter:card\" content=\"summary_large_image\" \/>\n<meta name=\"twitter:title\" content=\"S\u00e9cheresse\u00a0: \u00e0 quand le retour de la pluie\u00a0? - Remiremont Info\" \/>\n<meta name=\"twitter:description\" content=\"Photo d&rsquo;illustration\u00a0 Depuis plusieurs semaines maintenant, les Vosges traversent une intense p\u00e9riode de s\u00e9cheresse. Des cours d\u2019eau \u00e0 sec, des [&hellip;]\" \/>\n<meta name=\"twitter:image\" content=\"https:\/\/vosgesinfo.fr\/app\/uploads\/sites\/5\/2024\/09\/202208capture-decran-2022-08-11-111108.png\" \/>\n<meta name=\"twitter:creator\" content=\"@VosgesInfo88\" \/>\n<meta name=\"twitter:site\" content=\"@VosgesInfo88\" \/>\n<meta name=\"twitter:label1\" content=\"\u00c9crit par\" \/>\n\t<meta name=\"twitter:data1\" content=\"C D\" \/>\n\t<meta name=\"twitter:label2\" content=\"Dur\u00e9e de lecture estim\u00e9e\" \/>\n\t<meta name=\"twitter:data2\" content=\"1 minute\" \/>\n<script type=\"application\/ld+json\" class=\"yoast-schema-graph\">{\"@context\":\"https:\/\/schema.org\",\"@graph\":[{\"@type\":\"Article\",\"@id\":\"https:\/\/vosgesinfo.fr\/remiremontinfo\/2022\/08\/secheresse-a-retour-de-pluie\/#article\",\"isPartOf\":{\"@id\":\"https:\/\/vosgesinfo.fr\/remiremontinfo\/2022\/08\/secheresse-a-retour-de-pluie\/\"},\"author\":{\"name\":\"C D\",\"@id\":\"https:\/\/vosgesinfo.fr\/remiremontinfo\/#\/schema\/person\/3bfd164d5218a185b1db68655a265316\"},\"headline\":\"S\u00e9cheresse\u00a0: \u00e0 quand le retour de la pluie\u00a0?\",\"datePublished\":\"2022-08-11T07:12:24+00:00\",\"dateModified\":\"2022-08-11T07:12:24+00:00\",\"mainEntityOfPage\":{\"@id\":\"https:\/\/vosgesinfo.fr\/remiremontinfo\/2022\/08\/secheresse-a-retour-de-pluie\/\"},\"wordCount\":233,\"commentCount\":0,\"publisher\":{\"@id\":\"https:\/\/vosgesinfo.fr\/remiremontinfo\/#organization\"},\"image\":{\"@id\":\"https:\/\/vosgesinfo.fr\/remiremontinfo\/2022\/08\/secheresse-a-retour-de-pluie\/#primaryimage\"},\"thumbnailUrl\":\"https:\/\/vosgesinfo.fr\/app\/uploads\/sites\/5\/2024\/09\/202208capture-decran-2022-08-11-111108.png\",\"keywords\":[\"eau\",\"M\u00e9t\u00e9o\",\"pluie\",\"S\u00e9cheresse\",\"Vosges\"],\"articleSection\":[\"A la Une\",\"M\u00e9t\u00e9o\",\"Vosges\"],\"inLanguage\":\"fr-FR\",\"potentialAction\":[{\"@type\":\"CommentAction\",\"name\":\"Comment\",\"target\":[\"https:\/\/vosgesinfo.fr\/remiremontinfo\/2022\/08\/secheresse-a-retour-de-pluie\/#respond\"]}]},{\"@type\":\"WebPage\",\"@id\":\"https:\/\/vosgesinfo.fr\/remiremontinfo\/2022\/08\/secheresse-a-retour-de-pluie\/\",\"url\":\"https:\/\/vosgesinfo.fr\/remiremontinfo\/2022\/08\/secheresse-a-retour-de-pluie\/\",\"name\":\"S\u00e9cheresse\u00a0: \u00e0 quand le retour de la pluie\u00a0? - Remiremont Info\",\"isPartOf\":{\"@id\":\"https:\/\/vosgesinfo.fr\/remiremontinfo\/#website\"},\"primaryImageOfPage\":{\"@id\":\"https:\/\/vosgesinfo.fr\/remiremontinfo\/2022\/08\/secheresse-a-retour-de-pluie\/#primaryimage\"},\"image\":{\"@id\":\"https:\/\/vosgesinfo.fr\/remiremontinfo\/2022\/08\/secheresse-a-retour-de-pluie\/#primaryimage\"},\"thumbnailUrl\":\"https:\/\/vosgesinfo.fr\/app\/uploads\/sites\/5\/2024\/09\/202208capture-decran-2022-08-11-111108.png\",\"datePublished\":\"2022-08-11T07:12:24+00:00\",\"dateModified\":\"2022-08-11T07:12:24+00:00\",\"breadcrumb\":{\"@id\":\"https:\/\/vosgesinfo.fr\/remiremontinfo\/2022\/08\/secheresse-a-retour-de-pluie\/#breadcrumb\"},\"inLanguage\":\"fr-FR\",\"potentialAction\":[{\"@type\":\"ReadAction\",\"target\":[\"https:\/\/vosgesinfo.fr\/remiremontinfo\/2022\/08\/secheresse-a-retour-de-pluie\/\"]}]},{\"@type\":\"ImageObject\",\"inLanguage\":\"fr-FR\",\"@id\":\"https:\/\/vosgesinfo.fr\/remiremontinfo\/2022\/08\/secheresse-a-retour-de-pluie\/#primaryimage\",\"url\":\"https:\/\/vosgesinfo.fr\/app\/uploads\/sites\/5\/2024\/09\/202208capture-decran-2022-08-11-111108.png\",\"contentUrl\":\"https:\/\/vosgesinfo.fr\/app\/uploads\/sites\/5\/2024\/09\/202208capture-decran-2022-08-11-111108.png\",\"width\":1052,\"height\":827},{\"@type\":\"BreadcrumbList\",\"@id\":\"https:\/\/vosgesinfo.fr\/remiremontinfo\/2022\/08\/secheresse-a-retour-de-pluie\/#breadcrumb\",\"itemListElement\":[{\"@type\":\"ListItem\",\"position\":1,\"name\":\"Home\",\"item\":\"https:\/\/vosgesinfo.fr\/remiremontinfo\/\"},{\"@type\":\"ListItem\",\"position\":2,\"name\":\"S\u00e9cheresse\u00a0: \u00e0 quand le retour de la pluie\u00a0?\"}]},{\"@type\":\"WebSite\",\"@id\":\"https:\/\/vosgesinfo.fr\/remiremontinfo\/#website\",\"url\":\"https:\/\/vosgesinfo.fr\/remiremontinfo\/\",\"name\":\"Remiremont Info\",\"description\":\"Toute l&#039;actualit\u00e9 de Remiremont\",\"publisher\":{\"@id\":\"https:\/\/vosgesinfo.fr\/remiremontinfo\/#organization\"},\"alternateName\":\"Toute l'actualit\u00e9 de Remiremont\",\"potentialAction\":[{\"@type\":\"SearchAction\",\"target\":{\"@type\":\"EntryPoint\",\"urlTemplate\":\"https:\/\/vosgesinfo.fr\/remiremontinfo\/?s={search_term_string}\"},\"query-input\":\"required name=search_term_string\"}],\"inLanguage\":\"fr-FR\"},{\"@type\":\"Organization\",\"@id\":\"https:\/\/vosgesinfo.fr\/remiremontinfo\/#organization\",\"name\":\"Remiremont Info\",\"url\":\"https:\/\/vosgesinfo.fr\/remiremontinfo\/\",\"logo\":{\"@type\":\"ImageObject\",\"inLanguage\":\"fr-FR\",\"@id\":\"https:\/\/vosgesinfo.fr\/remiremontinfo\/#\/schema\/logo\/image\/\",\"url\":\"https:\/\/vosgesinfo.fr\/app\/uploads\/sites\/5\/2023\/08\/favicon-remiremontinfo.png\",\"contentUrl\":\"https:\/\/vosgesinfo.fr\/app\/uploads\/sites\/5\/2023\/08\/favicon-remiremontinfo.png\",\"width\":512,\"height\":512,\"caption\":\"Remiremont Info\"},\"image\":{\"@id\":\"https:\/\/vosgesinfo.fr\/remiremontinfo\/#\/schema\/logo\/image\/\"},\"sameAs\":[\"https:\/\/www.facebook.com\/remiremontinfo\",\"https:\/\/x.com\/VosgesInfo88\",\"https:\/\/www.youtube.com\/@vosgesinfo\"]},{\"@type\":\"Person\",\"@id\":\"https:\/\/vosgesinfo.fr\/remiremontinfo\/#\/schema\/person\/3bfd164d5218a185b1db68655a265316\",\"name\":\"C D\",\"image\":{\"@type\":\"ImageObject\",\"inLanguage\":\"fr-FR\",\"@id\":\"https:\/\/vosgesinfo.fr\/remiremontinfo\/#\/schema\/person\/image\/\",\"url\":\"https:\/\/secure.gravatar.com\/avatar\/1f9a70007336511a47468b8f1c66f922b8b7cf617b02a31149ada43893a5d48f?s=96&d=mm&r=g\",\"contentUrl\":\"https:\/\/secure.gravatar.com\/avatar\/1f9a70007336511a47468b8f1c66f922b8b7cf617b02a31149ada43893a5d48f?s=96&d=mm&r=g\",\"caption\":\"C D\"},\"url\":\"https:\/\/vosgesinfo.fr\/remiremontinfo\/author\/cedric-drevet\/\"}]}<\/script>\n<!-- \/ Yoast SEO plugin. -->","yoast_head_json":{"title":"S\u00e9cheresse\u00a0: \u00e0 quand le retour de la pluie\u00a0? - Remiremont Info","robots":{"index":"index","follow":"follow","max-snippet":"max-snippet:-1","max-image-preview":"max-image-preview:large","max-video-preview":"max-video-preview:-1"},"canonical":"https:\/\/vosgesinfo.fr\/remiremontinfo\/2022\/08\/secheresse-a-retour-de-pluie\/","twitter_card":"summary_large_image","twitter_title":"S\u00e9cheresse\u00a0: \u00e0 quand le retour de la pluie\u00a0? - Remiremont Info","twitter_description":"Photo d&rsquo;illustration\u00a0 Depuis plusieurs semaines maintenant, les Vosges traversent une intense p\u00e9riode de s\u00e9cheresse. Des cours d\u2019eau \u00e0 sec, des [&hellip;]","twitter_image":"https:\/\/vosgesinfo.fr\/app\/uploads\/sites\/5\/2024\/09\/202208capture-decran-2022-08-11-111108.png","twitter_creator":"@VosgesInfo88","twitter_site":"@VosgesInfo88","twitter_misc":{"\u00c9crit par":"C D","Dur\u00e9e de lecture estim\u00e9e":"1 minute"},"schema":{"@context":"https:\/\/schema.org","@graph":[{"@type":"Article","@id":"https:\/\/vosgesinfo.fr\/remiremontinfo\/2022\/08\/secheresse-a-retour-de-pluie\/#article","isPartOf":{"@id":"https:\/\/vosgesinfo.fr\/remiremontinfo\/2022\/08\/secheresse-a-retour-de-pluie\/"},"author":{"name":"C D","@id":"https:\/\/vosgesinfo.fr\/remiremontinfo\/#\/schema\/person\/3bfd164d5218a185b1db68655a265316"},"headline":"S\u00e9cheresse\u00a0: \u00e0 quand le retour de la pluie\u00a0?","datePublished":"2022-08-11T07:12:24+00:00","dateModified":"2022-08-11T07:12:24+00:00","mainEntityOfPage":{"@id":"https:\/\/vosgesinfo.fr\/remiremontinfo\/2022\/08\/secheresse-a-retour-de-pluie\/"},"wordCount":233,"commentCount":0,"publisher":{"@id":"https:\/\/vosgesinfo.fr\/remiremontinfo\/#organization"},"image":{"@id":"https:\/\/vosgesinfo.fr\/remiremontinfo\/2022\/08\/secheresse-a-retour-de-pluie\/#primaryimage"},"thumbnailUrl":"https:\/\/vosgesinfo.fr\/app\/uploads\/sites\/5\/2024\/09\/202208capture-decran-2022-08-11-111108.png","keywords":["eau","M\u00e9t\u00e9o","pluie","S\u00e9cheresse","Vosges"],"articleSection":["A la Une","M\u00e9t\u00e9o","Vosges"],"inLanguage":"fr-FR","potentialAction":[{"@type":"CommentAction","name":"Comment","target":["https:\/\/vosgesinfo.fr\/remiremontinfo\/2022\/08\/secheresse-a-retour-de-pluie\/#respond"]}]},{"@type":"WebPage","@id":"https:\/\/vosgesinfo.fr\/remiremontinfo\/2022\/08\/secheresse-a-retour-de-pluie\/","url":"https:\/\/vosgesinfo.fr\/remiremontinfo\/2022\/08\/secheresse-a-retour-de-pluie\/","name":"S\u00e9cheresse\u00a0: \u00e0 quand le retour de la pluie\u00a0? - Remiremont Info","isPartOf":{"@id":"https:\/\/vosgesinfo.fr\/remiremontinfo\/#website"},"primaryImageOfPage":{"@id":"https:\/\/vosgesinfo.fr\/remiremontinfo\/2022\/08\/secheresse-a-retour-de-pluie\/#primaryimage"},"image":{"@id":"https:\/\/vosgesinfo.fr\/remiremontinfo\/2022\/08\/secheresse-a-retour-de-pluie\/#primaryimage"},"thumbnailUrl":"https:\/\/vosgesinfo.fr\/app\/uploads\/sites\/5\/2024\/09\/202208capture-decran-2022-08-11-111108.png","datePublished":"2022-08-11T07:12:24+00:00","dateModified":"2022-08-11T07:12:24+00:00","breadcrumb":{"@id":"https:\/\/vosgesinfo.fr\/remiremontinfo\/2022\/08\/secheresse-a-retour-de-pluie\/#breadcrumb"},"inLanguage":"fr-FR","potentialAction":[{"@type":"ReadAction","target":["https:\/\/vosgesinfo.fr\/remiremontinfo\/2022\/08\/secheresse-a-retour-de-pluie\/"]}]},{"@type":"ImageObject","inLanguage":"fr-FR","@id":"https:\/\/vosgesinfo.fr\/remiremontinfo\/2022\/08\/secheresse-a-retour-de-pluie\/#primaryimage","url":"https:\/\/vosgesinfo.fr\/app\/uploads\/sites\/5\/2024\/09\/202208capture-decran-2022-08-11-111108.png","contentUrl":"https:\/\/vosgesinfo.fr\/app\/uploads\/sites\/5\/2024\/09\/202208capture-decran-2022-08-11-111108.png","width":1052,"height":827},{"@type":"BreadcrumbList","@id":"https:\/\/vosgesinfo.fr\/remiremontinfo\/2022\/08\/secheresse-a-retour-de-pluie\/#breadcrumb","itemListElement":[{"@type":"ListItem","position":1,"name":"Home","item":"https:\/\/vosgesinfo.fr\/remiremontinfo\/"},{"@type":"ListItem","position":2,"name":"S\u00e9cheresse\u00a0: \u00e0 quand le retour de la pluie\u00a0?"}]},{"@type":"WebSite","@id":"https:\/\/vosgesinfo.fr\/remiremontinfo\/#website","url":"https:\/\/vosgesinfo.fr\/remiremontinfo\/","name":"Remiremont Info","description":"Toute l&#039;actualit\u00e9 de Remiremont","publisher":{"@id":"https:\/\/vosgesinfo.fr\/remiremontinfo\/#organization"},"alternateName":"Toute l'actualit\u00e9 de Remiremont","potentialAction":[{"@type":"SearchAction","target":{"@type":"EntryPoint","urlTemplate":"https:\/\/vosgesinfo.fr\/remiremontinfo\/?s={search_term_string}"},"query-input":"required name=search_term_string"}],"inLanguage":"fr-FR"},{"@type":"Organization","@id":"https:\/\/vosgesinfo.fr\/remiremontinfo\/#organization","name":"Remiremont Info","url":"https:\/\/vosgesinfo.fr\/remiremontinfo\/","logo":{"@type":"ImageObject","inLanguage":"fr-FR","@id":"https:\/\/vosgesinfo.fr\/remiremontinfo\/#\/schema\/logo\/image\/","url":"https:\/\/vosgesinfo.fr\/app\/uploads\/sites\/5\/2023\/08\/favicon-remiremontinfo.png","contentUrl":"https:\/\/vosgesinfo.fr\/app\/uploads\/sites\/5\/2023\/08\/favicon-remiremontinfo.png","width":512,"height":512,"caption":"Remiremont Info"},"image":{"@id":"https:\/\/vosgesinfo.fr\/remiremontinfo\/#\/schema\/logo\/image\/"},"sameAs":["https:\/\/www.facebook.com\/remiremontinfo","https:\/\/x.com\/VosgesInfo88","https:\/\/www.youtube.com\/@vosgesinfo"]},{"@type":"Person","@id":"https:\/\/vosgesinfo.fr\/remiremontinfo\/#\/schema\/person\/3bfd164d5218a185b1db68655a265316","name":"C D","image":{"@type":"ImageObject","inLanguage":"fr-FR","@id":"https:\/\/vosgesinfo.fr\/remiremontinfo\/#\/schema\/person\/image\/","url":"https:\/\/secure.gravatar.com\/avatar\/1f9a70007336511a47468b8f1c66f922b8b7cf617b02a31149ada43893a5d48f?s=96&d=mm&r=g","contentUrl":"https:\/\/secure.gravatar.com\/avatar\/1f9a70007336511a47468b8f1c66f922b8b7cf617b02a31149ada43893a5d48f?s=96&d=mm&r=g","caption":"C D"},"url":"https:\/\/vosgesinfo.fr\/remiremontinfo\/author\/cedric-drevet\/"}]}},"_links":{"self":[{"href":"https:\/\/vosgesinfo.fr\/remiremontinfo\/wp-json\/wp\/v2\/posts\/60128","targetHints":{"allow":["GET"]}}],"collection":[{"href":"https:\/\/vosgesinfo.fr\/remiremontinfo\/wp-json\/wp\/v2\/posts"}],"about":[{"href":"https:\/\/vosgesinfo.fr\/remiremontinfo\/wp-json\/wp\/v2\/types\/post"}],"author":[{"embeddable":true,"href":"https:\/\/vosgesinfo.fr\/remiremontinfo\/wp-json\/wp\/v2\/users\/407"}],"replies":[{"embeddable":true,"href":"https:\/\/vosgesinfo.fr\/remiremontinfo\/wp-json\/wp\/v2\/comments?post=60128"}],"version-history":[{"count":0,"href":"https:\/\/vosgesinfo.fr\/remiremontinfo\/wp-json\/wp\/v2\/posts\/60128\/revisions"}],"wp:featuredmedia":[{"embeddable":true,"href":"https:\/\/vosgesinfo.fr\/remiremontinfo\/wp-json\/wp\/v2\/media\/60129"}],"wp:attachment":[{"href":"https:\/\/vosgesinfo.fr\/remiremontinfo\/wp-json\/wp\/v2\/media?parent=60128"}],"wp:term":[{"taxonomy":"category","embeddable":true,"href":"https:\/\/vosgesinfo.fr\/remiremontinfo\/wp-json\/wp\/v2\/categories?post=60128"},{"taxonomy":"post_tag","embeddable":true,"href":"https:\/\/vosgesinfo.fr\/remiremontinfo\/wp-json\/wp\/v2\/tags?post=60128"}],"curies":[{"name":"wp","href":"https:\/\/api.w.org\/{rel}","templated":true}]}}