{"id":60154,"date":"2022-08-12T05:51:45","date_gmt":"2022-08-12T03:51:45","guid":{"rendered":"https:\/\/vosgesinfo.fr\/remiremontinfo\/2022\/08\/vosges-prefet-interdit-feux-dartifices-duree-de-15-jours\/"},"modified":"2022-08-12T05:51:45","modified_gmt":"2022-08-12T03:51:45","slug":"vosges-prefet-interdit-feux-dartifices-duree-de-15-jours","status":"publish","type":"post","link":"https:\/\/vosgesinfo.fr\/remiremontinfo\/2022\/08\/vosges-prefet-interdit-feux-dartifices-duree-de-15-jours\/","title":{"rendered":"Vosges : le Pr\u00e9fet interdit les feux d&rsquo;artifices pour une dur\u00e9e de 15 jours"},"content":{"rendered":"<p><a href=\"\/2021\/07\/fireworks-15490_960_720.jpg\"><img decoding=\"async\" class=\"alignnone size-full wp-image-321683\" src=\"\/2021\/07\/fireworks-15490_960_720.jpg\" alt=\"fireworks-15490_960_720\" width=\"800\" height=\"533\" \/><\/a><\/p>\n<p><span style=\"font-size: 10pt;\"><em>Photo d&rsquo;illustration\u00a0<\/em><\/span><\/p>\n<h2><span style=\"font-size: 12pt;\"><strong>Alors que la territoire vosgien traverse une p\u00e9riode de s\u00e9cheresse intense depuis plusieurs semaines, et que de nombreux d\u00e9part de feu de for\u00eat sont \u00e0 d\u00e9plorer, le Pr\u00e9fet des Vosges, Yves S\u00e9guy, a pris la d\u00e9cision, \u00e0 quelques jours du 15 ao\u00fbt, d&rsquo;interdire tous feux d&rsquo;artifice dans le d\u00e9partement.\u00a0<\/strong><\/span><\/h2>\n<p>Voici le communiqu\u00e9 de la Pr\u00e9fecture :<\/p>\n<p style=\"text-align: center;\"><span style=\"font-size: 10pt;\"><em>Communiqu\u00e9 de la Pr\u00e9fecture des Vosges<\/em><\/span><\/p>\n<h2><span style=\"font-size: 12pt;\"><strong><span dir=\"ltr\">Le d\u00e9partement des Vosges, comme le territoire national, subit actuellement un<\/span><span dir=\"ltr\">\u00a0\u00e9pisode de s\u00e9cheresse important, accompagn\u00e9 de vagues de chaleurs successives<\/span><span dir=\"ltr\">\u00a0et de vents cons\u00e9quents.<\/span><\/strong><\/span><\/h2>\n<p><span dir=\"ltr\">Les d\u00e9parts de feu se multiplient. Ce mercredi 10 ao\u00fbt, un incendie s\u2019est d\u00e9clar\u00e9<\/span><span dir=\"ltr\">\u00a0entre les communes de Mortagne et Brouvelieures. Grace au<\/span>\u00a0<span dir=\"ltr\">courage et \u00e0 la<\/span><span dir=\"ltr\">\u00a0d\u00e9termination de plus de 100 sapeurs-pompiers mobilis\u00e9s nuit et jour, le feu a \u00e9t\u00e9<\/span><span dir=\"ltr\">\u00a0contenu apr\u00e8s avoir parcouru pr\u00e9s de 50 hectares.<\/span><\/p>\n<p><span dir=\"ltr\">Dans ce contexte, le moindre point chaud peut provoquer un d\u00e9part de feu et<\/span><span dir=\"ltr\">\u00a0avoir<\/span>\u00a0<span dir=\"ltr\">des<\/span>\u00a0<span dir=\"ltr\">cons\u00e9quences<\/span>\u00a0<span dir=\"ltr\">d\u00e9vastatrices.<\/span>\u00a0<span dir=\"ltr\">\u00c0<\/span>\u00a0<span dir=\"ltr\">titre<\/span>\u00a0<span dir=\"ltr\">d\u2019exemple,<\/span>\u00a0<span dir=\"ltr\">mardi<\/span>\u00a0<span dir=\"ltr\">9<\/span>\u00a0<span dir=\"ltr\">ao\u00fbt<\/span>\u00a0<span dir=\"ltr\">\u00e0<\/span><span dir=\"ltr\">\u00a0G\u00e9rardmer, une \u00e9tincelle provoqu\u00e9e par une pelleteuse heurtant un caillou a suffi \u00e0<\/span><span dir=\"ltr\">\u00a0provoquer<\/span>\u00a0<span dir=\"ltr\">un<\/span>\u00a0<span dir=\"ltr\">feu<\/span>\u00a0<span dir=\"ltr\">de<\/span>\u00a0<span dir=\"ltr\">broussailles<\/span>\u00a0<span dir=\"ltr\">que<\/span>\u00a0<span dir=\"ltr\">les<\/span>\u00a0<span dir=\"ltr\">sapeurs-pompiers<\/span>\u00a0<span dir=\"ltr\">n\u2019ont<\/span>\u00a0<span dir=\"ltr\">pu<\/span>\u00a0<span dir=\"ltr\">arr\u00eater<\/span><span dir=\"ltr\">\u00a0qu\u2019apr\u00e8s qu\u2019il ait parcouru 4.000 m\u00b2 dans une zone d\u2019habitations. Il est \u00e0 noter \u00e9galement que les multiples feux de for\u00eats sur le pays et dans les<\/span><span dir=\"ltr\">\u00a0d\u00e9partements limitrophes limitent les possibilit\u00e9s d\u2019appel \u00e0 la solidarit\u00e9 nationale,<\/span><span dir=\"ltr\">\u00a0et notamment le recours aux moyens a\u00e9riens de lutte contre les feux de for\u00eats.<\/span><\/p>\n<p><span dir=\"ltr\">Ainsi, le pr\u00e9fet des Vosges, sur avis du SDIS et de l\u2019ONF, a d\u00e9cid\u00e9 d\u2019interdire l\u2019usage\u00a0<\/span><span dir=\"ltr\">des feux d\u2019artifices dans l\u2019ensemble du d\u00e9partement pour une dur\u00e9e de\u00a0<\/span><span dir=\"ltr\">15\u00a0<\/span><span dir=\"ltr\">jours.<\/span><span dir=\"ltr\">\u00a0Le<\/span>\u00a0<span dir=\"ltr\">pr\u00e9fet<\/span>\u00a0<span dir=\"ltr\">des<\/span>\u00a0<span dir=\"ltr\">Vosges<\/span>\u00a0<span dir=\"ltr\">est<\/span>\u00a0<span dir=\"ltr\">conscient<\/span>\u00a0<span dir=\"ltr\">des<\/span>\u00a0<span dir=\"ltr\">cons\u00e9quences<\/span>\u00a0<span dir=\"ltr\">de<\/span>\u00a0<span dir=\"ltr\">cette<\/span>\u00a0<span dir=\"ltr\">d\u00e9cision,<\/span>\u00a0<span dir=\"ltr\">qui<\/span><span dir=\"ltr\">\u00a0s\u2019impose au regard des imp\u00e9ratifs de s\u00e9curit\u00e9.<\/span><span dir=\"ltr\">\u00a0Elle emporte notamment l\u2019annulation, d\u00e9cid\u00e9e en concertation avec le maire de<\/span><span dir=\"ltr\">\u00a0G\u00e9rardmer M. Stessy Speissman, du spectacle pyrotechnique \u00ab<\/span>\u00a0<span dir=\"ltr\">F\u00e9erie du lac<\/span>\u00a0<span dir=\"ltr\">\u00bb<\/span><span dir=\"ltr\">\u00a0pr\u00e9vu le 14 ao\u00fbt. Bien que tir\u00e9 au-dessus du lac, le risque \u00e9tait n\u00e9anmoins r\u00e9el que<\/span><span dir=\"ltr\">\u00a0l\u2019\u00e9v\u00e9nement,<\/span>\u00a0<span dir=\"ltr\">qui<\/span>\u00a0<span dir=\"ltr\">devait<\/span>\u00a0<span dir=\"ltr\">concentrer<\/span>\u00a0<span dir=\"ltr\">des<\/span>\u00a0<span dir=\"ltr\">dizaines<\/span>\u00a0<span dir=\"ltr\">de<\/span>\u00a0<span dir=\"ltr\">milliers<\/span>\u00a0<span dir=\"ltr\">de<\/span>\u00a0<span dir=\"ltr\">personnes,<\/span><span dir=\"ltr\">\u00a0provoque un d\u00e9part de feu.<\/span><\/p>\n<p><span dir=\"ltr\">\u00a0Les<\/span>\u00a0<span dir=\"ltr\">maires<\/span>\u00a0<span dir=\"ltr\">des<\/span>\u00a0<span dir=\"ltr\">communes<\/span>\u00a0<span dir=\"ltr\">du<\/span>\u00a0<span dir=\"ltr\">d\u00e9partement<\/span>\u00a0<span dir=\"ltr\">qui<\/span>\u00a0<span dir=\"ltr\">avaient<\/span>\u00a0<span dir=\"ltr\">programm\u00e9<\/span>\u00a0<span dir=\"ltr\">des<\/span>\u00a0<span dir=\"ltr\">feux<\/span><span dir=\"ltr\">\u00a0d\u2019artifices ont \u00e9t\u00e9 inform\u00e9es individuellement. A titre compl\u00e9mentaire, la commercialisation des p\u00e9tards et feux d\u2019artifices est\u00a0<\/span><span dir=\"ltr\">interdite dans le d\u00e9partement sur la m\u00eame p\u00e9riode.<\/span><\/p>\n<h3><strong><span dir=\"ltr\">Recommandations<\/span><\/strong><\/h3>\n<p><span dir=\"ltr\">Si vous \u00eates t\u00e9moin d\u2019un d\u00e9part de feu :<\/span><\/p>\n<ul>\n<li><span dir=\"ltr\">Informez les pompiers (t\u00e9l\u00e9phonez au 112, 114 ou 18) avec calme et pr\u00e9cision ;<\/span><\/li>\n<li><span dir=\"ltr\">Recherchez un abri en fuyant dos au feu ;<\/span><\/li>\n<li><span dir=\"ltr\">Respirez, si possible, \u00e0 travers un linge humide ;<\/span><\/li>\n<li><span dir=\"ltr\">Ne sortez pas de votre voiture si vous \u00eates surpris par un front de flammes.<\/span><\/li>\n<\/ul>\n","protected":false},"excerpt":{"rendered":"<p>Photo d&rsquo;illustration\u00a0 Alors que la territoire vosgien traverse une p\u00e9riode de s\u00e9cheresse intense depuis plusieurs semaines, et que de nombreux [&hellip;]<\/p>\n","protected":false},"author":407,"featured_media":60155,"comment_status":"open","ping_status":"open","sticky":false,"template":"","format":"standard","meta":{"footnotes":""},"categories":[26,95,18],"tags":[1268,118,32],"class_list":["post-60154","post","type-post","status-publish","format-standard","has-post-thumbnail","hentry","category-a-la-une","category-securite","category-vosges","tag-feux-dartifice","tag-securite","tag-vosges"],"acf":[],"yoast_head":"<!-- This site is optimized with the Yoast SEO plugin v22.5 - https:\/\/yoast.com\/wordpress\/plugins\/seo\/ -->\n<title>Vosges : le Pr\u00e9fet interdit les feux d&#039;artifices pour une dur\u00e9e de 15 jours - Remiremont Info<\/title>\n<meta name=\"robots\" content=\"index, follow, max-snippet:-1, max-image-preview:large, max-video-preview:-1\" \/>\n<link rel=\"canonical\" href=\"https:\/\/vosgesinfo.fr\/remiremontinfo\/2022\/08\/vosges-prefet-interdit-feux-dartifices-duree-de-15-jours\/\" \/>\n<meta name=\"twitter:card\" content=\"summary_large_image\" \/>\n<meta name=\"twitter:title\" content=\"Vosges : le Pr\u00e9fet interdit les feux d&#039;artifices pour une dur\u00e9e de 15 jours - Remiremont Info\" \/>\n<meta name=\"twitter:description\" content=\"Photo d&rsquo;illustration\u00a0 Alors que la territoire vosgien traverse une p\u00e9riode de s\u00e9cheresse intense depuis plusieurs semaines, et que de nombreux [&hellip;]\" \/>\n<meta name=\"twitter:image\" content=\"https:\/\/vosgesinfo.fr\/app\/uploads\/sites\/5\/2024\/09\/202107fireworks-15490-960-720-10.jpg\" \/>\n<meta name=\"twitter:creator\" content=\"@VosgesInfo88\" \/>\n<meta name=\"twitter:site\" content=\"@VosgesInfo88\" \/>\n<meta name=\"twitter:label1\" content=\"\u00c9crit par\" \/>\n\t<meta name=\"twitter:data1\" content=\"C D\" \/>\n\t<meta name=\"twitter:label2\" content=\"Dur\u00e9e de lecture estim\u00e9e\" \/>\n\t<meta name=\"twitter:data2\" content=\"2 minutes\" \/>\n<script type=\"application\/ld+json\" class=\"yoast-schema-graph\">{\"@context\":\"https:\/\/schema.org\",\"@graph\":[{\"@type\":\"Article\",\"@id\":\"https:\/\/vosgesinfo.fr\/remiremontinfo\/2022\/08\/vosges-prefet-interdit-feux-dartifices-duree-de-15-jours\/#article\",\"isPartOf\":{\"@id\":\"https:\/\/vosgesinfo.fr\/remiremontinfo\/2022\/08\/vosges-prefet-interdit-feux-dartifices-duree-de-15-jours\/\"},\"author\":{\"name\":\"C D\",\"@id\":\"https:\/\/vosgesinfo.fr\/remiremontinfo\/#\/schema\/person\/3bfd164d5218a185b1db68655a265316\"},\"headline\":\"Vosges : le Pr\u00e9fet interdit les feux d&rsquo;artifices pour une dur\u00e9e de 15 jours\",\"datePublished\":\"2022-08-12T03:51:45+00:00\",\"dateModified\":\"2022-08-12T03:51:45+00:00\",\"mainEntityOfPage\":{\"@id\":\"https:\/\/vosgesinfo.fr\/remiremontinfo\/2022\/08\/vosges-prefet-interdit-feux-dartifices-duree-de-15-jours\/\"},\"wordCount\":507,\"commentCount\":0,\"publisher\":{\"@id\":\"https:\/\/vosgesinfo.fr\/remiremontinfo\/#organization\"},\"image\":{\"@id\":\"https:\/\/vosgesinfo.fr\/remiremontinfo\/2022\/08\/vosges-prefet-interdit-feux-dartifices-duree-de-15-jours\/#primaryimage\"},\"thumbnailUrl\":\"https:\/\/vosgesinfo.fr\/app\/uploads\/sites\/5\/2024\/09\/202107fireworks-15490-960-720-10.jpg\",\"keywords\":[\"feux d'artifice\",\"S\u00e9curit\u00e9\",\"Vosges\"],\"articleSection\":[\"A la Une\",\"S\u00e9curit\u00e9\",\"Vosges\"],\"inLanguage\":\"fr-FR\",\"potentialAction\":[{\"@type\":\"CommentAction\",\"name\":\"Comment\",\"target\":[\"https:\/\/vosgesinfo.fr\/remiremontinfo\/2022\/08\/vosges-prefet-interdit-feux-dartifices-duree-de-15-jours\/#respond\"]}]},{\"@type\":\"WebPage\",\"@id\":\"https:\/\/vosgesinfo.fr\/remiremontinfo\/2022\/08\/vosges-prefet-interdit-feux-dartifices-duree-de-15-jours\/\",\"url\":\"https:\/\/vosgesinfo.fr\/remiremontinfo\/2022\/08\/vosges-prefet-interdit-feux-dartifices-duree-de-15-jours\/\",\"name\":\"Vosges : le Pr\u00e9fet interdit les feux d'artifices pour une dur\u00e9e de 15 jours - Remiremont Info\",\"isPartOf\":{\"@id\":\"https:\/\/vosgesinfo.fr\/remiremontinfo\/#website\"},\"primaryImageOfPage\":{\"@id\":\"https:\/\/vosgesinfo.fr\/remiremontinfo\/2022\/08\/vosges-prefet-interdit-feux-dartifices-duree-de-15-jours\/#primaryimage\"},\"image\":{\"@id\":\"https:\/\/vosgesinfo.fr\/remiremontinfo\/2022\/08\/vosges-prefet-interdit-feux-dartifices-duree-de-15-jours\/#primaryimage\"},\"thumbnailUrl\":\"https:\/\/vosgesinfo.fr\/app\/uploads\/sites\/5\/2024\/09\/202107fireworks-15490-960-720-10.jpg\",\"datePublished\":\"2022-08-12T03:51:45+00:00\",\"dateModified\":\"2022-08-12T03:51:45+00:00\",\"breadcrumb\":{\"@id\":\"https:\/\/vosgesinfo.fr\/remiremontinfo\/2022\/08\/vosges-prefet-interdit-feux-dartifices-duree-de-15-jours\/#breadcrumb\"},\"inLanguage\":\"fr-FR\",\"potentialAction\":[{\"@type\":\"ReadAction\",\"target\":[\"https:\/\/vosgesinfo.fr\/remiremontinfo\/2022\/08\/vosges-prefet-interdit-feux-dartifices-duree-de-15-jours\/\"]}]},{\"@type\":\"ImageObject\",\"inLanguage\":\"fr-FR\",\"@id\":\"https:\/\/vosgesinfo.fr\/remiremontinfo\/2022\/08\/vosges-prefet-interdit-feux-dartifices-duree-de-15-jours\/#primaryimage\",\"url\":\"https:\/\/vosgesinfo.fr\/app\/uploads\/sites\/5\/2024\/09\/202107fireworks-15490-960-720-10.jpg\",\"contentUrl\":\"https:\/\/vosgesinfo.fr\/app\/uploads\/sites\/5\/2024\/09\/202107fireworks-15490-960-720-10.jpg\",\"width\":800,\"height\":533},{\"@type\":\"BreadcrumbList\",\"@id\":\"https:\/\/vosgesinfo.fr\/remiremontinfo\/2022\/08\/vosges-prefet-interdit-feux-dartifices-duree-de-15-jours\/#breadcrumb\",\"itemListElement\":[{\"@type\":\"ListItem\",\"position\":1,\"name\":\"Home\",\"item\":\"https:\/\/vosgesinfo.fr\/remiremontinfo\/\"},{\"@type\":\"ListItem\",\"position\":2,\"name\":\"Vosges : le Pr\u00e9fet interdit les feux d&rsquo;artifices pour une dur\u00e9e de 15 jours\"}]},{\"@type\":\"WebSite\",\"@id\":\"https:\/\/vosgesinfo.fr\/remiremontinfo\/#website\",\"url\":\"https:\/\/vosgesinfo.fr\/remiremontinfo\/\",\"name\":\"Remiremont Info\",\"description\":\"Toute l&#039;actualit\u00e9 de Remiremont\",\"publisher\":{\"@id\":\"https:\/\/vosgesinfo.fr\/remiremontinfo\/#organization\"},\"alternateName\":\"Toute l'actualit\u00e9 de Remiremont\",\"potentialAction\":[{\"@type\":\"SearchAction\",\"target\":{\"@type\":\"EntryPoint\",\"urlTemplate\":\"https:\/\/vosgesinfo.fr\/remiremontinfo\/?s={search_term_string}\"},\"query-input\":\"required name=search_term_string\"}],\"inLanguage\":\"fr-FR\"},{\"@type\":\"Organization\",\"@id\":\"https:\/\/vosgesinfo.fr\/remiremontinfo\/#organization\",\"name\":\"Remiremont Info\",\"url\":\"https:\/\/vosgesinfo.fr\/remiremontinfo\/\",\"logo\":{\"@type\":\"ImageObject\",\"inLanguage\":\"fr-FR\",\"@id\":\"https:\/\/vosgesinfo.fr\/remiremontinfo\/#\/schema\/logo\/image\/\",\"url\":\"https:\/\/vosgesinfo.fr\/app\/uploads\/sites\/5\/2023\/08\/favicon-remiremontinfo.png\",\"contentUrl\":\"https:\/\/vosgesinfo.fr\/app\/uploads\/sites\/5\/2023\/08\/favicon-remiremontinfo.png\",\"width\":512,\"height\":512,\"caption\":\"Remiremont Info\"},\"image\":{\"@id\":\"https:\/\/vosgesinfo.fr\/remiremontinfo\/#\/schema\/logo\/image\/\"},\"sameAs\":[\"https:\/\/www.facebook.com\/remiremontinfo\",\"https:\/\/x.com\/VosgesInfo88\",\"https:\/\/www.youtube.com\/@vosgesinfo\"]},{\"@type\":\"Person\",\"@id\":\"https:\/\/vosgesinfo.fr\/remiremontinfo\/#\/schema\/person\/3bfd164d5218a185b1db68655a265316\",\"name\":\"C D\",\"image\":{\"@type\":\"ImageObject\",\"inLanguage\":\"fr-FR\",\"@id\":\"https:\/\/vosgesinfo.fr\/remiremontinfo\/#\/schema\/person\/image\/\",\"url\":\"https:\/\/secure.gravatar.com\/avatar\/1f9a70007336511a47468b8f1c66f922b8b7cf617b02a31149ada43893a5d48f?s=96&d=mm&r=g\",\"contentUrl\":\"https:\/\/secure.gravatar.com\/avatar\/1f9a70007336511a47468b8f1c66f922b8b7cf617b02a31149ada43893a5d48f?s=96&d=mm&r=g\",\"caption\":\"C D\"},\"url\":\"https:\/\/vosgesinfo.fr\/remiremontinfo\/author\/cedric-drevet\/\"}]}<\/script>\n<!-- \/ Yoast SEO plugin. -->","yoast_head_json":{"title":"Vosges : le Pr\u00e9fet interdit les feux d'artifices pour une dur\u00e9e de 15 jours - Remiremont Info","robots":{"index":"index","follow":"follow","max-snippet":"max-snippet:-1","max-image-preview":"max-image-preview:large","max-video-preview":"max-video-preview:-1"},"canonical":"https:\/\/vosgesinfo.fr\/remiremontinfo\/2022\/08\/vosges-prefet-interdit-feux-dartifices-duree-de-15-jours\/","twitter_card":"summary_large_image","twitter_title":"Vosges : le Pr\u00e9fet interdit les feux d'artifices pour une dur\u00e9e de 15 jours - Remiremont Info","twitter_description":"Photo d&rsquo;illustration\u00a0 Alors que la territoire vosgien traverse une p\u00e9riode de s\u00e9cheresse intense depuis plusieurs semaines, et que de nombreux [&hellip;]","twitter_image":"https:\/\/vosgesinfo.fr\/app\/uploads\/sites\/5\/2024\/09\/202107fireworks-15490-960-720-10.jpg","twitter_creator":"@VosgesInfo88","twitter_site":"@VosgesInfo88","twitter_misc":{"\u00c9crit par":"C D","Dur\u00e9e de lecture estim\u00e9e":"2 minutes"},"schema":{"@context":"https:\/\/schema.org","@graph":[{"@type":"Article","@id":"https:\/\/vosgesinfo.fr\/remiremontinfo\/2022\/08\/vosges-prefet-interdit-feux-dartifices-duree-de-15-jours\/#article","isPartOf":{"@id":"https:\/\/vosgesinfo.fr\/remiremontinfo\/2022\/08\/vosges-prefet-interdit-feux-dartifices-duree-de-15-jours\/"},"author":{"name":"C D","@id":"https:\/\/vosgesinfo.fr\/remiremontinfo\/#\/schema\/person\/3bfd164d5218a185b1db68655a265316"},"headline":"Vosges : le Pr\u00e9fet interdit les feux d&rsquo;artifices pour une dur\u00e9e de 15 jours","datePublished":"2022-08-12T03:51:45+00:00","dateModified":"2022-08-12T03:51:45+00:00","mainEntityOfPage":{"@id":"https:\/\/vosgesinfo.fr\/remiremontinfo\/2022\/08\/vosges-prefet-interdit-feux-dartifices-duree-de-15-jours\/"},"wordCount":507,"commentCount":0,"publisher":{"@id":"https:\/\/vosgesinfo.fr\/remiremontinfo\/#organization"},"image":{"@id":"https:\/\/vosgesinfo.fr\/remiremontinfo\/2022\/08\/vosges-prefet-interdit-feux-dartifices-duree-de-15-jours\/#primaryimage"},"thumbnailUrl":"https:\/\/vosgesinfo.fr\/app\/uploads\/sites\/5\/2024\/09\/202107fireworks-15490-960-720-10.jpg","keywords":["feux d'artifice","S\u00e9curit\u00e9","Vosges"],"articleSection":["A la Une","S\u00e9curit\u00e9","Vosges"],"inLanguage":"fr-FR","potentialAction":[{"@type":"CommentAction","name":"Comment","target":["https:\/\/vosgesinfo.fr\/remiremontinfo\/2022\/08\/vosges-prefet-interdit-feux-dartifices-duree-de-15-jours\/#respond"]}]},{"@type":"WebPage","@id":"https:\/\/vosgesinfo.fr\/remiremontinfo\/2022\/08\/vosges-prefet-interdit-feux-dartifices-duree-de-15-jours\/","url":"https:\/\/vosgesinfo.fr\/remiremontinfo\/2022\/08\/vosges-prefet-interdit-feux-dartifices-duree-de-15-jours\/","name":"Vosges : le Pr\u00e9fet interdit les feux d'artifices pour une dur\u00e9e de 15 jours - Remiremont Info","isPartOf":{"@id":"https:\/\/vosgesinfo.fr\/remiremontinfo\/#website"},"primaryImageOfPage":{"@id":"https:\/\/vosgesinfo.fr\/remiremontinfo\/2022\/08\/vosges-prefet-interdit-feux-dartifices-duree-de-15-jours\/#primaryimage"},"image":{"@id":"https:\/\/vosgesinfo.fr\/remiremontinfo\/2022\/08\/vosges-prefet-interdit-feux-dartifices-duree-de-15-jours\/#primaryimage"},"thumbnailUrl":"https:\/\/vosgesinfo.fr\/app\/uploads\/sites\/5\/2024\/09\/202107fireworks-15490-960-720-10.jpg","datePublished":"2022-08-12T03:51:45+00:00","dateModified":"2022-08-12T03:51:45+00:00","breadcrumb":{"@id":"https:\/\/vosgesinfo.fr\/remiremontinfo\/2022\/08\/vosges-prefet-interdit-feux-dartifices-duree-de-15-jours\/#breadcrumb"},"inLanguage":"fr-FR","potentialAction":[{"@type":"ReadAction","target":["https:\/\/vosgesinfo.fr\/remiremontinfo\/2022\/08\/vosges-prefet-interdit-feux-dartifices-duree-de-15-jours\/"]}]},{"@type":"ImageObject","inLanguage":"fr-FR","@id":"https:\/\/vosgesinfo.fr\/remiremontinfo\/2022\/08\/vosges-prefet-interdit-feux-dartifices-duree-de-15-jours\/#primaryimage","url":"https:\/\/vosgesinfo.fr\/app\/uploads\/sites\/5\/2024\/09\/202107fireworks-15490-960-720-10.jpg","contentUrl":"https:\/\/vosgesinfo.fr\/app\/uploads\/sites\/5\/2024\/09\/202107fireworks-15490-960-720-10.jpg","width":800,"height":533},{"@type":"BreadcrumbList","@id":"https:\/\/vosgesinfo.fr\/remiremontinfo\/2022\/08\/vosges-prefet-interdit-feux-dartifices-duree-de-15-jours\/#breadcrumb","itemListElement":[{"@type":"ListItem","position":1,"name":"Home","item":"https:\/\/vosgesinfo.fr\/remiremontinfo\/"},{"@type":"ListItem","position":2,"name":"Vosges : le Pr\u00e9fet interdit les feux d&rsquo;artifices pour une dur\u00e9e de 15 jours"}]},{"@type":"WebSite","@id":"https:\/\/vosgesinfo.fr\/remiremontinfo\/#website","url":"https:\/\/vosgesinfo.fr\/remiremontinfo\/","name":"Remiremont Info","description":"Toute l&#039;actualit\u00e9 de Remiremont","publisher":{"@id":"https:\/\/vosgesinfo.fr\/remiremontinfo\/#organization"},"alternateName":"Toute l'actualit\u00e9 de Remiremont","potentialAction":[{"@type":"SearchAction","target":{"@type":"EntryPoint","urlTemplate":"https:\/\/vosgesinfo.fr\/remiremontinfo\/?s={search_term_string}"},"query-input":"required name=search_term_string"}],"inLanguage":"fr-FR"},{"@type":"Organization","@id":"https:\/\/vosgesinfo.fr\/remiremontinfo\/#organization","name":"Remiremont Info","url":"https:\/\/vosgesinfo.fr\/remiremontinfo\/","logo":{"@type":"ImageObject","inLanguage":"fr-FR","@id":"https:\/\/vosgesinfo.fr\/remiremontinfo\/#\/schema\/logo\/image\/","url":"https:\/\/vosgesinfo.fr\/app\/uploads\/sites\/5\/2023\/08\/favicon-remiremontinfo.png","contentUrl":"https:\/\/vosgesinfo.fr\/app\/uploads\/sites\/5\/2023\/08\/favicon-remiremontinfo.png","width":512,"height":512,"caption":"Remiremont Info"},"image":{"@id":"https:\/\/vosgesinfo.fr\/remiremontinfo\/#\/schema\/logo\/image\/"},"sameAs":["https:\/\/www.facebook.com\/remiremontinfo","https:\/\/x.com\/VosgesInfo88","https:\/\/www.youtube.com\/@vosgesinfo"]},{"@type":"Person","@id":"https:\/\/vosgesinfo.fr\/remiremontinfo\/#\/schema\/person\/3bfd164d5218a185b1db68655a265316","name":"C D","image":{"@type":"ImageObject","inLanguage":"fr-FR","@id":"https:\/\/vosgesinfo.fr\/remiremontinfo\/#\/schema\/person\/image\/","url":"https:\/\/secure.gravatar.com\/avatar\/1f9a70007336511a47468b8f1c66f922b8b7cf617b02a31149ada43893a5d48f?s=96&d=mm&r=g","contentUrl":"https:\/\/secure.gravatar.com\/avatar\/1f9a70007336511a47468b8f1c66f922b8b7cf617b02a31149ada43893a5d48f?s=96&d=mm&r=g","caption":"C D"},"url":"https:\/\/vosgesinfo.fr\/remiremontinfo\/author\/cedric-drevet\/"}]}},"_links":{"self":[{"href":"https:\/\/vosgesinfo.fr\/remiremontinfo\/wp-json\/wp\/v2\/posts\/60154","targetHints":{"allow":["GET"]}}],"collection":[{"href":"https:\/\/vosgesinfo.fr\/remiremontinfo\/wp-json\/wp\/v2\/posts"}],"about":[{"href":"https:\/\/vosgesinfo.fr\/remiremontinfo\/wp-json\/wp\/v2\/types\/post"}],"author":[{"embeddable":true,"href":"https:\/\/vosgesinfo.fr\/remiremontinfo\/wp-json\/wp\/v2\/users\/407"}],"replies":[{"embeddable":true,"href":"https:\/\/vosgesinfo.fr\/remiremontinfo\/wp-json\/wp\/v2\/comments?post=60154"}],"version-history":[{"count":0,"href":"https:\/\/vosgesinfo.fr\/remiremontinfo\/wp-json\/wp\/v2\/posts\/60154\/revisions"}],"wp:featuredmedia":[{"embeddable":true,"href":"https:\/\/vosgesinfo.fr\/remiremontinfo\/wp-json\/wp\/v2\/media\/60155"}],"wp:attachment":[{"href":"https:\/\/vosgesinfo.fr\/remiremontinfo\/wp-json\/wp\/v2\/media?parent=60154"}],"wp:term":[{"taxonomy":"category","embeddable":true,"href":"https:\/\/vosgesinfo.fr\/remiremontinfo\/wp-json\/wp\/v2\/categories?post=60154"},{"taxonomy":"post_tag","embeddable":true,"href":"https:\/\/vosgesinfo.fr\/remiremontinfo\/wp-json\/wp\/v2\/tags?post=60154"}],"curies":[{"name":"wp","href":"https:\/\/api.w.org\/{rel}","templated":true}]}}