{"id":60250,"date":"2022-08-13T07:37:41","date_gmt":"2022-08-13T05:37:41","guid":{"rendered":"https:\/\/vosgesinfo.fr\/remiremontinfo\/2022\/08\/feux-de-foret-chambre-dagriculture-vosges-lance-appel-a-solidarite\/"},"modified":"2022-08-13T07:37:41","modified_gmt":"2022-08-13T05:37:41","slug":"feux-de-foret-chambre-dagriculture-vosges-lance-appel-a-solidarite","status":"publish","type":"post","link":"https:\/\/vosgesinfo.fr\/remiremontinfo\/2022\/08\/feux-de-foret-chambre-dagriculture-vosges-lance-appel-a-solidarite\/","title":{"rendered":"Feux de for\u00eat : la Chambre d&rsquo;Agriculture des Vosges lance un appel \u00e0 la solidarit\u00e9"},"content":{"rendered":"<h2><a href=\"\/2022\/08\/298674648_492590449539698_7242500748852709056_n.jpg\"><img decoding=\"async\" class=\"alignnone size-large wp-image-350926\" src=\"\/2022\/08\/298674648_492590449539698_7242500748852709056_n-1024x683.jpg\" alt=\"298674648_492590449539698_7242500748852709056_n\" width=\"960\" height=\"640\" \/><\/a><\/h2>\n<h2><span style=\"font-size: 12pt;\"><strong>Les feux de for\u00eat sont quotidiens dans les Vosges ces derniers temps. Depuis plusieurs semaines maintenant, les Vosges traversent une intense p\u00e9riode de s\u00e9cheresse. Des mesures sont prises pour \u00e9conomiser l\u2019eau en attendant l\u2019am\u00e9lioration de la situation. Les pompiers sont mobilis\u00e9s sur de nombreuses zones, comme notamment hier \u00e0 Biffontaine et \u00e0 Thi\u00e9fosse. Une situation qui incite \u00e0 la solidarit\u00e9 et \u00e0 la prudence.\u00a0<\/strong><\/span><\/h2>\n<p>Face au risque d&rsquo;incendie extr\u00eamement important ce week-end, la Chambre d\u2019Agriculture des Vosges a lanc\u00e9 un appel \u00e0 la solidarit\u00e9 aux agriculteurs. \u00ab\u00a0Si vous en avez la possibilit\u00e9, remplissez d\u2019eau votre tonne \u00e0 lisier pour vous tenir pr\u00eat \u00e0 soutenir les Sapeurs Pompiers des Vosges en cas de d\u00e9part de feu dans votre secteur\u00a0\u00bb, pr\u00e9conise la Chambre d\u2019Agriculture. \u00ab\u00a0Soyez vigilent et prudent, merci pour votre implication\u00a0\u00bb<\/p>\n","protected":false},"excerpt":{"rendered":"<p>Les feux de for\u00eat sont quotidiens dans les Vosges ces derniers temps. Depuis plusieurs semaines maintenant, les Vosges traversent une [&hellip;]<\/p>\n","protected":false},"author":407,"featured_media":60251,"comment_status":"open","ping_status":"open","sticky":false,"template":"","format":"standard","meta":{"footnotes":""},"categories":[26,47,18],"tags":[4427,1222,4073,289,32],"class_list":["post-60250","post","type-post","status-publish","format-standard","has-post-thumbnail","hentry","category-a-la-une","category-agriculture","category-vosges","tag-chambre-dagricylture","tag-eau","tag-feu-de-foret","tag-incendie","tag-vosges"],"acf":[],"yoast_head":"<!-- This site is optimized with the Yoast SEO plugin v22.5 - https:\/\/yoast.com\/wordpress\/plugins\/seo\/ -->\n<title>Feux de for\u00eat : la Chambre d&#039;Agriculture des Vosges lance un appel \u00e0 la solidarit\u00e9 - Remiremont Info<\/title>\n<meta name=\"robots\" content=\"index, follow, max-snippet:-1, max-image-preview:large, max-video-preview:-1\" \/>\n<link rel=\"canonical\" href=\"https:\/\/vosgesinfo.fr\/remiremontinfo\/2022\/08\/feux-de-foret-chambre-dagriculture-vosges-lance-appel-a-solidarite\/\" \/>\n<meta name=\"twitter:card\" content=\"summary_large_image\" \/>\n<meta name=\"twitter:title\" content=\"Feux de for\u00eat : la Chambre d&#039;Agriculture des Vosges lance un appel \u00e0 la solidarit\u00e9 - Remiremont Info\" \/>\n<meta name=\"twitter:description\" content=\"Les feux de for\u00eat sont quotidiens dans les Vosges ces derniers temps. Depuis plusieurs semaines maintenant, les Vosges traversent une [&hellip;]\" \/>\n<meta name=\"twitter:image\" content=\"https:\/\/vosgesinfo.fr\/app\/uploads\/sites\/5\/2024\/09\/202208298674648-492590449539698-7242500748852709056-n.jpg\" \/>\n<meta name=\"twitter:creator\" content=\"@VosgesInfo88\" \/>\n<meta name=\"twitter:site\" content=\"@VosgesInfo88\" \/>\n<meta name=\"twitter:label1\" content=\"\u00c9crit par\" \/>\n\t<meta name=\"twitter:data1\" content=\"C D\" \/>\n\t<meta name=\"twitter:label2\" content=\"Dur\u00e9e de lecture estim\u00e9e\" \/>\n\t<meta name=\"twitter:data2\" content=\"1 minute\" \/>\n<script type=\"application\/ld+json\" class=\"yoast-schema-graph\">{\"@context\":\"https:\/\/schema.org\",\"@graph\":[{\"@type\":\"Article\",\"@id\":\"https:\/\/vosgesinfo.fr\/remiremontinfo\/2022\/08\/feux-de-foret-chambre-dagriculture-vosges-lance-appel-a-solidarite\/#article\",\"isPartOf\":{\"@id\":\"https:\/\/vosgesinfo.fr\/remiremontinfo\/2022\/08\/feux-de-foret-chambre-dagriculture-vosges-lance-appel-a-solidarite\/\"},\"author\":{\"name\":\"C D\",\"@id\":\"https:\/\/vosgesinfo.fr\/remiremontinfo\/#\/schema\/person\/3bfd164d5218a185b1db68655a265316\"},\"headline\":\"Feux de for\u00eat : la Chambre d&rsquo;Agriculture des Vosges lance un appel \u00e0 la solidarit\u00e9\",\"datePublished\":\"2022-08-13T05:37:41+00:00\",\"dateModified\":\"2022-08-13T05:37:41+00:00\",\"mainEntityOfPage\":{\"@id\":\"https:\/\/vosgesinfo.fr\/remiremontinfo\/2022\/08\/feux-de-foret-chambre-dagriculture-vosges-lance-appel-a-solidarite\/\"},\"wordCount\":154,\"commentCount\":0,\"publisher\":{\"@id\":\"https:\/\/vosgesinfo.fr\/remiremontinfo\/#organization\"},\"image\":{\"@id\":\"https:\/\/vosgesinfo.fr\/remiremontinfo\/2022\/08\/feux-de-foret-chambre-dagriculture-vosges-lance-appel-a-solidarite\/#primaryimage\"},\"thumbnailUrl\":\"https:\/\/vosgesinfo.fr\/app\/uploads\/sites\/5\/2024\/09\/202208298674648-492590449539698-7242500748852709056-n.jpg\",\"keywords\":[\"chambre d'agricylture\",\"eau\",\"feu de foret\",\"incendie\",\"Vosges\"],\"articleSection\":[\"A la Une\",\"Agriculture\",\"Vosges\"],\"inLanguage\":\"fr-FR\",\"potentialAction\":[{\"@type\":\"CommentAction\",\"name\":\"Comment\",\"target\":[\"https:\/\/vosgesinfo.fr\/remiremontinfo\/2022\/08\/feux-de-foret-chambre-dagriculture-vosges-lance-appel-a-solidarite\/#respond\"]}]},{\"@type\":\"WebPage\",\"@id\":\"https:\/\/vosgesinfo.fr\/remiremontinfo\/2022\/08\/feux-de-foret-chambre-dagriculture-vosges-lance-appel-a-solidarite\/\",\"url\":\"https:\/\/vosgesinfo.fr\/remiremontinfo\/2022\/08\/feux-de-foret-chambre-dagriculture-vosges-lance-appel-a-solidarite\/\",\"name\":\"Feux de for\u00eat : la Chambre d'Agriculture des Vosges lance un appel \u00e0 la solidarit\u00e9 - Remiremont Info\",\"isPartOf\":{\"@id\":\"https:\/\/vosgesinfo.fr\/remiremontinfo\/#website\"},\"primaryImageOfPage\":{\"@id\":\"https:\/\/vosgesinfo.fr\/remiremontinfo\/2022\/08\/feux-de-foret-chambre-dagriculture-vosges-lance-appel-a-solidarite\/#primaryimage\"},\"image\":{\"@id\":\"https:\/\/vosgesinfo.fr\/remiremontinfo\/2022\/08\/feux-de-foret-chambre-dagriculture-vosges-lance-appel-a-solidarite\/#primaryimage\"},\"thumbnailUrl\":\"https:\/\/vosgesinfo.fr\/app\/uploads\/sites\/5\/2024\/09\/202208298674648-492590449539698-7242500748852709056-n.jpg\",\"datePublished\":\"2022-08-13T05:37:41+00:00\",\"dateModified\":\"2022-08-13T05:37:41+00:00\",\"breadcrumb\":{\"@id\":\"https:\/\/vosgesinfo.fr\/remiremontinfo\/2022\/08\/feux-de-foret-chambre-dagriculture-vosges-lance-appel-a-solidarite\/#breadcrumb\"},\"inLanguage\":\"fr-FR\",\"potentialAction\":[{\"@type\":\"ReadAction\",\"target\":[\"https:\/\/vosgesinfo.fr\/remiremontinfo\/2022\/08\/feux-de-foret-chambre-dagriculture-vosges-lance-appel-a-solidarite\/\"]}]},{\"@type\":\"ImageObject\",\"inLanguage\":\"fr-FR\",\"@id\":\"https:\/\/vosgesinfo.fr\/remiremontinfo\/2022\/08\/feux-de-foret-chambre-dagriculture-vosges-lance-appel-a-solidarite\/#primaryimage\",\"url\":\"https:\/\/vosgesinfo.fr\/app\/uploads\/sites\/5\/2024\/09\/202208298674648-492590449539698-7242500748852709056-n.jpg\",\"contentUrl\":\"https:\/\/vosgesinfo.fr\/app\/uploads\/sites\/5\/2024\/09\/202208298674648-492590449539698-7242500748852709056-n.jpg\",\"width\":2048,\"height\":1365},{\"@type\":\"BreadcrumbList\",\"@id\":\"https:\/\/vosgesinfo.fr\/remiremontinfo\/2022\/08\/feux-de-foret-chambre-dagriculture-vosges-lance-appel-a-solidarite\/#breadcrumb\",\"itemListElement\":[{\"@type\":\"ListItem\",\"position\":1,\"name\":\"Home\",\"item\":\"https:\/\/vosgesinfo.fr\/remiremontinfo\/\"},{\"@type\":\"ListItem\",\"position\":2,\"name\":\"Feux de for\u00eat : la Chambre d&rsquo;Agriculture des Vosges lance un appel \u00e0 la solidarit\u00e9\"}]},{\"@type\":\"WebSite\",\"@id\":\"https:\/\/vosgesinfo.fr\/remiremontinfo\/#website\",\"url\":\"https:\/\/vosgesinfo.fr\/remiremontinfo\/\",\"name\":\"Remiremont Info\",\"description\":\"Toute l&#039;actualit\u00e9 de Remiremont\",\"publisher\":{\"@id\":\"https:\/\/vosgesinfo.fr\/remiremontinfo\/#organization\"},\"alternateName\":\"Toute l'actualit\u00e9 de Remiremont\",\"potentialAction\":[{\"@type\":\"SearchAction\",\"target\":{\"@type\":\"EntryPoint\",\"urlTemplate\":\"https:\/\/vosgesinfo.fr\/remiremontinfo\/?s={search_term_string}\"},\"query-input\":\"required name=search_term_string\"}],\"inLanguage\":\"fr-FR\"},{\"@type\":\"Organization\",\"@id\":\"https:\/\/vosgesinfo.fr\/remiremontinfo\/#organization\",\"name\":\"Remiremont Info\",\"url\":\"https:\/\/vosgesinfo.fr\/remiremontinfo\/\",\"logo\":{\"@type\":\"ImageObject\",\"inLanguage\":\"fr-FR\",\"@id\":\"https:\/\/vosgesinfo.fr\/remiremontinfo\/#\/schema\/logo\/image\/\",\"url\":\"https:\/\/vosgesinfo.fr\/app\/uploads\/sites\/5\/2023\/08\/favicon-remiremontinfo.png\",\"contentUrl\":\"https:\/\/vosgesinfo.fr\/app\/uploads\/sites\/5\/2023\/08\/favicon-remiremontinfo.png\",\"width\":512,\"height\":512,\"caption\":\"Remiremont Info\"},\"image\":{\"@id\":\"https:\/\/vosgesinfo.fr\/remiremontinfo\/#\/schema\/logo\/image\/\"},\"sameAs\":[\"https:\/\/www.facebook.com\/remiremontinfo\",\"https:\/\/x.com\/VosgesInfo88\",\"https:\/\/www.youtube.com\/@vosgesinfo\"]},{\"@type\":\"Person\",\"@id\":\"https:\/\/vosgesinfo.fr\/remiremontinfo\/#\/schema\/person\/3bfd164d5218a185b1db68655a265316\",\"name\":\"C D\",\"image\":{\"@type\":\"ImageObject\",\"inLanguage\":\"fr-FR\",\"@id\":\"https:\/\/vosgesinfo.fr\/remiremontinfo\/#\/schema\/person\/image\/\",\"url\":\"https:\/\/secure.gravatar.com\/avatar\/1f9a70007336511a47468b8f1c66f922b8b7cf617b02a31149ada43893a5d48f?s=96&d=mm&r=g\",\"contentUrl\":\"https:\/\/secure.gravatar.com\/avatar\/1f9a70007336511a47468b8f1c66f922b8b7cf617b02a31149ada43893a5d48f?s=96&d=mm&r=g\",\"caption\":\"C D\"},\"url\":\"https:\/\/vosgesinfo.fr\/remiremontinfo\/author\/cedric-drevet\/\"}]}<\/script>\n<!-- \/ Yoast SEO plugin. -->","yoast_head_json":{"title":"Feux de for\u00eat : la Chambre d'Agriculture des Vosges lance un appel \u00e0 la solidarit\u00e9 - Remiremont Info","robots":{"index":"index","follow":"follow","max-snippet":"max-snippet:-1","max-image-preview":"max-image-preview:large","max-video-preview":"max-video-preview:-1"},"canonical":"https:\/\/vosgesinfo.fr\/remiremontinfo\/2022\/08\/feux-de-foret-chambre-dagriculture-vosges-lance-appel-a-solidarite\/","twitter_card":"summary_large_image","twitter_title":"Feux de for\u00eat : la Chambre d'Agriculture des Vosges lance un appel \u00e0 la solidarit\u00e9 - Remiremont Info","twitter_description":"Les feux de for\u00eat sont quotidiens dans les Vosges ces derniers temps. Depuis plusieurs semaines maintenant, les Vosges traversent une [&hellip;]","twitter_image":"https:\/\/vosgesinfo.fr\/app\/uploads\/sites\/5\/2024\/09\/202208298674648-492590449539698-7242500748852709056-n.jpg","twitter_creator":"@VosgesInfo88","twitter_site":"@VosgesInfo88","twitter_misc":{"\u00c9crit par":"C D","Dur\u00e9e de lecture estim\u00e9e":"1 minute"},"schema":{"@context":"https:\/\/schema.org","@graph":[{"@type":"Article","@id":"https:\/\/vosgesinfo.fr\/remiremontinfo\/2022\/08\/feux-de-foret-chambre-dagriculture-vosges-lance-appel-a-solidarite\/#article","isPartOf":{"@id":"https:\/\/vosgesinfo.fr\/remiremontinfo\/2022\/08\/feux-de-foret-chambre-dagriculture-vosges-lance-appel-a-solidarite\/"},"author":{"name":"C D","@id":"https:\/\/vosgesinfo.fr\/remiremontinfo\/#\/schema\/person\/3bfd164d5218a185b1db68655a265316"},"headline":"Feux de for\u00eat : la Chambre d&rsquo;Agriculture des Vosges lance un appel \u00e0 la solidarit\u00e9","datePublished":"2022-08-13T05:37:41+00:00","dateModified":"2022-08-13T05:37:41+00:00","mainEntityOfPage":{"@id":"https:\/\/vosgesinfo.fr\/remiremontinfo\/2022\/08\/feux-de-foret-chambre-dagriculture-vosges-lance-appel-a-solidarite\/"},"wordCount":154,"commentCount":0,"publisher":{"@id":"https:\/\/vosgesinfo.fr\/remiremontinfo\/#organization"},"image":{"@id":"https:\/\/vosgesinfo.fr\/remiremontinfo\/2022\/08\/feux-de-foret-chambre-dagriculture-vosges-lance-appel-a-solidarite\/#primaryimage"},"thumbnailUrl":"https:\/\/vosgesinfo.fr\/app\/uploads\/sites\/5\/2024\/09\/202208298674648-492590449539698-7242500748852709056-n.jpg","keywords":["chambre d'agricylture","eau","feu de foret","incendie","Vosges"],"articleSection":["A la Une","Agriculture","Vosges"],"inLanguage":"fr-FR","potentialAction":[{"@type":"CommentAction","name":"Comment","target":["https:\/\/vosgesinfo.fr\/remiremontinfo\/2022\/08\/feux-de-foret-chambre-dagriculture-vosges-lance-appel-a-solidarite\/#respond"]}]},{"@type":"WebPage","@id":"https:\/\/vosgesinfo.fr\/remiremontinfo\/2022\/08\/feux-de-foret-chambre-dagriculture-vosges-lance-appel-a-solidarite\/","url":"https:\/\/vosgesinfo.fr\/remiremontinfo\/2022\/08\/feux-de-foret-chambre-dagriculture-vosges-lance-appel-a-solidarite\/","name":"Feux de for\u00eat : la Chambre d'Agriculture des Vosges lance un appel \u00e0 la solidarit\u00e9 - Remiremont Info","isPartOf":{"@id":"https:\/\/vosgesinfo.fr\/remiremontinfo\/#website"},"primaryImageOfPage":{"@id":"https:\/\/vosgesinfo.fr\/remiremontinfo\/2022\/08\/feux-de-foret-chambre-dagriculture-vosges-lance-appel-a-solidarite\/#primaryimage"},"image":{"@id":"https:\/\/vosgesinfo.fr\/remiremontinfo\/2022\/08\/feux-de-foret-chambre-dagriculture-vosges-lance-appel-a-solidarite\/#primaryimage"},"thumbnailUrl":"https:\/\/vosgesinfo.fr\/app\/uploads\/sites\/5\/2024\/09\/202208298674648-492590449539698-7242500748852709056-n.jpg","datePublished":"2022-08-13T05:37:41+00:00","dateModified":"2022-08-13T05:37:41+00:00","breadcrumb":{"@id":"https:\/\/vosgesinfo.fr\/remiremontinfo\/2022\/08\/feux-de-foret-chambre-dagriculture-vosges-lance-appel-a-solidarite\/#breadcrumb"},"inLanguage":"fr-FR","potentialAction":[{"@type":"ReadAction","target":["https:\/\/vosgesinfo.fr\/remiremontinfo\/2022\/08\/feux-de-foret-chambre-dagriculture-vosges-lance-appel-a-solidarite\/"]}]},{"@type":"ImageObject","inLanguage":"fr-FR","@id":"https:\/\/vosgesinfo.fr\/remiremontinfo\/2022\/08\/feux-de-foret-chambre-dagriculture-vosges-lance-appel-a-solidarite\/#primaryimage","url":"https:\/\/vosgesinfo.fr\/app\/uploads\/sites\/5\/2024\/09\/202208298674648-492590449539698-7242500748852709056-n.jpg","contentUrl":"https:\/\/vosgesinfo.fr\/app\/uploads\/sites\/5\/2024\/09\/202208298674648-492590449539698-7242500748852709056-n.jpg","width":2048,"height":1365},{"@type":"BreadcrumbList","@id":"https:\/\/vosgesinfo.fr\/remiremontinfo\/2022\/08\/feux-de-foret-chambre-dagriculture-vosges-lance-appel-a-solidarite\/#breadcrumb","itemListElement":[{"@type":"ListItem","position":1,"name":"Home","item":"https:\/\/vosgesinfo.fr\/remiremontinfo\/"},{"@type":"ListItem","position":2,"name":"Feux de for\u00eat : la Chambre d&rsquo;Agriculture des Vosges lance un appel \u00e0 la solidarit\u00e9"}]},{"@type":"WebSite","@id":"https:\/\/vosgesinfo.fr\/remiremontinfo\/#website","url":"https:\/\/vosgesinfo.fr\/remiremontinfo\/","name":"Remiremont Info","description":"Toute l&#039;actualit\u00e9 de Remiremont","publisher":{"@id":"https:\/\/vosgesinfo.fr\/remiremontinfo\/#organization"},"alternateName":"Toute l'actualit\u00e9 de Remiremont","potentialAction":[{"@type":"SearchAction","target":{"@type":"EntryPoint","urlTemplate":"https:\/\/vosgesinfo.fr\/remiremontinfo\/?s={search_term_string}"},"query-input":"required name=search_term_string"}],"inLanguage":"fr-FR"},{"@type":"Organization","@id":"https:\/\/vosgesinfo.fr\/remiremontinfo\/#organization","name":"Remiremont Info","url":"https:\/\/vosgesinfo.fr\/remiremontinfo\/","logo":{"@type":"ImageObject","inLanguage":"fr-FR","@id":"https:\/\/vosgesinfo.fr\/remiremontinfo\/#\/schema\/logo\/image\/","url":"https:\/\/vosgesinfo.fr\/app\/uploads\/sites\/5\/2023\/08\/favicon-remiremontinfo.png","contentUrl":"https:\/\/vosgesinfo.fr\/app\/uploads\/sites\/5\/2023\/08\/favicon-remiremontinfo.png","width":512,"height":512,"caption":"Remiremont Info"},"image":{"@id":"https:\/\/vosgesinfo.fr\/remiremontinfo\/#\/schema\/logo\/image\/"},"sameAs":["https:\/\/www.facebook.com\/remiremontinfo","https:\/\/x.com\/VosgesInfo88","https:\/\/www.youtube.com\/@vosgesinfo"]},{"@type":"Person","@id":"https:\/\/vosgesinfo.fr\/remiremontinfo\/#\/schema\/person\/3bfd164d5218a185b1db68655a265316","name":"C D","image":{"@type":"ImageObject","inLanguage":"fr-FR","@id":"https:\/\/vosgesinfo.fr\/remiremontinfo\/#\/schema\/person\/image\/","url":"https:\/\/secure.gravatar.com\/avatar\/1f9a70007336511a47468b8f1c66f922b8b7cf617b02a31149ada43893a5d48f?s=96&d=mm&r=g","contentUrl":"https:\/\/secure.gravatar.com\/avatar\/1f9a70007336511a47468b8f1c66f922b8b7cf617b02a31149ada43893a5d48f?s=96&d=mm&r=g","caption":"C D"},"url":"https:\/\/vosgesinfo.fr\/remiremontinfo\/author\/cedric-drevet\/"}]}},"_links":{"self":[{"href":"https:\/\/vosgesinfo.fr\/remiremontinfo\/wp-json\/wp\/v2\/posts\/60250","targetHints":{"allow":["GET"]}}],"collection":[{"href":"https:\/\/vosgesinfo.fr\/remiremontinfo\/wp-json\/wp\/v2\/posts"}],"about":[{"href":"https:\/\/vosgesinfo.fr\/remiremontinfo\/wp-json\/wp\/v2\/types\/post"}],"author":[{"embeddable":true,"href":"https:\/\/vosgesinfo.fr\/remiremontinfo\/wp-json\/wp\/v2\/users\/407"}],"replies":[{"embeddable":true,"href":"https:\/\/vosgesinfo.fr\/remiremontinfo\/wp-json\/wp\/v2\/comments?post=60250"}],"version-history":[{"count":0,"href":"https:\/\/vosgesinfo.fr\/remiremontinfo\/wp-json\/wp\/v2\/posts\/60250\/revisions"}],"wp:featuredmedia":[{"embeddable":true,"href":"https:\/\/vosgesinfo.fr\/remiremontinfo\/wp-json\/wp\/v2\/media\/60251"}],"wp:attachment":[{"href":"https:\/\/vosgesinfo.fr\/remiremontinfo\/wp-json\/wp\/v2\/media?parent=60250"}],"wp:term":[{"taxonomy":"category","embeddable":true,"href":"https:\/\/vosgesinfo.fr\/remiremontinfo\/wp-json\/wp\/v2\/categories?post=60250"},{"taxonomy":"post_tag","embeddable":true,"href":"https:\/\/vosgesinfo.fr\/remiremontinfo\/wp-json\/wp\/v2\/tags?post=60250"}],"curies":[{"name":"wp","href":"https:\/\/api.w.org\/{rel}","templated":true}]}}