{"id":60264,"date":"2022-08-13T16:53:45","date_gmt":"2022-08-13T14:53:45","guid":{"rendered":"https:\/\/vosgesinfo.fr\/remiremontinfo\/2022\/08\/saint-maurice-montee-historique-ballon-images\/"},"modified":"2022-08-13T16:53:45","modified_gmt":"2022-08-13T14:53:45","slug":"saint-maurice-montee-historique-ballon-images","status":"publish","type":"post","link":"https:\/\/vosgesinfo.fr\/remiremontinfo\/2022\/08\/saint-maurice-montee-historique-ballon-images\/","title":{"rendered":"Saint-Maurice : la Mont\u00e9e Historique du Ballon en images"},"content":{"rendered":"<p><a href=\"https:\/\/remiremontinfo.fr\/2022\/08\/saint-maurice-montee-historique-ballon-images\/298873993_581726587073848_2956416887907033804_n\/\" rel=\"attachment wp-att-350965\"><img decoding=\"async\" class=\"aligncenter size-full wp-image-350965\" src=\"\/2022\/08\/298873993_581726587073848_2956416887907033804_n.jpg\" alt=\"298873993_581726587073848_2956416887907033804_n\" width=\"1200\" height=\"800\" \/><\/a><\/p>\n<p><em><span style=\"font-size: 10pt;\">Photos Mont\u00e9e Historique du Ballon d&rsquo;Alsace\u00a0<\/span><\/em><\/p>\n<h2><span style=\"font-size: 12pt;\"><strong>C\u2019est le grand jour\u00a0 pour les pilotes, les spectateurs et les amateurs de belles m\u00e9caniques ! Et la m\u00e9t\u00e9o est des plus agr\u00e9ables pour le retour de la Mont\u00e9e Historique du Ballon d\u2019Alsace. L\u2019\u00e9dition 2022 de cet \u00e9v\u00e9nement automobile unique rassemble de nombreux passionn\u00e9s \u00e0 Saint-Maurice.<\/strong><\/span><\/h2>\n<p>Apr\u00e8s les v\u00e9rifications techniques effectu\u00e9es ce vendredi, place \u00e0 la Mont\u00e9e\u00a0!. Avec les temp\u00e9rature, une buvette pour se d\u00e9salt\u00e9rer n\u2019est pas de trop. Le d\u00e9part des v\u00e9hicules a lieu Saint-Maurice, au m\u00eame endroit qu\u2019en 1906, et l\u2019arriv\u00e9e avait lieu au Sommet, \u00e0 9 kilom\u00e8tres. Quatre mont\u00e9es \u00e9taient au programme soit un total de 36 kilom\u00e8tres par v\u00e9hicule. Quatre occasions, donc, de d\u00e9couvrir de belles voitures de diff\u00e9rentes \u00e9poques, de diff\u00e9rentes marques et de diff\u00e9rents styles. Restauration et buvettes etaient disposition sur place. Une soir\u00e9e de gala suivair la Mont\u00e9e.<\/p>\n<p>Cette ann\u00e9e, l\u2019organisation de la Mont\u00e9e historique Internationale du Ballon d\u2019Alsace, 6\u00e8me \u00e9dition, s\u2019accompagne du retour du partenariat d\u2019Historally avec l\u2019association \u00ab Un Enfant, Un R\u00eave \u00bb. Avec la complicit\u00e9 de Francis Carrere, l\u2019in\u00e9puisable pr\u00e9sident de cette belle association qui comme son nom l\u2019indique permet \u00e0 de nombreux enfant \u00e0 la sant\u00e9 pr\u00e9caire de r\u00e9aliser leur r\u00eave, Historally, \u00e9galement gr\u00e2ce au grand coeur des pilotes inscrits, va pouvoir de nouveau r\u00e9unir tous les \u00e9l\u00e9ments qui constituent la recette magique de ces r\u00eaves au Ballon d\u2019Alsace. Quatre enfants atteints de longues maladies prennent aujourd\u2019hui place \u00e0 bord des voitures qui participent \u00e0 cette mont\u00e9e Historique.<\/p>\n\n","protected":false},"excerpt":{"rendered":"<p>Photos Mont\u00e9e Historique du Ballon d&rsquo;Alsace\u00a0 C\u2019est le grand jour\u00a0 pour les pilotes, les spectateurs et les amateurs de belles [&hellip;]<\/p>\n","protected":false},"author":407,"featured_media":60265,"comment_status":"open","ping_status":"open","sticky":false,"template":"","format":"standard","meta":{"footnotes":""},"categories":[26,37,54,39],"tags":[],"class_list":["post-60264","post","type-post","status-publish","format-standard","has-post-thumbnail","hentry","category-a-la-une","category-le-thillot-son-canton","category-loisirs","category-saint-maurice-moselle"],"acf":[],"yoast_head":"<!-- This site is optimized with the Yoast SEO plugin v22.5 - https:\/\/yoast.com\/wordpress\/plugins\/seo\/ -->\n<title>Saint-Maurice : la Mont\u00e9e Historique du Ballon en images - Remiremont Info<\/title>\n<meta name=\"robots\" content=\"index, follow, max-snippet:-1, max-image-preview:large, max-video-preview:-1\" \/>\n<link rel=\"canonical\" href=\"https:\/\/vosgesinfo.fr\/remiremontinfo\/2022\/08\/saint-maurice-montee-historique-ballon-images\/\" \/>\n<meta name=\"twitter:card\" content=\"summary_large_image\" \/>\n<meta name=\"twitter:title\" content=\"Saint-Maurice : la Mont\u00e9e Historique du Ballon en images - Remiremont Info\" \/>\n<meta name=\"twitter:description\" content=\"Photos Mont\u00e9e Historique du Ballon d&rsquo;Alsace\u00a0 C\u2019est le grand jour\u00a0 pour les pilotes, les spectateurs et les amateurs de belles [&hellip;]\" \/>\n<meta name=\"twitter:image\" content=\"https:\/\/vosgesinfo.fr\/app\/uploads\/sites\/5\/2024\/09\/202208299293131-582475150332325-2290936271714193208-n.jpg\" \/>\n<meta name=\"twitter:creator\" content=\"@VosgesInfo88\" \/>\n<meta name=\"twitter:site\" content=\"@VosgesInfo88\" \/>\n<meta name=\"twitter:label1\" content=\"\u00c9crit par\" \/>\n\t<meta name=\"twitter:data1\" content=\"C D\" \/>\n\t<meta name=\"twitter:label2\" content=\"Dur\u00e9e de lecture estim\u00e9e\" \/>\n\t<meta name=\"twitter:data2\" content=\"1 minute\" \/>\n<script type=\"application\/ld+json\" class=\"yoast-schema-graph\">{\"@context\":\"https:\/\/schema.org\",\"@graph\":[{\"@type\":\"Article\",\"@id\":\"https:\/\/vosgesinfo.fr\/remiremontinfo\/2022\/08\/saint-maurice-montee-historique-ballon-images\/#article\",\"isPartOf\":{\"@id\":\"https:\/\/vosgesinfo.fr\/remiremontinfo\/2022\/08\/saint-maurice-montee-historique-ballon-images\/\"},\"author\":{\"name\":\"C D\",\"@id\":\"https:\/\/vosgesinfo.fr\/remiremontinfo\/#\/schema\/person\/3bfd164d5218a185b1db68655a265316\"},\"headline\":\"Saint-Maurice : la Mont\u00e9e Historique du Ballon en images\",\"datePublished\":\"2022-08-13T14:53:45+00:00\",\"dateModified\":\"2022-08-13T14:53:45+00:00\",\"mainEntityOfPage\":{\"@id\":\"https:\/\/vosgesinfo.fr\/remiremontinfo\/2022\/08\/saint-maurice-montee-historique-ballon-images\/\"},\"wordCount\":308,\"commentCount\":0,\"publisher\":{\"@id\":\"https:\/\/vosgesinfo.fr\/remiremontinfo\/#organization\"},\"image\":{\"@id\":\"https:\/\/vosgesinfo.fr\/remiremontinfo\/2022\/08\/saint-maurice-montee-historique-ballon-images\/#primaryimage\"},\"thumbnailUrl\":\"https:\/\/vosgesinfo.fr\/app\/uploads\/sites\/5\/2024\/09\/202208299293131-582475150332325-2290936271714193208-n.jpg\",\"articleSection\":[\"A la Une\",\"Le Thillot &amp; son canton\",\"Loisirs\",\"Saint-Maurice\/Moselle\"],\"inLanguage\":\"fr-FR\",\"potentialAction\":[{\"@type\":\"CommentAction\",\"name\":\"Comment\",\"target\":[\"https:\/\/vosgesinfo.fr\/remiremontinfo\/2022\/08\/saint-maurice-montee-historique-ballon-images\/#respond\"]}]},{\"@type\":\"WebPage\",\"@id\":\"https:\/\/vosgesinfo.fr\/remiremontinfo\/2022\/08\/saint-maurice-montee-historique-ballon-images\/\",\"url\":\"https:\/\/vosgesinfo.fr\/remiremontinfo\/2022\/08\/saint-maurice-montee-historique-ballon-images\/\",\"name\":\"Saint-Maurice : la Mont\u00e9e Historique du Ballon en images - Remiremont Info\",\"isPartOf\":{\"@id\":\"https:\/\/vosgesinfo.fr\/remiremontinfo\/#website\"},\"primaryImageOfPage\":{\"@id\":\"https:\/\/vosgesinfo.fr\/remiremontinfo\/2022\/08\/saint-maurice-montee-historique-ballon-images\/#primaryimage\"},\"image\":{\"@id\":\"https:\/\/vosgesinfo.fr\/remiremontinfo\/2022\/08\/saint-maurice-montee-historique-ballon-images\/#primaryimage\"},\"thumbnailUrl\":\"https:\/\/vosgesinfo.fr\/app\/uploads\/sites\/5\/2024\/09\/202208299293131-582475150332325-2290936271714193208-n.jpg\",\"datePublished\":\"2022-08-13T14:53:45+00:00\",\"dateModified\":\"2022-08-13T14:53:45+00:00\",\"breadcrumb\":{\"@id\":\"https:\/\/vosgesinfo.fr\/remiremontinfo\/2022\/08\/saint-maurice-montee-historique-ballon-images\/#breadcrumb\"},\"inLanguage\":\"fr-FR\",\"potentialAction\":[{\"@type\":\"ReadAction\",\"target\":[\"https:\/\/vosgesinfo.fr\/remiremontinfo\/2022\/08\/saint-maurice-montee-historique-ballon-images\/\"]}]},{\"@type\":\"ImageObject\",\"inLanguage\":\"fr-FR\",\"@id\":\"https:\/\/vosgesinfo.fr\/remiremontinfo\/2022\/08\/saint-maurice-montee-historique-ballon-images\/#primaryimage\",\"url\":\"https:\/\/vosgesinfo.fr\/app\/uploads\/sites\/5\/2024\/09\/202208299293131-582475150332325-2290936271714193208-n.jpg\",\"contentUrl\":\"https:\/\/vosgesinfo.fr\/app\/uploads\/sites\/5\/2024\/09\/202208299293131-582475150332325-2290936271714193208-n.jpg\",\"width\":1199,\"height\":800},{\"@type\":\"BreadcrumbList\",\"@id\":\"https:\/\/vosgesinfo.fr\/remiremontinfo\/2022\/08\/saint-maurice-montee-historique-ballon-images\/#breadcrumb\",\"itemListElement\":[{\"@type\":\"ListItem\",\"position\":1,\"name\":\"Home\",\"item\":\"https:\/\/vosgesinfo.fr\/remiremontinfo\/\"},{\"@type\":\"ListItem\",\"position\":2,\"name\":\"Saint-Maurice : la Mont\u00e9e Historique du Ballon en images\"}]},{\"@type\":\"WebSite\",\"@id\":\"https:\/\/vosgesinfo.fr\/remiremontinfo\/#website\",\"url\":\"https:\/\/vosgesinfo.fr\/remiremontinfo\/\",\"name\":\"Remiremont Info\",\"description\":\"Toute l&#039;actualit\u00e9 de Remiremont\",\"publisher\":{\"@id\":\"https:\/\/vosgesinfo.fr\/remiremontinfo\/#organization\"},\"alternateName\":\"Toute l'actualit\u00e9 de Remiremont\",\"potentialAction\":[{\"@type\":\"SearchAction\",\"target\":{\"@type\":\"EntryPoint\",\"urlTemplate\":\"https:\/\/vosgesinfo.fr\/remiremontinfo\/?s={search_term_string}\"},\"query-input\":\"required name=search_term_string\"}],\"inLanguage\":\"fr-FR\"},{\"@type\":\"Organization\",\"@id\":\"https:\/\/vosgesinfo.fr\/remiremontinfo\/#organization\",\"name\":\"Remiremont Info\",\"url\":\"https:\/\/vosgesinfo.fr\/remiremontinfo\/\",\"logo\":{\"@type\":\"ImageObject\",\"inLanguage\":\"fr-FR\",\"@id\":\"https:\/\/vosgesinfo.fr\/remiremontinfo\/#\/schema\/logo\/image\/\",\"url\":\"https:\/\/vosgesinfo.fr\/app\/uploads\/sites\/5\/2023\/08\/favicon-remiremontinfo.png\",\"contentUrl\":\"https:\/\/vosgesinfo.fr\/app\/uploads\/sites\/5\/2023\/08\/favicon-remiremontinfo.png\",\"width\":512,\"height\":512,\"caption\":\"Remiremont Info\"},\"image\":{\"@id\":\"https:\/\/vosgesinfo.fr\/remiremontinfo\/#\/schema\/logo\/image\/\"},\"sameAs\":[\"https:\/\/www.facebook.com\/remiremontinfo\",\"https:\/\/x.com\/VosgesInfo88\",\"https:\/\/www.youtube.com\/@vosgesinfo\"]},{\"@type\":\"Person\",\"@id\":\"https:\/\/vosgesinfo.fr\/remiremontinfo\/#\/schema\/person\/3bfd164d5218a185b1db68655a265316\",\"name\":\"C D\",\"image\":{\"@type\":\"ImageObject\",\"inLanguage\":\"fr-FR\",\"@id\":\"https:\/\/vosgesinfo.fr\/remiremontinfo\/#\/schema\/person\/image\/\",\"url\":\"https:\/\/secure.gravatar.com\/avatar\/1f9a70007336511a47468b8f1c66f922b8b7cf617b02a31149ada43893a5d48f?s=96&d=mm&r=g\",\"contentUrl\":\"https:\/\/secure.gravatar.com\/avatar\/1f9a70007336511a47468b8f1c66f922b8b7cf617b02a31149ada43893a5d48f?s=96&d=mm&r=g\",\"caption\":\"C D\"},\"url\":\"https:\/\/vosgesinfo.fr\/remiremontinfo\/author\/cedric-drevet\/\"}]}<\/script>\n<!-- \/ Yoast SEO plugin. -->","yoast_head_json":{"title":"Saint-Maurice : la Mont\u00e9e Historique du Ballon en images - Remiremont Info","robots":{"index":"index","follow":"follow","max-snippet":"max-snippet:-1","max-image-preview":"max-image-preview:large","max-video-preview":"max-video-preview:-1"},"canonical":"https:\/\/vosgesinfo.fr\/remiremontinfo\/2022\/08\/saint-maurice-montee-historique-ballon-images\/","twitter_card":"summary_large_image","twitter_title":"Saint-Maurice : la Mont\u00e9e Historique du Ballon en images - Remiremont Info","twitter_description":"Photos Mont\u00e9e Historique du Ballon d&rsquo;Alsace\u00a0 C\u2019est le grand jour\u00a0 pour les pilotes, les spectateurs et les amateurs de belles [&hellip;]","twitter_image":"https:\/\/vosgesinfo.fr\/app\/uploads\/sites\/5\/2024\/09\/202208299293131-582475150332325-2290936271714193208-n.jpg","twitter_creator":"@VosgesInfo88","twitter_site":"@VosgesInfo88","twitter_misc":{"\u00c9crit par":"C D","Dur\u00e9e de lecture estim\u00e9e":"1 minute"},"schema":{"@context":"https:\/\/schema.org","@graph":[{"@type":"Article","@id":"https:\/\/vosgesinfo.fr\/remiremontinfo\/2022\/08\/saint-maurice-montee-historique-ballon-images\/#article","isPartOf":{"@id":"https:\/\/vosgesinfo.fr\/remiremontinfo\/2022\/08\/saint-maurice-montee-historique-ballon-images\/"},"author":{"name":"C D","@id":"https:\/\/vosgesinfo.fr\/remiremontinfo\/#\/schema\/person\/3bfd164d5218a185b1db68655a265316"},"headline":"Saint-Maurice : la Mont\u00e9e Historique du Ballon en images","datePublished":"2022-08-13T14:53:45+00:00","dateModified":"2022-08-13T14:53:45+00:00","mainEntityOfPage":{"@id":"https:\/\/vosgesinfo.fr\/remiremontinfo\/2022\/08\/saint-maurice-montee-historique-ballon-images\/"},"wordCount":308,"commentCount":0,"publisher":{"@id":"https:\/\/vosgesinfo.fr\/remiremontinfo\/#organization"},"image":{"@id":"https:\/\/vosgesinfo.fr\/remiremontinfo\/2022\/08\/saint-maurice-montee-historique-ballon-images\/#primaryimage"},"thumbnailUrl":"https:\/\/vosgesinfo.fr\/app\/uploads\/sites\/5\/2024\/09\/202208299293131-582475150332325-2290936271714193208-n.jpg","articleSection":["A la Une","Le Thillot &amp; son canton","Loisirs","Saint-Maurice\/Moselle"],"inLanguage":"fr-FR","potentialAction":[{"@type":"CommentAction","name":"Comment","target":["https:\/\/vosgesinfo.fr\/remiremontinfo\/2022\/08\/saint-maurice-montee-historique-ballon-images\/#respond"]}]},{"@type":"WebPage","@id":"https:\/\/vosgesinfo.fr\/remiremontinfo\/2022\/08\/saint-maurice-montee-historique-ballon-images\/","url":"https:\/\/vosgesinfo.fr\/remiremontinfo\/2022\/08\/saint-maurice-montee-historique-ballon-images\/","name":"Saint-Maurice : la Mont\u00e9e Historique du Ballon en images - Remiremont Info","isPartOf":{"@id":"https:\/\/vosgesinfo.fr\/remiremontinfo\/#website"},"primaryImageOfPage":{"@id":"https:\/\/vosgesinfo.fr\/remiremontinfo\/2022\/08\/saint-maurice-montee-historique-ballon-images\/#primaryimage"},"image":{"@id":"https:\/\/vosgesinfo.fr\/remiremontinfo\/2022\/08\/saint-maurice-montee-historique-ballon-images\/#primaryimage"},"thumbnailUrl":"https:\/\/vosgesinfo.fr\/app\/uploads\/sites\/5\/2024\/09\/202208299293131-582475150332325-2290936271714193208-n.jpg","datePublished":"2022-08-13T14:53:45+00:00","dateModified":"2022-08-13T14:53:45+00:00","breadcrumb":{"@id":"https:\/\/vosgesinfo.fr\/remiremontinfo\/2022\/08\/saint-maurice-montee-historique-ballon-images\/#breadcrumb"},"inLanguage":"fr-FR","potentialAction":[{"@type":"ReadAction","target":["https:\/\/vosgesinfo.fr\/remiremontinfo\/2022\/08\/saint-maurice-montee-historique-ballon-images\/"]}]},{"@type":"ImageObject","inLanguage":"fr-FR","@id":"https:\/\/vosgesinfo.fr\/remiremontinfo\/2022\/08\/saint-maurice-montee-historique-ballon-images\/#primaryimage","url":"https:\/\/vosgesinfo.fr\/app\/uploads\/sites\/5\/2024\/09\/202208299293131-582475150332325-2290936271714193208-n.jpg","contentUrl":"https:\/\/vosgesinfo.fr\/app\/uploads\/sites\/5\/2024\/09\/202208299293131-582475150332325-2290936271714193208-n.jpg","width":1199,"height":800},{"@type":"BreadcrumbList","@id":"https:\/\/vosgesinfo.fr\/remiremontinfo\/2022\/08\/saint-maurice-montee-historique-ballon-images\/#breadcrumb","itemListElement":[{"@type":"ListItem","position":1,"name":"Home","item":"https:\/\/vosgesinfo.fr\/remiremontinfo\/"},{"@type":"ListItem","position":2,"name":"Saint-Maurice : la Mont\u00e9e Historique du Ballon en images"}]},{"@type":"WebSite","@id":"https:\/\/vosgesinfo.fr\/remiremontinfo\/#website","url":"https:\/\/vosgesinfo.fr\/remiremontinfo\/","name":"Remiremont Info","description":"Toute l&#039;actualit\u00e9 de Remiremont","publisher":{"@id":"https:\/\/vosgesinfo.fr\/remiremontinfo\/#organization"},"alternateName":"Toute l'actualit\u00e9 de Remiremont","potentialAction":[{"@type":"SearchAction","target":{"@type":"EntryPoint","urlTemplate":"https:\/\/vosgesinfo.fr\/remiremontinfo\/?s={search_term_string}"},"query-input":"required name=search_term_string"}],"inLanguage":"fr-FR"},{"@type":"Organization","@id":"https:\/\/vosgesinfo.fr\/remiremontinfo\/#organization","name":"Remiremont Info","url":"https:\/\/vosgesinfo.fr\/remiremontinfo\/","logo":{"@type":"ImageObject","inLanguage":"fr-FR","@id":"https:\/\/vosgesinfo.fr\/remiremontinfo\/#\/schema\/logo\/image\/","url":"https:\/\/vosgesinfo.fr\/app\/uploads\/sites\/5\/2023\/08\/favicon-remiremontinfo.png","contentUrl":"https:\/\/vosgesinfo.fr\/app\/uploads\/sites\/5\/2023\/08\/favicon-remiremontinfo.png","width":512,"height":512,"caption":"Remiremont Info"},"image":{"@id":"https:\/\/vosgesinfo.fr\/remiremontinfo\/#\/schema\/logo\/image\/"},"sameAs":["https:\/\/www.facebook.com\/remiremontinfo","https:\/\/x.com\/VosgesInfo88","https:\/\/www.youtube.com\/@vosgesinfo"]},{"@type":"Person","@id":"https:\/\/vosgesinfo.fr\/remiremontinfo\/#\/schema\/person\/3bfd164d5218a185b1db68655a265316","name":"C D","image":{"@type":"ImageObject","inLanguage":"fr-FR","@id":"https:\/\/vosgesinfo.fr\/remiremontinfo\/#\/schema\/person\/image\/","url":"https:\/\/secure.gravatar.com\/avatar\/1f9a70007336511a47468b8f1c66f922b8b7cf617b02a31149ada43893a5d48f?s=96&d=mm&r=g","contentUrl":"https:\/\/secure.gravatar.com\/avatar\/1f9a70007336511a47468b8f1c66f922b8b7cf617b02a31149ada43893a5d48f?s=96&d=mm&r=g","caption":"C D"},"url":"https:\/\/vosgesinfo.fr\/remiremontinfo\/author\/cedric-drevet\/"}]}},"_links":{"self":[{"href":"https:\/\/vosgesinfo.fr\/remiremontinfo\/wp-json\/wp\/v2\/posts\/60264","targetHints":{"allow":["GET"]}}],"collection":[{"href":"https:\/\/vosgesinfo.fr\/remiremontinfo\/wp-json\/wp\/v2\/posts"}],"about":[{"href":"https:\/\/vosgesinfo.fr\/remiremontinfo\/wp-json\/wp\/v2\/types\/post"}],"author":[{"embeddable":true,"href":"https:\/\/vosgesinfo.fr\/remiremontinfo\/wp-json\/wp\/v2\/users\/407"}],"replies":[{"embeddable":true,"href":"https:\/\/vosgesinfo.fr\/remiremontinfo\/wp-json\/wp\/v2\/comments?post=60264"}],"version-history":[{"count":0,"href":"https:\/\/vosgesinfo.fr\/remiremontinfo\/wp-json\/wp\/v2\/posts\/60264\/revisions"}],"wp:featuredmedia":[{"embeddable":true,"href":"https:\/\/vosgesinfo.fr\/remiremontinfo\/wp-json\/wp\/v2\/media\/60265"}],"wp:attachment":[{"href":"https:\/\/vosgesinfo.fr\/remiremontinfo\/wp-json\/wp\/v2\/media?parent=60264"}],"wp:term":[{"taxonomy":"category","embeddable":true,"href":"https:\/\/vosgesinfo.fr\/remiremontinfo\/wp-json\/wp\/v2\/categories?post=60264"},{"taxonomy":"post_tag","embeddable":true,"href":"https:\/\/vosgesinfo.fr\/remiremontinfo\/wp-json\/wp\/v2\/tags?post=60264"}],"curies":[{"name":"wp","href":"https:\/\/api.w.org\/{rel}","templated":true}]}}