{"id":60364,"date":"2022-08-16T06:35:20","date_gmt":"2022-08-16T04:35:20","guid":{"rendered":"https:\/\/vosgesinfo.fr\/remiremontinfo\/2022\/08\/val-dajol-messe-15-aout-celebree-a-grotte-de-lourdes\/"},"modified":"2022-08-16T06:35:20","modified_gmt":"2022-08-16T04:35:20","slug":"val-dajol-messe-15-aout-celebree-a-grotte-de-lourdes","status":"publish","type":"post","link":"https:\/\/vosgesinfo.fr\/remiremontinfo\/2022\/08\/val-dajol-messe-15-aout-celebree-a-grotte-de-lourdes\/","title":{"rendered":"Le Val d&rsquo;Ajol : la messe du 15 ao\u00fbt c\u00e9l\u00e9br\u00e9e \u00e0 la grotte de Lourdes"},"content":{"rendered":"<h2 dir=\"auto\"><a href=\"\/2022\/08\/299680921_5309438195842351_5214898546661854395_n1.jpg\"><img decoding=\"async\" class=\"alignnone size-large wp-image-351139\" src=\"\/2022\/08\/299680921_5309438195842351_5214898546661854395_n1-1024x768.jpg\" alt=\"299680921_5309438195842351_5214898546661854395_n\" width=\"960\" height=\"720\" \/><\/a><\/h2>\n<p><span style=\"font-size: 10pt;\"><em>Photo par\u00a0<a href=\"https:\/\/www.facebook.com\/valdajol\/\">Commune de Le Val d&rsquo;Ajol<\/a>\u00a0<\/em><\/span><\/p>\n<h2 dir=\"auto\"><span style=\"font-size: 12pt;\"><strong>Ce lundi matin, la messe avait lieu \u00e0 la grotte de Lourdes au Val d&rsquo;Ajol, en honneur de Sainte-Marie.\u00a0<a href=\"https:\/\/remiremontinfo.fr\/2022\/08\/vosges-aujourdhui-cest-15-aout-lautre-fete-nationale-francaise\/\">Le 15 ao\u00fbt, en effet, les chr\u00e9tiens c\u00e9l\u00e8brent l\u2019Assomption de Marie,<\/a> une f\u00eate d&rsquo;une importance particuli\u00e8re au coeur de l&rsquo;\u00e9t\u00e9, qui donne lui \u00e0 de nombreuses c\u00e9l\u00e9brations.\u00a0<\/strong><\/span><\/h2>\n<div dir=\"auto\">La grotte est aujourd\u2019hui propri\u00e9t\u00e9 de la commune du Val d&rsquo;Ajol, et reste un lieu de paix et de recueillement. La commune va am\u00e9nager de nouveaux bancs et r\u00e9parer l\u2019arriv\u00e9e de la source. D\u2019autres am\u00e9nagements auront lieu, notamment pour emp\u00eacher la mont\u00e9e des motos qui est interdite.\u00a0Le cur\u00e9 a rappel\u00e9 \u00e0 tous la f\u00eate patronale qui a lieu en ce moment, une occasion de\u00a0se rappeler l\u2019origine de la f\u00eate foraine.<\/div>\n<div dir=\"auto\"><\/div>\n","protected":false},"excerpt":{"rendered":"<p>Photo par\u00a0Commune de Le Val d&rsquo;Ajol\u00a0 Ce lundi matin, la messe avait lieu \u00e0 la grotte de Lourdes au Val [&hellip;]<\/p>\n","protected":false},"author":407,"featured_media":60365,"comment_status":"open","ping_status":"open","sticky":false,"template":"","format":"standard","meta":{"footnotes":""},"categories":[26,121,82,163],"tags":[4368,4392,87,123,32],"class_list":["post-60364","post","type-post","status-publish","format-standard","has-post-thumbnail","hentry","category-a-la-une","category-le-val-dajol-le-val-dajol-son-canton","category-le-val-dajol-son-canton","category-religion","tag-15-aout","tag-assomption","tag-religion","tag-val-dajol","tag-vosges"],"acf":[],"yoast_head":"<!-- This site is optimized with the Yoast SEO plugin v22.5 - https:\/\/yoast.com\/wordpress\/plugins\/seo\/ -->\n<title>Le Val d&#039;Ajol : la messe du 15 ao\u00fbt c\u00e9l\u00e9br\u00e9e \u00e0 la grotte de Lourdes - Remiremont Info<\/title>\n<meta name=\"robots\" content=\"index, follow, max-snippet:-1, max-image-preview:large, max-video-preview:-1\" \/>\n<link rel=\"canonical\" href=\"https:\/\/vosgesinfo.fr\/remiremontinfo\/2022\/08\/val-dajol-messe-15-aout-celebree-a-grotte-de-lourdes\/\" \/>\n<meta name=\"twitter:card\" content=\"summary_large_image\" \/>\n<meta name=\"twitter:title\" content=\"Le Val d&#039;Ajol : la messe du 15 ao\u00fbt c\u00e9l\u00e9br\u00e9e \u00e0 la grotte de Lourdes - Remiremont Info\" \/>\n<meta name=\"twitter:description\" content=\"Photo par\u00a0Commune de Le Val d&rsquo;Ajol\u00a0 Ce lundi matin, la messe avait lieu \u00e0 la grotte de Lourdes au Val [&hellip;]\" \/>\n<meta name=\"twitter:image\" content=\"https:\/\/vosgesinfo.fr\/app\/uploads\/sites\/5\/2024\/09\/202208299680921-5309438195842351-5214898546661854395-n.jpg\" \/>\n<meta name=\"twitter:creator\" content=\"@VosgesInfo88\" \/>\n<meta name=\"twitter:site\" content=\"@VosgesInfo88\" \/>\n<meta name=\"twitter:label1\" content=\"\u00c9crit par\" \/>\n\t<meta name=\"twitter:data1\" content=\"C D\" \/>\n\t<meta name=\"twitter:label2\" content=\"Dur\u00e9e de lecture estim\u00e9e\" \/>\n\t<meta name=\"twitter:data2\" content=\"1 minute\" \/>\n<script type=\"application\/ld+json\" class=\"yoast-schema-graph\">{\"@context\":\"https:\/\/schema.org\",\"@graph\":[{\"@type\":\"Article\",\"@id\":\"https:\/\/vosgesinfo.fr\/remiremontinfo\/2022\/08\/val-dajol-messe-15-aout-celebree-a-grotte-de-lourdes\/#article\",\"isPartOf\":{\"@id\":\"https:\/\/vosgesinfo.fr\/remiremontinfo\/2022\/08\/val-dajol-messe-15-aout-celebree-a-grotte-de-lourdes\/\"},\"author\":{\"name\":\"C D\",\"@id\":\"https:\/\/vosgesinfo.fr\/remiremontinfo\/#\/schema\/person\/3bfd164d5218a185b1db68655a265316\"},\"headline\":\"Le Val d&rsquo;Ajol : la messe du 15 ao\u00fbt c\u00e9l\u00e9br\u00e9e \u00e0 la grotte de Lourdes\",\"datePublished\":\"2022-08-16T04:35:20+00:00\",\"dateModified\":\"2022-08-16T04:35:20+00:00\",\"mainEntityOfPage\":{\"@id\":\"https:\/\/vosgesinfo.fr\/remiremontinfo\/2022\/08\/val-dajol-messe-15-aout-celebree-a-grotte-de-lourdes\/\"},\"wordCount\":165,\"commentCount\":0,\"publisher\":{\"@id\":\"https:\/\/vosgesinfo.fr\/remiremontinfo\/#organization\"},\"image\":{\"@id\":\"https:\/\/vosgesinfo.fr\/remiremontinfo\/2022\/08\/val-dajol-messe-15-aout-celebree-a-grotte-de-lourdes\/#primaryimage\"},\"thumbnailUrl\":\"https:\/\/vosgesinfo.fr\/app\/uploads\/sites\/5\/2024\/09\/202208299680921-5309438195842351-5214898546661854395-n.jpg\",\"keywords\":[\"15 aout\",\"assomption\",\"Religion\",\"val d'ajol\",\"Vosges\"],\"articleSection\":[\"A la Une\",\"Le Val d'Ajol\",\"Le Val-d'Ajol &amp; son canton\",\"Religion\"],\"inLanguage\":\"fr-FR\",\"potentialAction\":[{\"@type\":\"CommentAction\",\"name\":\"Comment\",\"target\":[\"https:\/\/vosgesinfo.fr\/remiremontinfo\/2022\/08\/val-dajol-messe-15-aout-celebree-a-grotte-de-lourdes\/#respond\"]}]},{\"@type\":\"WebPage\",\"@id\":\"https:\/\/vosgesinfo.fr\/remiremontinfo\/2022\/08\/val-dajol-messe-15-aout-celebree-a-grotte-de-lourdes\/\",\"url\":\"https:\/\/vosgesinfo.fr\/remiremontinfo\/2022\/08\/val-dajol-messe-15-aout-celebree-a-grotte-de-lourdes\/\",\"name\":\"Le Val d'Ajol : la messe du 15 ao\u00fbt c\u00e9l\u00e9br\u00e9e \u00e0 la grotte de Lourdes - Remiremont Info\",\"isPartOf\":{\"@id\":\"https:\/\/vosgesinfo.fr\/remiremontinfo\/#website\"},\"primaryImageOfPage\":{\"@id\":\"https:\/\/vosgesinfo.fr\/remiremontinfo\/2022\/08\/val-dajol-messe-15-aout-celebree-a-grotte-de-lourdes\/#primaryimage\"},\"image\":{\"@id\":\"https:\/\/vosgesinfo.fr\/remiremontinfo\/2022\/08\/val-dajol-messe-15-aout-celebree-a-grotte-de-lourdes\/#primaryimage\"},\"thumbnailUrl\":\"https:\/\/vosgesinfo.fr\/app\/uploads\/sites\/5\/2024\/09\/202208299680921-5309438195842351-5214898546661854395-n.jpg\",\"datePublished\":\"2022-08-16T04:35:20+00:00\",\"dateModified\":\"2022-08-16T04:35:20+00:00\",\"breadcrumb\":{\"@id\":\"https:\/\/vosgesinfo.fr\/remiremontinfo\/2022\/08\/val-dajol-messe-15-aout-celebree-a-grotte-de-lourdes\/#breadcrumb\"},\"inLanguage\":\"fr-FR\",\"potentialAction\":[{\"@type\":\"ReadAction\",\"target\":[\"https:\/\/vosgesinfo.fr\/remiremontinfo\/2022\/08\/val-dajol-messe-15-aout-celebree-a-grotte-de-lourdes\/\"]}]},{\"@type\":\"ImageObject\",\"inLanguage\":\"fr-FR\",\"@id\":\"https:\/\/vosgesinfo.fr\/remiremontinfo\/2022\/08\/val-dajol-messe-15-aout-celebree-a-grotte-de-lourdes\/#primaryimage\",\"url\":\"https:\/\/vosgesinfo.fr\/app\/uploads\/sites\/5\/2024\/09\/202208299680921-5309438195842351-5214898546661854395-n.jpg\",\"contentUrl\":\"https:\/\/vosgesinfo.fr\/app\/uploads\/sites\/5\/2024\/09\/202208299680921-5309438195842351-5214898546661854395-n.jpg\",\"width\":2048,\"height\":1536},{\"@type\":\"BreadcrumbList\",\"@id\":\"https:\/\/vosgesinfo.fr\/remiremontinfo\/2022\/08\/val-dajol-messe-15-aout-celebree-a-grotte-de-lourdes\/#breadcrumb\",\"itemListElement\":[{\"@type\":\"ListItem\",\"position\":1,\"name\":\"Home\",\"item\":\"https:\/\/vosgesinfo.fr\/remiremontinfo\/\"},{\"@type\":\"ListItem\",\"position\":2,\"name\":\"Le Val d&rsquo;Ajol : la messe du 15 ao\u00fbt c\u00e9l\u00e9br\u00e9e \u00e0 la grotte de Lourdes\"}]},{\"@type\":\"WebSite\",\"@id\":\"https:\/\/vosgesinfo.fr\/remiremontinfo\/#website\",\"url\":\"https:\/\/vosgesinfo.fr\/remiremontinfo\/\",\"name\":\"Remiremont Info\",\"description\":\"Toute l&#039;actualit\u00e9 de Remiremont\",\"publisher\":{\"@id\":\"https:\/\/vosgesinfo.fr\/remiremontinfo\/#organization\"},\"alternateName\":\"Toute l'actualit\u00e9 de Remiremont\",\"potentialAction\":[{\"@type\":\"SearchAction\",\"target\":{\"@type\":\"EntryPoint\",\"urlTemplate\":\"https:\/\/vosgesinfo.fr\/remiremontinfo\/?s={search_term_string}\"},\"query-input\":\"required name=search_term_string\"}],\"inLanguage\":\"fr-FR\"},{\"@type\":\"Organization\",\"@id\":\"https:\/\/vosgesinfo.fr\/remiremontinfo\/#organization\",\"name\":\"Remiremont Info\",\"url\":\"https:\/\/vosgesinfo.fr\/remiremontinfo\/\",\"logo\":{\"@type\":\"ImageObject\",\"inLanguage\":\"fr-FR\",\"@id\":\"https:\/\/vosgesinfo.fr\/remiremontinfo\/#\/schema\/logo\/image\/\",\"url\":\"https:\/\/vosgesinfo.fr\/app\/uploads\/sites\/5\/2023\/08\/favicon-remiremontinfo.png\",\"contentUrl\":\"https:\/\/vosgesinfo.fr\/app\/uploads\/sites\/5\/2023\/08\/favicon-remiremontinfo.png\",\"width\":512,\"height\":512,\"caption\":\"Remiremont Info\"},\"image\":{\"@id\":\"https:\/\/vosgesinfo.fr\/remiremontinfo\/#\/schema\/logo\/image\/\"},\"sameAs\":[\"https:\/\/www.facebook.com\/remiremontinfo\",\"https:\/\/x.com\/VosgesInfo88\",\"https:\/\/www.youtube.com\/@vosgesinfo\"]},{\"@type\":\"Person\",\"@id\":\"https:\/\/vosgesinfo.fr\/remiremontinfo\/#\/schema\/person\/3bfd164d5218a185b1db68655a265316\",\"name\":\"C D\",\"image\":{\"@type\":\"ImageObject\",\"inLanguage\":\"fr-FR\",\"@id\":\"https:\/\/vosgesinfo.fr\/remiremontinfo\/#\/schema\/person\/image\/\",\"url\":\"https:\/\/secure.gravatar.com\/avatar\/1f9a70007336511a47468b8f1c66f922b8b7cf617b02a31149ada43893a5d48f?s=96&d=mm&r=g\",\"contentUrl\":\"https:\/\/secure.gravatar.com\/avatar\/1f9a70007336511a47468b8f1c66f922b8b7cf617b02a31149ada43893a5d48f?s=96&d=mm&r=g\",\"caption\":\"C D\"},\"url\":\"https:\/\/vosgesinfo.fr\/remiremontinfo\/author\/cedric-drevet\/\"}]}<\/script>\n<!-- \/ Yoast SEO plugin. -->","yoast_head_json":{"title":"Le Val d'Ajol : la messe du 15 ao\u00fbt c\u00e9l\u00e9br\u00e9e \u00e0 la grotte de Lourdes - Remiremont Info","robots":{"index":"index","follow":"follow","max-snippet":"max-snippet:-1","max-image-preview":"max-image-preview:large","max-video-preview":"max-video-preview:-1"},"canonical":"https:\/\/vosgesinfo.fr\/remiremontinfo\/2022\/08\/val-dajol-messe-15-aout-celebree-a-grotte-de-lourdes\/","twitter_card":"summary_large_image","twitter_title":"Le Val d'Ajol : la messe du 15 ao\u00fbt c\u00e9l\u00e9br\u00e9e \u00e0 la grotte de Lourdes - Remiremont Info","twitter_description":"Photo par\u00a0Commune de Le Val d&rsquo;Ajol\u00a0 Ce lundi matin, la messe avait lieu \u00e0 la grotte de Lourdes au Val [&hellip;]","twitter_image":"https:\/\/vosgesinfo.fr\/app\/uploads\/sites\/5\/2024\/09\/202208299680921-5309438195842351-5214898546661854395-n.jpg","twitter_creator":"@VosgesInfo88","twitter_site":"@VosgesInfo88","twitter_misc":{"\u00c9crit par":"C D","Dur\u00e9e de lecture estim\u00e9e":"1 minute"},"schema":{"@context":"https:\/\/schema.org","@graph":[{"@type":"Article","@id":"https:\/\/vosgesinfo.fr\/remiremontinfo\/2022\/08\/val-dajol-messe-15-aout-celebree-a-grotte-de-lourdes\/#article","isPartOf":{"@id":"https:\/\/vosgesinfo.fr\/remiremontinfo\/2022\/08\/val-dajol-messe-15-aout-celebree-a-grotte-de-lourdes\/"},"author":{"name":"C D","@id":"https:\/\/vosgesinfo.fr\/remiremontinfo\/#\/schema\/person\/3bfd164d5218a185b1db68655a265316"},"headline":"Le Val d&rsquo;Ajol : la messe du 15 ao\u00fbt c\u00e9l\u00e9br\u00e9e \u00e0 la grotte de Lourdes","datePublished":"2022-08-16T04:35:20+00:00","dateModified":"2022-08-16T04:35:20+00:00","mainEntityOfPage":{"@id":"https:\/\/vosgesinfo.fr\/remiremontinfo\/2022\/08\/val-dajol-messe-15-aout-celebree-a-grotte-de-lourdes\/"},"wordCount":165,"commentCount":0,"publisher":{"@id":"https:\/\/vosgesinfo.fr\/remiremontinfo\/#organization"},"image":{"@id":"https:\/\/vosgesinfo.fr\/remiremontinfo\/2022\/08\/val-dajol-messe-15-aout-celebree-a-grotte-de-lourdes\/#primaryimage"},"thumbnailUrl":"https:\/\/vosgesinfo.fr\/app\/uploads\/sites\/5\/2024\/09\/202208299680921-5309438195842351-5214898546661854395-n.jpg","keywords":["15 aout","assomption","Religion","val d'ajol","Vosges"],"articleSection":["A la Une","Le Val d'Ajol","Le Val-d'Ajol &amp; son canton","Religion"],"inLanguage":"fr-FR","potentialAction":[{"@type":"CommentAction","name":"Comment","target":["https:\/\/vosgesinfo.fr\/remiremontinfo\/2022\/08\/val-dajol-messe-15-aout-celebree-a-grotte-de-lourdes\/#respond"]}]},{"@type":"WebPage","@id":"https:\/\/vosgesinfo.fr\/remiremontinfo\/2022\/08\/val-dajol-messe-15-aout-celebree-a-grotte-de-lourdes\/","url":"https:\/\/vosgesinfo.fr\/remiremontinfo\/2022\/08\/val-dajol-messe-15-aout-celebree-a-grotte-de-lourdes\/","name":"Le Val d'Ajol : la messe du 15 ao\u00fbt c\u00e9l\u00e9br\u00e9e \u00e0 la grotte de Lourdes - Remiremont Info","isPartOf":{"@id":"https:\/\/vosgesinfo.fr\/remiremontinfo\/#website"},"primaryImageOfPage":{"@id":"https:\/\/vosgesinfo.fr\/remiremontinfo\/2022\/08\/val-dajol-messe-15-aout-celebree-a-grotte-de-lourdes\/#primaryimage"},"image":{"@id":"https:\/\/vosgesinfo.fr\/remiremontinfo\/2022\/08\/val-dajol-messe-15-aout-celebree-a-grotte-de-lourdes\/#primaryimage"},"thumbnailUrl":"https:\/\/vosgesinfo.fr\/app\/uploads\/sites\/5\/2024\/09\/202208299680921-5309438195842351-5214898546661854395-n.jpg","datePublished":"2022-08-16T04:35:20+00:00","dateModified":"2022-08-16T04:35:20+00:00","breadcrumb":{"@id":"https:\/\/vosgesinfo.fr\/remiremontinfo\/2022\/08\/val-dajol-messe-15-aout-celebree-a-grotte-de-lourdes\/#breadcrumb"},"inLanguage":"fr-FR","potentialAction":[{"@type":"ReadAction","target":["https:\/\/vosgesinfo.fr\/remiremontinfo\/2022\/08\/val-dajol-messe-15-aout-celebree-a-grotte-de-lourdes\/"]}]},{"@type":"ImageObject","inLanguage":"fr-FR","@id":"https:\/\/vosgesinfo.fr\/remiremontinfo\/2022\/08\/val-dajol-messe-15-aout-celebree-a-grotte-de-lourdes\/#primaryimage","url":"https:\/\/vosgesinfo.fr\/app\/uploads\/sites\/5\/2024\/09\/202208299680921-5309438195842351-5214898546661854395-n.jpg","contentUrl":"https:\/\/vosgesinfo.fr\/app\/uploads\/sites\/5\/2024\/09\/202208299680921-5309438195842351-5214898546661854395-n.jpg","width":2048,"height":1536},{"@type":"BreadcrumbList","@id":"https:\/\/vosgesinfo.fr\/remiremontinfo\/2022\/08\/val-dajol-messe-15-aout-celebree-a-grotte-de-lourdes\/#breadcrumb","itemListElement":[{"@type":"ListItem","position":1,"name":"Home","item":"https:\/\/vosgesinfo.fr\/remiremontinfo\/"},{"@type":"ListItem","position":2,"name":"Le Val d&rsquo;Ajol : la messe du 15 ao\u00fbt c\u00e9l\u00e9br\u00e9e \u00e0 la grotte de Lourdes"}]},{"@type":"WebSite","@id":"https:\/\/vosgesinfo.fr\/remiremontinfo\/#website","url":"https:\/\/vosgesinfo.fr\/remiremontinfo\/","name":"Remiremont Info","description":"Toute l&#039;actualit\u00e9 de Remiremont","publisher":{"@id":"https:\/\/vosgesinfo.fr\/remiremontinfo\/#organization"},"alternateName":"Toute l'actualit\u00e9 de Remiremont","potentialAction":[{"@type":"SearchAction","target":{"@type":"EntryPoint","urlTemplate":"https:\/\/vosgesinfo.fr\/remiremontinfo\/?s={search_term_string}"},"query-input":"required name=search_term_string"}],"inLanguage":"fr-FR"},{"@type":"Organization","@id":"https:\/\/vosgesinfo.fr\/remiremontinfo\/#organization","name":"Remiremont Info","url":"https:\/\/vosgesinfo.fr\/remiremontinfo\/","logo":{"@type":"ImageObject","inLanguage":"fr-FR","@id":"https:\/\/vosgesinfo.fr\/remiremontinfo\/#\/schema\/logo\/image\/","url":"https:\/\/vosgesinfo.fr\/app\/uploads\/sites\/5\/2023\/08\/favicon-remiremontinfo.png","contentUrl":"https:\/\/vosgesinfo.fr\/app\/uploads\/sites\/5\/2023\/08\/favicon-remiremontinfo.png","width":512,"height":512,"caption":"Remiremont Info"},"image":{"@id":"https:\/\/vosgesinfo.fr\/remiremontinfo\/#\/schema\/logo\/image\/"},"sameAs":["https:\/\/www.facebook.com\/remiremontinfo","https:\/\/x.com\/VosgesInfo88","https:\/\/www.youtube.com\/@vosgesinfo"]},{"@type":"Person","@id":"https:\/\/vosgesinfo.fr\/remiremontinfo\/#\/schema\/person\/3bfd164d5218a185b1db68655a265316","name":"C D","image":{"@type":"ImageObject","inLanguage":"fr-FR","@id":"https:\/\/vosgesinfo.fr\/remiremontinfo\/#\/schema\/person\/image\/","url":"https:\/\/secure.gravatar.com\/avatar\/1f9a70007336511a47468b8f1c66f922b8b7cf617b02a31149ada43893a5d48f?s=96&d=mm&r=g","contentUrl":"https:\/\/secure.gravatar.com\/avatar\/1f9a70007336511a47468b8f1c66f922b8b7cf617b02a31149ada43893a5d48f?s=96&d=mm&r=g","caption":"C D"},"url":"https:\/\/vosgesinfo.fr\/remiremontinfo\/author\/cedric-drevet\/"}]}},"_links":{"self":[{"href":"https:\/\/vosgesinfo.fr\/remiremontinfo\/wp-json\/wp\/v2\/posts\/60364","targetHints":{"allow":["GET"]}}],"collection":[{"href":"https:\/\/vosgesinfo.fr\/remiremontinfo\/wp-json\/wp\/v2\/posts"}],"about":[{"href":"https:\/\/vosgesinfo.fr\/remiremontinfo\/wp-json\/wp\/v2\/types\/post"}],"author":[{"embeddable":true,"href":"https:\/\/vosgesinfo.fr\/remiremontinfo\/wp-json\/wp\/v2\/users\/407"}],"replies":[{"embeddable":true,"href":"https:\/\/vosgesinfo.fr\/remiremontinfo\/wp-json\/wp\/v2\/comments?post=60364"}],"version-history":[{"count":0,"href":"https:\/\/vosgesinfo.fr\/remiremontinfo\/wp-json\/wp\/v2\/posts\/60364\/revisions"}],"wp:featuredmedia":[{"embeddable":true,"href":"https:\/\/vosgesinfo.fr\/remiremontinfo\/wp-json\/wp\/v2\/media\/60365"}],"wp:attachment":[{"href":"https:\/\/vosgesinfo.fr\/remiremontinfo\/wp-json\/wp\/v2\/media?parent=60364"}],"wp:term":[{"taxonomy":"category","embeddable":true,"href":"https:\/\/vosgesinfo.fr\/remiremontinfo\/wp-json\/wp\/v2\/categories?post=60364"},{"taxonomy":"post_tag","embeddable":true,"href":"https:\/\/vosgesinfo.fr\/remiremontinfo\/wp-json\/wp\/v2\/tags?post=60364"}],"curies":[{"name":"wp","href":"https:\/\/api.w.org\/{rel}","templated":true}]}}