{"id":60470,"date":"2022-08-19T06:15:49","date_gmt":"2022-08-19T04:15:49","guid":{"rendered":"https:\/\/vosgesinfo.fr\/remiremontinfo\/2022\/08\/plombieres-reouverture-thermes-nouvelle-retardee\/"},"modified":"2022-08-19T06:15:49","modified_gmt":"2022-08-19T04:15:49","slug":"plombieres-reouverture-thermes-nouvelle-retardee","status":"publish","type":"post","link":"https:\/\/vosgesinfo.fr\/remiremontinfo\/2022\/08\/plombieres-reouverture-thermes-nouvelle-retardee\/","title":{"rendered":"Plombi\u00e8res\u00a0: la r\u00e9ouverture des thermes est une nouvelle fois retard\u00e9e"},"content":{"rendered":"<p><a href=\"\/2022\/08\/PLB-Centre-thermal-ACC-5-2-960x636.jpg\"><img decoding=\"async\" class=\"alignnone size-full wp-image-351330\" src=\"\/2022\/08\/PLB-Centre-thermal-ACC-5-2-960x636.jpg\" alt=\"PLB-Centre-thermal-ACC-5-2-960x636\" width=\"960\" height=\"636\" \/><\/a><\/p>\n<p><span style=\"font-size: 10pt;\"><em>Photo par plombieres-les-bains.com<\/em><\/span><\/p>\n<h2><span style=\"font-size: 12pt;\"><strong>La r\u00e9ouverture des Thermes de Plombi\u00e8res, programm\u00e9e le 5 septembre est report\u00e9e de quelques jours en raison du retard de livraison d\u2019une pompe dont le param\u00e9trage serait report\u00e9 de jour en jour, depuis le mois de juillet, par le fabricant.<\/strong><\/span><\/h2>\n<p>Ce mat\u00e9riel sp\u00e9cifique fabriqu\u00e9 aux Pays-Bas est indispensable au fonctionnement de la station. \u00ab\u00a0Un dernier grain de sable\u00a0\u00bb, selon la Compagnie des Thermes de Plombi\u00e8res. \u00ab\u00a0Le Groupe AVEC est d\u2019autant plus d\u00e9sol\u00e9 de cet incident de derni\u00e8re minute, dont la responsabilit\u00e9 incombe enti\u00e8rement au constructeur KSB qui vient retarder les d\u00e9lais de contr\u00f4les de l\u2019ARS indispensables pour le red\u00e9marrage des cures\u00a0\u00bb. Il est possible de contacter le groupe par t\u00e9l\u00e9phone au 03.29.30.07.14 ou 06.28.03.28.98 de 09h00 \u00e0 12h00 et de 13h00 \u00e0 17h00 du lundi au vendredi, ou par mail \u00e0 <a href=\"mailto:thermes.napoleon@avec.fr\">thermes.napoleon@avec.fr<\/a>. \u00ab\u00a0Chers curistes, sachez que nous mettons tout en \u0153uvre pour vous r\u00e9accueillir le plus rapidement possible. En attendant la direction des Thermes Napol\u00e9on et l&rsquo;ensemble du personnel tiennent \u00e0 vous pr\u00e9senter leurs plus sinc\u00e8res excuses pour ce report totalement ind\u00e9pendant de leur volont\u00e9 encore une fois !\u00a0\u00bb<\/p>\n","protected":false},"excerpt":{"rendered":"<p>Photo par plombieres-les-bains.com La r\u00e9ouverture des Thermes de Plombi\u00e8res, programm\u00e9e le 5 septembre est report\u00e9e de quelques jours en raison [&hellip;]<\/p>\n","protected":false},"author":407,"featured_media":60471,"comment_status":"open","ping_status":"open","sticky":false,"template":"","format":"standard","meta":{"footnotes":""},"categories":[26,5,82,102],"tags":[4455,4456,103,3569,4457,4458,32],"class_list":["post-60470","post","type-post","status-publish","format-standard","has-post-thumbnail","hentry","category-a-la-une","category-economie","category-le-val-dajol-son-canton","category-plombieres-les-bains","tag-compagnie-des-thermes","tag-date","tag-plombieres","tag-reouverture","tag-retard","tag-themes","tag-vosges"],"acf":[],"yoast_head":"<!-- This site is optimized with the Yoast SEO plugin v22.5 - https:\/\/yoast.com\/wordpress\/plugins\/seo\/ -->\n<title>Plombi\u00e8res\u00a0: la r\u00e9ouverture des thermes est une nouvelle fois retard\u00e9e - Remiremont Info<\/title>\n<meta name=\"robots\" content=\"index, follow, max-snippet:-1, max-image-preview:large, max-video-preview:-1\" \/>\n<link rel=\"canonical\" href=\"https:\/\/vosgesinfo.fr\/remiremontinfo\/2022\/08\/plombieres-reouverture-thermes-nouvelle-retardee\/\" \/>\n<meta name=\"twitter:card\" content=\"summary_large_image\" \/>\n<meta name=\"twitter:title\" content=\"Plombi\u00e8res\u00a0: la r\u00e9ouverture des thermes est une nouvelle fois retard\u00e9e - Remiremont Info\" \/>\n<meta name=\"twitter:description\" content=\"Photo par plombieres-les-bains.com La r\u00e9ouverture des Thermes de Plombi\u00e8res, programm\u00e9e le 5 septembre est report\u00e9e de quelques jours en raison [&hellip;]\" \/>\n<meta name=\"twitter:image\" content=\"https:\/\/vosgesinfo.fr\/app\/uploads\/sites\/5\/2024\/09\/202208plb-centre-thermal-acc-5-2-960x636-1.jpg\" \/>\n<meta name=\"twitter:creator\" content=\"@VosgesInfo88\" \/>\n<meta name=\"twitter:site\" content=\"@VosgesInfo88\" \/>\n<meta name=\"twitter:label1\" content=\"\u00c9crit par\" \/>\n\t<meta name=\"twitter:data1\" content=\"C D\" \/>\n\t<meta name=\"twitter:label2\" content=\"Dur\u00e9e de lecture estim\u00e9e\" \/>\n\t<meta name=\"twitter:data2\" content=\"1 minute\" \/>\n<script type=\"application\/ld+json\" class=\"yoast-schema-graph\">{\"@context\":\"https:\/\/schema.org\",\"@graph\":[{\"@type\":\"Article\",\"@id\":\"https:\/\/vosgesinfo.fr\/remiremontinfo\/2022\/08\/plombieres-reouverture-thermes-nouvelle-retardee\/#article\",\"isPartOf\":{\"@id\":\"https:\/\/vosgesinfo.fr\/remiremontinfo\/2022\/08\/plombieres-reouverture-thermes-nouvelle-retardee\/\"},\"author\":{\"name\":\"C D\",\"@id\":\"https:\/\/vosgesinfo.fr\/remiremontinfo\/#\/schema\/person\/3bfd164d5218a185b1db68655a265316\"},\"headline\":\"Plombi\u00e8res\u00a0: la r\u00e9ouverture des thermes est une nouvelle fois retard\u00e9e\",\"datePublished\":\"2022-08-19T04:15:49+00:00\",\"dateModified\":\"2022-08-19T04:15:49+00:00\",\"mainEntityOfPage\":{\"@id\":\"https:\/\/vosgesinfo.fr\/remiremontinfo\/2022\/08\/plombieres-reouverture-thermes-nouvelle-retardee\/\"},\"wordCount\":216,\"commentCount\":0,\"publisher\":{\"@id\":\"https:\/\/vosgesinfo.fr\/remiremontinfo\/#organization\"},\"image\":{\"@id\":\"https:\/\/vosgesinfo.fr\/remiremontinfo\/2022\/08\/plombieres-reouverture-thermes-nouvelle-retardee\/#primaryimage\"},\"thumbnailUrl\":\"https:\/\/vosgesinfo.fr\/app\/uploads\/sites\/5\/2024\/09\/202208plb-centre-thermal-acc-5-2-960x636-1.jpg\",\"keywords\":[\"compagnie des thermes\",\"date\",\"plombieres\",\"r\u00e9ouverture\",\"retard\",\"themes\",\"Vosges\"],\"articleSection\":[\"A la Une\",\"\u00c9conomie\",\"Le Val-d'Ajol &amp; son canton\",\"Plombi\u00e8res-l\u00e8s-Bains\"],\"inLanguage\":\"fr-FR\",\"potentialAction\":[{\"@type\":\"CommentAction\",\"name\":\"Comment\",\"target\":[\"https:\/\/vosgesinfo.fr\/remiremontinfo\/2022\/08\/plombieres-reouverture-thermes-nouvelle-retardee\/#respond\"]}]},{\"@type\":\"WebPage\",\"@id\":\"https:\/\/vosgesinfo.fr\/remiremontinfo\/2022\/08\/plombieres-reouverture-thermes-nouvelle-retardee\/\",\"url\":\"https:\/\/vosgesinfo.fr\/remiremontinfo\/2022\/08\/plombieres-reouverture-thermes-nouvelle-retardee\/\",\"name\":\"Plombi\u00e8res\u00a0: la r\u00e9ouverture des thermes est une nouvelle fois retard\u00e9e - Remiremont Info\",\"isPartOf\":{\"@id\":\"https:\/\/vosgesinfo.fr\/remiremontinfo\/#website\"},\"primaryImageOfPage\":{\"@id\":\"https:\/\/vosgesinfo.fr\/remiremontinfo\/2022\/08\/plombieres-reouverture-thermes-nouvelle-retardee\/#primaryimage\"},\"image\":{\"@id\":\"https:\/\/vosgesinfo.fr\/remiremontinfo\/2022\/08\/plombieres-reouverture-thermes-nouvelle-retardee\/#primaryimage\"},\"thumbnailUrl\":\"https:\/\/vosgesinfo.fr\/app\/uploads\/sites\/5\/2024\/09\/202208plb-centre-thermal-acc-5-2-960x636-1.jpg\",\"datePublished\":\"2022-08-19T04:15:49+00:00\",\"dateModified\":\"2022-08-19T04:15:49+00:00\",\"breadcrumb\":{\"@id\":\"https:\/\/vosgesinfo.fr\/remiremontinfo\/2022\/08\/plombieres-reouverture-thermes-nouvelle-retardee\/#breadcrumb\"},\"inLanguage\":\"fr-FR\",\"potentialAction\":[{\"@type\":\"ReadAction\",\"target\":[\"https:\/\/vosgesinfo.fr\/remiremontinfo\/2022\/08\/plombieres-reouverture-thermes-nouvelle-retardee\/\"]}]},{\"@type\":\"ImageObject\",\"inLanguage\":\"fr-FR\",\"@id\":\"https:\/\/vosgesinfo.fr\/remiremontinfo\/2022\/08\/plombieres-reouverture-thermes-nouvelle-retardee\/#primaryimage\",\"url\":\"https:\/\/vosgesinfo.fr\/app\/uploads\/sites\/5\/2024\/09\/202208plb-centre-thermal-acc-5-2-960x636-1.jpg\",\"contentUrl\":\"https:\/\/vosgesinfo.fr\/app\/uploads\/sites\/5\/2024\/09\/202208plb-centre-thermal-acc-5-2-960x636-1.jpg\",\"width\":960,\"height\":636},{\"@type\":\"BreadcrumbList\",\"@id\":\"https:\/\/vosgesinfo.fr\/remiremontinfo\/2022\/08\/plombieres-reouverture-thermes-nouvelle-retardee\/#breadcrumb\",\"itemListElement\":[{\"@type\":\"ListItem\",\"position\":1,\"name\":\"Home\",\"item\":\"https:\/\/vosgesinfo.fr\/remiremontinfo\/\"},{\"@type\":\"ListItem\",\"position\":2,\"name\":\"Plombi\u00e8res\u00a0: la r\u00e9ouverture des thermes est une nouvelle fois retard\u00e9e\"}]},{\"@type\":\"WebSite\",\"@id\":\"https:\/\/vosgesinfo.fr\/remiremontinfo\/#website\",\"url\":\"https:\/\/vosgesinfo.fr\/remiremontinfo\/\",\"name\":\"Remiremont Info\",\"description\":\"Toute l&#039;actualit\u00e9 de Remiremont\",\"publisher\":{\"@id\":\"https:\/\/vosgesinfo.fr\/remiremontinfo\/#organization\"},\"alternateName\":\"Toute l'actualit\u00e9 de Remiremont\",\"potentialAction\":[{\"@type\":\"SearchAction\",\"target\":{\"@type\":\"EntryPoint\",\"urlTemplate\":\"https:\/\/vosgesinfo.fr\/remiremontinfo\/?s={search_term_string}\"},\"query-input\":\"required name=search_term_string\"}],\"inLanguage\":\"fr-FR\"},{\"@type\":\"Organization\",\"@id\":\"https:\/\/vosgesinfo.fr\/remiremontinfo\/#organization\",\"name\":\"Remiremont Info\",\"url\":\"https:\/\/vosgesinfo.fr\/remiremontinfo\/\",\"logo\":{\"@type\":\"ImageObject\",\"inLanguage\":\"fr-FR\",\"@id\":\"https:\/\/vosgesinfo.fr\/remiremontinfo\/#\/schema\/logo\/image\/\",\"url\":\"https:\/\/vosgesinfo.fr\/app\/uploads\/sites\/5\/2023\/08\/favicon-remiremontinfo.png\",\"contentUrl\":\"https:\/\/vosgesinfo.fr\/app\/uploads\/sites\/5\/2023\/08\/favicon-remiremontinfo.png\",\"width\":512,\"height\":512,\"caption\":\"Remiremont Info\"},\"image\":{\"@id\":\"https:\/\/vosgesinfo.fr\/remiremontinfo\/#\/schema\/logo\/image\/\"},\"sameAs\":[\"https:\/\/www.facebook.com\/remiremontinfo\",\"https:\/\/x.com\/VosgesInfo88\",\"https:\/\/www.youtube.com\/@vosgesinfo\"]},{\"@type\":\"Person\",\"@id\":\"https:\/\/vosgesinfo.fr\/remiremontinfo\/#\/schema\/person\/3bfd164d5218a185b1db68655a265316\",\"name\":\"C D\",\"image\":{\"@type\":\"ImageObject\",\"inLanguage\":\"fr-FR\",\"@id\":\"https:\/\/vosgesinfo.fr\/remiremontinfo\/#\/schema\/person\/image\/\",\"url\":\"https:\/\/secure.gravatar.com\/avatar\/1f9a70007336511a47468b8f1c66f922b8b7cf617b02a31149ada43893a5d48f?s=96&d=mm&r=g\",\"contentUrl\":\"https:\/\/secure.gravatar.com\/avatar\/1f9a70007336511a47468b8f1c66f922b8b7cf617b02a31149ada43893a5d48f?s=96&d=mm&r=g\",\"caption\":\"C D\"},\"url\":\"https:\/\/vosgesinfo.fr\/remiremontinfo\/author\/cedric-drevet\/\"}]}<\/script>\n<!-- \/ Yoast SEO plugin. -->","yoast_head_json":{"title":"Plombi\u00e8res\u00a0: la r\u00e9ouverture des thermes est une nouvelle fois retard\u00e9e - Remiremont Info","robots":{"index":"index","follow":"follow","max-snippet":"max-snippet:-1","max-image-preview":"max-image-preview:large","max-video-preview":"max-video-preview:-1"},"canonical":"https:\/\/vosgesinfo.fr\/remiremontinfo\/2022\/08\/plombieres-reouverture-thermes-nouvelle-retardee\/","twitter_card":"summary_large_image","twitter_title":"Plombi\u00e8res\u00a0: la r\u00e9ouverture des thermes est une nouvelle fois retard\u00e9e - Remiremont Info","twitter_description":"Photo par plombieres-les-bains.com La r\u00e9ouverture des Thermes de Plombi\u00e8res, programm\u00e9e le 5 septembre est report\u00e9e de quelques jours en raison [&hellip;]","twitter_image":"https:\/\/vosgesinfo.fr\/app\/uploads\/sites\/5\/2024\/09\/202208plb-centre-thermal-acc-5-2-960x636-1.jpg","twitter_creator":"@VosgesInfo88","twitter_site":"@VosgesInfo88","twitter_misc":{"\u00c9crit par":"C D","Dur\u00e9e de lecture estim\u00e9e":"1 minute"},"schema":{"@context":"https:\/\/schema.org","@graph":[{"@type":"Article","@id":"https:\/\/vosgesinfo.fr\/remiremontinfo\/2022\/08\/plombieres-reouverture-thermes-nouvelle-retardee\/#article","isPartOf":{"@id":"https:\/\/vosgesinfo.fr\/remiremontinfo\/2022\/08\/plombieres-reouverture-thermes-nouvelle-retardee\/"},"author":{"name":"C D","@id":"https:\/\/vosgesinfo.fr\/remiremontinfo\/#\/schema\/person\/3bfd164d5218a185b1db68655a265316"},"headline":"Plombi\u00e8res\u00a0: la r\u00e9ouverture des thermes est une nouvelle fois retard\u00e9e","datePublished":"2022-08-19T04:15:49+00:00","dateModified":"2022-08-19T04:15:49+00:00","mainEntityOfPage":{"@id":"https:\/\/vosgesinfo.fr\/remiremontinfo\/2022\/08\/plombieres-reouverture-thermes-nouvelle-retardee\/"},"wordCount":216,"commentCount":0,"publisher":{"@id":"https:\/\/vosgesinfo.fr\/remiremontinfo\/#organization"},"image":{"@id":"https:\/\/vosgesinfo.fr\/remiremontinfo\/2022\/08\/plombieres-reouverture-thermes-nouvelle-retardee\/#primaryimage"},"thumbnailUrl":"https:\/\/vosgesinfo.fr\/app\/uploads\/sites\/5\/2024\/09\/202208plb-centre-thermal-acc-5-2-960x636-1.jpg","keywords":["compagnie des thermes","date","plombieres","r\u00e9ouverture","retard","themes","Vosges"],"articleSection":["A la Une","\u00c9conomie","Le Val-d'Ajol &amp; son canton","Plombi\u00e8res-l\u00e8s-Bains"],"inLanguage":"fr-FR","potentialAction":[{"@type":"CommentAction","name":"Comment","target":["https:\/\/vosgesinfo.fr\/remiremontinfo\/2022\/08\/plombieres-reouverture-thermes-nouvelle-retardee\/#respond"]}]},{"@type":"WebPage","@id":"https:\/\/vosgesinfo.fr\/remiremontinfo\/2022\/08\/plombieres-reouverture-thermes-nouvelle-retardee\/","url":"https:\/\/vosgesinfo.fr\/remiremontinfo\/2022\/08\/plombieres-reouverture-thermes-nouvelle-retardee\/","name":"Plombi\u00e8res\u00a0: la r\u00e9ouverture des thermes est une nouvelle fois retard\u00e9e - Remiremont Info","isPartOf":{"@id":"https:\/\/vosgesinfo.fr\/remiremontinfo\/#website"},"primaryImageOfPage":{"@id":"https:\/\/vosgesinfo.fr\/remiremontinfo\/2022\/08\/plombieres-reouverture-thermes-nouvelle-retardee\/#primaryimage"},"image":{"@id":"https:\/\/vosgesinfo.fr\/remiremontinfo\/2022\/08\/plombieres-reouverture-thermes-nouvelle-retardee\/#primaryimage"},"thumbnailUrl":"https:\/\/vosgesinfo.fr\/app\/uploads\/sites\/5\/2024\/09\/202208plb-centre-thermal-acc-5-2-960x636-1.jpg","datePublished":"2022-08-19T04:15:49+00:00","dateModified":"2022-08-19T04:15:49+00:00","breadcrumb":{"@id":"https:\/\/vosgesinfo.fr\/remiremontinfo\/2022\/08\/plombieres-reouverture-thermes-nouvelle-retardee\/#breadcrumb"},"inLanguage":"fr-FR","potentialAction":[{"@type":"ReadAction","target":["https:\/\/vosgesinfo.fr\/remiremontinfo\/2022\/08\/plombieres-reouverture-thermes-nouvelle-retardee\/"]}]},{"@type":"ImageObject","inLanguage":"fr-FR","@id":"https:\/\/vosgesinfo.fr\/remiremontinfo\/2022\/08\/plombieres-reouverture-thermes-nouvelle-retardee\/#primaryimage","url":"https:\/\/vosgesinfo.fr\/app\/uploads\/sites\/5\/2024\/09\/202208plb-centre-thermal-acc-5-2-960x636-1.jpg","contentUrl":"https:\/\/vosgesinfo.fr\/app\/uploads\/sites\/5\/2024\/09\/202208plb-centre-thermal-acc-5-2-960x636-1.jpg","width":960,"height":636},{"@type":"BreadcrumbList","@id":"https:\/\/vosgesinfo.fr\/remiremontinfo\/2022\/08\/plombieres-reouverture-thermes-nouvelle-retardee\/#breadcrumb","itemListElement":[{"@type":"ListItem","position":1,"name":"Home","item":"https:\/\/vosgesinfo.fr\/remiremontinfo\/"},{"@type":"ListItem","position":2,"name":"Plombi\u00e8res\u00a0: la r\u00e9ouverture des thermes est une nouvelle fois retard\u00e9e"}]},{"@type":"WebSite","@id":"https:\/\/vosgesinfo.fr\/remiremontinfo\/#website","url":"https:\/\/vosgesinfo.fr\/remiremontinfo\/","name":"Remiremont Info","description":"Toute l&#039;actualit\u00e9 de Remiremont","publisher":{"@id":"https:\/\/vosgesinfo.fr\/remiremontinfo\/#organization"},"alternateName":"Toute l'actualit\u00e9 de Remiremont","potentialAction":[{"@type":"SearchAction","target":{"@type":"EntryPoint","urlTemplate":"https:\/\/vosgesinfo.fr\/remiremontinfo\/?s={search_term_string}"},"query-input":"required name=search_term_string"}],"inLanguage":"fr-FR"},{"@type":"Organization","@id":"https:\/\/vosgesinfo.fr\/remiremontinfo\/#organization","name":"Remiremont Info","url":"https:\/\/vosgesinfo.fr\/remiremontinfo\/","logo":{"@type":"ImageObject","inLanguage":"fr-FR","@id":"https:\/\/vosgesinfo.fr\/remiremontinfo\/#\/schema\/logo\/image\/","url":"https:\/\/vosgesinfo.fr\/app\/uploads\/sites\/5\/2023\/08\/favicon-remiremontinfo.png","contentUrl":"https:\/\/vosgesinfo.fr\/app\/uploads\/sites\/5\/2023\/08\/favicon-remiremontinfo.png","width":512,"height":512,"caption":"Remiremont Info"},"image":{"@id":"https:\/\/vosgesinfo.fr\/remiremontinfo\/#\/schema\/logo\/image\/"},"sameAs":["https:\/\/www.facebook.com\/remiremontinfo","https:\/\/x.com\/VosgesInfo88","https:\/\/www.youtube.com\/@vosgesinfo"]},{"@type":"Person","@id":"https:\/\/vosgesinfo.fr\/remiremontinfo\/#\/schema\/person\/3bfd164d5218a185b1db68655a265316","name":"C D","image":{"@type":"ImageObject","inLanguage":"fr-FR","@id":"https:\/\/vosgesinfo.fr\/remiremontinfo\/#\/schema\/person\/image\/","url":"https:\/\/secure.gravatar.com\/avatar\/1f9a70007336511a47468b8f1c66f922b8b7cf617b02a31149ada43893a5d48f?s=96&d=mm&r=g","contentUrl":"https:\/\/secure.gravatar.com\/avatar\/1f9a70007336511a47468b8f1c66f922b8b7cf617b02a31149ada43893a5d48f?s=96&d=mm&r=g","caption":"C D"},"url":"https:\/\/vosgesinfo.fr\/remiremontinfo\/author\/cedric-drevet\/"}]}},"_links":{"self":[{"href":"https:\/\/vosgesinfo.fr\/remiremontinfo\/wp-json\/wp\/v2\/posts\/60470","targetHints":{"allow":["GET"]}}],"collection":[{"href":"https:\/\/vosgesinfo.fr\/remiremontinfo\/wp-json\/wp\/v2\/posts"}],"about":[{"href":"https:\/\/vosgesinfo.fr\/remiremontinfo\/wp-json\/wp\/v2\/types\/post"}],"author":[{"embeddable":true,"href":"https:\/\/vosgesinfo.fr\/remiremontinfo\/wp-json\/wp\/v2\/users\/407"}],"replies":[{"embeddable":true,"href":"https:\/\/vosgesinfo.fr\/remiremontinfo\/wp-json\/wp\/v2\/comments?post=60470"}],"version-history":[{"count":0,"href":"https:\/\/vosgesinfo.fr\/remiremontinfo\/wp-json\/wp\/v2\/posts\/60470\/revisions"}],"wp:featuredmedia":[{"embeddable":true,"href":"https:\/\/vosgesinfo.fr\/remiremontinfo\/wp-json\/wp\/v2\/media\/60471"}],"wp:attachment":[{"href":"https:\/\/vosgesinfo.fr\/remiremontinfo\/wp-json\/wp\/v2\/media?parent=60470"}],"wp:term":[{"taxonomy":"category","embeddable":true,"href":"https:\/\/vosgesinfo.fr\/remiremontinfo\/wp-json\/wp\/v2\/categories?post=60470"},{"taxonomy":"post_tag","embeddable":true,"href":"https:\/\/vosgesinfo.fr\/remiremontinfo\/wp-json\/wp\/v2\/tags?post=60470"}],"curies":[{"name":"wp","href":"https:\/\/api.w.org\/{rel}","templated":true}]}}