{"id":60515,"date":"2022-08-19T08:19:31","date_gmt":"2022-08-19T06:19:31","guid":{"rendered":"https:\/\/vosgesinfo.fr\/remiremontinfo\/2022\/08\/remiremont-mouvement-de-greve-bloc-operatoire\/"},"modified":"2022-08-19T08:19:31","modified_gmt":"2022-08-19T06:19:31","slug":"remiremont-mouvement-de-greve-bloc-operatoire","status":"publish","type":"post","link":"https:\/\/vosgesinfo.fr\/remiremontinfo\/2022\/08\/remiremont-mouvement-de-greve-bloc-operatoire\/","title":{"rendered":"Remiremont\u00a0: mouvement de gr\u00e8ve au bloc op\u00e9ratoire"},"content":{"rendered":"<p><a href=\"\/2021\/04\/Annotation-2020-06-12-0913291.png\"><img decoding=\"async\" class=\"alignnone size-full wp-image-313543\" src=\"\/2021\/04\/Annotation-2020-06-12-0913291.png\" alt=\"hopital remiremont\" width=\"800\" height=\"534\" \/><\/a><\/p>\n<p><span style=\"font-size: 10pt;\"><em>Photo d&rsquo;illustration, archive, Google Maps\u00a0<\/em><\/span><\/p>\n<h2><span style=\"font-size: 12pt;\"><strong>Un mouvement de gr\u00e8ve a \u00e9t\u00e9 lanc\u00e9 par le \u00ab <a href=\"https:\/\/www.facebook.com\/LeCollectifInterBlocs\">Collectif Inter-Blocs<\/a> \u00bb, en lien avec la CGT Sant\u00e9 Action Sociale. A Remiremont, on est arriv\u00e9 \u00e0 un taux de 100% de gr\u00e9viste une journ\u00e9e. Tous les infirmiers de bloc op\u00e9ratoire (IBODE) ont donc \u00e9t\u00e9 gr\u00e9vistes sauf le personnel assign\u00e9 pour garantir un service minimum. Cela implique une r\u00e9organisation des interventions.<\/strong><\/span><\/h2>\n<p><em>\u00ab\u00a0Notre sp\u00e9cialit\u00e9 IBODE est en danger ! Nous devons agir maintenant pour la sauver !\u00a0\u00bb<\/em>, affirme le collectif. <em>\u00ab\u00a0Cette gr\u00e8ve in\u00e9dite, en plein \u00e9t\u00e9, avait pour objectif prioritaire de mettre la pression sur les tutelles, notamment la <\/em>(Direction g\u00e9n\u00e9rale de l&rsquo;Offre de soins)<em>, pour \u00e9viter toute parution du d\u00e9cret mortif\u00e8re des mesures transitoires durant la p\u00e9riode estivale sans que l&rsquo;on puisse r\u00e9agir sur le terrain. Nous pouvons nous satisfaire d&rsquo;avoir au moins \u00e9viter cela malgr\u00e9 les assignations massives qui sont tomb\u00e9es quotidiennement et le manque de communication autour de cette action que nous d\u00e9plorons\u00a0\u00bb.\u00a0<\/em><\/p>\n<p>Le mouvement de gr\u00e8ve, \u00e0 Remiremont, a eu pour objectif de soutenir les revendications nationales, avec \u00e9galement une situation particuli\u00e8re. <em>\u00ab\u00a0En fait, nous avons aussi profit\u00e9 de cette gr\u00e8ve pour d\u00e9noncer au niveau de notre h\u00f4pital nos conditions de travail d\u00e9plorables\u00a0\u00bb<\/em>, affirme une infirmi\u00e8re.<em> \u00ab\u00a0Comme dans beaucoup de bloc, nous d\u00e9plorons un manque d&rsquo;effectifs important (\u2026) Notre effectif ne permet pas de d\u00e9gager une salle d&rsquo;urgence en journ\u00e9e alors que cela repr\u00e9sente 25% de notre activit\u00e9. Nous travaillons \u00e9norm\u00e9ment sur le temps d&rsquo;astreinte\u00a0: il est rare de finir avant minuit, et nous travaillons en moyenne 12 heures par jour le samedi et le dimanche alors que nous ne sommes pas en travail post\u00e9 mais en astreinte\u00a0\u00bb.<\/em><\/p>\n<p>Une situation compliqu\u00e9e qui g\u00e9n\u00e8re un rythme de travail soutenu\u00a0:<em> \u00ab\u00a0D\u00e8s le matin, on court apr\u00e8s le temps pour essayer d&rsquo;en faire un maximum, on saute d&rsquo;une salle \u00e0 l&rsquo;autre, on ne conna\u00eet pas toujours le patient qui est d\u00e9j\u00e0 endormi quand on arrive et on saute dans les gants\u00a0\u00bb.<\/em> Une rencontre doit avoir lieu entre tous les professionnels du bloc et l&rsquo;administration pour trouver des solutions. La p\u00e9riode de gr\u00e8ve s\u2019est \u00e9tendue du 19 juillet au 18 ao\u00fbt. Du c\u00f4t\u00e9 du \u00ab <a href=\"https:\/\/www.facebook.com\/LeCollectifInterBlocs\">Collectif Inter-Blocs<\/a> \u00bb, le mouvement de gr\u00e8ve est renouvel\u00e9 dans un premier temps jusqu\u2019au 10 septembre. Il est pr\u00e9vu d\u2019encha\u00eener sur une journ\u00e9e de mobilisation sp\u00e9cifique nationale.<\/p>\n","protected":false},"excerpt":{"rendered":"<p>Photo d&rsquo;illustration, archive, Google Maps\u00a0 Un mouvement de gr\u00e8ve a \u00e9t\u00e9 lanc\u00e9 par le \u00ab Collectif Inter-Blocs \u00bb, en lien [&hellip;]<\/p>\n","protected":false},"author":407,"featured_media":60516,"comment_status":"open","ping_status":"open","sticky":false,"template":"","format":"standard","meta":{"footnotes":""},"categories":[26,1556,35,12],"tags":[4466,506,271,44,46,32],"class_list":["post-60515","post","type-post","status-publish","format-standard","has-post-thumbnail","hentry","category-a-la-une","category-remiremont-remiremont-son-canton-2","category-remiremont-son-canton","category-sante","tag-bloc-operatoire","tag-greve","tag-hopital","tag-remiremont","tag-sante","tag-vosges"],"acf":[],"yoast_head":"<!-- This site is optimized with the Yoast SEO plugin v22.5 - https:\/\/yoast.com\/wordpress\/plugins\/seo\/ -->\n<title>Remiremont\u00a0: mouvement de gr\u00e8ve au bloc op\u00e9ratoire - Remiremont Info<\/title>\n<meta name=\"robots\" content=\"index, follow, max-snippet:-1, max-image-preview:large, max-video-preview:-1\" \/>\n<link rel=\"canonical\" href=\"https:\/\/vosgesinfo.fr\/remiremontinfo\/2022\/08\/remiremont-mouvement-de-greve-bloc-operatoire\/\" \/>\n<meta name=\"twitter:card\" content=\"summary_large_image\" \/>\n<meta name=\"twitter:title\" content=\"Remiremont\u00a0: mouvement de gr\u00e8ve au bloc op\u00e9ratoire - Remiremont Info\" \/>\n<meta name=\"twitter:description\" content=\"Photo d&rsquo;illustration, archive, Google Maps\u00a0 Un mouvement de gr\u00e8ve a \u00e9t\u00e9 lanc\u00e9 par le \u00ab Collectif Inter-Blocs \u00bb, en lien [&hellip;]\" \/>\n<meta name=\"twitter:image\" content=\"https:\/\/vosgesinfo.fr\/app\/uploads\/sites\/5\/2024\/09\/202104annotation-2020-06-12-0913291-18.png\" \/>\n<meta name=\"twitter:creator\" content=\"@VosgesInfo88\" \/>\n<meta name=\"twitter:site\" content=\"@VosgesInfo88\" \/>\n<meta name=\"twitter:label1\" content=\"\u00c9crit par\" \/>\n\t<meta name=\"twitter:data1\" content=\"C D\" \/>\n\t<meta name=\"twitter:label2\" content=\"Dur\u00e9e de lecture estim\u00e9e\" \/>\n\t<meta name=\"twitter:data2\" content=\"2 minutes\" \/>\n<script type=\"application\/ld+json\" class=\"yoast-schema-graph\">{\"@context\":\"https:\/\/schema.org\",\"@graph\":[{\"@type\":\"Article\",\"@id\":\"https:\/\/vosgesinfo.fr\/remiremontinfo\/2022\/08\/remiremont-mouvement-de-greve-bloc-operatoire\/#article\",\"isPartOf\":{\"@id\":\"https:\/\/vosgesinfo.fr\/remiremontinfo\/2022\/08\/remiremont-mouvement-de-greve-bloc-operatoire\/\"},\"author\":{\"name\":\"C D\",\"@id\":\"https:\/\/vosgesinfo.fr\/remiremontinfo\/#\/schema\/person\/3bfd164d5218a185b1db68655a265316\"},\"headline\":\"Remiremont\u00a0: mouvement de gr\u00e8ve au bloc op\u00e9ratoire\",\"datePublished\":\"2022-08-19T06:19:31+00:00\",\"dateModified\":\"2022-08-19T06:19:31+00:00\",\"mainEntityOfPage\":{\"@id\":\"https:\/\/vosgesinfo.fr\/remiremontinfo\/2022\/08\/remiremont-mouvement-de-greve-bloc-operatoire\/\"},\"wordCount\":438,\"commentCount\":0,\"publisher\":{\"@id\":\"https:\/\/vosgesinfo.fr\/remiremontinfo\/#organization\"},\"image\":{\"@id\":\"https:\/\/vosgesinfo.fr\/remiremontinfo\/2022\/08\/remiremont-mouvement-de-greve-bloc-operatoire\/#primaryimage\"},\"thumbnailUrl\":\"https:\/\/vosgesinfo.fr\/app\/uploads\/sites\/5\/2024\/09\/202104annotation-2020-06-12-0913291-18.png\",\"keywords\":[\"bloc op\u00e9ratoire\",\"gr\u00eave\",\"h\u00f4pital\",\"remiremont\",\"sant\u00e9\",\"Vosges\"],\"articleSection\":[\"A la Une\",\"Remiremont\",\"Remiremont &amp; son canton\",\"Sant\u00e9\"],\"inLanguage\":\"fr-FR\",\"potentialAction\":[{\"@type\":\"CommentAction\",\"name\":\"Comment\",\"target\":[\"https:\/\/vosgesinfo.fr\/remiremontinfo\/2022\/08\/remiremont-mouvement-de-greve-bloc-operatoire\/#respond\"]}]},{\"@type\":\"WebPage\",\"@id\":\"https:\/\/vosgesinfo.fr\/remiremontinfo\/2022\/08\/remiremont-mouvement-de-greve-bloc-operatoire\/\",\"url\":\"https:\/\/vosgesinfo.fr\/remiremontinfo\/2022\/08\/remiremont-mouvement-de-greve-bloc-operatoire\/\",\"name\":\"Remiremont\u00a0: mouvement de gr\u00e8ve au bloc op\u00e9ratoire - Remiremont Info\",\"isPartOf\":{\"@id\":\"https:\/\/vosgesinfo.fr\/remiremontinfo\/#website\"},\"primaryImageOfPage\":{\"@id\":\"https:\/\/vosgesinfo.fr\/remiremontinfo\/2022\/08\/remiremont-mouvement-de-greve-bloc-operatoire\/#primaryimage\"},\"image\":{\"@id\":\"https:\/\/vosgesinfo.fr\/remiremontinfo\/2022\/08\/remiremont-mouvement-de-greve-bloc-operatoire\/#primaryimage\"},\"thumbnailUrl\":\"https:\/\/vosgesinfo.fr\/app\/uploads\/sites\/5\/2024\/09\/202104annotation-2020-06-12-0913291-18.png\",\"datePublished\":\"2022-08-19T06:19:31+00:00\",\"dateModified\":\"2022-08-19T06:19:31+00:00\",\"breadcrumb\":{\"@id\":\"https:\/\/vosgesinfo.fr\/remiremontinfo\/2022\/08\/remiremont-mouvement-de-greve-bloc-operatoire\/#breadcrumb\"},\"inLanguage\":\"fr-FR\",\"potentialAction\":[{\"@type\":\"ReadAction\",\"target\":[\"https:\/\/vosgesinfo.fr\/remiremontinfo\/2022\/08\/remiremont-mouvement-de-greve-bloc-operatoire\/\"]}]},{\"@type\":\"ImageObject\",\"inLanguage\":\"fr-FR\",\"@id\":\"https:\/\/vosgesinfo.fr\/remiremontinfo\/2022\/08\/remiremont-mouvement-de-greve-bloc-operatoire\/#primaryimage\",\"url\":\"https:\/\/vosgesinfo.fr\/app\/uploads\/sites\/5\/2024\/09\/202104annotation-2020-06-12-0913291-18.png\",\"contentUrl\":\"https:\/\/vosgesinfo.fr\/app\/uploads\/sites\/5\/2024\/09\/202104annotation-2020-06-12-0913291-18.png\",\"width\":800,\"height\":534},{\"@type\":\"BreadcrumbList\",\"@id\":\"https:\/\/vosgesinfo.fr\/remiremontinfo\/2022\/08\/remiremont-mouvement-de-greve-bloc-operatoire\/#breadcrumb\",\"itemListElement\":[{\"@type\":\"ListItem\",\"position\":1,\"name\":\"Home\",\"item\":\"https:\/\/vosgesinfo.fr\/remiremontinfo\/\"},{\"@type\":\"ListItem\",\"position\":2,\"name\":\"Remiremont\u00a0: mouvement de gr\u00e8ve au bloc op\u00e9ratoire\"}]},{\"@type\":\"WebSite\",\"@id\":\"https:\/\/vosgesinfo.fr\/remiremontinfo\/#website\",\"url\":\"https:\/\/vosgesinfo.fr\/remiremontinfo\/\",\"name\":\"Remiremont Info\",\"description\":\"Toute l&#039;actualit\u00e9 de Remiremont\",\"publisher\":{\"@id\":\"https:\/\/vosgesinfo.fr\/remiremontinfo\/#organization\"},\"alternateName\":\"Toute l'actualit\u00e9 de Remiremont\",\"potentialAction\":[{\"@type\":\"SearchAction\",\"target\":{\"@type\":\"EntryPoint\",\"urlTemplate\":\"https:\/\/vosgesinfo.fr\/remiremontinfo\/?s={search_term_string}\"},\"query-input\":\"required name=search_term_string\"}],\"inLanguage\":\"fr-FR\"},{\"@type\":\"Organization\",\"@id\":\"https:\/\/vosgesinfo.fr\/remiremontinfo\/#organization\",\"name\":\"Remiremont Info\",\"url\":\"https:\/\/vosgesinfo.fr\/remiremontinfo\/\",\"logo\":{\"@type\":\"ImageObject\",\"inLanguage\":\"fr-FR\",\"@id\":\"https:\/\/vosgesinfo.fr\/remiremontinfo\/#\/schema\/logo\/image\/\",\"url\":\"https:\/\/vosgesinfo.fr\/app\/uploads\/sites\/5\/2023\/08\/favicon-remiremontinfo.png\",\"contentUrl\":\"https:\/\/vosgesinfo.fr\/app\/uploads\/sites\/5\/2023\/08\/favicon-remiremontinfo.png\",\"width\":512,\"height\":512,\"caption\":\"Remiremont Info\"},\"image\":{\"@id\":\"https:\/\/vosgesinfo.fr\/remiremontinfo\/#\/schema\/logo\/image\/\"},\"sameAs\":[\"https:\/\/www.facebook.com\/remiremontinfo\",\"https:\/\/x.com\/VosgesInfo88\",\"https:\/\/www.youtube.com\/@vosgesinfo\"]},{\"@type\":\"Person\",\"@id\":\"https:\/\/vosgesinfo.fr\/remiremontinfo\/#\/schema\/person\/3bfd164d5218a185b1db68655a265316\",\"name\":\"C D\",\"image\":{\"@type\":\"ImageObject\",\"inLanguage\":\"fr-FR\",\"@id\":\"https:\/\/vosgesinfo.fr\/remiremontinfo\/#\/schema\/person\/image\/\",\"url\":\"https:\/\/secure.gravatar.com\/avatar\/1f9a70007336511a47468b8f1c66f922b8b7cf617b02a31149ada43893a5d48f?s=96&d=mm&r=g\",\"contentUrl\":\"https:\/\/secure.gravatar.com\/avatar\/1f9a70007336511a47468b8f1c66f922b8b7cf617b02a31149ada43893a5d48f?s=96&d=mm&r=g\",\"caption\":\"C D\"},\"url\":\"https:\/\/vosgesinfo.fr\/remiremontinfo\/author\/cedric-drevet\/\"}]}<\/script>\n<!-- \/ Yoast SEO plugin. -->","yoast_head_json":{"title":"Remiremont\u00a0: mouvement de gr\u00e8ve au bloc op\u00e9ratoire - Remiremont Info","robots":{"index":"index","follow":"follow","max-snippet":"max-snippet:-1","max-image-preview":"max-image-preview:large","max-video-preview":"max-video-preview:-1"},"canonical":"https:\/\/vosgesinfo.fr\/remiremontinfo\/2022\/08\/remiremont-mouvement-de-greve-bloc-operatoire\/","twitter_card":"summary_large_image","twitter_title":"Remiremont\u00a0: mouvement de gr\u00e8ve au bloc op\u00e9ratoire - Remiremont Info","twitter_description":"Photo d&rsquo;illustration, archive, Google Maps\u00a0 Un mouvement de gr\u00e8ve a \u00e9t\u00e9 lanc\u00e9 par le \u00ab Collectif Inter-Blocs \u00bb, en lien [&hellip;]","twitter_image":"https:\/\/vosgesinfo.fr\/app\/uploads\/sites\/5\/2024\/09\/202104annotation-2020-06-12-0913291-18.png","twitter_creator":"@VosgesInfo88","twitter_site":"@VosgesInfo88","twitter_misc":{"\u00c9crit par":"C D","Dur\u00e9e de lecture estim\u00e9e":"2 minutes"},"schema":{"@context":"https:\/\/schema.org","@graph":[{"@type":"Article","@id":"https:\/\/vosgesinfo.fr\/remiremontinfo\/2022\/08\/remiremont-mouvement-de-greve-bloc-operatoire\/#article","isPartOf":{"@id":"https:\/\/vosgesinfo.fr\/remiremontinfo\/2022\/08\/remiremont-mouvement-de-greve-bloc-operatoire\/"},"author":{"name":"C D","@id":"https:\/\/vosgesinfo.fr\/remiremontinfo\/#\/schema\/person\/3bfd164d5218a185b1db68655a265316"},"headline":"Remiremont\u00a0: mouvement de gr\u00e8ve au bloc op\u00e9ratoire","datePublished":"2022-08-19T06:19:31+00:00","dateModified":"2022-08-19T06:19:31+00:00","mainEntityOfPage":{"@id":"https:\/\/vosgesinfo.fr\/remiremontinfo\/2022\/08\/remiremont-mouvement-de-greve-bloc-operatoire\/"},"wordCount":438,"commentCount":0,"publisher":{"@id":"https:\/\/vosgesinfo.fr\/remiremontinfo\/#organization"},"image":{"@id":"https:\/\/vosgesinfo.fr\/remiremontinfo\/2022\/08\/remiremont-mouvement-de-greve-bloc-operatoire\/#primaryimage"},"thumbnailUrl":"https:\/\/vosgesinfo.fr\/app\/uploads\/sites\/5\/2024\/09\/202104annotation-2020-06-12-0913291-18.png","keywords":["bloc op\u00e9ratoire","gr\u00eave","h\u00f4pital","remiremont","sant\u00e9","Vosges"],"articleSection":["A la Une","Remiremont","Remiremont &amp; son canton","Sant\u00e9"],"inLanguage":"fr-FR","potentialAction":[{"@type":"CommentAction","name":"Comment","target":["https:\/\/vosgesinfo.fr\/remiremontinfo\/2022\/08\/remiremont-mouvement-de-greve-bloc-operatoire\/#respond"]}]},{"@type":"WebPage","@id":"https:\/\/vosgesinfo.fr\/remiremontinfo\/2022\/08\/remiremont-mouvement-de-greve-bloc-operatoire\/","url":"https:\/\/vosgesinfo.fr\/remiremontinfo\/2022\/08\/remiremont-mouvement-de-greve-bloc-operatoire\/","name":"Remiremont\u00a0: mouvement de gr\u00e8ve au bloc op\u00e9ratoire - Remiremont Info","isPartOf":{"@id":"https:\/\/vosgesinfo.fr\/remiremontinfo\/#website"},"primaryImageOfPage":{"@id":"https:\/\/vosgesinfo.fr\/remiremontinfo\/2022\/08\/remiremont-mouvement-de-greve-bloc-operatoire\/#primaryimage"},"image":{"@id":"https:\/\/vosgesinfo.fr\/remiremontinfo\/2022\/08\/remiremont-mouvement-de-greve-bloc-operatoire\/#primaryimage"},"thumbnailUrl":"https:\/\/vosgesinfo.fr\/app\/uploads\/sites\/5\/2024\/09\/202104annotation-2020-06-12-0913291-18.png","datePublished":"2022-08-19T06:19:31+00:00","dateModified":"2022-08-19T06:19:31+00:00","breadcrumb":{"@id":"https:\/\/vosgesinfo.fr\/remiremontinfo\/2022\/08\/remiremont-mouvement-de-greve-bloc-operatoire\/#breadcrumb"},"inLanguage":"fr-FR","potentialAction":[{"@type":"ReadAction","target":["https:\/\/vosgesinfo.fr\/remiremontinfo\/2022\/08\/remiremont-mouvement-de-greve-bloc-operatoire\/"]}]},{"@type":"ImageObject","inLanguage":"fr-FR","@id":"https:\/\/vosgesinfo.fr\/remiremontinfo\/2022\/08\/remiremont-mouvement-de-greve-bloc-operatoire\/#primaryimage","url":"https:\/\/vosgesinfo.fr\/app\/uploads\/sites\/5\/2024\/09\/202104annotation-2020-06-12-0913291-18.png","contentUrl":"https:\/\/vosgesinfo.fr\/app\/uploads\/sites\/5\/2024\/09\/202104annotation-2020-06-12-0913291-18.png","width":800,"height":534},{"@type":"BreadcrumbList","@id":"https:\/\/vosgesinfo.fr\/remiremontinfo\/2022\/08\/remiremont-mouvement-de-greve-bloc-operatoire\/#breadcrumb","itemListElement":[{"@type":"ListItem","position":1,"name":"Home","item":"https:\/\/vosgesinfo.fr\/remiremontinfo\/"},{"@type":"ListItem","position":2,"name":"Remiremont\u00a0: mouvement de gr\u00e8ve au bloc op\u00e9ratoire"}]},{"@type":"WebSite","@id":"https:\/\/vosgesinfo.fr\/remiremontinfo\/#website","url":"https:\/\/vosgesinfo.fr\/remiremontinfo\/","name":"Remiremont Info","description":"Toute l&#039;actualit\u00e9 de Remiremont","publisher":{"@id":"https:\/\/vosgesinfo.fr\/remiremontinfo\/#organization"},"alternateName":"Toute l'actualit\u00e9 de Remiremont","potentialAction":[{"@type":"SearchAction","target":{"@type":"EntryPoint","urlTemplate":"https:\/\/vosgesinfo.fr\/remiremontinfo\/?s={search_term_string}"},"query-input":"required name=search_term_string"}],"inLanguage":"fr-FR"},{"@type":"Organization","@id":"https:\/\/vosgesinfo.fr\/remiremontinfo\/#organization","name":"Remiremont Info","url":"https:\/\/vosgesinfo.fr\/remiremontinfo\/","logo":{"@type":"ImageObject","inLanguage":"fr-FR","@id":"https:\/\/vosgesinfo.fr\/remiremontinfo\/#\/schema\/logo\/image\/","url":"https:\/\/vosgesinfo.fr\/app\/uploads\/sites\/5\/2023\/08\/favicon-remiremontinfo.png","contentUrl":"https:\/\/vosgesinfo.fr\/app\/uploads\/sites\/5\/2023\/08\/favicon-remiremontinfo.png","width":512,"height":512,"caption":"Remiremont Info"},"image":{"@id":"https:\/\/vosgesinfo.fr\/remiremontinfo\/#\/schema\/logo\/image\/"},"sameAs":["https:\/\/www.facebook.com\/remiremontinfo","https:\/\/x.com\/VosgesInfo88","https:\/\/www.youtube.com\/@vosgesinfo"]},{"@type":"Person","@id":"https:\/\/vosgesinfo.fr\/remiremontinfo\/#\/schema\/person\/3bfd164d5218a185b1db68655a265316","name":"C D","image":{"@type":"ImageObject","inLanguage":"fr-FR","@id":"https:\/\/vosgesinfo.fr\/remiremontinfo\/#\/schema\/person\/image\/","url":"https:\/\/secure.gravatar.com\/avatar\/1f9a70007336511a47468b8f1c66f922b8b7cf617b02a31149ada43893a5d48f?s=96&d=mm&r=g","contentUrl":"https:\/\/secure.gravatar.com\/avatar\/1f9a70007336511a47468b8f1c66f922b8b7cf617b02a31149ada43893a5d48f?s=96&d=mm&r=g","caption":"C D"},"url":"https:\/\/vosgesinfo.fr\/remiremontinfo\/author\/cedric-drevet\/"}]}},"_links":{"self":[{"href":"https:\/\/vosgesinfo.fr\/remiremontinfo\/wp-json\/wp\/v2\/posts\/60515","targetHints":{"allow":["GET"]}}],"collection":[{"href":"https:\/\/vosgesinfo.fr\/remiremontinfo\/wp-json\/wp\/v2\/posts"}],"about":[{"href":"https:\/\/vosgesinfo.fr\/remiremontinfo\/wp-json\/wp\/v2\/types\/post"}],"author":[{"embeddable":true,"href":"https:\/\/vosgesinfo.fr\/remiremontinfo\/wp-json\/wp\/v2\/users\/407"}],"replies":[{"embeddable":true,"href":"https:\/\/vosgesinfo.fr\/remiremontinfo\/wp-json\/wp\/v2\/comments?post=60515"}],"version-history":[{"count":0,"href":"https:\/\/vosgesinfo.fr\/remiremontinfo\/wp-json\/wp\/v2\/posts\/60515\/revisions"}],"wp:featuredmedia":[{"embeddable":true,"href":"https:\/\/vosgesinfo.fr\/remiremontinfo\/wp-json\/wp\/v2\/media\/60516"}],"wp:attachment":[{"href":"https:\/\/vosgesinfo.fr\/remiremontinfo\/wp-json\/wp\/v2\/media?parent=60515"}],"wp:term":[{"taxonomy":"category","embeddable":true,"href":"https:\/\/vosgesinfo.fr\/remiremontinfo\/wp-json\/wp\/v2\/categories?post=60515"},{"taxonomy":"post_tag","embeddable":true,"href":"https:\/\/vosgesinfo.fr\/remiremontinfo\/wp-json\/wp\/v2\/tags?post=60515"}],"curies":[{"name":"wp","href":"https:\/\/api.w.org\/{rel}","templated":true}]}}