{"id":60570,"date":"2022-08-20T04:42:08","date_gmt":"2022-08-20T02:42:08","guid":{"rendered":"https:\/\/vosgesinfo.fr\/remiremontinfo\/2022\/08\/top-depart-clemence-beretta-aux-championnats-deurope-dathletisme-a-munich\/"},"modified":"2022-08-20T04:42:08","modified_gmt":"2022-08-20T02:42:08","slug":"top-depart-clemence-beretta-aux-championnats-deurope-dathletisme-a-munich","status":"publish","type":"post","link":"https:\/\/vosgesinfo.fr\/remiremontinfo\/2022\/08\/top-depart-clemence-beretta-aux-championnats-deurope-dathletisme-a-munich\/","title":{"rendered":"Top d\u00e9part pour Cl\u00e9mence Beretta aux Championnats d\u2019Europe d\u2019Athl\u00e9tisme \u00e0 Munich"},"content":{"rendered":"<p style=\"text-align: center;\"><a href=\"\/2022\/08\/Capture-d\u2019\u00e9cran-2022-08-20-103255.png\"><img decoding=\"async\" class=\"alignnone size-full wp-image-351483\" src=\"\/2022\/08\/Capture-d\u2019\u00e9cran-2022-08-20-103255.png\" alt=\"Capture d\u2019\u00e9cran 2022-08-20 103255\" width=\"660\" height=\"488\" \/><\/a><\/p>\n<p><span style=\"font-size: 10pt;\"><em>Captures d\u2019\u00e9cran <a href=\"http:\/\/www.france.tv\/sport\/\">www.france.tv\/sport\/<\/a><\/em><\/span><\/p>\n<h2><span style=\"font-size: 12pt;\"><strong>Les 25\u00e8mes Championnats d\u2019Europe d\u2019athl\u00e9tisme se d\u00e9roulent du 15 au 21 ao\u00fbt \u00e0 Munich, en Allemagne. Les \u00e9preuves sur piste se d\u00e9roulent au sein du Stade olympique de Munich. Et les Vosges sont bien repr\u00e9sent\u00e9es \u00e0 l\u2019occasion de cette comp\u00e9tition, puisque l\u2019on retrouve Cl\u00e9mence Beretta sur la piste de d\u00e9part ce matin.<\/strong><\/span><\/h2>\n<p>La sportive vosgienne prend part ce samedi 20 ao\u00fbt au 20 kilom\u00e8tres marche. Elle a pris le d\u00e9part aux alentours de 10h15. La voici de retour, \u00ab\u00a0pr\u00eate \u00e0 honorer ce beau maillot\u00a0\u00bb. La course est \u00e0 suivre sur <a href=\"https:\/\/www.france.tv\/sport\/autres-sports\/championnats-europeens-de-multisports\/3760237-athletisme-jour-6-matin.html\">Athl\u00e9tisme : Jour 6 (matin) en streaming | France tv<\/a><\/p>\n\n","protected":false},"excerpt":{"rendered":"<p>Captures d\u2019\u00e9cran www.france.tv\/sport\/ Les 25\u00e8mes Championnats d\u2019Europe d\u2019athl\u00e9tisme se d\u00e9roulent du 15 au 21 ao\u00fbt \u00e0 Munich, en Allemagne. Les [&hellip;]<\/p>\n","protected":false},"author":407,"featured_media":60571,"comment_status":"open","ping_status":"open","sticky":false,"template":"","format":"standard","meta":{"footnotes":""},"categories":[26,14,18],"tags":[1744,4479,1265,493,4480,61,32],"class_list":["post-60570","post","type-post","status-publish","format-standard","has-post-thumbnail","hentry","category-a-la-une","category-sport","category-vosges","tag-athletisme","tag-championnats-deurope","tag-clemence-beretta","tag-marche","tag-munich","tag-sport","tag-vosges"],"acf":[],"yoast_head":"<!-- This site is optimized with the Yoast SEO plugin v22.5 - https:\/\/yoast.com\/wordpress\/plugins\/seo\/ -->\n<title>Top d\u00e9part pour Cl\u00e9mence Beretta aux Championnats d\u2019Europe d\u2019Athl\u00e9tisme \u00e0 Munich - Remiremont Info<\/title>\n<meta name=\"robots\" content=\"index, follow, max-snippet:-1, max-image-preview:large, max-video-preview:-1\" \/>\n<link rel=\"canonical\" href=\"https:\/\/vosgesinfo.fr\/remiremontinfo\/2022\/08\/top-depart-clemence-beretta-aux-championnats-deurope-dathletisme-a-munich\/\" \/>\n<meta name=\"twitter:card\" content=\"summary_large_image\" \/>\n<meta name=\"twitter:title\" content=\"Top d\u00e9part pour Cl\u00e9mence Beretta aux Championnats d\u2019Europe d\u2019Athl\u00e9tisme \u00e0 Munich - Remiremont Info\" \/>\n<meta name=\"twitter:description\" content=\"Captures d\u2019\u00e9cran www.france.tv\/sport\/ Les 25\u00e8mes Championnats d\u2019Europe d\u2019athl\u00e9tisme se d\u00e9roulent du 15 au 21 ao\u00fbt \u00e0 Munich, en Allemagne. Les [&hellip;]\" \/>\n<meta name=\"twitter:image\" content=\"https:\/\/vosgesinfo.fr\/app\/uploads\/sites\/5\/2024\/09\/202208capture-decran-2022-08-20-103255.png\" \/>\n<meta name=\"twitter:creator\" content=\"@VosgesInfo88\" \/>\n<meta name=\"twitter:site\" content=\"@VosgesInfo88\" \/>\n<meta name=\"twitter:label1\" content=\"\u00c9crit par\" \/>\n\t<meta name=\"twitter:data1\" content=\"C D\" \/>\n\t<meta name=\"twitter:label2\" content=\"Dur\u00e9e de lecture estim\u00e9e\" \/>\n\t<meta name=\"twitter:data2\" content=\"1 minute\" \/>\n<script type=\"application\/ld+json\" class=\"yoast-schema-graph\">{\"@context\":\"https:\/\/schema.org\",\"@graph\":[{\"@type\":\"Article\",\"@id\":\"https:\/\/vosgesinfo.fr\/remiremontinfo\/2022\/08\/top-depart-clemence-beretta-aux-championnats-deurope-dathletisme-a-munich\/#article\",\"isPartOf\":{\"@id\":\"https:\/\/vosgesinfo.fr\/remiremontinfo\/2022\/08\/top-depart-clemence-beretta-aux-championnats-deurope-dathletisme-a-munich\/\"},\"author\":{\"name\":\"C D\",\"@id\":\"https:\/\/vosgesinfo.fr\/remiremontinfo\/#\/schema\/person\/3bfd164d5218a185b1db68655a265316\"},\"headline\":\"Top d\u00e9part pour Cl\u00e9mence Beretta aux Championnats d\u2019Europe d\u2019Athl\u00e9tisme \u00e0 Munich\",\"datePublished\":\"2022-08-20T02:42:08+00:00\",\"dateModified\":\"2022-08-20T02:42:08+00:00\",\"mainEntityOfPage\":{\"@id\":\"https:\/\/vosgesinfo.fr\/remiremontinfo\/2022\/08\/top-depart-clemence-beretta-aux-championnats-deurope-dathletisme-a-munich\/\"},\"wordCount\":137,\"commentCount\":0,\"publisher\":{\"@id\":\"https:\/\/vosgesinfo.fr\/remiremontinfo\/#organization\"},\"image\":{\"@id\":\"https:\/\/vosgesinfo.fr\/remiremontinfo\/2022\/08\/top-depart-clemence-beretta-aux-championnats-deurope-dathletisme-a-munich\/#primaryimage\"},\"thumbnailUrl\":\"https:\/\/vosgesinfo.fr\/app\/uploads\/sites\/5\/2024\/09\/202208capture-decran-2022-08-20-103255.png\",\"keywords\":[\"Athl\u00e9tisme\",\"championnats d'europe\",\"Cl\u00e9mence beretta\",\"march\u00e9\",\"munich\",\"sport\",\"Vosges\"],\"articleSection\":[\"A la Une\",\"Sport\",\"Vosges\"],\"inLanguage\":\"fr-FR\",\"potentialAction\":[{\"@type\":\"CommentAction\",\"name\":\"Comment\",\"target\":[\"https:\/\/vosgesinfo.fr\/remiremontinfo\/2022\/08\/top-depart-clemence-beretta-aux-championnats-deurope-dathletisme-a-munich\/#respond\"]}]},{\"@type\":\"WebPage\",\"@id\":\"https:\/\/vosgesinfo.fr\/remiremontinfo\/2022\/08\/top-depart-clemence-beretta-aux-championnats-deurope-dathletisme-a-munich\/\",\"url\":\"https:\/\/vosgesinfo.fr\/remiremontinfo\/2022\/08\/top-depart-clemence-beretta-aux-championnats-deurope-dathletisme-a-munich\/\",\"name\":\"Top d\u00e9part pour Cl\u00e9mence Beretta aux Championnats d\u2019Europe d\u2019Athl\u00e9tisme \u00e0 Munich - Remiremont Info\",\"isPartOf\":{\"@id\":\"https:\/\/vosgesinfo.fr\/remiremontinfo\/#website\"},\"primaryImageOfPage\":{\"@id\":\"https:\/\/vosgesinfo.fr\/remiremontinfo\/2022\/08\/top-depart-clemence-beretta-aux-championnats-deurope-dathletisme-a-munich\/#primaryimage\"},\"image\":{\"@id\":\"https:\/\/vosgesinfo.fr\/remiremontinfo\/2022\/08\/top-depart-clemence-beretta-aux-championnats-deurope-dathletisme-a-munich\/#primaryimage\"},\"thumbnailUrl\":\"https:\/\/vosgesinfo.fr\/app\/uploads\/sites\/5\/2024\/09\/202208capture-decran-2022-08-20-103255.png\",\"datePublished\":\"2022-08-20T02:42:08+00:00\",\"dateModified\":\"2022-08-20T02:42:08+00:00\",\"breadcrumb\":{\"@id\":\"https:\/\/vosgesinfo.fr\/remiremontinfo\/2022\/08\/top-depart-clemence-beretta-aux-championnats-deurope-dathletisme-a-munich\/#breadcrumb\"},\"inLanguage\":\"fr-FR\",\"potentialAction\":[{\"@type\":\"ReadAction\",\"target\":[\"https:\/\/vosgesinfo.fr\/remiremontinfo\/2022\/08\/top-depart-clemence-beretta-aux-championnats-deurope-dathletisme-a-munich\/\"]}]},{\"@type\":\"ImageObject\",\"inLanguage\":\"fr-FR\",\"@id\":\"https:\/\/vosgesinfo.fr\/remiremontinfo\/2022\/08\/top-depart-clemence-beretta-aux-championnats-deurope-dathletisme-a-munich\/#primaryimage\",\"url\":\"https:\/\/vosgesinfo.fr\/app\/uploads\/sites\/5\/2024\/09\/202208capture-decran-2022-08-20-103255.png\",\"contentUrl\":\"https:\/\/vosgesinfo.fr\/app\/uploads\/sites\/5\/2024\/09\/202208capture-decran-2022-08-20-103255.png\",\"width\":660,\"height\":488},{\"@type\":\"BreadcrumbList\",\"@id\":\"https:\/\/vosgesinfo.fr\/remiremontinfo\/2022\/08\/top-depart-clemence-beretta-aux-championnats-deurope-dathletisme-a-munich\/#breadcrumb\",\"itemListElement\":[{\"@type\":\"ListItem\",\"position\":1,\"name\":\"Home\",\"item\":\"https:\/\/vosgesinfo.fr\/remiremontinfo\/\"},{\"@type\":\"ListItem\",\"position\":2,\"name\":\"Top d\u00e9part pour Cl\u00e9mence Beretta aux Championnats d\u2019Europe d\u2019Athl\u00e9tisme \u00e0 Munich\"}]},{\"@type\":\"WebSite\",\"@id\":\"https:\/\/vosgesinfo.fr\/remiremontinfo\/#website\",\"url\":\"https:\/\/vosgesinfo.fr\/remiremontinfo\/\",\"name\":\"Remiremont Info\",\"description\":\"Toute l&#039;actualit\u00e9 de Remiremont\",\"publisher\":{\"@id\":\"https:\/\/vosgesinfo.fr\/remiremontinfo\/#organization\"},\"alternateName\":\"Toute l'actualit\u00e9 de Remiremont\",\"potentialAction\":[{\"@type\":\"SearchAction\",\"target\":{\"@type\":\"EntryPoint\",\"urlTemplate\":\"https:\/\/vosgesinfo.fr\/remiremontinfo\/?s={search_term_string}\"},\"query-input\":\"required name=search_term_string\"}],\"inLanguage\":\"fr-FR\"},{\"@type\":\"Organization\",\"@id\":\"https:\/\/vosgesinfo.fr\/remiremontinfo\/#organization\",\"name\":\"Remiremont Info\",\"url\":\"https:\/\/vosgesinfo.fr\/remiremontinfo\/\",\"logo\":{\"@type\":\"ImageObject\",\"inLanguage\":\"fr-FR\",\"@id\":\"https:\/\/vosgesinfo.fr\/remiremontinfo\/#\/schema\/logo\/image\/\",\"url\":\"https:\/\/vosgesinfo.fr\/app\/uploads\/sites\/5\/2023\/08\/favicon-remiremontinfo.png\",\"contentUrl\":\"https:\/\/vosgesinfo.fr\/app\/uploads\/sites\/5\/2023\/08\/favicon-remiremontinfo.png\",\"width\":512,\"height\":512,\"caption\":\"Remiremont Info\"},\"image\":{\"@id\":\"https:\/\/vosgesinfo.fr\/remiremontinfo\/#\/schema\/logo\/image\/\"},\"sameAs\":[\"https:\/\/www.facebook.com\/remiremontinfo\",\"https:\/\/x.com\/VosgesInfo88\",\"https:\/\/www.youtube.com\/@vosgesinfo\"]},{\"@type\":\"Person\",\"@id\":\"https:\/\/vosgesinfo.fr\/remiremontinfo\/#\/schema\/person\/3bfd164d5218a185b1db68655a265316\",\"name\":\"C D\",\"image\":{\"@type\":\"ImageObject\",\"inLanguage\":\"fr-FR\",\"@id\":\"https:\/\/vosgesinfo.fr\/remiremontinfo\/#\/schema\/person\/image\/\",\"url\":\"https:\/\/secure.gravatar.com\/avatar\/1f9a70007336511a47468b8f1c66f922b8b7cf617b02a31149ada43893a5d48f?s=96&d=mm&r=g\",\"contentUrl\":\"https:\/\/secure.gravatar.com\/avatar\/1f9a70007336511a47468b8f1c66f922b8b7cf617b02a31149ada43893a5d48f?s=96&d=mm&r=g\",\"caption\":\"C D\"},\"url\":\"https:\/\/vosgesinfo.fr\/remiremontinfo\/author\/cedric-drevet\/\"}]}<\/script>\n<!-- \/ Yoast SEO plugin. -->","yoast_head_json":{"title":"Top d\u00e9part pour Cl\u00e9mence Beretta aux Championnats d\u2019Europe d\u2019Athl\u00e9tisme \u00e0 Munich - Remiremont Info","robots":{"index":"index","follow":"follow","max-snippet":"max-snippet:-1","max-image-preview":"max-image-preview:large","max-video-preview":"max-video-preview:-1"},"canonical":"https:\/\/vosgesinfo.fr\/remiremontinfo\/2022\/08\/top-depart-clemence-beretta-aux-championnats-deurope-dathletisme-a-munich\/","twitter_card":"summary_large_image","twitter_title":"Top d\u00e9part pour Cl\u00e9mence Beretta aux Championnats d\u2019Europe d\u2019Athl\u00e9tisme \u00e0 Munich - Remiremont Info","twitter_description":"Captures d\u2019\u00e9cran www.france.tv\/sport\/ Les 25\u00e8mes Championnats d\u2019Europe d\u2019athl\u00e9tisme se d\u00e9roulent du 15 au 21 ao\u00fbt \u00e0 Munich, en Allemagne. Les [&hellip;]","twitter_image":"https:\/\/vosgesinfo.fr\/app\/uploads\/sites\/5\/2024\/09\/202208capture-decran-2022-08-20-103255.png","twitter_creator":"@VosgesInfo88","twitter_site":"@VosgesInfo88","twitter_misc":{"\u00c9crit par":"C D","Dur\u00e9e de lecture estim\u00e9e":"1 minute"},"schema":{"@context":"https:\/\/schema.org","@graph":[{"@type":"Article","@id":"https:\/\/vosgesinfo.fr\/remiremontinfo\/2022\/08\/top-depart-clemence-beretta-aux-championnats-deurope-dathletisme-a-munich\/#article","isPartOf":{"@id":"https:\/\/vosgesinfo.fr\/remiremontinfo\/2022\/08\/top-depart-clemence-beretta-aux-championnats-deurope-dathletisme-a-munich\/"},"author":{"name":"C D","@id":"https:\/\/vosgesinfo.fr\/remiremontinfo\/#\/schema\/person\/3bfd164d5218a185b1db68655a265316"},"headline":"Top d\u00e9part pour Cl\u00e9mence Beretta aux Championnats d\u2019Europe d\u2019Athl\u00e9tisme \u00e0 Munich","datePublished":"2022-08-20T02:42:08+00:00","dateModified":"2022-08-20T02:42:08+00:00","mainEntityOfPage":{"@id":"https:\/\/vosgesinfo.fr\/remiremontinfo\/2022\/08\/top-depart-clemence-beretta-aux-championnats-deurope-dathletisme-a-munich\/"},"wordCount":137,"commentCount":0,"publisher":{"@id":"https:\/\/vosgesinfo.fr\/remiremontinfo\/#organization"},"image":{"@id":"https:\/\/vosgesinfo.fr\/remiremontinfo\/2022\/08\/top-depart-clemence-beretta-aux-championnats-deurope-dathletisme-a-munich\/#primaryimage"},"thumbnailUrl":"https:\/\/vosgesinfo.fr\/app\/uploads\/sites\/5\/2024\/09\/202208capture-decran-2022-08-20-103255.png","keywords":["Athl\u00e9tisme","championnats d'europe","Cl\u00e9mence beretta","march\u00e9","munich","sport","Vosges"],"articleSection":["A la Une","Sport","Vosges"],"inLanguage":"fr-FR","potentialAction":[{"@type":"CommentAction","name":"Comment","target":["https:\/\/vosgesinfo.fr\/remiremontinfo\/2022\/08\/top-depart-clemence-beretta-aux-championnats-deurope-dathletisme-a-munich\/#respond"]}]},{"@type":"WebPage","@id":"https:\/\/vosgesinfo.fr\/remiremontinfo\/2022\/08\/top-depart-clemence-beretta-aux-championnats-deurope-dathletisme-a-munich\/","url":"https:\/\/vosgesinfo.fr\/remiremontinfo\/2022\/08\/top-depart-clemence-beretta-aux-championnats-deurope-dathletisme-a-munich\/","name":"Top d\u00e9part pour Cl\u00e9mence Beretta aux Championnats d\u2019Europe d\u2019Athl\u00e9tisme \u00e0 Munich - Remiremont Info","isPartOf":{"@id":"https:\/\/vosgesinfo.fr\/remiremontinfo\/#website"},"primaryImageOfPage":{"@id":"https:\/\/vosgesinfo.fr\/remiremontinfo\/2022\/08\/top-depart-clemence-beretta-aux-championnats-deurope-dathletisme-a-munich\/#primaryimage"},"image":{"@id":"https:\/\/vosgesinfo.fr\/remiremontinfo\/2022\/08\/top-depart-clemence-beretta-aux-championnats-deurope-dathletisme-a-munich\/#primaryimage"},"thumbnailUrl":"https:\/\/vosgesinfo.fr\/app\/uploads\/sites\/5\/2024\/09\/202208capture-decran-2022-08-20-103255.png","datePublished":"2022-08-20T02:42:08+00:00","dateModified":"2022-08-20T02:42:08+00:00","breadcrumb":{"@id":"https:\/\/vosgesinfo.fr\/remiremontinfo\/2022\/08\/top-depart-clemence-beretta-aux-championnats-deurope-dathletisme-a-munich\/#breadcrumb"},"inLanguage":"fr-FR","potentialAction":[{"@type":"ReadAction","target":["https:\/\/vosgesinfo.fr\/remiremontinfo\/2022\/08\/top-depart-clemence-beretta-aux-championnats-deurope-dathletisme-a-munich\/"]}]},{"@type":"ImageObject","inLanguage":"fr-FR","@id":"https:\/\/vosgesinfo.fr\/remiremontinfo\/2022\/08\/top-depart-clemence-beretta-aux-championnats-deurope-dathletisme-a-munich\/#primaryimage","url":"https:\/\/vosgesinfo.fr\/app\/uploads\/sites\/5\/2024\/09\/202208capture-decran-2022-08-20-103255.png","contentUrl":"https:\/\/vosgesinfo.fr\/app\/uploads\/sites\/5\/2024\/09\/202208capture-decran-2022-08-20-103255.png","width":660,"height":488},{"@type":"BreadcrumbList","@id":"https:\/\/vosgesinfo.fr\/remiremontinfo\/2022\/08\/top-depart-clemence-beretta-aux-championnats-deurope-dathletisme-a-munich\/#breadcrumb","itemListElement":[{"@type":"ListItem","position":1,"name":"Home","item":"https:\/\/vosgesinfo.fr\/remiremontinfo\/"},{"@type":"ListItem","position":2,"name":"Top d\u00e9part pour Cl\u00e9mence Beretta aux Championnats d\u2019Europe d\u2019Athl\u00e9tisme \u00e0 Munich"}]},{"@type":"WebSite","@id":"https:\/\/vosgesinfo.fr\/remiremontinfo\/#website","url":"https:\/\/vosgesinfo.fr\/remiremontinfo\/","name":"Remiremont Info","description":"Toute l&#039;actualit\u00e9 de Remiremont","publisher":{"@id":"https:\/\/vosgesinfo.fr\/remiremontinfo\/#organization"},"alternateName":"Toute l'actualit\u00e9 de Remiremont","potentialAction":[{"@type":"SearchAction","target":{"@type":"EntryPoint","urlTemplate":"https:\/\/vosgesinfo.fr\/remiremontinfo\/?s={search_term_string}"},"query-input":"required name=search_term_string"}],"inLanguage":"fr-FR"},{"@type":"Organization","@id":"https:\/\/vosgesinfo.fr\/remiremontinfo\/#organization","name":"Remiremont Info","url":"https:\/\/vosgesinfo.fr\/remiremontinfo\/","logo":{"@type":"ImageObject","inLanguage":"fr-FR","@id":"https:\/\/vosgesinfo.fr\/remiremontinfo\/#\/schema\/logo\/image\/","url":"https:\/\/vosgesinfo.fr\/app\/uploads\/sites\/5\/2023\/08\/favicon-remiremontinfo.png","contentUrl":"https:\/\/vosgesinfo.fr\/app\/uploads\/sites\/5\/2023\/08\/favicon-remiremontinfo.png","width":512,"height":512,"caption":"Remiremont Info"},"image":{"@id":"https:\/\/vosgesinfo.fr\/remiremontinfo\/#\/schema\/logo\/image\/"},"sameAs":["https:\/\/www.facebook.com\/remiremontinfo","https:\/\/x.com\/VosgesInfo88","https:\/\/www.youtube.com\/@vosgesinfo"]},{"@type":"Person","@id":"https:\/\/vosgesinfo.fr\/remiremontinfo\/#\/schema\/person\/3bfd164d5218a185b1db68655a265316","name":"C D","image":{"@type":"ImageObject","inLanguage":"fr-FR","@id":"https:\/\/vosgesinfo.fr\/remiremontinfo\/#\/schema\/person\/image\/","url":"https:\/\/secure.gravatar.com\/avatar\/1f9a70007336511a47468b8f1c66f922b8b7cf617b02a31149ada43893a5d48f?s=96&d=mm&r=g","contentUrl":"https:\/\/secure.gravatar.com\/avatar\/1f9a70007336511a47468b8f1c66f922b8b7cf617b02a31149ada43893a5d48f?s=96&d=mm&r=g","caption":"C D"},"url":"https:\/\/vosgesinfo.fr\/remiremontinfo\/author\/cedric-drevet\/"}]}},"_links":{"self":[{"href":"https:\/\/vosgesinfo.fr\/remiremontinfo\/wp-json\/wp\/v2\/posts\/60570","targetHints":{"allow":["GET"]}}],"collection":[{"href":"https:\/\/vosgesinfo.fr\/remiremontinfo\/wp-json\/wp\/v2\/posts"}],"about":[{"href":"https:\/\/vosgesinfo.fr\/remiremontinfo\/wp-json\/wp\/v2\/types\/post"}],"author":[{"embeddable":true,"href":"https:\/\/vosgesinfo.fr\/remiremontinfo\/wp-json\/wp\/v2\/users\/407"}],"replies":[{"embeddable":true,"href":"https:\/\/vosgesinfo.fr\/remiremontinfo\/wp-json\/wp\/v2\/comments?post=60570"}],"version-history":[{"count":0,"href":"https:\/\/vosgesinfo.fr\/remiremontinfo\/wp-json\/wp\/v2\/posts\/60570\/revisions"}],"wp:featuredmedia":[{"embeddable":true,"href":"https:\/\/vosgesinfo.fr\/remiremontinfo\/wp-json\/wp\/v2\/media\/60571"}],"wp:attachment":[{"href":"https:\/\/vosgesinfo.fr\/remiremontinfo\/wp-json\/wp\/v2\/media?parent=60570"}],"wp:term":[{"taxonomy":"category","embeddable":true,"href":"https:\/\/vosgesinfo.fr\/remiremontinfo\/wp-json\/wp\/v2\/categories?post=60570"},{"taxonomy":"post_tag","embeddable":true,"href":"https:\/\/vosgesinfo.fr\/remiremontinfo\/wp-json\/wp\/v2\/tags?post=60570"}],"curies":[{"name":"wp","href":"https:\/\/api.w.org\/{rel}","templated":true}]}}