{"id":60755,"date":"2022-08-24T08:35:11","date_gmt":"2022-08-24T06:35:11","guid":{"rendered":"https:\/\/vosgesinfo.fr\/remiremontinfo\/2022\/08\/on-veut-college-habitants-parents-deleves-val-dajol-se-mobilisent-face-a-decision-de-fermeture\/"},"modified":"2022-08-24T08:35:11","modified_gmt":"2022-08-24T06:35:11","slug":"on-veut-college-habitants-parents-deleves-val-dajol-se-mobilisent-face-a-decision-de-fermeture","status":"publish","type":"post","link":"https:\/\/vosgesinfo.fr\/remiremontinfo\/2022\/08\/on-veut-college-habitants-parents-deleves-val-dajol-se-mobilisent-face-a-decision-de-fermeture\/","title":{"rendered":"\u00ab\u00a0On veut un coll\u00e8ge\u00a0! \u00bb\u00a0: habitants et parents d\u2019\u00e9l\u00e8ves du Val d\u2019Ajol se mobilisent face \u00e0 la d\u00e9cision de fermeture"},"content":{"rendered":"<h2><a href=\"\/2022\/08\/DSC_30061.jpg\"><img decoding=\"async\" class=\"alignnone size-large wp-image-351788\" src=\"\/2022\/08\/DSC_30061-1024x681.jpg\" alt=\"DSC_3006\" width=\"960\" height=\"638\" \/><\/a><\/h2>\n<h2><span style=\"font-size: 12pt;\"><strong>Le Conseil D\u00e9partemental a annonc\u00e9 ce lundi la fermeture d\u00e9finitive du coll\u00e8ge Fleurot d\u2019Herival du Val d\u2019Ajol d\u00e8s la rentr\u00e9e scolaire 2022. C\u2019est \u00e0 dire d\u00e8s la semaine prochaine. Les 122 \u00e9l\u00e8ves concern\u00e9s doivent \u00eatre scolaris\u00e9s au coll\u00e8ge de Plombi\u00e8res-les-Bains, l\u2019autre site de l\u2019\u00e9tablissement. Une r\u00e9union publique d\u2019informations a eu lieu ce mardi soir.<\/strong><\/span><\/h2>\n<p>L\u2019ambiance \u00e9tait pour le tendue. Plusieurs centaines d\u2019habitants et parents d\u2019\u00e9l\u00e8ves se sont rassembl\u00e9s dans le gymnase. Beaucoup venaient exprimer leur vive d\u00e9sapprobation. <em>\u00ab\u00a0Nos enfants n\u2019iront pas dans ce bus vers Plombi\u00e8res vendredi de la semaine prochaine\u00a0\u00bb<\/em>, affirme une habitante et m\u00e8re de famille, qui demande une solution d\u2019urgence. <em>\u00ab\u00a0On veut qu\u2019ils fassent leur scolarit\u00e9 ici au Val d\u2019Ajol\u00a0\u00bb<\/em>. La date de l\u2019annonce de la d\u00e9cision de fermeture pose question\u00a0: <em>\u00ab\u00a0A 6 jours de la rentr\u00e9e, on a l\u2019expertise\u00a0! \u00bb<\/em>, se d\u00e9sole l\u2019un des participants.<em> \u00ab\u00a0Pourquoi on attend la derni\u00e8re minute\u00a0? \u00bb.<\/em> Plusieurs \u00e9lus d\u00e9partementaux \u00e9taient pr\u00e9sents. Ainsi que les maires du Val d\u2019Ajol et de Plombi\u00e8res, dans l\u2019assistance.<\/p>\n<p>Il y avait dans le b\u00e2timent de vifs sifflets, des bruits de cr\u00e9celle, des cris de protestation. Difficile de prendre la parole pour le pr\u00e9sident du Conseil d\u00e9partemental, Fran\u00e7ois Vannson. Certains parents d\u2019\u00e9l\u00e8ves pointent la situation d\u00e9licate dans laquelle la d\u00e9cision les a mis. <em>\u00ab\u00a0Il y a une chose qui nous diff\u00e9rencie (\u2026) je suis parent d\u2019\u00e9l\u00e8ve, vous ne l\u2019\u00eates pas\u00a0\u00bb<\/em>, d\u00e9clare un p\u00e8re de famille. <em>\u00ab\u00a0J\u2019ai le droit d\u2019avoir le choix de la scolarisation de mes enfants (\u2026) Aujourd\u2019hui, on n\u2019a plus le choix\u00a0\u00bb.\u00a0<\/em>Aujourd&rsquo;hui, l&rsquo;heure est \u00e0 la recherche d&rsquo;une solution. Les habitants de Val d&rsquo;Ajol se mobilisent pour que la rentr\u00e9e puisse avoir lieu de la meilleure des mani\u00e8res. Comme une envie de prendre les choses en main.<\/p>\n<p>&nbsp;<\/p>\n","protected":false},"excerpt":{"rendered":"<p>Le Conseil D\u00e9partemental a annonc\u00e9 ce lundi la fermeture d\u00e9finitive du coll\u00e8ge Fleurot d\u2019Herival du Val d\u2019Ajol d\u00e8s la rentr\u00e9e [&hellip;]<\/p>\n","protected":false},"author":407,"featured_media":60756,"comment_status":"open","ping_status":"open","sticky":false,"template":"","format":"standard","meta":{"footnotes":""},"categories":[26,165,121,82],"tags":[468,81,4511,123,32],"class_list":["post-60755","post","type-post","status-publish","format-standard","has-post-thumbnail","hentry","category-a-la-une","category-enseignement","category-le-val-dajol-le-val-dajol-son-canton","category-le-val-dajol-son-canton","tag-college","tag-enseignement","tag-femeture","tag-val-dajol","tag-vosges"],"acf":[],"yoast_head":"<!-- This site is optimized with the Yoast SEO plugin v22.5 - https:\/\/yoast.com\/wordpress\/plugins\/seo\/ -->\n<title>\u00ab\u00a0On veut un coll\u00e8ge\u00a0! \u00bb\u00a0: habitants et parents d\u2019\u00e9l\u00e8ves du Val d\u2019Ajol se mobilisent face \u00e0 la d\u00e9cision de fermeture - Remiremont Info<\/title>\n<meta name=\"robots\" content=\"index, follow, max-snippet:-1, max-image-preview:large, max-video-preview:-1\" \/>\n<link rel=\"canonical\" href=\"https:\/\/vosgesinfo.fr\/remiremontinfo\/2022\/08\/on-veut-college-habitants-parents-deleves-val-dajol-se-mobilisent-face-a-decision-de-fermeture\/\" \/>\n<meta name=\"twitter:card\" content=\"summary_large_image\" \/>\n<meta name=\"twitter:title\" content=\"\u00ab\u00a0On veut un coll\u00e8ge\u00a0! \u00bb\u00a0: habitants et parents d\u2019\u00e9l\u00e8ves du Val d\u2019Ajol se mobilisent face \u00e0 la d\u00e9cision de fermeture - Remiremont Info\" \/>\n<meta name=\"twitter:description\" content=\"Le Conseil D\u00e9partemental a annonc\u00e9 ce lundi la fermeture d\u00e9finitive du coll\u00e8ge Fleurot d\u2019Herival du Val d\u2019Ajol d\u00e8s la rentr\u00e9e [&hellip;]\" \/>\n<meta name=\"twitter:image\" content=\"https:\/\/vosgesinfo.fr\/app\/uploads\/sites\/5\/2024\/09\/202208dsc-30061.jpg\" \/>\n<meta name=\"twitter:creator\" content=\"@VosgesInfo88\" \/>\n<meta name=\"twitter:site\" content=\"@VosgesInfo88\" \/>\n<meta name=\"twitter:label1\" content=\"\u00c9crit par\" \/>\n\t<meta name=\"twitter:data1\" content=\"C D\" \/>\n\t<meta name=\"twitter:label2\" content=\"Dur\u00e9e de lecture estim\u00e9e\" \/>\n\t<meta name=\"twitter:data2\" content=\"2 minutes\" \/>\n<script type=\"application\/ld+json\" class=\"yoast-schema-graph\">{\"@context\":\"https:\/\/schema.org\",\"@graph\":[{\"@type\":\"Article\",\"@id\":\"https:\/\/vosgesinfo.fr\/remiremontinfo\/2022\/08\/on-veut-college-habitants-parents-deleves-val-dajol-se-mobilisent-face-a-decision-de-fermeture\/#article\",\"isPartOf\":{\"@id\":\"https:\/\/vosgesinfo.fr\/remiremontinfo\/2022\/08\/on-veut-college-habitants-parents-deleves-val-dajol-se-mobilisent-face-a-decision-de-fermeture\/\"},\"author\":{\"name\":\"C D\",\"@id\":\"https:\/\/vosgesinfo.fr\/remiremontinfo\/#\/schema\/person\/3bfd164d5218a185b1db68655a265316\"},\"headline\":\"\u00ab\u00a0On veut un coll\u00e8ge\u00a0! \u00bb\u00a0: habitants et parents d\u2019\u00e9l\u00e8ves du Val d\u2019Ajol se mobilisent face \u00e0 la d\u00e9cision de fermeture\",\"datePublished\":\"2022-08-24T06:35:11+00:00\",\"dateModified\":\"2022-08-24T06:35:11+00:00\",\"mainEntityOfPage\":{\"@id\":\"https:\/\/vosgesinfo.fr\/remiremontinfo\/2022\/08\/on-veut-college-habitants-parents-deleves-val-dajol-se-mobilisent-face-a-decision-de-fermeture\/\"},\"wordCount\":366,\"commentCount\":0,\"publisher\":{\"@id\":\"https:\/\/vosgesinfo.fr\/remiremontinfo\/#organization\"},\"image\":{\"@id\":\"https:\/\/vosgesinfo.fr\/remiremontinfo\/2022\/08\/on-veut-college-habitants-parents-deleves-val-dajol-se-mobilisent-face-a-decision-de-fermeture\/#primaryimage\"},\"thumbnailUrl\":\"https:\/\/vosgesinfo.fr\/app\/uploads\/sites\/5\/2024\/09\/202208dsc-30061.jpg\",\"keywords\":[\"coll\u00e8ge\",\"Enseignement\",\"femeture\",\"val d'ajol\",\"Vosges\"],\"articleSection\":[\"A la Une\",\"Enseignement\",\"Le Val d'Ajol\",\"Le Val-d'Ajol &amp; son canton\"],\"inLanguage\":\"fr-FR\",\"potentialAction\":[{\"@type\":\"CommentAction\",\"name\":\"Comment\",\"target\":[\"https:\/\/vosgesinfo.fr\/remiremontinfo\/2022\/08\/on-veut-college-habitants-parents-deleves-val-dajol-se-mobilisent-face-a-decision-de-fermeture\/#respond\"]}]},{\"@type\":\"WebPage\",\"@id\":\"https:\/\/vosgesinfo.fr\/remiremontinfo\/2022\/08\/on-veut-college-habitants-parents-deleves-val-dajol-se-mobilisent-face-a-decision-de-fermeture\/\",\"url\":\"https:\/\/vosgesinfo.fr\/remiremontinfo\/2022\/08\/on-veut-college-habitants-parents-deleves-val-dajol-se-mobilisent-face-a-decision-de-fermeture\/\",\"name\":\"\u00ab\u00a0On veut un coll\u00e8ge\u00a0! \u00bb\u00a0: habitants et parents d\u2019\u00e9l\u00e8ves du Val d\u2019Ajol se mobilisent face \u00e0 la d\u00e9cision de fermeture - Remiremont Info\",\"isPartOf\":{\"@id\":\"https:\/\/vosgesinfo.fr\/remiremontinfo\/#website\"},\"primaryImageOfPage\":{\"@id\":\"https:\/\/vosgesinfo.fr\/remiremontinfo\/2022\/08\/on-veut-college-habitants-parents-deleves-val-dajol-se-mobilisent-face-a-decision-de-fermeture\/#primaryimage\"},\"image\":{\"@id\":\"https:\/\/vosgesinfo.fr\/remiremontinfo\/2022\/08\/on-veut-college-habitants-parents-deleves-val-dajol-se-mobilisent-face-a-decision-de-fermeture\/#primaryimage\"},\"thumbnailUrl\":\"https:\/\/vosgesinfo.fr\/app\/uploads\/sites\/5\/2024\/09\/202208dsc-30061.jpg\",\"datePublished\":\"2022-08-24T06:35:11+00:00\",\"dateModified\":\"2022-08-24T06:35:11+00:00\",\"breadcrumb\":{\"@id\":\"https:\/\/vosgesinfo.fr\/remiremontinfo\/2022\/08\/on-veut-college-habitants-parents-deleves-val-dajol-se-mobilisent-face-a-decision-de-fermeture\/#breadcrumb\"},\"inLanguage\":\"fr-FR\",\"potentialAction\":[{\"@type\":\"ReadAction\",\"target\":[\"https:\/\/vosgesinfo.fr\/remiremontinfo\/2022\/08\/on-veut-college-habitants-parents-deleves-val-dajol-se-mobilisent-face-a-decision-de-fermeture\/\"]}]},{\"@type\":\"ImageObject\",\"inLanguage\":\"fr-FR\",\"@id\":\"https:\/\/vosgesinfo.fr\/remiremontinfo\/2022\/08\/on-veut-college-habitants-parents-deleves-val-dajol-se-mobilisent-face-a-decision-de-fermeture\/#primaryimage\",\"url\":\"https:\/\/vosgesinfo.fr\/app\/uploads\/sites\/5\/2024\/09\/202208dsc-30061.jpg\",\"contentUrl\":\"https:\/\/vosgesinfo.fr\/app\/uploads\/sites\/5\/2024\/09\/202208dsc-30061.jpg\",\"width\":1600,\"height\":1064},{\"@type\":\"BreadcrumbList\",\"@id\":\"https:\/\/vosgesinfo.fr\/remiremontinfo\/2022\/08\/on-veut-college-habitants-parents-deleves-val-dajol-se-mobilisent-face-a-decision-de-fermeture\/#breadcrumb\",\"itemListElement\":[{\"@type\":\"ListItem\",\"position\":1,\"name\":\"Home\",\"item\":\"https:\/\/vosgesinfo.fr\/remiremontinfo\/\"},{\"@type\":\"ListItem\",\"position\":2,\"name\":\"\u00ab\u00a0On veut un coll\u00e8ge\u00a0! \u00bb\u00a0: habitants et parents d\u2019\u00e9l\u00e8ves du Val d\u2019Ajol se mobilisent face \u00e0 la d\u00e9cision de fermeture\"}]},{\"@type\":\"WebSite\",\"@id\":\"https:\/\/vosgesinfo.fr\/remiremontinfo\/#website\",\"url\":\"https:\/\/vosgesinfo.fr\/remiremontinfo\/\",\"name\":\"Remiremont Info\",\"description\":\"Toute l&#039;actualit\u00e9 de Remiremont\",\"publisher\":{\"@id\":\"https:\/\/vosgesinfo.fr\/remiremontinfo\/#organization\"},\"alternateName\":\"Toute l'actualit\u00e9 de Remiremont\",\"potentialAction\":[{\"@type\":\"SearchAction\",\"target\":{\"@type\":\"EntryPoint\",\"urlTemplate\":\"https:\/\/vosgesinfo.fr\/remiremontinfo\/?s={search_term_string}\"},\"query-input\":\"required name=search_term_string\"}],\"inLanguage\":\"fr-FR\"},{\"@type\":\"Organization\",\"@id\":\"https:\/\/vosgesinfo.fr\/remiremontinfo\/#organization\",\"name\":\"Remiremont Info\",\"url\":\"https:\/\/vosgesinfo.fr\/remiremontinfo\/\",\"logo\":{\"@type\":\"ImageObject\",\"inLanguage\":\"fr-FR\",\"@id\":\"https:\/\/vosgesinfo.fr\/remiremontinfo\/#\/schema\/logo\/image\/\",\"url\":\"https:\/\/vosgesinfo.fr\/app\/uploads\/sites\/5\/2023\/08\/favicon-remiremontinfo.png\",\"contentUrl\":\"https:\/\/vosgesinfo.fr\/app\/uploads\/sites\/5\/2023\/08\/favicon-remiremontinfo.png\",\"width\":512,\"height\":512,\"caption\":\"Remiremont Info\"},\"image\":{\"@id\":\"https:\/\/vosgesinfo.fr\/remiremontinfo\/#\/schema\/logo\/image\/\"},\"sameAs\":[\"https:\/\/www.facebook.com\/remiremontinfo\",\"https:\/\/x.com\/VosgesInfo88\",\"https:\/\/www.youtube.com\/@vosgesinfo\"]},{\"@type\":\"Person\",\"@id\":\"https:\/\/vosgesinfo.fr\/remiremontinfo\/#\/schema\/person\/3bfd164d5218a185b1db68655a265316\",\"name\":\"C D\",\"image\":{\"@type\":\"ImageObject\",\"inLanguage\":\"fr-FR\",\"@id\":\"https:\/\/vosgesinfo.fr\/remiremontinfo\/#\/schema\/person\/image\/\",\"url\":\"https:\/\/secure.gravatar.com\/avatar\/1f9a70007336511a47468b8f1c66f922b8b7cf617b02a31149ada43893a5d48f?s=96&d=mm&r=g\",\"contentUrl\":\"https:\/\/secure.gravatar.com\/avatar\/1f9a70007336511a47468b8f1c66f922b8b7cf617b02a31149ada43893a5d48f?s=96&d=mm&r=g\",\"caption\":\"C D\"},\"url\":\"https:\/\/vosgesinfo.fr\/remiremontinfo\/author\/cedric-drevet\/\"}]}<\/script>\n<!-- \/ Yoast SEO plugin. -->","yoast_head_json":{"title":"\u00ab\u00a0On veut un coll\u00e8ge\u00a0! \u00bb\u00a0: habitants et parents d\u2019\u00e9l\u00e8ves du Val d\u2019Ajol se mobilisent face \u00e0 la d\u00e9cision de fermeture - Remiremont Info","robots":{"index":"index","follow":"follow","max-snippet":"max-snippet:-1","max-image-preview":"max-image-preview:large","max-video-preview":"max-video-preview:-1"},"canonical":"https:\/\/vosgesinfo.fr\/remiremontinfo\/2022\/08\/on-veut-college-habitants-parents-deleves-val-dajol-se-mobilisent-face-a-decision-de-fermeture\/","twitter_card":"summary_large_image","twitter_title":"\u00ab\u00a0On veut un coll\u00e8ge\u00a0! \u00bb\u00a0: habitants et parents d\u2019\u00e9l\u00e8ves du Val d\u2019Ajol se mobilisent face \u00e0 la d\u00e9cision de fermeture - Remiremont Info","twitter_description":"Le Conseil D\u00e9partemental a annonc\u00e9 ce lundi la fermeture d\u00e9finitive du coll\u00e8ge Fleurot d\u2019Herival du Val d\u2019Ajol d\u00e8s la rentr\u00e9e [&hellip;]","twitter_image":"https:\/\/vosgesinfo.fr\/app\/uploads\/sites\/5\/2024\/09\/202208dsc-30061.jpg","twitter_creator":"@VosgesInfo88","twitter_site":"@VosgesInfo88","twitter_misc":{"\u00c9crit par":"C D","Dur\u00e9e de lecture estim\u00e9e":"2 minutes"},"schema":{"@context":"https:\/\/schema.org","@graph":[{"@type":"Article","@id":"https:\/\/vosgesinfo.fr\/remiremontinfo\/2022\/08\/on-veut-college-habitants-parents-deleves-val-dajol-se-mobilisent-face-a-decision-de-fermeture\/#article","isPartOf":{"@id":"https:\/\/vosgesinfo.fr\/remiremontinfo\/2022\/08\/on-veut-college-habitants-parents-deleves-val-dajol-se-mobilisent-face-a-decision-de-fermeture\/"},"author":{"name":"C D","@id":"https:\/\/vosgesinfo.fr\/remiremontinfo\/#\/schema\/person\/3bfd164d5218a185b1db68655a265316"},"headline":"\u00ab\u00a0On veut un coll\u00e8ge\u00a0! \u00bb\u00a0: habitants et parents d\u2019\u00e9l\u00e8ves du Val d\u2019Ajol se mobilisent face \u00e0 la d\u00e9cision de fermeture","datePublished":"2022-08-24T06:35:11+00:00","dateModified":"2022-08-24T06:35:11+00:00","mainEntityOfPage":{"@id":"https:\/\/vosgesinfo.fr\/remiremontinfo\/2022\/08\/on-veut-college-habitants-parents-deleves-val-dajol-se-mobilisent-face-a-decision-de-fermeture\/"},"wordCount":366,"commentCount":0,"publisher":{"@id":"https:\/\/vosgesinfo.fr\/remiremontinfo\/#organization"},"image":{"@id":"https:\/\/vosgesinfo.fr\/remiremontinfo\/2022\/08\/on-veut-college-habitants-parents-deleves-val-dajol-se-mobilisent-face-a-decision-de-fermeture\/#primaryimage"},"thumbnailUrl":"https:\/\/vosgesinfo.fr\/app\/uploads\/sites\/5\/2024\/09\/202208dsc-30061.jpg","keywords":["coll\u00e8ge","Enseignement","femeture","val d'ajol","Vosges"],"articleSection":["A la Une","Enseignement","Le Val d'Ajol","Le Val-d'Ajol &amp; son canton"],"inLanguage":"fr-FR","potentialAction":[{"@type":"CommentAction","name":"Comment","target":["https:\/\/vosgesinfo.fr\/remiremontinfo\/2022\/08\/on-veut-college-habitants-parents-deleves-val-dajol-se-mobilisent-face-a-decision-de-fermeture\/#respond"]}]},{"@type":"WebPage","@id":"https:\/\/vosgesinfo.fr\/remiremontinfo\/2022\/08\/on-veut-college-habitants-parents-deleves-val-dajol-se-mobilisent-face-a-decision-de-fermeture\/","url":"https:\/\/vosgesinfo.fr\/remiremontinfo\/2022\/08\/on-veut-college-habitants-parents-deleves-val-dajol-se-mobilisent-face-a-decision-de-fermeture\/","name":"\u00ab\u00a0On veut un coll\u00e8ge\u00a0! \u00bb\u00a0: habitants et parents d\u2019\u00e9l\u00e8ves du Val d\u2019Ajol se mobilisent face \u00e0 la d\u00e9cision de fermeture - Remiremont Info","isPartOf":{"@id":"https:\/\/vosgesinfo.fr\/remiremontinfo\/#website"},"primaryImageOfPage":{"@id":"https:\/\/vosgesinfo.fr\/remiremontinfo\/2022\/08\/on-veut-college-habitants-parents-deleves-val-dajol-se-mobilisent-face-a-decision-de-fermeture\/#primaryimage"},"image":{"@id":"https:\/\/vosgesinfo.fr\/remiremontinfo\/2022\/08\/on-veut-college-habitants-parents-deleves-val-dajol-se-mobilisent-face-a-decision-de-fermeture\/#primaryimage"},"thumbnailUrl":"https:\/\/vosgesinfo.fr\/app\/uploads\/sites\/5\/2024\/09\/202208dsc-30061.jpg","datePublished":"2022-08-24T06:35:11+00:00","dateModified":"2022-08-24T06:35:11+00:00","breadcrumb":{"@id":"https:\/\/vosgesinfo.fr\/remiremontinfo\/2022\/08\/on-veut-college-habitants-parents-deleves-val-dajol-se-mobilisent-face-a-decision-de-fermeture\/#breadcrumb"},"inLanguage":"fr-FR","potentialAction":[{"@type":"ReadAction","target":["https:\/\/vosgesinfo.fr\/remiremontinfo\/2022\/08\/on-veut-college-habitants-parents-deleves-val-dajol-se-mobilisent-face-a-decision-de-fermeture\/"]}]},{"@type":"ImageObject","inLanguage":"fr-FR","@id":"https:\/\/vosgesinfo.fr\/remiremontinfo\/2022\/08\/on-veut-college-habitants-parents-deleves-val-dajol-se-mobilisent-face-a-decision-de-fermeture\/#primaryimage","url":"https:\/\/vosgesinfo.fr\/app\/uploads\/sites\/5\/2024\/09\/202208dsc-30061.jpg","contentUrl":"https:\/\/vosgesinfo.fr\/app\/uploads\/sites\/5\/2024\/09\/202208dsc-30061.jpg","width":1600,"height":1064},{"@type":"BreadcrumbList","@id":"https:\/\/vosgesinfo.fr\/remiremontinfo\/2022\/08\/on-veut-college-habitants-parents-deleves-val-dajol-se-mobilisent-face-a-decision-de-fermeture\/#breadcrumb","itemListElement":[{"@type":"ListItem","position":1,"name":"Home","item":"https:\/\/vosgesinfo.fr\/remiremontinfo\/"},{"@type":"ListItem","position":2,"name":"\u00ab\u00a0On veut un coll\u00e8ge\u00a0! \u00bb\u00a0: habitants et parents d\u2019\u00e9l\u00e8ves du Val d\u2019Ajol se mobilisent face \u00e0 la d\u00e9cision de fermeture"}]},{"@type":"WebSite","@id":"https:\/\/vosgesinfo.fr\/remiremontinfo\/#website","url":"https:\/\/vosgesinfo.fr\/remiremontinfo\/","name":"Remiremont Info","description":"Toute l&#039;actualit\u00e9 de Remiremont","publisher":{"@id":"https:\/\/vosgesinfo.fr\/remiremontinfo\/#organization"},"alternateName":"Toute l'actualit\u00e9 de Remiremont","potentialAction":[{"@type":"SearchAction","target":{"@type":"EntryPoint","urlTemplate":"https:\/\/vosgesinfo.fr\/remiremontinfo\/?s={search_term_string}"},"query-input":"required name=search_term_string"}],"inLanguage":"fr-FR"},{"@type":"Organization","@id":"https:\/\/vosgesinfo.fr\/remiremontinfo\/#organization","name":"Remiremont Info","url":"https:\/\/vosgesinfo.fr\/remiremontinfo\/","logo":{"@type":"ImageObject","inLanguage":"fr-FR","@id":"https:\/\/vosgesinfo.fr\/remiremontinfo\/#\/schema\/logo\/image\/","url":"https:\/\/vosgesinfo.fr\/app\/uploads\/sites\/5\/2023\/08\/favicon-remiremontinfo.png","contentUrl":"https:\/\/vosgesinfo.fr\/app\/uploads\/sites\/5\/2023\/08\/favicon-remiremontinfo.png","width":512,"height":512,"caption":"Remiremont Info"},"image":{"@id":"https:\/\/vosgesinfo.fr\/remiremontinfo\/#\/schema\/logo\/image\/"},"sameAs":["https:\/\/www.facebook.com\/remiremontinfo","https:\/\/x.com\/VosgesInfo88","https:\/\/www.youtube.com\/@vosgesinfo"]},{"@type":"Person","@id":"https:\/\/vosgesinfo.fr\/remiremontinfo\/#\/schema\/person\/3bfd164d5218a185b1db68655a265316","name":"C D","image":{"@type":"ImageObject","inLanguage":"fr-FR","@id":"https:\/\/vosgesinfo.fr\/remiremontinfo\/#\/schema\/person\/image\/","url":"https:\/\/secure.gravatar.com\/avatar\/1f9a70007336511a47468b8f1c66f922b8b7cf617b02a31149ada43893a5d48f?s=96&d=mm&r=g","contentUrl":"https:\/\/secure.gravatar.com\/avatar\/1f9a70007336511a47468b8f1c66f922b8b7cf617b02a31149ada43893a5d48f?s=96&d=mm&r=g","caption":"C D"},"url":"https:\/\/vosgesinfo.fr\/remiremontinfo\/author\/cedric-drevet\/"}]}},"_links":{"self":[{"href":"https:\/\/vosgesinfo.fr\/remiremontinfo\/wp-json\/wp\/v2\/posts\/60755","targetHints":{"allow":["GET"]}}],"collection":[{"href":"https:\/\/vosgesinfo.fr\/remiremontinfo\/wp-json\/wp\/v2\/posts"}],"about":[{"href":"https:\/\/vosgesinfo.fr\/remiremontinfo\/wp-json\/wp\/v2\/types\/post"}],"author":[{"embeddable":true,"href":"https:\/\/vosgesinfo.fr\/remiremontinfo\/wp-json\/wp\/v2\/users\/407"}],"replies":[{"embeddable":true,"href":"https:\/\/vosgesinfo.fr\/remiremontinfo\/wp-json\/wp\/v2\/comments?post=60755"}],"version-history":[{"count":0,"href":"https:\/\/vosgesinfo.fr\/remiremontinfo\/wp-json\/wp\/v2\/posts\/60755\/revisions"}],"wp:featuredmedia":[{"embeddable":true,"href":"https:\/\/vosgesinfo.fr\/remiremontinfo\/wp-json\/wp\/v2\/media\/60756"}],"wp:attachment":[{"href":"https:\/\/vosgesinfo.fr\/remiremontinfo\/wp-json\/wp\/v2\/media?parent=60755"}],"wp:term":[{"taxonomy":"category","embeddable":true,"href":"https:\/\/vosgesinfo.fr\/remiremontinfo\/wp-json\/wp\/v2\/categories?post=60755"},{"taxonomy":"post_tag","embeddable":true,"href":"https:\/\/vosgesinfo.fr\/remiremontinfo\/wp-json\/wp\/v2\/tags?post=60755"}],"curies":[{"name":"wp","href":"https:\/\/api.w.org\/{rel}","templated":true}]}}