{"id":60759,"date":"2022-08-24T08:11:50","date_gmt":"2022-08-24T06:11:50","guid":{"rendered":"https:\/\/vosgesinfo.fr\/remiremontinfo\/2022\/08\/fermeture-college-val-dajol-solution-alternative-place-preparation\/"},"modified":"2022-08-24T08:11:50","modified_gmt":"2022-08-24T06:11:50","slug":"fermeture-college-val-dajol-solution-alternative-place-preparation","status":"publish","type":"post","link":"https:\/\/vosgesinfo.fr\/remiremontinfo\/2022\/08\/fermeture-college-val-dajol-solution-alternative-place-preparation\/","title":{"rendered":"Fermeture du coll\u00e8ge du Val d\u2019Ajol\u00a0: une solution alternative sur place est en pr\u00e9paration"},"content":{"rendered":"<p><a href=\"\/2022\/08\/P1050183.jpg\"><img decoding=\"async\" class=\"alignnone size-large wp-image-351633\" src=\"\/2022\/08\/P1050183-1024x727.jpg\" alt=\"coll\u00e8ge Val d'Ajol\" width=\"960\" height=\"682\" \/><\/a><\/p>\n<h2><span style=\"font-size: 12pt;\"><strong>L\u2019annonce est tomb\u00e9e ce lundi. Le Conseil D\u00e9partemental des Vosges a d\u00e9cid\u00e9 de fermer d\u00e9finitivement le coll\u00e8ge du Val d\u2019Ajol. A quelques jours de la rentr\u00e9e scolaire, l\u2019incompr\u00e9hension et une vive d\u00e9sapprobation dominent parmi de nombreux habitants, parents, commer\u00e7ants. Ces sentiments se sont exprim\u00e9s tr\u00e8s clairement ce mardi soir lors d\u2019une r\u00e9union publique d\u2019information. L\u2019heure est maintenant \u00e0 l\u2019organisation.<\/strong><\/span><\/h2>\n<p><em>\u00ab\u00a0Une autre solution existe. Gardons nos coll\u00e9giens\u00a0\u00bb,<\/em> pouvait on lire sur une banderole. Et c\u2019est bien cette solution que les habitants du Val d\u2019Ajol cherchent aujourd\u2019hui. Un nouveau rassemblement aura lieu devant la mairie du village ce mercredi \u00e0 19 heures. L&rsquo;\u00e9bauche d&rsquo;un projet alternatif pour une rentr\u00e9e au Val d&rsquo;Ajol sera pr\u00e9sent\u00e9. La municipalit\u00e9 affirme avoir <em>\u00ab\u00a0entendu l&rsquo;inqui\u00e9tude et la demande des parents d&rsquo;\u00e9l\u00e8ves, des commer\u00e7ants et des associations\u00a0\u00bb.<\/em>\u00a0Par ailleurs, une r\u00e9union de travail doit avoir lieu aujourd&rsquo;hui pour envisager une rentr\u00e9e des coll\u00e9giens aux Val d&rsquo;Ajol dans des locaux aux normes. Cette proposition sera soumise au D\u00e9partement ainsi qu&rsquo;\u00e0 l&rsquo;Education Nationale. Une lecture de cette proposition sera donc faite place de la mairie \u00e0 19h ce mercredi pour les habitants du Val d&rsquo;Ajol. De nombreux habitants affichent leur d\u00e9termination face \u00e0 une d\u00e9cision qu\u2019ils refusent. <em>\u00ab\u00a0Il ne faut pas l\u00e2cher l&rsquo;affaire !\u00a0\u00bb<\/em><\/p>\n","protected":false},"excerpt":{"rendered":"<p>L\u2019annonce est tomb\u00e9e ce lundi. Le Conseil D\u00e9partemental des Vosges a d\u00e9cid\u00e9 de fermer d\u00e9finitivement le coll\u00e8ge du Val d\u2019Ajol. [&hellip;]<\/p>\n","protected":false},"author":407,"featured_media":60760,"comment_status":"open","ping_status":"open","sticky":false,"template":"","format":"standard","meta":{"footnotes":""},"categories":[26,165,121,82],"tags":[468,123,32],"class_list":["post-60759","post","type-post","status-publish","format-standard","has-post-thumbnail","hentry","category-a-la-une","category-enseignement","category-le-val-dajol-le-val-dajol-son-canton","category-le-val-dajol-son-canton","tag-college","tag-val-dajol","tag-vosges"],"acf":[],"yoast_head":"<!-- This site is optimized with the Yoast SEO plugin v22.5 - https:\/\/yoast.com\/wordpress\/plugins\/seo\/ -->\n<title>Fermeture du coll\u00e8ge du Val d\u2019Ajol\u00a0: une solution alternative sur place est en pr\u00e9paration - Remiremont Info<\/title>\n<meta name=\"robots\" content=\"index, follow, max-snippet:-1, max-image-preview:large, max-video-preview:-1\" \/>\n<link rel=\"canonical\" href=\"https:\/\/vosgesinfo.fr\/remiremontinfo\/2022\/08\/fermeture-college-val-dajol-solution-alternative-place-preparation\/\" \/>\n<meta name=\"twitter:card\" content=\"summary_large_image\" \/>\n<meta name=\"twitter:title\" content=\"Fermeture du coll\u00e8ge du Val d\u2019Ajol\u00a0: une solution alternative sur place est en pr\u00e9paration - Remiremont Info\" \/>\n<meta name=\"twitter:description\" content=\"L\u2019annonce est tomb\u00e9e ce lundi. Le Conseil D\u00e9partemental des Vosges a d\u00e9cid\u00e9 de fermer d\u00e9finitivement le coll\u00e8ge du Val d\u2019Ajol. [&hellip;]\" \/>\n<meta name=\"twitter:image\" content=\"https:\/\/vosgesinfo.fr\/app\/uploads\/sites\/5\/2024\/09\/202208p1050183-2-scaled.jpg\" \/>\n<meta name=\"twitter:creator\" content=\"@VosgesInfo88\" \/>\n<meta name=\"twitter:site\" content=\"@VosgesInfo88\" \/>\n<meta name=\"twitter:label1\" content=\"\u00c9crit par\" \/>\n\t<meta name=\"twitter:data1\" content=\"C D\" \/>\n\t<meta name=\"twitter:label2\" content=\"Dur\u00e9e de lecture estim\u00e9e\" \/>\n\t<meta name=\"twitter:data2\" content=\"1 minute\" \/>\n<script type=\"application\/ld+json\" class=\"yoast-schema-graph\">{\"@context\":\"https:\/\/schema.org\",\"@graph\":[{\"@type\":\"Article\",\"@id\":\"https:\/\/vosgesinfo.fr\/remiremontinfo\/2022\/08\/fermeture-college-val-dajol-solution-alternative-place-preparation\/#article\",\"isPartOf\":{\"@id\":\"https:\/\/vosgesinfo.fr\/remiremontinfo\/2022\/08\/fermeture-college-val-dajol-solution-alternative-place-preparation\/\"},\"author\":{\"name\":\"C D\",\"@id\":\"https:\/\/vosgesinfo.fr\/remiremontinfo\/#\/schema\/person\/3bfd164d5218a185b1db68655a265316\"},\"headline\":\"Fermeture du coll\u00e8ge du Val d\u2019Ajol\u00a0: une solution alternative sur place est en pr\u00e9paration\",\"datePublished\":\"2022-08-24T06:11:50+00:00\",\"dateModified\":\"2022-08-24T06:11:50+00:00\",\"mainEntityOfPage\":{\"@id\":\"https:\/\/vosgesinfo.fr\/remiremontinfo\/2022\/08\/fermeture-college-val-dajol-solution-alternative-place-preparation\/\"},\"wordCount\":261,\"commentCount\":0,\"publisher\":{\"@id\":\"https:\/\/vosgesinfo.fr\/remiremontinfo\/#organization\"},\"image\":{\"@id\":\"https:\/\/vosgesinfo.fr\/remiremontinfo\/2022\/08\/fermeture-college-val-dajol-solution-alternative-place-preparation\/#primaryimage\"},\"thumbnailUrl\":\"https:\/\/vosgesinfo.fr\/app\/uploads\/sites\/5\/2024\/09\/202208p1050183-2-scaled.jpg\",\"keywords\":[\"coll\u00e8ge\",\"val d'ajol\",\"Vosges\"],\"articleSection\":[\"A la Une\",\"Enseignement\",\"Le Val d'Ajol\",\"Le Val-d'Ajol &amp; son canton\"],\"inLanguage\":\"fr-FR\",\"potentialAction\":[{\"@type\":\"CommentAction\",\"name\":\"Comment\",\"target\":[\"https:\/\/vosgesinfo.fr\/remiremontinfo\/2022\/08\/fermeture-college-val-dajol-solution-alternative-place-preparation\/#respond\"]}]},{\"@type\":\"WebPage\",\"@id\":\"https:\/\/vosgesinfo.fr\/remiremontinfo\/2022\/08\/fermeture-college-val-dajol-solution-alternative-place-preparation\/\",\"url\":\"https:\/\/vosgesinfo.fr\/remiremontinfo\/2022\/08\/fermeture-college-val-dajol-solution-alternative-place-preparation\/\",\"name\":\"Fermeture du coll\u00e8ge du Val d\u2019Ajol\u00a0: une solution alternative sur place est en pr\u00e9paration - Remiremont Info\",\"isPartOf\":{\"@id\":\"https:\/\/vosgesinfo.fr\/remiremontinfo\/#website\"},\"primaryImageOfPage\":{\"@id\":\"https:\/\/vosgesinfo.fr\/remiremontinfo\/2022\/08\/fermeture-college-val-dajol-solution-alternative-place-preparation\/#primaryimage\"},\"image\":{\"@id\":\"https:\/\/vosgesinfo.fr\/remiremontinfo\/2022\/08\/fermeture-college-val-dajol-solution-alternative-place-preparation\/#primaryimage\"},\"thumbnailUrl\":\"https:\/\/vosgesinfo.fr\/app\/uploads\/sites\/5\/2024\/09\/202208p1050183-2-scaled.jpg\",\"datePublished\":\"2022-08-24T06:11:50+00:00\",\"dateModified\":\"2022-08-24T06:11:50+00:00\",\"breadcrumb\":{\"@id\":\"https:\/\/vosgesinfo.fr\/remiremontinfo\/2022\/08\/fermeture-college-val-dajol-solution-alternative-place-preparation\/#breadcrumb\"},\"inLanguage\":\"fr-FR\",\"potentialAction\":[{\"@type\":\"ReadAction\",\"target\":[\"https:\/\/vosgesinfo.fr\/remiremontinfo\/2022\/08\/fermeture-college-val-dajol-solution-alternative-place-preparation\/\"]}]},{\"@type\":\"ImageObject\",\"inLanguage\":\"fr-FR\",\"@id\":\"https:\/\/vosgesinfo.fr\/remiremontinfo\/2022\/08\/fermeture-college-val-dajol-solution-alternative-place-preparation\/#primaryimage\",\"url\":\"https:\/\/vosgesinfo.fr\/app\/uploads\/sites\/5\/2024\/09\/202208p1050183-2-scaled.jpg\",\"contentUrl\":\"https:\/\/vosgesinfo.fr\/app\/uploads\/sites\/5\/2024\/09\/202208p1050183-2-scaled.jpg\",\"width\":2560,\"height\":1818},{\"@type\":\"BreadcrumbList\",\"@id\":\"https:\/\/vosgesinfo.fr\/remiremontinfo\/2022\/08\/fermeture-college-val-dajol-solution-alternative-place-preparation\/#breadcrumb\",\"itemListElement\":[{\"@type\":\"ListItem\",\"position\":1,\"name\":\"Home\",\"item\":\"https:\/\/vosgesinfo.fr\/remiremontinfo\/\"},{\"@type\":\"ListItem\",\"position\":2,\"name\":\"Fermeture du coll\u00e8ge du Val d\u2019Ajol\u00a0: une solution alternative sur place est en pr\u00e9paration\"}]},{\"@type\":\"WebSite\",\"@id\":\"https:\/\/vosgesinfo.fr\/remiremontinfo\/#website\",\"url\":\"https:\/\/vosgesinfo.fr\/remiremontinfo\/\",\"name\":\"Remiremont Info\",\"description\":\"Toute l&#039;actualit\u00e9 de Remiremont\",\"publisher\":{\"@id\":\"https:\/\/vosgesinfo.fr\/remiremontinfo\/#organization\"},\"alternateName\":\"Toute l'actualit\u00e9 de Remiremont\",\"potentialAction\":[{\"@type\":\"SearchAction\",\"target\":{\"@type\":\"EntryPoint\",\"urlTemplate\":\"https:\/\/vosgesinfo.fr\/remiremontinfo\/?s={search_term_string}\"},\"query-input\":\"required name=search_term_string\"}],\"inLanguage\":\"fr-FR\"},{\"@type\":\"Organization\",\"@id\":\"https:\/\/vosgesinfo.fr\/remiremontinfo\/#organization\",\"name\":\"Remiremont Info\",\"url\":\"https:\/\/vosgesinfo.fr\/remiremontinfo\/\",\"logo\":{\"@type\":\"ImageObject\",\"inLanguage\":\"fr-FR\",\"@id\":\"https:\/\/vosgesinfo.fr\/remiremontinfo\/#\/schema\/logo\/image\/\",\"url\":\"https:\/\/vosgesinfo.fr\/app\/uploads\/sites\/5\/2023\/08\/favicon-remiremontinfo.png\",\"contentUrl\":\"https:\/\/vosgesinfo.fr\/app\/uploads\/sites\/5\/2023\/08\/favicon-remiremontinfo.png\",\"width\":512,\"height\":512,\"caption\":\"Remiremont Info\"},\"image\":{\"@id\":\"https:\/\/vosgesinfo.fr\/remiremontinfo\/#\/schema\/logo\/image\/\"},\"sameAs\":[\"https:\/\/www.facebook.com\/remiremontinfo\",\"https:\/\/x.com\/VosgesInfo88\",\"https:\/\/www.youtube.com\/@vosgesinfo\"]},{\"@type\":\"Person\",\"@id\":\"https:\/\/vosgesinfo.fr\/remiremontinfo\/#\/schema\/person\/3bfd164d5218a185b1db68655a265316\",\"name\":\"C D\",\"image\":{\"@type\":\"ImageObject\",\"inLanguage\":\"fr-FR\",\"@id\":\"https:\/\/vosgesinfo.fr\/remiremontinfo\/#\/schema\/person\/image\/\",\"url\":\"https:\/\/secure.gravatar.com\/avatar\/1f9a70007336511a47468b8f1c66f922b8b7cf617b02a31149ada43893a5d48f?s=96&d=mm&r=g\",\"contentUrl\":\"https:\/\/secure.gravatar.com\/avatar\/1f9a70007336511a47468b8f1c66f922b8b7cf617b02a31149ada43893a5d48f?s=96&d=mm&r=g\",\"caption\":\"C D\"},\"url\":\"https:\/\/vosgesinfo.fr\/remiremontinfo\/author\/cedric-drevet\/\"}]}<\/script>\n<!-- \/ Yoast SEO plugin. -->","yoast_head_json":{"title":"Fermeture du coll\u00e8ge du Val d\u2019Ajol\u00a0: une solution alternative sur place est en pr\u00e9paration - Remiremont Info","robots":{"index":"index","follow":"follow","max-snippet":"max-snippet:-1","max-image-preview":"max-image-preview:large","max-video-preview":"max-video-preview:-1"},"canonical":"https:\/\/vosgesinfo.fr\/remiremontinfo\/2022\/08\/fermeture-college-val-dajol-solution-alternative-place-preparation\/","twitter_card":"summary_large_image","twitter_title":"Fermeture du coll\u00e8ge du Val d\u2019Ajol\u00a0: une solution alternative sur place est en pr\u00e9paration - Remiremont Info","twitter_description":"L\u2019annonce est tomb\u00e9e ce lundi. Le Conseil D\u00e9partemental des Vosges a d\u00e9cid\u00e9 de fermer d\u00e9finitivement le coll\u00e8ge du Val d\u2019Ajol. [&hellip;]","twitter_image":"https:\/\/vosgesinfo.fr\/app\/uploads\/sites\/5\/2024\/09\/202208p1050183-2-scaled.jpg","twitter_creator":"@VosgesInfo88","twitter_site":"@VosgesInfo88","twitter_misc":{"\u00c9crit par":"C D","Dur\u00e9e de lecture estim\u00e9e":"1 minute"},"schema":{"@context":"https:\/\/schema.org","@graph":[{"@type":"Article","@id":"https:\/\/vosgesinfo.fr\/remiremontinfo\/2022\/08\/fermeture-college-val-dajol-solution-alternative-place-preparation\/#article","isPartOf":{"@id":"https:\/\/vosgesinfo.fr\/remiremontinfo\/2022\/08\/fermeture-college-val-dajol-solution-alternative-place-preparation\/"},"author":{"name":"C D","@id":"https:\/\/vosgesinfo.fr\/remiremontinfo\/#\/schema\/person\/3bfd164d5218a185b1db68655a265316"},"headline":"Fermeture du coll\u00e8ge du Val d\u2019Ajol\u00a0: une solution alternative sur place est en pr\u00e9paration","datePublished":"2022-08-24T06:11:50+00:00","dateModified":"2022-08-24T06:11:50+00:00","mainEntityOfPage":{"@id":"https:\/\/vosgesinfo.fr\/remiremontinfo\/2022\/08\/fermeture-college-val-dajol-solution-alternative-place-preparation\/"},"wordCount":261,"commentCount":0,"publisher":{"@id":"https:\/\/vosgesinfo.fr\/remiremontinfo\/#organization"},"image":{"@id":"https:\/\/vosgesinfo.fr\/remiremontinfo\/2022\/08\/fermeture-college-val-dajol-solution-alternative-place-preparation\/#primaryimage"},"thumbnailUrl":"https:\/\/vosgesinfo.fr\/app\/uploads\/sites\/5\/2024\/09\/202208p1050183-2-scaled.jpg","keywords":["coll\u00e8ge","val d'ajol","Vosges"],"articleSection":["A la Une","Enseignement","Le Val d'Ajol","Le Val-d'Ajol &amp; son canton"],"inLanguage":"fr-FR","potentialAction":[{"@type":"CommentAction","name":"Comment","target":["https:\/\/vosgesinfo.fr\/remiremontinfo\/2022\/08\/fermeture-college-val-dajol-solution-alternative-place-preparation\/#respond"]}]},{"@type":"WebPage","@id":"https:\/\/vosgesinfo.fr\/remiremontinfo\/2022\/08\/fermeture-college-val-dajol-solution-alternative-place-preparation\/","url":"https:\/\/vosgesinfo.fr\/remiremontinfo\/2022\/08\/fermeture-college-val-dajol-solution-alternative-place-preparation\/","name":"Fermeture du coll\u00e8ge du Val d\u2019Ajol\u00a0: une solution alternative sur place est en pr\u00e9paration - Remiremont Info","isPartOf":{"@id":"https:\/\/vosgesinfo.fr\/remiremontinfo\/#website"},"primaryImageOfPage":{"@id":"https:\/\/vosgesinfo.fr\/remiremontinfo\/2022\/08\/fermeture-college-val-dajol-solution-alternative-place-preparation\/#primaryimage"},"image":{"@id":"https:\/\/vosgesinfo.fr\/remiremontinfo\/2022\/08\/fermeture-college-val-dajol-solution-alternative-place-preparation\/#primaryimage"},"thumbnailUrl":"https:\/\/vosgesinfo.fr\/app\/uploads\/sites\/5\/2024\/09\/202208p1050183-2-scaled.jpg","datePublished":"2022-08-24T06:11:50+00:00","dateModified":"2022-08-24T06:11:50+00:00","breadcrumb":{"@id":"https:\/\/vosgesinfo.fr\/remiremontinfo\/2022\/08\/fermeture-college-val-dajol-solution-alternative-place-preparation\/#breadcrumb"},"inLanguage":"fr-FR","potentialAction":[{"@type":"ReadAction","target":["https:\/\/vosgesinfo.fr\/remiremontinfo\/2022\/08\/fermeture-college-val-dajol-solution-alternative-place-preparation\/"]}]},{"@type":"ImageObject","inLanguage":"fr-FR","@id":"https:\/\/vosgesinfo.fr\/remiremontinfo\/2022\/08\/fermeture-college-val-dajol-solution-alternative-place-preparation\/#primaryimage","url":"https:\/\/vosgesinfo.fr\/app\/uploads\/sites\/5\/2024\/09\/202208p1050183-2-scaled.jpg","contentUrl":"https:\/\/vosgesinfo.fr\/app\/uploads\/sites\/5\/2024\/09\/202208p1050183-2-scaled.jpg","width":2560,"height":1818},{"@type":"BreadcrumbList","@id":"https:\/\/vosgesinfo.fr\/remiremontinfo\/2022\/08\/fermeture-college-val-dajol-solution-alternative-place-preparation\/#breadcrumb","itemListElement":[{"@type":"ListItem","position":1,"name":"Home","item":"https:\/\/vosgesinfo.fr\/remiremontinfo\/"},{"@type":"ListItem","position":2,"name":"Fermeture du coll\u00e8ge du Val d\u2019Ajol\u00a0: une solution alternative sur place est en pr\u00e9paration"}]},{"@type":"WebSite","@id":"https:\/\/vosgesinfo.fr\/remiremontinfo\/#website","url":"https:\/\/vosgesinfo.fr\/remiremontinfo\/","name":"Remiremont Info","description":"Toute l&#039;actualit\u00e9 de Remiremont","publisher":{"@id":"https:\/\/vosgesinfo.fr\/remiremontinfo\/#organization"},"alternateName":"Toute l'actualit\u00e9 de Remiremont","potentialAction":[{"@type":"SearchAction","target":{"@type":"EntryPoint","urlTemplate":"https:\/\/vosgesinfo.fr\/remiremontinfo\/?s={search_term_string}"},"query-input":"required name=search_term_string"}],"inLanguage":"fr-FR"},{"@type":"Organization","@id":"https:\/\/vosgesinfo.fr\/remiremontinfo\/#organization","name":"Remiremont Info","url":"https:\/\/vosgesinfo.fr\/remiremontinfo\/","logo":{"@type":"ImageObject","inLanguage":"fr-FR","@id":"https:\/\/vosgesinfo.fr\/remiremontinfo\/#\/schema\/logo\/image\/","url":"https:\/\/vosgesinfo.fr\/app\/uploads\/sites\/5\/2023\/08\/favicon-remiremontinfo.png","contentUrl":"https:\/\/vosgesinfo.fr\/app\/uploads\/sites\/5\/2023\/08\/favicon-remiremontinfo.png","width":512,"height":512,"caption":"Remiremont Info"},"image":{"@id":"https:\/\/vosgesinfo.fr\/remiremontinfo\/#\/schema\/logo\/image\/"},"sameAs":["https:\/\/www.facebook.com\/remiremontinfo","https:\/\/x.com\/VosgesInfo88","https:\/\/www.youtube.com\/@vosgesinfo"]},{"@type":"Person","@id":"https:\/\/vosgesinfo.fr\/remiremontinfo\/#\/schema\/person\/3bfd164d5218a185b1db68655a265316","name":"C D","image":{"@type":"ImageObject","inLanguage":"fr-FR","@id":"https:\/\/vosgesinfo.fr\/remiremontinfo\/#\/schema\/person\/image\/","url":"https:\/\/secure.gravatar.com\/avatar\/1f9a70007336511a47468b8f1c66f922b8b7cf617b02a31149ada43893a5d48f?s=96&d=mm&r=g","contentUrl":"https:\/\/secure.gravatar.com\/avatar\/1f9a70007336511a47468b8f1c66f922b8b7cf617b02a31149ada43893a5d48f?s=96&d=mm&r=g","caption":"C D"},"url":"https:\/\/vosgesinfo.fr\/remiremontinfo\/author\/cedric-drevet\/"}]}},"_links":{"self":[{"href":"https:\/\/vosgesinfo.fr\/remiremontinfo\/wp-json\/wp\/v2\/posts\/60759","targetHints":{"allow":["GET"]}}],"collection":[{"href":"https:\/\/vosgesinfo.fr\/remiremontinfo\/wp-json\/wp\/v2\/posts"}],"about":[{"href":"https:\/\/vosgesinfo.fr\/remiremontinfo\/wp-json\/wp\/v2\/types\/post"}],"author":[{"embeddable":true,"href":"https:\/\/vosgesinfo.fr\/remiremontinfo\/wp-json\/wp\/v2\/users\/407"}],"replies":[{"embeddable":true,"href":"https:\/\/vosgesinfo.fr\/remiremontinfo\/wp-json\/wp\/v2\/comments?post=60759"}],"version-history":[{"count":0,"href":"https:\/\/vosgesinfo.fr\/remiremontinfo\/wp-json\/wp\/v2\/posts\/60759\/revisions"}],"wp:featuredmedia":[{"embeddable":true,"href":"https:\/\/vosgesinfo.fr\/remiremontinfo\/wp-json\/wp\/v2\/media\/60760"}],"wp:attachment":[{"href":"https:\/\/vosgesinfo.fr\/remiremontinfo\/wp-json\/wp\/v2\/media?parent=60759"}],"wp:term":[{"taxonomy":"category","embeddable":true,"href":"https:\/\/vosgesinfo.fr\/remiremontinfo\/wp-json\/wp\/v2\/categories?post=60759"},{"taxonomy":"post_tag","embeddable":true,"href":"https:\/\/vosgesinfo.fr\/remiremontinfo\/wp-json\/wp\/v2\/tags?post=60759"}],"curies":[{"name":"wp","href":"https:\/\/api.w.org\/{rel}","templated":true}]}}