{"id":60787,"date":"2022-08-24T15:32:16","date_gmt":"2022-08-24T13:32:16","guid":{"rendered":"https:\/\/vosgesinfo.fr\/remiremontinfo\/2022\/08\/petition-maintien-dun-college-val-dajol\/"},"modified":"2022-08-24T15:32:16","modified_gmt":"2022-08-24T13:32:16","slug":"petition-maintien-dun-college-val-dajol","status":"publish","type":"post","link":"https:\/\/vosgesinfo.fr\/remiremontinfo\/2022\/08\/petition-maintien-dun-college-val-dajol\/","title":{"rendered":"Une p\u00e9tition pour le maintien d&rsquo;un coll\u00e8ge au Val d&rsquo;Ajol"},"content":{"rendered":"<p><a href=\"\/2022\/08\/image.jpg\"><img decoding=\"async\" class=\"alignnone size-full wp-image-351839\" src=\"\/2022\/08\/image.jpg\" alt=\"image\" width=\"615\" height=\"407\" \/><\/a><\/p>\n<p><span style=\"font-size: 10pt;\"><em>Photo par\u00a0<a href=\"https:\/\/www.leslignesbougent.org\/petitions\/pour-le-maintien-dun-college-au-val-dajol-9289\/?fbclid=IwAR1JUFyiJNVsXBNQFawQBsgB_wnvY7J4wPklrE7VQE7VMSdCdZXKuFYYTiY\">[P\u00e9tition] POUR le maintien d&rsquo;un coll\u00e8ge au Val d&rsquo;Ajol (leslignesbougent.org)<\/a><\/em><\/span><\/p>\n<h2><span style=\"font-size: 12pt;\"><strong>Le Conseil D\u00e9partemental des Vosges a annonc\u00e9 officiellement ce lundi la fermeture du coll\u00e8ge du Val d&rsquo;Ajol. \u00c0 la suite d&rsquo;une expertise effectu\u00e9e cet \u00e9t\u00e9 qui a r\u00e9v\u00e9l\u00e9e des d\u00e9fauts et fissures dans la dalle. Il est pr\u00e9vu que les \u00e9l\u00e8ves rejoignent pour la rentr\u00e9e le coll\u00e8ge de Plombi\u00e8res. Une d\u00e9cision qui ne fait pas l\u2019unanimit\u00e9. Une p\u00e9tition a \u00e9t\u00e9 lanc\u00e9e pour demander le maintien d\u2019un coll\u00e8ge au Val d\u2019Ajol.<\/strong><\/span><\/h2>\n<p>\u00ab\u00a0Nous, parents d&rsquo;\u00e9l\u00e8ves, commer\u00e7ants et citoyens, refusons la solution propos\u00e9e par les \u00e9lus\u00a0\u00bb, affirment les r\u00e9dacteurs de la p\u00e9tition lanc\u00e9e sur le site Les lignes bougent. \u00ab\u00a0Une ville sans coll\u00e8ge deviendra au fur et \u00e0 mesure une ville sans \u00e9cole primaire puis sans vie car les familles feront le choix de se rapprocher d&rsquo;autres communes qui proposent ces structures. \u00c0 moyen terme, c&rsquo;est la dynamique du Val d&rsquo;Ajol qui s&rsquo;\u00e9teindra. Aujourd&rsquo;hui, aucun engagement sign\u00e9 ne garantit la construction ou la restructuration d&rsquo;un coll\u00e8ge au Val d&rsquo;Ajol. Nous sommes persuad\u00e9s que d&rsquo;accepter, ne serait-ce que temporairement la scolarisation de nos enfants au coll\u00e8ge de Plombi\u00e8res, c&rsquo;est signer une mort lente pour la ville. Nous ne pourrons plus revenir en arri\u00e8re, personne ne voudra reconstruire un coll\u00e8ge au Val d&rsquo;Ajol\u00a0\u00bb. Retrouvez le texte int\u00e9gral de la p\u00e9tition ici\u00a0:\u00a0<a href=\"https:\/\/www.leslignesbougent.org\/petitions\/pour-le-maintien-dun-college-au-val-dajol-9289\/?fbclid=IwAR1JUFyiJNVsXBNQFawQBsgB_wnvY7J4wPklrE7VQE7VMSdCdZXKuFYYTiY\">[P\u00e9tition] POUR le maintien d&rsquo;un coll\u00e8ge au Val d&rsquo;Ajol (leslignesbougent.org)<\/a><\/p>\n","protected":false},"excerpt":{"rendered":"<p>Photo par\u00a0[P\u00e9tition] POUR le maintien d&rsquo;un coll\u00e8ge au Val d&rsquo;Ajol (leslignesbougent.org) Le Conseil D\u00e9partemental des Vosges a annonc\u00e9 officiellement ce [&hellip;]<\/p>\n","protected":false},"author":407,"featured_media":60788,"comment_status":"open","ping_status":"open","sticky":false,"template":"","format":"standard","meta":{"footnotes":""},"categories":[26,165,121,82],"tags":[468,415,81,455,4520,3287,1637,123,32],"class_list":["post-60787","post","type-post","status-publish","format-standard","has-post-thumbnail","hentry","category-a-la-une","category-enseignement","category-le-val-dajol-le-val-dajol-son-canton","category-le-val-dajol-son-canton","tag-college","tag-ecole","tag-enseignement","tag-fermeture","tag-maintien","tag-parents","tag-petition","tag-val-dajol","tag-vosges"],"acf":[],"yoast_head":"<!-- This site is optimized with the Yoast SEO plugin v22.5 - https:\/\/yoast.com\/wordpress\/plugins\/seo\/ -->\n<title>Une p\u00e9tition pour le maintien d&#039;un coll\u00e8ge au Val d&#039;Ajol - Remiremont Info<\/title>\n<meta name=\"robots\" content=\"index, follow, max-snippet:-1, max-image-preview:large, max-video-preview:-1\" \/>\n<link rel=\"canonical\" href=\"https:\/\/vosgesinfo.fr\/remiremontinfo\/2022\/08\/petition-maintien-dun-college-val-dajol\/\" \/>\n<meta name=\"twitter:card\" content=\"summary_large_image\" \/>\n<meta name=\"twitter:title\" content=\"Une p\u00e9tition pour le maintien d&#039;un coll\u00e8ge au Val d&#039;Ajol - Remiremont Info\" \/>\n<meta name=\"twitter:description\" content=\"Photo par\u00a0[P\u00e9tition] POUR le maintien d&rsquo;un coll\u00e8ge au Val d&rsquo;Ajol (leslignesbougent.org) Le Conseil D\u00e9partemental des Vosges a annonc\u00e9 officiellement ce [&hellip;]\" \/>\n<meta name=\"twitter:image\" content=\"https:\/\/vosgesinfo.fr\/app\/uploads\/sites\/5\/2024\/09\/202208image.jpg\" \/>\n<meta name=\"twitter:creator\" content=\"@VosgesInfo88\" \/>\n<meta name=\"twitter:site\" content=\"@VosgesInfo88\" \/>\n<meta name=\"twitter:label1\" content=\"\u00c9crit par\" \/>\n\t<meta name=\"twitter:data1\" content=\"C D\" \/>\n\t<meta name=\"twitter:label2\" content=\"Dur\u00e9e de lecture estim\u00e9e\" \/>\n\t<meta name=\"twitter:data2\" content=\"1 minute\" \/>\n<script type=\"application\/ld+json\" class=\"yoast-schema-graph\">{\"@context\":\"https:\/\/schema.org\",\"@graph\":[{\"@type\":\"Article\",\"@id\":\"https:\/\/vosgesinfo.fr\/remiremontinfo\/2022\/08\/petition-maintien-dun-college-val-dajol\/#article\",\"isPartOf\":{\"@id\":\"https:\/\/vosgesinfo.fr\/remiremontinfo\/2022\/08\/petition-maintien-dun-college-val-dajol\/\"},\"author\":{\"name\":\"C D\",\"@id\":\"https:\/\/vosgesinfo.fr\/remiremontinfo\/#\/schema\/person\/3bfd164d5218a185b1db68655a265316\"},\"headline\":\"Une p\u00e9tition pour le maintien d&rsquo;un coll\u00e8ge au Val d&rsquo;Ajol\",\"datePublished\":\"2022-08-24T13:32:16+00:00\",\"dateModified\":\"2022-08-24T13:32:16+00:00\",\"mainEntityOfPage\":{\"@id\":\"https:\/\/vosgesinfo.fr\/remiremontinfo\/2022\/08\/petition-maintien-dun-college-val-dajol\/\"},\"wordCount\":296,\"commentCount\":0,\"publisher\":{\"@id\":\"https:\/\/vosgesinfo.fr\/remiremontinfo\/#organization\"},\"image\":{\"@id\":\"https:\/\/vosgesinfo.fr\/remiremontinfo\/2022\/08\/petition-maintien-dun-college-val-dajol\/#primaryimage\"},\"thumbnailUrl\":\"https:\/\/vosgesinfo.fr\/app\/uploads\/sites\/5\/2024\/09\/202208image.jpg\",\"keywords\":[\"coll\u00e8ge\",\"ecole\",\"Enseignement\",\"fermeture\",\"maintien\",\"parents\",\"p\u00e9tition\",\"val d'ajol\",\"Vosges\"],\"articleSection\":[\"A la Une\",\"Enseignement\",\"Le Val d'Ajol\",\"Le Val-d'Ajol &amp; son canton\"],\"inLanguage\":\"fr-FR\",\"potentialAction\":[{\"@type\":\"CommentAction\",\"name\":\"Comment\",\"target\":[\"https:\/\/vosgesinfo.fr\/remiremontinfo\/2022\/08\/petition-maintien-dun-college-val-dajol\/#respond\"]}]},{\"@type\":\"WebPage\",\"@id\":\"https:\/\/vosgesinfo.fr\/remiremontinfo\/2022\/08\/petition-maintien-dun-college-val-dajol\/\",\"url\":\"https:\/\/vosgesinfo.fr\/remiremontinfo\/2022\/08\/petition-maintien-dun-college-val-dajol\/\",\"name\":\"Une p\u00e9tition pour le maintien d'un coll\u00e8ge au Val d'Ajol - Remiremont Info\",\"isPartOf\":{\"@id\":\"https:\/\/vosgesinfo.fr\/remiremontinfo\/#website\"},\"primaryImageOfPage\":{\"@id\":\"https:\/\/vosgesinfo.fr\/remiremontinfo\/2022\/08\/petition-maintien-dun-college-val-dajol\/#primaryimage\"},\"image\":{\"@id\":\"https:\/\/vosgesinfo.fr\/remiremontinfo\/2022\/08\/petition-maintien-dun-college-val-dajol\/#primaryimage\"},\"thumbnailUrl\":\"https:\/\/vosgesinfo.fr\/app\/uploads\/sites\/5\/2024\/09\/202208image.jpg\",\"datePublished\":\"2022-08-24T13:32:16+00:00\",\"dateModified\":\"2022-08-24T13:32:16+00:00\",\"breadcrumb\":{\"@id\":\"https:\/\/vosgesinfo.fr\/remiremontinfo\/2022\/08\/petition-maintien-dun-college-val-dajol\/#breadcrumb\"},\"inLanguage\":\"fr-FR\",\"potentialAction\":[{\"@type\":\"ReadAction\",\"target\":[\"https:\/\/vosgesinfo.fr\/remiremontinfo\/2022\/08\/petition-maintien-dun-college-val-dajol\/\"]}]},{\"@type\":\"ImageObject\",\"inLanguage\":\"fr-FR\",\"@id\":\"https:\/\/vosgesinfo.fr\/remiremontinfo\/2022\/08\/petition-maintien-dun-college-val-dajol\/#primaryimage\",\"url\":\"https:\/\/vosgesinfo.fr\/app\/uploads\/sites\/5\/2024\/09\/202208image.jpg\",\"contentUrl\":\"https:\/\/vosgesinfo.fr\/app\/uploads\/sites\/5\/2024\/09\/202208image.jpg\",\"width\":615,\"height\":407},{\"@type\":\"BreadcrumbList\",\"@id\":\"https:\/\/vosgesinfo.fr\/remiremontinfo\/2022\/08\/petition-maintien-dun-college-val-dajol\/#breadcrumb\",\"itemListElement\":[{\"@type\":\"ListItem\",\"position\":1,\"name\":\"Home\",\"item\":\"https:\/\/vosgesinfo.fr\/remiremontinfo\/\"},{\"@type\":\"ListItem\",\"position\":2,\"name\":\"Une p\u00e9tition pour le maintien d&rsquo;un coll\u00e8ge au Val d&rsquo;Ajol\"}]},{\"@type\":\"WebSite\",\"@id\":\"https:\/\/vosgesinfo.fr\/remiremontinfo\/#website\",\"url\":\"https:\/\/vosgesinfo.fr\/remiremontinfo\/\",\"name\":\"Remiremont Info\",\"description\":\"Toute l&#039;actualit\u00e9 de Remiremont\",\"publisher\":{\"@id\":\"https:\/\/vosgesinfo.fr\/remiremontinfo\/#organization\"},\"alternateName\":\"Toute l'actualit\u00e9 de Remiremont\",\"potentialAction\":[{\"@type\":\"SearchAction\",\"target\":{\"@type\":\"EntryPoint\",\"urlTemplate\":\"https:\/\/vosgesinfo.fr\/remiremontinfo\/?s={search_term_string}\"},\"query-input\":\"required name=search_term_string\"}],\"inLanguage\":\"fr-FR\"},{\"@type\":\"Organization\",\"@id\":\"https:\/\/vosgesinfo.fr\/remiremontinfo\/#organization\",\"name\":\"Remiremont Info\",\"url\":\"https:\/\/vosgesinfo.fr\/remiremontinfo\/\",\"logo\":{\"@type\":\"ImageObject\",\"inLanguage\":\"fr-FR\",\"@id\":\"https:\/\/vosgesinfo.fr\/remiremontinfo\/#\/schema\/logo\/image\/\",\"url\":\"https:\/\/vosgesinfo.fr\/app\/uploads\/sites\/5\/2023\/08\/favicon-remiremontinfo.png\",\"contentUrl\":\"https:\/\/vosgesinfo.fr\/app\/uploads\/sites\/5\/2023\/08\/favicon-remiremontinfo.png\",\"width\":512,\"height\":512,\"caption\":\"Remiremont Info\"},\"image\":{\"@id\":\"https:\/\/vosgesinfo.fr\/remiremontinfo\/#\/schema\/logo\/image\/\"},\"sameAs\":[\"https:\/\/www.facebook.com\/remiremontinfo\",\"https:\/\/x.com\/VosgesInfo88\",\"https:\/\/www.youtube.com\/@vosgesinfo\"]},{\"@type\":\"Person\",\"@id\":\"https:\/\/vosgesinfo.fr\/remiremontinfo\/#\/schema\/person\/3bfd164d5218a185b1db68655a265316\",\"name\":\"C D\",\"image\":{\"@type\":\"ImageObject\",\"inLanguage\":\"fr-FR\",\"@id\":\"https:\/\/vosgesinfo.fr\/remiremontinfo\/#\/schema\/person\/image\/\",\"url\":\"https:\/\/secure.gravatar.com\/avatar\/1f9a70007336511a47468b8f1c66f922b8b7cf617b02a31149ada43893a5d48f?s=96&d=mm&r=g\",\"contentUrl\":\"https:\/\/secure.gravatar.com\/avatar\/1f9a70007336511a47468b8f1c66f922b8b7cf617b02a31149ada43893a5d48f?s=96&d=mm&r=g\",\"caption\":\"C D\"},\"url\":\"https:\/\/vosgesinfo.fr\/remiremontinfo\/author\/cedric-drevet\/\"}]}<\/script>\n<!-- \/ Yoast SEO plugin. -->","yoast_head_json":{"title":"Une p\u00e9tition pour le maintien d'un coll\u00e8ge au Val d'Ajol - Remiremont Info","robots":{"index":"index","follow":"follow","max-snippet":"max-snippet:-1","max-image-preview":"max-image-preview:large","max-video-preview":"max-video-preview:-1"},"canonical":"https:\/\/vosgesinfo.fr\/remiremontinfo\/2022\/08\/petition-maintien-dun-college-val-dajol\/","twitter_card":"summary_large_image","twitter_title":"Une p\u00e9tition pour le maintien d'un coll\u00e8ge au Val d'Ajol - Remiremont Info","twitter_description":"Photo par\u00a0[P\u00e9tition] POUR le maintien d&rsquo;un coll\u00e8ge au Val d&rsquo;Ajol (leslignesbougent.org) Le Conseil D\u00e9partemental des Vosges a annonc\u00e9 officiellement ce [&hellip;]","twitter_image":"https:\/\/vosgesinfo.fr\/app\/uploads\/sites\/5\/2024\/09\/202208image.jpg","twitter_creator":"@VosgesInfo88","twitter_site":"@VosgesInfo88","twitter_misc":{"\u00c9crit par":"C D","Dur\u00e9e de lecture estim\u00e9e":"1 minute"},"schema":{"@context":"https:\/\/schema.org","@graph":[{"@type":"Article","@id":"https:\/\/vosgesinfo.fr\/remiremontinfo\/2022\/08\/petition-maintien-dun-college-val-dajol\/#article","isPartOf":{"@id":"https:\/\/vosgesinfo.fr\/remiremontinfo\/2022\/08\/petition-maintien-dun-college-val-dajol\/"},"author":{"name":"C D","@id":"https:\/\/vosgesinfo.fr\/remiremontinfo\/#\/schema\/person\/3bfd164d5218a185b1db68655a265316"},"headline":"Une p\u00e9tition pour le maintien d&rsquo;un coll\u00e8ge au Val d&rsquo;Ajol","datePublished":"2022-08-24T13:32:16+00:00","dateModified":"2022-08-24T13:32:16+00:00","mainEntityOfPage":{"@id":"https:\/\/vosgesinfo.fr\/remiremontinfo\/2022\/08\/petition-maintien-dun-college-val-dajol\/"},"wordCount":296,"commentCount":0,"publisher":{"@id":"https:\/\/vosgesinfo.fr\/remiremontinfo\/#organization"},"image":{"@id":"https:\/\/vosgesinfo.fr\/remiremontinfo\/2022\/08\/petition-maintien-dun-college-val-dajol\/#primaryimage"},"thumbnailUrl":"https:\/\/vosgesinfo.fr\/app\/uploads\/sites\/5\/2024\/09\/202208image.jpg","keywords":["coll\u00e8ge","ecole","Enseignement","fermeture","maintien","parents","p\u00e9tition","val d'ajol","Vosges"],"articleSection":["A la Une","Enseignement","Le Val d'Ajol","Le Val-d'Ajol &amp; son canton"],"inLanguage":"fr-FR","potentialAction":[{"@type":"CommentAction","name":"Comment","target":["https:\/\/vosgesinfo.fr\/remiremontinfo\/2022\/08\/petition-maintien-dun-college-val-dajol\/#respond"]}]},{"@type":"WebPage","@id":"https:\/\/vosgesinfo.fr\/remiremontinfo\/2022\/08\/petition-maintien-dun-college-val-dajol\/","url":"https:\/\/vosgesinfo.fr\/remiremontinfo\/2022\/08\/petition-maintien-dun-college-val-dajol\/","name":"Une p\u00e9tition pour le maintien d'un coll\u00e8ge au Val d'Ajol - Remiremont Info","isPartOf":{"@id":"https:\/\/vosgesinfo.fr\/remiremontinfo\/#website"},"primaryImageOfPage":{"@id":"https:\/\/vosgesinfo.fr\/remiremontinfo\/2022\/08\/petition-maintien-dun-college-val-dajol\/#primaryimage"},"image":{"@id":"https:\/\/vosgesinfo.fr\/remiremontinfo\/2022\/08\/petition-maintien-dun-college-val-dajol\/#primaryimage"},"thumbnailUrl":"https:\/\/vosgesinfo.fr\/app\/uploads\/sites\/5\/2024\/09\/202208image.jpg","datePublished":"2022-08-24T13:32:16+00:00","dateModified":"2022-08-24T13:32:16+00:00","breadcrumb":{"@id":"https:\/\/vosgesinfo.fr\/remiremontinfo\/2022\/08\/petition-maintien-dun-college-val-dajol\/#breadcrumb"},"inLanguage":"fr-FR","potentialAction":[{"@type":"ReadAction","target":["https:\/\/vosgesinfo.fr\/remiremontinfo\/2022\/08\/petition-maintien-dun-college-val-dajol\/"]}]},{"@type":"ImageObject","inLanguage":"fr-FR","@id":"https:\/\/vosgesinfo.fr\/remiremontinfo\/2022\/08\/petition-maintien-dun-college-val-dajol\/#primaryimage","url":"https:\/\/vosgesinfo.fr\/app\/uploads\/sites\/5\/2024\/09\/202208image.jpg","contentUrl":"https:\/\/vosgesinfo.fr\/app\/uploads\/sites\/5\/2024\/09\/202208image.jpg","width":615,"height":407},{"@type":"BreadcrumbList","@id":"https:\/\/vosgesinfo.fr\/remiremontinfo\/2022\/08\/petition-maintien-dun-college-val-dajol\/#breadcrumb","itemListElement":[{"@type":"ListItem","position":1,"name":"Home","item":"https:\/\/vosgesinfo.fr\/remiremontinfo\/"},{"@type":"ListItem","position":2,"name":"Une p\u00e9tition pour le maintien d&rsquo;un coll\u00e8ge au Val d&rsquo;Ajol"}]},{"@type":"WebSite","@id":"https:\/\/vosgesinfo.fr\/remiremontinfo\/#website","url":"https:\/\/vosgesinfo.fr\/remiremontinfo\/","name":"Remiremont Info","description":"Toute l&#039;actualit\u00e9 de Remiremont","publisher":{"@id":"https:\/\/vosgesinfo.fr\/remiremontinfo\/#organization"},"alternateName":"Toute l'actualit\u00e9 de Remiremont","potentialAction":[{"@type":"SearchAction","target":{"@type":"EntryPoint","urlTemplate":"https:\/\/vosgesinfo.fr\/remiremontinfo\/?s={search_term_string}"},"query-input":"required name=search_term_string"}],"inLanguage":"fr-FR"},{"@type":"Organization","@id":"https:\/\/vosgesinfo.fr\/remiremontinfo\/#organization","name":"Remiremont Info","url":"https:\/\/vosgesinfo.fr\/remiremontinfo\/","logo":{"@type":"ImageObject","inLanguage":"fr-FR","@id":"https:\/\/vosgesinfo.fr\/remiremontinfo\/#\/schema\/logo\/image\/","url":"https:\/\/vosgesinfo.fr\/app\/uploads\/sites\/5\/2023\/08\/favicon-remiremontinfo.png","contentUrl":"https:\/\/vosgesinfo.fr\/app\/uploads\/sites\/5\/2023\/08\/favicon-remiremontinfo.png","width":512,"height":512,"caption":"Remiremont Info"},"image":{"@id":"https:\/\/vosgesinfo.fr\/remiremontinfo\/#\/schema\/logo\/image\/"},"sameAs":["https:\/\/www.facebook.com\/remiremontinfo","https:\/\/x.com\/VosgesInfo88","https:\/\/www.youtube.com\/@vosgesinfo"]},{"@type":"Person","@id":"https:\/\/vosgesinfo.fr\/remiremontinfo\/#\/schema\/person\/3bfd164d5218a185b1db68655a265316","name":"C D","image":{"@type":"ImageObject","inLanguage":"fr-FR","@id":"https:\/\/vosgesinfo.fr\/remiremontinfo\/#\/schema\/person\/image\/","url":"https:\/\/secure.gravatar.com\/avatar\/1f9a70007336511a47468b8f1c66f922b8b7cf617b02a31149ada43893a5d48f?s=96&d=mm&r=g","contentUrl":"https:\/\/secure.gravatar.com\/avatar\/1f9a70007336511a47468b8f1c66f922b8b7cf617b02a31149ada43893a5d48f?s=96&d=mm&r=g","caption":"C D"},"url":"https:\/\/vosgesinfo.fr\/remiremontinfo\/author\/cedric-drevet\/"}]}},"_links":{"self":[{"href":"https:\/\/vosgesinfo.fr\/remiremontinfo\/wp-json\/wp\/v2\/posts\/60787","targetHints":{"allow":["GET"]}}],"collection":[{"href":"https:\/\/vosgesinfo.fr\/remiremontinfo\/wp-json\/wp\/v2\/posts"}],"about":[{"href":"https:\/\/vosgesinfo.fr\/remiremontinfo\/wp-json\/wp\/v2\/types\/post"}],"author":[{"embeddable":true,"href":"https:\/\/vosgesinfo.fr\/remiremontinfo\/wp-json\/wp\/v2\/users\/407"}],"replies":[{"embeddable":true,"href":"https:\/\/vosgesinfo.fr\/remiremontinfo\/wp-json\/wp\/v2\/comments?post=60787"}],"version-history":[{"count":0,"href":"https:\/\/vosgesinfo.fr\/remiremontinfo\/wp-json\/wp\/v2\/posts\/60787\/revisions"}],"wp:featuredmedia":[{"embeddable":true,"href":"https:\/\/vosgesinfo.fr\/remiremontinfo\/wp-json\/wp\/v2\/media\/60788"}],"wp:attachment":[{"href":"https:\/\/vosgesinfo.fr\/remiremontinfo\/wp-json\/wp\/v2\/media?parent=60787"}],"wp:term":[{"taxonomy":"category","embeddable":true,"href":"https:\/\/vosgesinfo.fr\/remiremontinfo\/wp-json\/wp\/v2\/categories?post=60787"},{"taxonomy":"post_tag","embeddable":true,"href":"https:\/\/vosgesinfo.fr\/remiremontinfo\/wp-json\/wp\/v2\/tags?post=60787"}],"curies":[{"name":"wp","href":"https:\/\/api.w.org\/{rel}","templated":true}]}}