{"id":60790,"date":"2022-08-24T19:04:57","date_gmt":"2022-08-24T17:04:57","guid":{"rendered":"https:\/\/vosgesinfo.fr\/remiremontinfo\/2022\/08\/val-dajol-mairie-demande-accord-de-principe-a-francois-vannson-maintien-dun-college\/"},"modified":"2022-08-24T19:04:57","modified_gmt":"2022-08-24T17:04:57","slug":"val-dajol-mairie-demande-accord-de-principe-a-francois-vannson-maintien-dun-college","status":"publish","type":"post","link":"https:\/\/vosgesinfo.fr\/remiremontinfo\/2022\/08\/val-dajol-mairie-demande-accord-de-principe-a-francois-vannson-maintien-dun-college\/","title":{"rendered":"Le Val d\u2019Ajol\u00a0: la mairie demande un accord de principe \u00e0 Fran\u00e7ois Vannson pour le maintien d\u2019un coll\u00e8ge"},"content":{"rendered":"\n<h2><span style=\"font-size: 12pt;\"><strong>L\u2019annonce est tomb\u00e9e ce lundi. Le Conseil D\u00e9partemental des Vosges a d\u00e9cid\u00e9 de fermer d\u00e9finitivement le coll\u00e8ge du Val d\u2019Ajol. A quelques jours de la rentr\u00e9e scolaire, l\u2019incompr\u00e9hension et une vive d\u00e9sapprobation dominent parmi de nombreux habitants, parents, commer\u00e7ants. Ce mercredi, une d\u00e9l\u00e9gation a \u00e9t\u00e9 re\u00e7ue \u00e0 la mairie pour \u00e9laborer une solution alternative.<\/strong><\/span><\/h2>\n<p>\u00ab Une autre solution existe. Gardons nos coll\u00e9giens \u00bb, pouvait on lire sur une banderole mardi soir. Et c\u2019est bien cette solution qui \u00e9tait au c\u0153ur des discussions cet apr\u00e8s-midi. Suite \u00e0 une r\u00e9union de travail \u00e0 l\u2019H\u00f4tel de Ville, qui a r\u00e9uni des parents et des membres de l\u2019\u00e9quipe municipale, l\u2019\u00e9bauche d\u2019un projet alternatif a \u00e9t\u00e9 pr\u00e9sent\u00e9e. Le maire a expos\u00e9 les grandes lignes de cette alternative en d\u00e9but de soir\u00e9e, devant la mairie, o\u00f9 des habitants s\u2019\u00e9taient rassembl\u00e9s. Le projet a \u00e9t\u00e9 largement approuv\u00e9 par l\u2019assistance, si l\u2019on juge aux applaudissements qu\u2019il a re\u00e7us.<em> \u00ab\u00a0Il faut bien s\u00fbr l&rsquo;affiner et y travailler\u00a0\u00bb<\/em>, affirme la municipalit\u00e9. <em>\u00ab\u00a0C&rsquo;est une solution \u00e0 moyen terme pour que les \u00e9l\u00e8ves retrouvent le plus rapidement possible leurs cours au Val D&rsquo;Ajol. Mais m\u00eame une solution transitoire est indispensable !\u00a0\u00bb<\/em><\/p>\n<p>La commune va demander au Conseil D\u00e9partemental <em>\u00ab\u00a0un accord de principe \u00e9crit \u00bb<\/em>, avant la rentr\u00e9e, pour le maintien d\u2019un coll\u00e8ge au Val d\u2019Ajol, selon le projet. Une mani\u00e8re de s\u2019assurer que le d\u00e9part d\u2019\u00e9l\u00e8ves vers Plombi\u00e8res ne soit pas irr\u00e9versible. <em>\u00ab\u00a0D\u00e8s l\u2019instant qu\u2019ils mettent un pied l\u00e0 haut, on ne reviendra jamais en arri\u00e8re\u00a0\u00bb<\/em>, craint une habitante. Le projet envisag\u00e9 par la commune consisterait \u00e0 utiliser les locaux de l\u2019espace art et culture, donc l\u2019ancien coll\u00e8ge. Avec des modules \u00e0 ajouter, notamment pour les salles sp\u00e9ciales, telles que celle utilis\u00e9es pour les classes de science. Il s\u2019agirait d\u2019un \u00e9tablissement dont les salles pourraient \u00eatre occup\u00e9es \u00e9galement pour d\u2019autres activit\u00e9s. C&rsquo;est \u00e9cologique.<\/p>\n<p><em>\u00ab\u00a0Nous voulons que la r\u00e9alisation de ce projet se passe avant les premi\u00e8res gel\u00e9es\u00a0\u00bb<\/em>, affirme le maire de la commune, Anne Girardin.<em> \u00ab\u00a0On veut que \u00e7a aille le plus rapidement possible (\u2026) Techniquement parlant, c\u2019est possible\u00a0\u00bb.<\/em> L\u2019\u00e9lue a souhait\u00e9 exprimer clairement son engagement\u00a0: <em>\u00ab\u00a0Vous avez le soutien entier de la municipalit\u00e9, que les choses soient bien claires. Nous sommes tous ensemble (\u2026) Nous voulons un coll\u00e8ge de proximit\u00e9. Nous le voulons diff\u00e9rent. Et nous l\u2019aurons\u00a0\u00bb<\/em>. Une m\u00e8re de famille, Fabienne Mazon, qui a particip\u00e9 \u00e0 l\u2019\u00e9laboration du projet, lance un appel \u00e0 chacun\u00a0: <em>\u00ab\u00a0Si nous n\u2019avons pas cet accord de principe du D\u00e9partement et de Monsieur Bourel, l\u2019inspecteur d\u2019acad\u00e9mie, nous les parents, nous proposons un boycott de ce jour de la rentr\u00e9e\u00a0\u00bb.\u00a0<\/em><\/p>\n\n","protected":false},"excerpt":{"rendered":"<p>L\u2019annonce est tomb\u00e9e ce lundi. Le Conseil D\u00e9partemental des Vosges a d\u00e9cid\u00e9 de fermer d\u00e9finitivement le coll\u00e8ge du Val d\u2019Ajol. [&hellip;]<\/p>\n","protected":false},"author":407,"featured_media":60791,"comment_status":"open","ping_status":"open","sticky":false,"template":"","format":"standard","meta":{"footnotes":""},"categories":[26,165,121,82],"tags":[4522,468,415,4512,4520,265,123,32],"class_list":["post-60790","post","type-post","status-publish","format-standard","has-post-thumbnail","hentry","category-a-la-une","category-enseignement","category-le-val-dajol-le-val-dajol-son-canton","category-le-val-dajol-son-canton","tag-anne-girardin","tag-college","tag-ecole","tag-femreture","tag-maintien","tag-mairie","tag-val-dajol","tag-vosges"],"acf":[],"yoast_head":"<!-- This site is optimized with the Yoast SEO plugin v22.5 - https:\/\/yoast.com\/wordpress\/plugins\/seo\/ -->\n<title>Le Val d\u2019Ajol\u00a0: la mairie demande un accord de principe \u00e0 Fran\u00e7ois Vannson pour le maintien d\u2019un coll\u00e8ge - Remiremont Info<\/title>\n<meta name=\"robots\" content=\"index, follow, max-snippet:-1, max-image-preview:large, max-video-preview:-1\" \/>\n<link rel=\"canonical\" href=\"https:\/\/vosgesinfo.fr\/remiremontinfo\/2022\/08\/val-dajol-mairie-demande-accord-de-principe-a-francois-vannson-maintien-dun-college\/\" \/>\n<meta name=\"twitter:card\" content=\"summary_large_image\" \/>\n<meta name=\"twitter:title\" content=\"Le Val d\u2019Ajol\u00a0: la mairie demande un accord de principe \u00e0 Fran\u00e7ois Vannson pour le maintien d\u2019un coll\u00e8ge - Remiremont Info\" \/>\n<meta name=\"twitter:description\" content=\"L\u2019annonce est tomb\u00e9e ce lundi. Le Conseil D\u00e9partemental des Vosges a d\u00e9cid\u00e9 de fermer d\u00e9finitivement le coll\u00e8ge du Val d\u2019Ajol. [&hellip;]\" \/>\n<meta name=\"twitter:image\" content=\"https:\/\/vosgesinfo.fr\/app\/uploads\/sites\/5\/2024\/09\/202208dsc-3145-2.jpg\" \/>\n<meta name=\"twitter:creator\" content=\"@VosgesInfo88\" \/>\n<meta name=\"twitter:site\" content=\"@VosgesInfo88\" \/>\n<meta name=\"twitter:label1\" content=\"\u00c9crit par\" \/>\n\t<meta name=\"twitter:data1\" content=\"C D\" \/>\n\t<meta name=\"twitter:label2\" content=\"Dur\u00e9e de lecture estim\u00e9e\" \/>\n\t<meta name=\"twitter:data2\" content=\"3 minutes\" \/>\n<script type=\"application\/ld+json\" class=\"yoast-schema-graph\">{\"@context\":\"https:\/\/schema.org\",\"@graph\":[{\"@type\":\"Article\",\"@id\":\"https:\/\/vosgesinfo.fr\/remiremontinfo\/2022\/08\/val-dajol-mairie-demande-accord-de-principe-a-francois-vannson-maintien-dun-college\/#article\",\"isPartOf\":{\"@id\":\"https:\/\/vosgesinfo.fr\/remiremontinfo\/2022\/08\/val-dajol-mairie-demande-accord-de-principe-a-francois-vannson-maintien-dun-college\/\"},\"author\":{\"name\":\"C D\",\"@id\":\"https:\/\/vosgesinfo.fr\/remiremontinfo\/#\/schema\/person\/3bfd164d5218a185b1db68655a265316\"},\"headline\":\"Le Val d\u2019Ajol\u00a0: la mairie demande un accord de principe \u00e0 Fran\u00e7ois Vannson pour le maintien d\u2019un coll\u00e8ge\",\"datePublished\":\"2022-08-24T17:04:57+00:00\",\"dateModified\":\"2022-08-24T17:04:57+00:00\",\"mainEntityOfPage\":{\"@id\":\"https:\/\/vosgesinfo.fr\/remiremontinfo\/2022\/08\/val-dajol-mairie-demande-accord-de-principe-a-francois-vannson-maintien-dun-college\/\"},\"wordCount\":531,\"commentCount\":0,\"publisher\":{\"@id\":\"https:\/\/vosgesinfo.fr\/remiremontinfo\/#organization\"},\"image\":{\"@id\":\"https:\/\/vosgesinfo.fr\/remiremontinfo\/2022\/08\/val-dajol-mairie-demande-accord-de-principe-a-francois-vannson-maintien-dun-college\/#primaryimage\"},\"thumbnailUrl\":\"https:\/\/vosgesinfo.fr\/app\/uploads\/sites\/5\/2024\/09\/202208dsc-3145-2.jpg\",\"keywords\":[\"anne girardin\",\"coll\u00e8ge\",\"ecole\",\"femreture\",\"maintien\",\"mairie\",\"val d'ajol\",\"Vosges\"],\"articleSection\":[\"A la Une\",\"Enseignement\",\"Le Val d'Ajol\",\"Le Val-d'Ajol &amp; son canton\"],\"inLanguage\":\"fr-FR\",\"potentialAction\":[{\"@type\":\"CommentAction\",\"name\":\"Comment\",\"target\":[\"https:\/\/vosgesinfo.fr\/remiremontinfo\/2022\/08\/val-dajol-mairie-demande-accord-de-principe-a-francois-vannson-maintien-dun-college\/#respond\"]}]},{\"@type\":\"WebPage\",\"@id\":\"https:\/\/vosgesinfo.fr\/remiremontinfo\/2022\/08\/val-dajol-mairie-demande-accord-de-principe-a-francois-vannson-maintien-dun-college\/\",\"url\":\"https:\/\/vosgesinfo.fr\/remiremontinfo\/2022\/08\/val-dajol-mairie-demande-accord-de-principe-a-francois-vannson-maintien-dun-college\/\",\"name\":\"Le Val d\u2019Ajol\u00a0: la mairie demande un accord de principe \u00e0 Fran\u00e7ois Vannson pour le maintien d\u2019un coll\u00e8ge - Remiremont Info\",\"isPartOf\":{\"@id\":\"https:\/\/vosgesinfo.fr\/remiremontinfo\/#website\"},\"primaryImageOfPage\":{\"@id\":\"https:\/\/vosgesinfo.fr\/remiremontinfo\/2022\/08\/val-dajol-mairie-demande-accord-de-principe-a-francois-vannson-maintien-dun-college\/#primaryimage\"},\"image\":{\"@id\":\"https:\/\/vosgesinfo.fr\/remiremontinfo\/2022\/08\/val-dajol-mairie-demande-accord-de-principe-a-francois-vannson-maintien-dun-college\/#primaryimage\"},\"thumbnailUrl\":\"https:\/\/vosgesinfo.fr\/app\/uploads\/sites\/5\/2024\/09\/202208dsc-3145-2.jpg\",\"datePublished\":\"2022-08-24T17:04:57+00:00\",\"dateModified\":\"2022-08-24T17:04:57+00:00\",\"breadcrumb\":{\"@id\":\"https:\/\/vosgesinfo.fr\/remiremontinfo\/2022\/08\/val-dajol-mairie-demande-accord-de-principe-a-francois-vannson-maintien-dun-college\/#breadcrumb\"},\"inLanguage\":\"fr-FR\",\"potentialAction\":[{\"@type\":\"ReadAction\",\"target\":[\"https:\/\/vosgesinfo.fr\/remiremontinfo\/2022\/08\/val-dajol-mairie-demande-accord-de-principe-a-francois-vannson-maintien-dun-college\/\"]}]},{\"@type\":\"ImageObject\",\"inLanguage\":\"fr-FR\",\"@id\":\"https:\/\/vosgesinfo.fr\/remiremontinfo\/2022\/08\/val-dajol-mairie-demande-accord-de-principe-a-francois-vannson-maintien-dun-college\/#primaryimage\",\"url\":\"https:\/\/vosgesinfo.fr\/app\/uploads\/sites\/5\/2024\/09\/202208dsc-3145-2.jpg\",\"contentUrl\":\"https:\/\/vosgesinfo.fr\/app\/uploads\/sites\/5\/2024\/09\/202208dsc-3145-2.jpg\",\"width\":1600,\"height\":1171},{\"@type\":\"BreadcrumbList\",\"@id\":\"https:\/\/vosgesinfo.fr\/remiremontinfo\/2022\/08\/val-dajol-mairie-demande-accord-de-principe-a-francois-vannson-maintien-dun-college\/#breadcrumb\",\"itemListElement\":[{\"@type\":\"ListItem\",\"position\":1,\"name\":\"Home\",\"item\":\"https:\/\/vosgesinfo.fr\/remiremontinfo\/\"},{\"@type\":\"ListItem\",\"position\":2,\"name\":\"Le Val d\u2019Ajol\u00a0: la mairie demande un accord de principe \u00e0 Fran\u00e7ois Vannson pour le maintien d\u2019un coll\u00e8ge\"}]},{\"@type\":\"WebSite\",\"@id\":\"https:\/\/vosgesinfo.fr\/remiremontinfo\/#website\",\"url\":\"https:\/\/vosgesinfo.fr\/remiremontinfo\/\",\"name\":\"Remiremont Info\",\"description\":\"Toute l&#039;actualit\u00e9 de Remiremont\",\"publisher\":{\"@id\":\"https:\/\/vosgesinfo.fr\/remiremontinfo\/#organization\"},\"alternateName\":\"Toute l'actualit\u00e9 de Remiremont\",\"potentialAction\":[{\"@type\":\"SearchAction\",\"target\":{\"@type\":\"EntryPoint\",\"urlTemplate\":\"https:\/\/vosgesinfo.fr\/remiremontinfo\/?s={search_term_string}\"},\"query-input\":\"required name=search_term_string\"}],\"inLanguage\":\"fr-FR\"},{\"@type\":\"Organization\",\"@id\":\"https:\/\/vosgesinfo.fr\/remiremontinfo\/#organization\",\"name\":\"Remiremont Info\",\"url\":\"https:\/\/vosgesinfo.fr\/remiremontinfo\/\",\"logo\":{\"@type\":\"ImageObject\",\"inLanguage\":\"fr-FR\",\"@id\":\"https:\/\/vosgesinfo.fr\/remiremontinfo\/#\/schema\/logo\/image\/\",\"url\":\"https:\/\/vosgesinfo.fr\/app\/uploads\/sites\/5\/2023\/08\/favicon-remiremontinfo.png\",\"contentUrl\":\"https:\/\/vosgesinfo.fr\/app\/uploads\/sites\/5\/2023\/08\/favicon-remiremontinfo.png\",\"width\":512,\"height\":512,\"caption\":\"Remiremont Info\"},\"image\":{\"@id\":\"https:\/\/vosgesinfo.fr\/remiremontinfo\/#\/schema\/logo\/image\/\"},\"sameAs\":[\"https:\/\/www.facebook.com\/remiremontinfo\",\"https:\/\/x.com\/VosgesInfo88\",\"https:\/\/www.youtube.com\/@vosgesinfo\"]},{\"@type\":\"Person\",\"@id\":\"https:\/\/vosgesinfo.fr\/remiremontinfo\/#\/schema\/person\/3bfd164d5218a185b1db68655a265316\",\"name\":\"C D\",\"image\":{\"@type\":\"ImageObject\",\"inLanguage\":\"fr-FR\",\"@id\":\"https:\/\/vosgesinfo.fr\/remiremontinfo\/#\/schema\/person\/image\/\",\"url\":\"https:\/\/secure.gravatar.com\/avatar\/1f9a70007336511a47468b8f1c66f922b8b7cf617b02a31149ada43893a5d48f?s=96&d=mm&r=g\",\"contentUrl\":\"https:\/\/secure.gravatar.com\/avatar\/1f9a70007336511a47468b8f1c66f922b8b7cf617b02a31149ada43893a5d48f?s=96&d=mm&r=g\",\"caption\":\"C D\"},\"url\":\"https:\/\/vosgesinfo.fr\/remiremontinfo\/author\/cedric-drevet\/\"}]}<\/script>\n<!-- \/ Yoast SEO plugin. -->","yoast_head_json":{"title":"Le Val d\u2019Ajol\u00a0: la mairie demande un accord de principe \u00e0 Fran\u00e7ois Vannson pour le maintien d\u2019un coll\u00e8ge - Remiremont Info","robots":{"index":"index","follow":"follow","max-snippet":"max-snippet:-1","max-image-preview":"max-image-preview:large","max-video-preview":"max-video-preview:-1"},"canonical":"https:\/\/vosgesinfo.fr\/remiremontinfo\/2022\/08\/val-dajol-mairie-demande-accord-de-principe-a-francois-vannson-maintien-dun-college\/","twitter_card":"summary_large_image","twitter_title":"Le Val d\u2019Ajol\u00a0: la mairie demande un accord de principe \u00e0 Fran\u00e7ois Vannson pour le maintien d\u2019un coll\u00e8ge - Remiremont Info","twitter_description":"L\u2019annonce est tomb\u00e9e ce lundi. Le Conseil D\u00e9partemental des Vosges a d\u00e9cid\u00e9 de fermer d\u00e9finitivement le coll\u00e8ge du Val d\u2019Ajol. [&hellip;]","twitter_image":"https:\/\/vosgesinfo.fr\/app\/uploads\/sites\/5\/2024\/09\/202208dsc-3145-2.jpg","twitter_creator":"@VosgesInfo88","twitter_site":"@VosgesInfo88","twitter_misc":{"\u00c9crit par":"C D","Dur\u00e9e de lecture estim\u00e9e":"3 minutes"},"schema":{"@context":"https:\/\/schema.org","@graph":[{"@type":"Article","@id":"https:\/\/vosgesinfo.fr\/remiremontinfo\/2022\/08\/val-dajol-mairie-demande-accord-de-principe-a-francois-vannson-maintien-dun-college\/#article","isPartOf":{"@id":"https:\/\/vosgesinfo.fr\/remiremontinfo\/2022\/08\/val-dajol-mairie-demande-accord-de-principe-a-francois-vannson-maintien-dun-college\/"},"author":{"name":"C D","@id":"https:\/\/vosgesinfo.fr\/remiremontinfo\/#\/schema\/person\/3bfd164d5218a185b1db68655a265316"},"headline":"Le Val d\u2019Ajol\u00a0: la mairie demande un accord de principe \u00e0 Fran\u00e7ois Vannson pour le maintien d\u2019un coll\u00e8ge","datePublished":"2022-08-24T17:04:57+00:00","dateModified":"2022-08-24T17:04:57+00:00","mainEntityOfPage":{"@id":"https:\/\/vosgesinfo.fr\/remiremontinfo\/2022\/08\/val-dajol-mairie-demande-accord-de-principe-a-francois-vannson-maintien-dun-college\/"},"wordCount":531,"commentCount":0,"publisher":{"@id":"https:\/\/vosgesinfo.fr\/remiremontinfo\/#organization"},"image":{"@id":"https:\/\/vosgesinfo.fr\/remiremontinfo\/2022\/08\/val-dajol-mairie-demande-accord-de-principe-a-francois-vannson-maintien-dun-college\/#primaryimage"},"thumbnailUrl":"https:\/\/vosgesinfo.fr\/app\/uploads\/sites\/5\/2024\/09\/202208dsc-3145-2.jpg","keywords":["anne girardin","coll\u00e8ge","ecole","femreture","maintien","mairie","val d'ajol","Vosges"],"articleSection":["A la Une","Enseignement","Le Val d'Ajol","Le Val-d'Ajol &amp; son canton"],"inLanguage":"fr-FR","potentialAction":[{"@type":"CommentAction","name":"Comment","target":["https:\/\/vosgesinfo.fr\/remiremontinfo\/2022\/08\/val-dajol-mairie-demande-accord-de-principe-a-francois-vannson-maintien-dun-college\/#respond"]}]},{"@type":"WebPage","@id":"https:\/\/vosgesinfo.fr\/remiremontinfo\/2022\/08\/val-dajol-mairie-demande-accord-de-principe-a-francois-vannson-maintien-dun-college\/","url":"https:\/\/vosgesinfo.fr\/remiremontinfo\/2022\/08\/val-dajol-mairie-demande-accord-de-principe-a-francois-vannson-maintien-dun-college\/","name":"Le Val d\u2019Ajol\u00a0: la mairie demande un accord de principe \u00e0 Fran\u00e7ois Vannson pour le maintien d\u2019un coll\u00e8ge - Remiremont Info","isPartOf":{"@id":"https:\/\/vosgesinfo.fr\/remiremontinfo\/#website"},"primaryImageOfPage":{"@id":"https:\/\/vosgesinfo.fr\/remiremontinfo\/2022\/08\/val-dajol-mairie-demande-accord-de-principe-a-francois-vannson-maintien-dun-college\/#primaryimage"},"image":{"@id":"https:\/\/vosgesinfo.fr\/remiremontinfo\/2022\/08\/val-dajol-mairie-demande-accord-de-principe-a-francois-vannson-maintien-dun-college\/#primaryimage"},"thumbnailUrl":"https:\/\/vosgesinfo.fr\/app\/uploads\/sites\/5\/2024\/09\/202208dsc-3145-2.jpg","datePublished":"2022-08-24T17:04:57+00:00","dateModified":"2022-08-24T17:04:57+00:00","breadcrumb":{"@id":"https:\/\/vosgesinfo.fr\/remiremontinfo\/2022\/08\/val-dajol-mairie-demande-accord-de-principe-a-francois-vannson-maintien-dun-college\/#breadcrumb"},"inLanguage":"fr-FR","potentialAction":[{"@type":"ReadAction","target":["https:\/\/vosgesinfo.fr\/remiremontinfo\/2022\/08\/val-dajol-mairie-demande-accord-de-principe-a-francois-vannson-maintien-dun-college\/"]}]},{"@type":"ImageObject","inLanguage":"fr-FR","@id":"https:\/\/vosgesinfo.fr\/remiremontinfo\/2022\/08\/val-dajol-mairie-demande-accord-de-principe-a-francois-vannson-maintien-dun-college\/#primaryimage","url":"https:\/\/vosgesinfo.fr\/app\/uploads\/sites\/5\/2024\/09\/202208dsc-3145-2.jpg","contentUrl":"https:\/\/vosgesinfo.fr\/app\/uploads\/sites\/5\/2024\/09\/202208dsc-3145-2.jpg","width":1600,"height":1171},{"@type":"BreadcrumbList","@id":"https:\/\/vosgesinfo.fr\/remiremontinfo\/2022\/08\/val-dajol-mairie-demande-accord-de-principe-a-francois-vannson-maintien-dun-college\/#breadcrumb","itemListElement":[{"@type":"ListItem","position":1,"name":"Home","item":"https:\/\/vosgesinfo.fr\/remiremontinfo\/"},{"@type":"ListItem","position":2,"name":"Le Val d\u2019Ajol\u00a0: la mairie demande un accord de principe \u00e0 Fran\u00e7ois Vannson pour le maintien d\u2019un coll\u00e8ge"}]},{"@type":"WebSite","@id":"https:\/\/vosgesinfo.fr\/remiremontinfo\/#website","url":"https:\/\/vosgesinfo.fr\/remiremontinfo\/","name":"Remiremont Info","description":"Toute l&#039;actualit\u00e9 de Remiremont","publisher":{"@id":"https:\/\/vosgesinfo.fr\/remiremontinfo\/#organization"},"alternateName":"Toute l'actualit\u00e9 de Remiremont","potentialAction":[{"@type":"SearchAction","target":{"@type":"EntryPoint","urlTemplate":"https:\/\/vosgesinfo.fr\/remiremontinfo\/?s={search_term_string}"},"query-input":"required name=search_term_string"}],"inLanguage":"fr-FR"},{"@type":"Organization","@id":"https:\/\/vosgesinfo.fr\/remiremontinfo\/#organization","name":"Remiremont Info","url":"https:\/\/vosgesinfo.fr\/remiremontinfo\/","logo":{"@type":"ImageObject","inLanguage":"fr-FR","@id":"https:\/\/vosgesinfo.fr\/remiremontinfo\/#\/schema\/logo\/image\/","url":"https:\/\/vosgesinfo.fr\/app\/uploads\/sites\/5\/2023\/08\/favicon-remiremontinfo.png","contentUrl":"https:\/\/vosgesinfo.fr\/app\/uploads\/sites\/5\/2023\/08\/favicon-remiremontinfo.png","width":512,"height":512,"caption":"Remiremont Info"},"image":{"@id":"https:\/\/vosgesinfo.fr\/remiremontinfo\/#\/schema\/logo\/image\/"},"sameAs":["https:\/\/www.facebook.com\/remiremontinfo","https:\/\/x.com\/VosgesInfo88","https:\/\/www.youtube.com\/@vosgesinfo"]},{"@type":"Person","@id":"https:\/\/vosgesinfo.fr\/remiremontinfo\/#\/schema\/person\/3bfd164d5218a185b1db68655a265316","name":"C D","image":{"@type":"ImageObject","inLanguage":"fr-FR","@id":"https:\/\/vosgesinfo.fr\/remiremontinfo\/#\/schema\/person\/image\/","url":"https:\/\/secure.gravatar.com\/avatar\/1f9a70007336511a47468b8f1c66f922b8b7cf617b02a31149ada43893a5d48f?s=96&d=mm&r=g","contentUrl":"https:\/\/secure.gravatar.com\/avatar\/1f9a70007336511a47468b8f1c66f922b8b7cf617b02a31149ada43893a5d48f?s=96&d=mm&r=g","caption":"C D"},"url":"https:\/\/vosgesinfo.fr\/remiremontinfo\/author\/cedric-drevet\/"}]}},"_links":{"self":[{"href":"https:\/\/vosgesinfo.fr\/remiremontinfo\/wp-json\/wp\/v2\/posts\/60790","targetHints":{"allow":["GET"]}}],"collection":[{"href":"https:\/\/vosgesinfo.fr\/remiremontinfo\/wp-json\/wp\/v2\/posts"}],"about":[{"href":"https:\/\/vosgesinfo.fr\/remiremontinfo\/wp-json\/wp\/v2\/types\/post"}],"author":[{"embeddable":true,"href":"https:\/\/vosgesinfo.fr\/remiremontinfo\/wp-json\/wp\/v2\/users\/407"}],"replies":[{"embeddable":true,"href":"https:\/\/vosgesinfo.fr\/remiremontinfo\/wp-json\/wp\/v2\/comments?post=60790"}],"version-history":[{"count":0,"href":"https:\/\/vosgesinfo.fr\/remiremontinfo\/wp-json\/wp\/v2\/posts\/60790\/revisions"}],"wp:featuredmedia":[{"embeddable":true,"href":"https:\/\/vosgesinfo.fr\/remiremontinfo\/wp-json\/wp\/v2\/media\/60791"}],"wp:attachment":[{"href":"https:\/\/vosgesinfo.fr\/remiremontinfo\/wp-json\/wp\/v2\/media?parent=60790"}],"wp:term":[{"taxonomy":"category","embeddable":true,"href":"https:\/\/vosgesinfo.fr\/remiremontinfo\/wp-json\/wp\/v2\/categories?post=60790"},{"taxonomy":"post_tag","embeddable":true,"href":"https:\/\/vosgesinfo.fr\/remiremontinfo\/wp-json\/wp\/v2\/tags?post=60790"}],"curies":[{"name":"wp","href":"https:\/\/api.w.org\/{rel}","templated":true}]}}