{"id":6098,"date":"2024-04-27T09:25:25","date_gmt":"2024-04-27T07:25:25","guid":{"rendered":"https:\/\/vosgesinfo.fr\/remiremontinfo\/?p=6098"},"modified":"2024-04-28T07:49:39","modified_gmt":"2024-04-28T05:49:39","slug":"melissa-morel-et-anael-aubry-par-amour-du-traditionnel","status":"publish","type":"post","link":"https:\/\/vosgesinfo.fr\/remiremontinfo\/2024\/04\/melissa-morel-et-anael-aubry-par-amour-du-traditionnel\/","title":{"rendered":"M\u00e9lissa Morel et Ana\u00ebl Aubry par amour&#8230;du traditionnel"},"content":{"rendered":"\n\t\t<style type=\"text\/css\">\n\t\t\t#gallery-1 {\n\t\t\t\tmargin: auto;\n\t\t\t}\n\t\t\t#gallery-1 .gallery-item {\n\t\t\t\tfloat: left;\n\t\t\t\tmargin-top: 10px;\n\t\t\t\ttext-align: center;\n\t\t\t\twidth: 33%;\n\t\t\t}\n\t\t\t#gallery-1 img {\n\t\t\t\tborder: 2px solid #cfcfcf;\n\t\t\t}\n\t\t\t#gallery-1 .gallery-caption {\n\t\t\t\tmargin-left: 0;\n\t\t\t}\n\t\t\t\/* see gallery_shortcode() in wp-includes\/media.php *\/\n\t\t<\/style>\n\t\t<div id='gallery-1' class='gallery galleryid-6098 gallery-columns-3 gallery-size-large'><dl class='gallery-item'>\n\t\t\t<dt class='gallery-icon portrait'>\n\t\t\t\t<a href='https:\/\/vosgesinfo.fr\/app\/uploads\/sites\/5\/2024\/04\/as2.jpeg'><img decoding=\"async\" width=\"769\" height=\"1024\" src=\"https:\/\/vosgesinfo.fr\/app\/uploads\/sites\/5\/2024\/04\/as2-769x1024.jpeg\" class=\"attachment-large size-large\" alt=\"\" srcset=\"https:\/\/vosgesinfo.fr\/app\/uploads\/sites\/5\/2024\/04\/as2-769x1024.jpeg 769w, https:\/\/vosgesinfo.fr\/app\/uploads\/sites\/5\/2024\/04\/as2-225x300.jpeg 225w, https:\/\/vosgesinfo.fr\/app\/uploads\/sites\/5\/2024\/04\/as2-768x1023.jpeg 768w, https:\/\/vosgesinfo.fr\/app\/uploads\/sites\/5\/2024\/04\/as2-1153x1536.jpeg 1153w, https:\/\/vosgesinfo.fr\/app\/uploads\/sites\/5\/2024\/04\/as2.jpeg 1501w\" sizes=\"(max-width: 769px) 100vw, 769px\" \/><\/a>\n\t\t\t<\/dt><\/dl><dl class='gallery-item'>\n\t\t\t<dt class='gallery-icon portrait'>\n\t\t\t\t<a href='https:\/\/vosgesinfo.fr\/app\/uploads\/sites\/5\/2024\/04\/as1.jpeg'><img decoding=\"async\" width=\"769\" height=\"1024\" src=\"https:\/\/vosgesinfo.fr\/app\/uploads\/sites\/5\/2024\/04\/as1-769x1024.jpeg\" class=\"attachment-large size-large\" alt=\"\" srcset=\"https:\/\/vosgesinfo.fr\/app\/uploads\/sites\/5\/2024\/04\/as1-769x1024.jpeg 769w, https:\/\/vosgesinfo.fr\/app\/uploads\/sites\/5\/2024\/04\/as1-225x300.jpeg 225w, https:\/\/vosgesinfo.fr\/app\/uploads\/sites\/5\/2024\/04\/as1-768x1023.jpeg 768w, https:\/\/vosgesinfo.fr\/app\/uploads\/sites\/5\/2024\/04\/as1-1153x1536.jpeg 1153w, https:\/\/vosgesinfo.fr\/app\/uploads\/sites\/5\/2024\/04\/as1.jpeg 1501w\" sizes=\"(max-width: 769px) 100vw, 769px\" \/><\/a>\n\t\t\t<\/dt><\/dl><dl class='gallery-item'>\n\t\t\t<dt class='gallery-icon landscape'>\n\t\t\t\t<a href='https:\/\/vosgesinfo.fr\/app\/uploads\/sites\/5\/2024\/04\/20240425-183049-scaled.jpg'><img decoding=\"async\" width=\"1024\" height=\"768\" src=\"https:\/\/vosgesinfo.fr\/app\/uploads\/sites\/5\/2024\/04\/20240425-183049-1024x768.jpg\" class=\"attachment-large size-large\" alt=\"\" srcset=\"https:\/\/vosgesinfo.fr\/app\/uploads\/sites\/5\/2024\/04\/20240425-183049-1024x768.jpg 1024w, https:\/\/vosgesinfo.fr\/app\/uploads\/sites\/5\/2024\/04\/20240425-183049-300x225.jpg 300w, https:\/\/vosgesinfo.fr\/app\/uploads\/sites\/5\/2024\/04\/20240425-183049-768x576.jpg 768w, https:\/\/vosgesinfo.fr\/app\/uploads\/sites\/5\/2024\/04\/20240425-183049-1536x1152.jpg 1536w, https:\/\/vosgesinfo.fr\/app\/uploads\/sites\/5\/2024\/04\/20240425-183049-2048x1536.jpg 2048w\" sizes=\"(max-width: 1024px) 100vw, 1024px\" \/><\/a>\n\t\t\t<\/dt><\/dl><br style=\"clear: both\" \/>\n\t\t<\/div>\n\n<p>Il est des moments dans une vie qu&rsquo;il ne faut pas rater. Ana\u00eal Aubry et M\u00e9lissa Morel le savent depuis qu&rsquo;ils se sont rencontr\u00e9s et qu&rsquo;ils partagent leur quotidien 24h sur 24. L&rsquo;histoire du couple d\u00e9bute \u00e0 l\u2019\u00e9cole h\u00f4teli\u00e8re de G\u00e9rardmer,\u00a0 et se poursuit aujourd&rsquo;hui \u00e0 l&rsquo;Auberge de Saint Am\u00e9 o\u00f9 ils viennent de poser leurs b\u00e9rets sur le piano des cuisines et sur les dessertes de la salle de restaurant de l&rsquo;\u00e9tablissement. (70 couverts disponibles)<\/p>\n<p>Le logo ( le b\u00e9ret donc) est symbolique de la cuisine propos\u00e9e dans la grande tradition fran\u00e7aise.\u00a0 Pour la petite histoire,\u00a0 Ana\u00ebl est dans la transmission du savoir familial l\u00e9gu\u00e9 par son p\u00e8re, ancien boucher-charcutier \u00e0 Saint-Di\u00e9-des-Vosges. Rien d&rsquo;\u00e9tonnant de retrouver aux menus de l&rsquo;\u00e9tablissement des sp\u00e9cificit\u00e9s \u00ab\u00a0Aubryennes\u00a0\u00bb (n\u00e9ologisme).<\/p>\n<p>Les saisons en alternance en Bretagne et dans les Alpes semblent bien loin. Le couple et toute l&rsquo;\u00e9quipe se concentrent maintenant sur l&rsquo;accueil des clients en proposant\u00a0 des plats de brasserie soign\u00e9s o\u00f9 l&rsquo;on retrouve des incontournables comme de fabuleuses terrines maison, du jambon blanc \u00e0 la fa\u00e7on d&rsquo;Ana\u00ebl et papa et tous les produits fum\u00e9s d\u00e9clin\u00e9s avec amour. Cuisiner et recevoir avec le c\u0153ur est en effet une constante des n\u00e9o patrons.<\/p>\n<p>Maintenant, y a plus qu&rsquo;\u00e0 pour les nouveaux\u00a0 propri\u00e9taires et surtout pour tous les clients invit\u00e9s \u00e0 d\u00e9couvrir le lieu de vie revu et corrig\u00e9 avec un\u00a0 clin d\u2019\u0153il particulier et chaleureux en direction de <span class=\"x193iq5w xeuugli x13faqbe x1vvkbs x1xmvt09 x1lliihq x1s928wv xhkezso x1gmr53x x1cpjm7i x1fgarty x1943h6x xudqn12 x3x7a5m x6prxxf xvq8zen xo1l8bm xzsf02u x1yc453h\" dir=\"auto\">Soizic et Patrice les passeurs de t\u00e9moin.<\/span><\/p>\n<p>A la fa\u00e7on d&rsquo;un guide rouge connu et reconnu de presque tous, un d\u00e9tour s&rsquo;impose.<\/p>\n<p><strong>L&rsquo;auberge de Saint-Am\u00e9, 29, grande rue. T\u00e9l : 03\/29\/61\/21\/82<\/strong><\/p>\n<p><strong>ww.laubergedesaintame.com.<\/strong><\/p>\n<p><strong>Ferm\u00e9 uniquement le mardi et mercredi soir<\/strong><\/p>\n<p>&nbsp;<\/p>\n<p>&nbsp;<\/p>\n","protected":false},"excerpt":{"rendered":"<p>Il est des moments dans une vie qu&rsquo;il ne faut pas rater. Ana\u00eal Aubry et M\u00e9lissa Morel le savent depuis [&hellip;]<\/p>\n","protected":false},"author":391,"featured_media":6108,"comment_status":"open","ping_status":"open","sticky":false,"template":"","format":"standard","meta":{"footnotes":""},"categories":[26,62,43,18],"tags":[],"class_list":["post-6098","post","type-post","status-publish","format-standard","has-post-thumbnail","hentry","category-a-la-une","category-gerardmer","category-remiremont-remiremont-son-canton","category-vosges"],"acf":[],"yoast_head":"<!-- This site is optimized with the Yoast SEO plugin v22.5 - https:\/\/yoast.com\/wordpress\/plugins\/seo\/ -->\n<title>M\u00e9lissa Morel et Ana\u00ebl Aubry par amour...du traditionnel - Remiremont Info<\/title>\n<meta name=\"robots\" content=\"index, follow, max-snippet:-1, max-image-preview:large, max-video-preview:-1\" \/>\n<link rel=\"canonical\" href=\"https:\/\/vosgesinfo.fr\/remiremontinfo\/2024\/04\/melissa-morel-et-anael-aubry-par-amour-du-traditionnel\/\" \/>\n<meta name=\"twitter:card\" content=\"summary_large_image\" \/>\n<meta name=\"twitter:title\" content=\"M\u00e9lissa Morel et Ana\u00ebl Aubry par amour...du traditionnel - Remiremont Info\" \/>\n<meta name=\"twitter:description\" content=\"Il est des moments dans une vie qu&rsquo;il ne faut pas rater. Ana\u00eal Aubry et M\u00e9lissa Morel le savent depuis [&hellip;]\" \/>\n<meta name=\"twitter:image\" content=\"https:\/\/vosgesinfo.fr\/app\/uploads\/sites\/5\/2024\/04\/as1.jpeg\" \/>\n<meta name=\"twitter:creator\" content=\"@VosgesInfo88\" \/>\n<meta name=\"twitter:site\" content=\"@VosgesInfo88\" \/>\n<meta name=\"twitter:label1\" content=\"\u00c9crit par\" \/>\n\t<meta name=\"twitter:data1\" content=\"La redaction\" \/>\n\t<meta name=\"twitter:label2\" content=\"Dur\u00e9e de lecture estim\u00e9e\" \/>\n\t<meta name=\"twitter:data2\" content=\"2 minutes\" \/>\n<script type=\"application\/ld+json\" class=\"yoast-schema-graph\">{\"@context\":\"https:\/\/schema.org\",\"@graph\":[{\"@type\":\"Article\",\"@id\":\"https:\/\/vosgesinfo.fr\/remiremontinfo\/2024\/04\/melissa-morel-et-anael-aubry-par-amour-du-traditionnel\/#article\",\"isPartOf\":{\"@id\":\"https:\/\/vosgesinfo.fr\/remiremontinfo\/2024\/04\/melissa-morel-et-anael-aubry-par-amour-du-traditionnel\/\"},\"author\":{\"name\":\"La redaction\",\"@id\":\"https:\/\/vosgesinfo.fr\/remiremontinfo\/#\/schema\/person\/27a3695b06db98895b354c0765cdfc31\"},\"headline\":\"M\u00e9lissa Morel et Ana\u00ebl Aubry par amour&#8230;du traditionnel\",\"datePublished\":\"2024-04-27T07:25:25+00:00\",\"dateModified\":\"2024-04-28T05:49:39+00:00\",\"mainEntityOfPage\":{\"@id\":\"https:\/\/vosgesinfo.fr\/remiremontinfo\/2024\/04\/melissa-morel-et-anael-aubry-par-amour-du-traditionnel\/\"},\"wordCount\":335,\"commentCount\":1,\"publisher\":{\"@id\":\"https:\/\/vosgesinfo.fr\/remiremontinfo\/#organization\"},\"image\":{\"@id\":\"https:\/\/vosgesinfo.fr\/remiremontinfo\/2024\/04\/melissa-morel-et-anael-aubry-par-amour-du-traditionnel\/#primaryimage\"},\"thumbnailUrl\":\"https:\/\/vosgesinfo.fr\/app\/uploads\/sites\/5\/2024\/04\/as1.jpeg\",\"articleSection\":[\"A la Une\",\"G\u00e9rardmer\",\"Remiremont\",\"Vosges\"],\"inLanguage\":\"fr-FR\",\"potentialAction\":[{\"@type\":\"CommentAction\",\"name\":\"Comment\",\"target\":[\"https:\/\/vosgesinfo.fr\/remiremontinfo\/2024\/04\/melissa-morel-et-anael-aubry-par-amour-du-traditionnel\/#respond\"]}]},{\"@type\":\"WebPage\",\"@id\":\"https:\/\/vosgesinfo.fr\/remiremontinfo\/2024\/04\/melissa-morel-et-anael-aubry-par-amour-du-traditionnel\/\",\"url\":\"https:\/\/vosgesinfo.fr\/remiremontinfo\/2024\/04\/melissa-morel-et-anael-aubry-par-amour-du-traditionnel\/\",\"name\":\"M\u00e9lissa Morel et Ana\u00ebl Aubry par amour...du traditionnel - Remiremont Info\",\"isPartOf\":{\"@id\":\"https:\/\/vosgesinfo.fr\/remiremontinfo\/#website\"},\"primaryImageOfPage\":{\"@id\":\"https:\/\/vosgesinfo.fr\/remiremontinfo\/2024\/04\/melissa-morel-et-anael-aubry-par-amour-du-traditionnel\/#primaryimage\"},\"image\":{\"@id\":\"https:\/\/vosgesinfo.fr\/remiremontinfo\/2024\/04\/melissa-morel-et-anael-aubry-par-amour-du-traditionnel\/#primaryimage\"},\"thumbnailUrl\":\"https:\/\/vosgesinfo.fr\/app\/uploads\/sites\/5\/2024\/04\/as1.jpeg\",\"datePublished\":\"2024-04-27T07:25:25+00:00\",\"dateModified\":\"2024-04-28T05:49:39+00:00\",\"breadcrumb\":{\"@id\":\"https:\/\/vosgesinfo.fr\/remiremontinfo\/2024\/04\/melissa-morel-et-anael-aubry-par-amour-du-traditionnel\/#breadcrumb\"},\"inLanguage\":\"fr-FR\",\"potentialAction\":[{\"@type\":\"ReadAction\",\"target\":[\"https:\/\/vosgesinfo.fr\/remiremontinfo\/2024\/04\/melissa-morel-et-anael-aubry-par-amour-du-traditionnel\/\"]}]},{\"@type\":\"ImageObject\",\"inLanguage\":\"fr-FR\",\"@id\":\"https:\/\/vosgesinfo.fr\/remiremontinfo\/2024\/04\/melissa-morel-et-anael-aubry-par-amour-du-traditionnel\/#primaryimage\",\"url\":\"https:\/\/vosgesinfo.fr\/app\/uploads\/sites\/5\/2024\/04\/as1.jpeg\",\"contentUrl\":\"https:\/\/vosgesinfo.fr\/app\/uploads\/sites\/5\/2024\/04\/as1.jpeg\",\"width\":1501,\"height\":2000},{\"@type\":\"BreadcrumbList\",\"@id\":\"https:\/\/vosgesinfo.fr\/remiremontinfo\/2024\/04\/melissa-morel-et-anael-aubry-par-amour-du-traditionnel\/#breadcrumb\",\"itemListElement\":[{\"@type\":\"ListItem\",\"position\":1,\"name\":\"Home\",\"item\":\"https:\/\/vosgesinfo.fr\/remiremontinfo\/\"},{\"@type\":\"ListItem\",\"position\":2,\"name\":\"M\u00e9lissa Morel et Ana\u00ebl Aubry par amour&#8230;du traditionnel\"}]},{\"@type\":\"WebSite\",\"@id\":\"https:\/\/vosgesinfo.fr\/remiremontinfo\/#website\",\"url\":\"https:\/\/vosgesinfo.fr\/remiremontinfo\/\",\"name\":\"Remiremont Info\",\"description\":\"Toute l&#039;actualit\u00e9 de Remiremont\",\"publisher\":{\"@id\":\"https:\/\/vosgesinfo.fr\/remiremontinfo\/#organization\"},\"alternateName\":\"Toute l'actualit\u00e9 de Remiremont\",\"potentialAction\":[{\"@type\":\"SearchAction\",\"target\":{\"@type\":\"EntryPoint\",\"urlTemplate\":\"https:\/\/vosgesinfo.fr\/remiremontinfo\/?s={search_term_string}\"},\"query-input\":\"required name=search_term_string\"}],\"inLanguage\":\"fr-FR\"},{\"@type\":\"Organization\",\"@id\":\"https:\/\/vosgesinfo.fr\/remiremontinfo\/#organization\",\"name\":\"Remiremont Info\",\"url\":\"https:\/\/vosgesinfo.fr\/remiremontinfo\/\",\"logo\":{\"@type\":\"ImageObject\",\"inLanguage\":\"fr-FR\",\"@id\":\"https:\/\/vosgesinfo.fr\/remiremontinfo\/#\/schema\/logo\/image\/\",\"url\":\"https:\/\/vosgesinfo.fr\/app\/uploads\/sites\/5\/2023\/08\/favicon-remiremontinfo.png\",\"contentUrl\":\"https:\/\/vosgesinfo.fr\/app\/uploads\/sites\/5\/2023\/08\/favicon-remiremontinfo.png\",\"width\":512,\"height\":512,\"caption\":\"Remiremont Info\"},\"image\":{\"@id\":\"https:\/\/vosgesinfo.fr\/remiremontinfo\/#\/schema\/logo\/image\/\"},\"sameAs\":[\"https:\/\/www.facebook.com\/remiremontinfo\",\"https:\/\/x.com\/VosgesInfo88\",\"https:\/\/www.youtube.com\/@vosgesinfo\"]},{\"@type\":\"Person\",\"@id\":\"https:\/\/vosgesinfo.fr\/remiremontinfo\/#\/schema\/person\/27a3695b06db98895b354c0765cdfc31\",\"name\":\"La redaction\",\"image\":{\"@type\":\"ImageObject\",\"inLanguage\":\"fr-FR\",\"@id\":\"https:\/\/vosgesinfo.fr\/remiremontinfo\/#\/schema\/person\/image\/\",\"url\":\"https:\/\/secure.gravatar.com\/avatar\/64c76a78e501cedee55736f43f332df901e1896ae9cd8fad269ae2236dd0e8b6?s=96&d=mm&r=g\",\"contentUrl\":\"https:\/\/secure.gravatar.com\/avatar\/64c76a78e501cedee55736f43f332df901e1896ae9cd8fad269ae2236dd0e8b6?s=96&d=mm&r=g\",\"caption\":\"La redaction\"},\"url\":\"https:\/\/vosgesinfo.fr\/remiremontinfo\/author\/la-redaction\/\"}]}<\/script>\n<!-- \/ Yoast SEO plugin. -->","yoast_head_json":{"title":"M\u00e9lissa Morel et Ana\u00ebl Aubry par amour...du traditionnel - Remiremont Info","robots":{"index":"index","follow":"follow","max-snippet":"max-snippet:-1","max-image-preview":"max-image-preview:large","max-video-preview":"max-video-preview:-1"},"canonical":"https:\/\/vosgesinfo.fr\/remiremontinfo\/2024\/04\/melissa-morel-et-anael-aubry-par-amour-du-traditionnel\/","twitter_card":"summary_large_image","twitter_title":"M\u00e9lissa Morel et Ana\u00ebl Aubry par amour...du traditionnel - Remiremont Info","twitter_description":"Il est des moments dans une vie qu&rsquo;il ne faut pas rater. Ana\u00eal Aubry et M\u00e9lissa Morel le savent depuis [&hellip;]","twitter_image":"https:\/\/vosgesinfo.fr\/app\/uploads\/sites\/5\/2024\/04\/as1.jpeg","twitter_creator":"@VosgesInfo88","twitter_site":"@VosgesInfo88","twitter_misc":{"\u00c9crit par":"La redaction","Dur\u00e9e de lecture estim\u00e9e":"2 minutes"},"schema":{"@context":"https:\/\/schema.org","@graph":[{"@type":"Article","@id":"https:\/\/vosgesinfo.fr\/remiremontinfo\/2024\/04\/melissa-morel-et-anael-aubry-par-amour-du-traditionnel\/#article","isPartOf":{"@id":"https:\/\/vosgesinfo.fr\/remiremontinfo\/2024\/04\/melissa-morel-et-anael-aubry-par-amour-du-traditionnel\/"},"author":{"name":"La redaction","@id":"https:\/\/vosgesinfo.fr\/remiremontinfo\/#\/schema\/person\/27a3695b06db98895b354c0765cdfc31"},"headline":"M\u00e9lissa Morel et Ana\u00ebl Aubry par amour&#8230;du traditionnel","datePublished":"2024-04-27T07:25:25+00:00","dateModified":"2024-04-28T05:49:39+00:00","mainEntityOfPage":{"@id":"https:\/\/vosgesinfo.fr\/remiremontinfo\/2024\/04\/melissa-morel-et-anael-aubry-par-amour-du-traditionnel\/"},"wordCount":335,"commentCount":1,"publisher":{"@id":"https:\/\/vosgesinfo.fr\/remiremontinfo\/#organization"},"image":{"@id":"https:\/\/vosgesinfo.fr\/remiremontinfo\/2024\/04\/melissa-morel-et-anael-aubry-par-amour-du-traditionnel\/#primaryimage"},"thumbnailUrl":"https:\/\/vosgesinfo.fr\/app\/uploads\/sites\/5\/2024\/04\/as1.jpeg","articleSection":["A la Une","G\u00e9rardmer","Remiremont","Vosges"],"inLanguage":"fr-FR","potentialAction":[{"@type":"CommentAction","name":"Comment","target":["https:\/\/vosgesinfo.fr\/remiremontinfo\/2024\/04\/melissa-morel-et-anael-aubry-par-amour-du-traditionnel\/#respond"]}]},{"@type":"WebPage","@id":"https:\/\/vosgesinfo.fr\/remiremontinfo\/2024\/04\/melissa-morel-et-anael-aubry-par-amour-du-traditionnel\/","url":"https:\/\/vosgesinfo.fr\/remiremontinfo\/2024\/04\/melissa-morel-et-anael-aubry-par-amour-du-traditionnel\/","name":"M\u00e9lissa Morel et Ana\u00ebl Aubry par amour...du traditionnel - Remiremont Info","isPartOf":{"@id":"https:\/\/vosgesinfo.fr\/remiremontinfo\/#website"},"primaryImageOfPage":{"@id":"https:\/\/vosgesinfo.fr\/remiremontinfo\/2024\/04\/melissa-morel-et-anael-aubry-par-amour-du-traditionnel\/#primaryimage"},"image":{"@id":"https:\/\/vosgesinfo.fr\/remiremontinfo\/2024\/04\/melissa-morel-et-anael-aubry-par-amour-du-traditionnel\/#primaryimage"},"thumbnailUrl":"https:\/\/vosgesinfo.fr\/app\/uploads\/sites\/5\/2024\/04\/as1.jpeg","datePublished":"2024-04-27T07:25:25+00:00","dateModified":"2024-04-28T05:49:39+00:00","breadcrumb":{"@id":"https:\/\/vosgesinfo.fr\/remiremontinfo\/2024\/04\/melissa-morel-et-anael-aubry-par-amour-du-traditionnel\/#breadcrumb"},"inLanguage":"fr-FR","potentialAction":[{"@type":"ReadAction","target":["https:\/\/vosgesinfo.fr\/remiremontinfo\/2024\/04\/melissa-morel-et-anael-aubry-par-amour-du-traditionnel\/"]}]},{"@type":"ImageObject","inLanguage":"fr-FR","@id":"https:\/\/vosgesinfo.fr\/remiremontinfo\/2024\/04\/melissa-morel-et-anael-aubry-par-amour-du-traditionnel\/#primaryimage","url":"https:\/\/vosgesinfo.fr\/app\/uploads\/sites\/5\/2024\/04\/as1.jpeg","contentUrl":"https:\/\/vosgesinfo.fr\/app\/uploads\/sites\/5\/2024\/04\/as1.jpeg","width":1501,"height":2000},{"@type":"BreadcrumbList","@id":"https:\/\/vosgesinfo.fr\/remiremontinfo\/2024\/04\/melissa-morel-et-anael-aubry-par-amour-du-traditionnel\/#breadcrumb","itemListElement":[{"@type":"ListItem","position":1,"name":"Home","item":"https:\/\/vosgesinfo.fr\/remiremontinfo\/"},{"@type":"ListItem","position":2,"name":"M\u00e9lissa Morel et Ana\u00ebl Aubry par amour&#8230;du traditionnel"}]},{"@type":"WebSite","@id":"https:\/\/vosgesinfo.fr\/remiremontinfo\/#website","url":"https:\/\/vosgesinfo.fr\/remiremontinfo\/","name":"Remiremont Info","description":"Toute l&#039;actualit\u00e9 de Remiremont","publisher":{"@id":"https:\/\/vosgesinfo.fr\/remiremontinfo\/#organization"},"alternateName":"Toute l'actualit\u00e9 de Remiremont","potentialAction":[{"@type":"SearchAction","target":{"@type":"EntryPoint","urlTemplate":"https:\/\/vosgesinfo.fr\/remiremontinfo\/?s={search_term_string}"},"query-input":"required name=search_term_string"}],"inLanguage":"fr-FR"},{"@type":"Organization","@id":"https:\/\/vosgesinfo.fr\/remiremontinfo\/#organization","name":"Remiremont Info","url":"https:\/\/vosgesinfo.fr\/remiremontinfo\/","logo":{"@type":"ImageObject","inLanguage":"fr-FR","@id":"https:\/\/vosgesinfo.fr\/remiremontinfo\/#\/schema\/logo\/image\/","url":"https:\/\/vosgesinfo.fr\/app\/uploads\/sites\/5\/2023\/08\/favicon-remiremontinfo.png","contentUrl":"https:\/\/vosgesinfo.fr\/app\/uploads\/sites\/5\/2023\/08\/favicon-remiremontinfo.png","width":512,"height":512,"caption":"Remiremont Info"},"image":{"@id":"https:\/\/vosgesinfo.fr\/remiremontinfo\/#\/schema\/logo\/image\/"},"sameAs":["https:\/\/www.facebook.com\/remiremontinfo","https:\/\/x.com\/VosgesInfo88","https:\/\/www.youtube.com\/@vosgesinfo"]},{"@type":"Person","@id":"https:\/\/vosgesinfo.fr\/remiremontinfo\/#\/schema\/person\/27a3695b06db98895b354c0765cdfc31","name":"La redaction","image":{"@type":"ImageObject","inLanguage":"fr-FR","@id":"https:\/\/vosgesinfo.fr\/remiremontinfo\/#\/schema\/person\/image\/","url":"https:\/\/secure.gravatar.com\/avatar\/64c76a78e501cedee55736f43f332df901e1896ae9cd8fad269ae2236dd0e8b6?s=96&d=mm&r=g","contentUrl":"https:\/\/secure.gravatar.com\/avatar\/64c76a78e501cedee55736f43f332df901e1896ae9cd8fad269ae2236dd0e8b6?s=96&d=mm&r=g","caption":"La redaction"},"url":"https:\/\/vosgesinfo.fr\/remiremontinfo\/author\/la-redaction\/"}]}},"_links":{"self":[{"href":"https:\/\/vosgesinfo.fr\/remiremontinfo\/wp-json\/wp\/v2\/posts\/6098","targetHints":{"allow":["GET"]}}],"collection":[{"href":"https:\/\/vosgesinfo.fr\/remiremontinfo\/wp-json\/wp\/v2\/posts"}],"about":[{"href":"https:\/\/vosgesinfo.fr\/remiremontinfo\/wp-json\/wp\/v2\/types\/post"}],"author":[{"embeddable":true,"href":"https:\/\/vosgesinfo.fr\/remiremontinfo\/wp-json\/wp\/v2\/users\/391"}],"replies":[{"embeddable":true,"href":"https:\/\/vosgesinfo.fr\/remiremontinfo\/wp-json\/wp\/v2\/comments?post=6098"}],"version-history":[{"count":19,"href":"https:\/\/vosgesinfo.fr\/remiremontinfo\/wp-json\/wp\/v2\/posts\/6098\/revisions"}],"predecessor-version":[{"id":6132,"href":"https:\/\/vosgesinfo.fr\/remiremontinfo\/wp-json\/wp\/v2\/posts\/6098\/revisions\/6132"}],"wp:featuredmedia":[{"embeddable":true,"href":"https:\/\/vosgesinfo.fr\/remiremontinfo\/wp-json\/wp\/v2\/media\/6108"}],"wp:attachment":[{"href":"https:\/\/vosgesinfo.fr\/remiremontinfo\/wp-json\/wp\/v2\/media?parent=6098"}],"wp:term":[{"taxonomy":"category","embeddable":true,"href":"https:\/\/vosgesinfo.fr\/remiremontinfo\/wp-json\/wp\/v2\/categories?post=6098"},{"taxonomy":"post_tag","embeddable":true,"href":"https:\/\/vosgesinfo.fr\/remiremontinfo\/wp-json\/wp\/v2\/tags?post=6098"}],"curies":[{"name":"wp","href":"https:\/\/api.w.org\/{rel}","templated":true}]}}