{"id":61351,"date":"2024-09-20T15:01:43","date_gmt":"2024-09-20T13:01:43","guid":{"rendered":"https:\/\/vosgesinfo.fr\/remiremontinfo\/?p=61351"},"modified":"2024-09-20T15:01:43","modified_gmt":"2024-09-20T13:01:43","slug":"80-ans-de-la-liberation-remiremont-pouxeux-le-syndicat-retrouvez-les-differents-programmes","status":"publish","type":"post","link":"https:\/\/vosgesinfo.fr\/remiremontinfo\/2024\/09\/80-ans-de-la-liberation-remiremont-pouxeux-le-syndicat-retrouvez-les-differents-programmes\/","title":{"rendered":"80 ans de la Lib\u00e9ration &#8211; Remiremont, Pouxeux, Le Syndicat : Retrouvez les diff\u00e9rents programmes"},"content":{"rendered":"<div id=\"attachment_32865\" style=\"width: 810px\" class=\"wp-caption aligncenter\"><a href=\"https:\/\/vosgesinfo.fr\/app\/uploads\/sites\/5\/2024\/09\/20201076eme-anniversaire-de-la-liberation-de-saulxures-3-1-1080x720-1.jpg\"><img decoding=\"async\" aria-describedby=\"caption-attachment-32865\" class=\"size-full wp-image-32865\" src=\"https:\/\/vosgesinfo.fr\/app\/uploads\/sites\/5\/2024\/09\/20201076eme-anniversaire-de-la-liberation-de-saulxures-3-1-1080x720-1.jpg\" alt=\"\" width=\"800\" height=\"533\" data-wp-editing=\"1\" srcset=\"https:\/\/vosgesinfo.fr\/app\/uploads\/sites\/5\/2024\/09\/20201076eme-anniversaire-de-la-liberation-de-saulxures-3-1-1080x720-1.jpg 800w, https:\/\/vosgesinfo.fr\/app\/uploads\/sites\/5\/2024\/09\/20201076eme-anniversaire-de-la-liberation-de-saulxures-3-1-1080x720-1-300x200.jpg 300w, https:\/\/vosgesinfo.fr\/app\/uploads\/sites\/5\/2024\/09\/20201076eme-anniversaire-de-la-liberation-de-saulxures-3-1-1080x720-1-768x512.jpg 768w\" sizes=\"(max-width: 800px) 100vw, 800px\" \/><\/a><p id=\"caption-attachment-32865\" class=\"wp-caption-text\">Photographie d&rsquo;archives.<\/p><\/div>\n<p>&nbsp;<\/p>\n<p><strong>Quelles manifestations sont organis\u00e9es pour les 80 ans de la Lib\u00e9ration dans le secteur de Remiremont ? Du vendredi 20 au dimanche 22 septembre, plusieurs \u00e9v\u00e8nements sont pr\u00e9vus, nous avons dress\u00e9 une liste par commune pour vous :\u00a0<\/strong><\/p>\n<p>&nbsp;<\/p>\n<p style=\"text-align: center;\"><span style=\"font-size: 14pt;\"><strong>Pouxeux : <\/strong><\/span>Samedi et dimanche &#8211; 80 ans de la lib\u00e9ration de Pouxeux &#8211;<\/p>\n<p>D\u00e9fil\u00e9 de v\u00e9hicules militaires anciens, c\u00e9r\u00e9monie et inauguration d&rsquo;une plaque, exposition photo et mat\u00e9riel militaire, visite ext\u00e9rieure du Fort d&rsquo;Arches. <a href=\"https:\/\/vosgesinfo.fr\/remiremontinfo\/2024\/08\/pouxeux-celebre-les-80-ans-de-sa-liberation-les-21-et-22-septembre\/\" target=\"_blank\" rel=\"noopener\">Voir le programme ici.<\/a><\/p>\n<p>&nbsp;<\/p>\n<p style=\"text-align: center;\"><span style=\"font-size: 14pt;\"><strong>Le Syndicat<\/strong><\/span> : Dimanche &#8211; 80 ans de la lib\u00e9ration de Le Syndicat &#8211;<\/p>\n<p>&nbsp;<\/p>\n<p>Une marche du souvenir prendra le d\u00e9part \u00e0 la gare de Nol. Deux d\u00e9parts sont pr\u00e9vus \u00e0 9 heures et 14 heures. Dur\u00e9e pr\u00e9visionnelle de la marche : trois heures. \u00c0 destination des lieux des combats au Chanois, Champ\u00e9 et \u00e0 Nol, o\u00f9 des victimes civiles et militaires ont trouv\u00e9 la mort, le tout agr\u00e9ment\u00e9 de t\u00e9moignages d\u2019\u00e9poque.<\/p>\n<p>&nbsp;<\/p>\n<p style=\"text-align: center;\"><span style=\"font-size: 14pt;\"><strong>Remiremont :<\/strong><\/span> Vendredi, samedi et dimanche &#8211;<\/p>\n<p>&nbsp;<\/p>\n<ul>\n<li>Nombreuses visites guid\u00e9es par l&rsquo;Office du Tourisme (<a href=\"https:\/\/vosgesinfo.fr\/remiremontinfo\/2024\/09\/le-programme-des-journees-europeennes-du-patrimoine-des-vosges-secretes\/\" target=\"_blank\" rel=\"noopener\">voir le programme<\/a>).<\/li>\n<\/ul>\n<p>&nbsp;<\/p>\n<ul>\n<li><span style=\"font-size: 10pt;\"><strong>AUX ARCHIVES MUNICIPALES<\/strong><\/span>\n<p><em>4 place Christian Poncelet Acce\u0300s libre et gratuit<\/em><\/p>\n<p>11h \u2013 Visite guide\u0301e the\u0301matique<br \/>\nAvec pre\u0301sentation d\u2019objets issus des collections ayant trait a\u0300 la Libe\u0301ration.<\/p>\n<p>15h \u2013 Visite guide\u0301e the\u0301matique<\/li>\n<\/ul>\n<p>&nbsp;<\/p>\n<p><span style=\"font-size: 10pt;\"><strong>AU GRAND SALON DE L\u2019HO\u0302TEL DE VILLE<\/strong><\/span><\/p>\n<p><em>1 place Christian Poncelet Acce\u0300s libre et gratuit<\/em><\/p>\n<p>De 14h a\u0300 18h \u2013 Diffusion du film du photographe romarimontain Rene\u0301 Me\u0301nigoz. Re\u0301alise\u0301 en 1944, lors de la Libe\u0301ration de Remiremont.<\/p>\n<p>Exposition d\u2019objets de collection en lien avec deuxie\u0300me guerre mondiale.<\/p>\n<div class=\"page\" title=\"Page 2\">\n<div class=\"layoutArea\">\n<div class=\"column\">\n<p>&nbsp;<\/p>\n<p><span style=\"font-size: 10pt;\"><strong>AU FORT DU PARMONT<\/strong><\/span><\/p>\n<p><em>Route des Forts Acce\u0300s libre et gratuit<\/em><\/p>\n<p>De 10h-17h<br \/>\net samedi 21 septembre de 10h a\u0300 18h Exposition de photos, de ve\u0301hicules ame\u0301ricains, et de mate\u0301riel de la Seconde Guerre Mondiale<\/p>\n<p>&nbsp;<\/p>\n<p><span style=\"font-size: 10pt;\"><strong>AU NIVEAU DE LA STATUE DU VOLONTAIRE<\/strong><\/span><\/p>\n<p>14h \u2013 Rassemblement et prises de paroles officielles<\/p>\n<p>14h30 \u2013 De\u0301voilement de la plaque en hommage a\u0300 Euge\u0301nie Me\u0301line.<\/p>\n<p>Grande re\u0301sistante et premie\u0300re femme e\u0301lue au Conseil Municipal de la Ville.<\/p>\n<p>&nbsp;<\/p>\n<p><span style=\"font-size: 10pt;\"><strong>AU MONUMENT AUX MORTS PUIS AU CIMETIE\u0300RE MILITAIRE<\/strong><\/span><\/p>\n<p>15h \u2013 Leve\u0301e des couleurs, de\u0301po\u0302ts de gerbes et minute de recueillement<\/p>\n<p>&nbsp;<\/p>\n<p><span style=\"font-size: 10pt;\"><strong>PARVIS DE L\u2019HO\u0302TEL DE VILLE (ou Centre Culturel selon la me\u0301te\u0301o) <\/strong><\/span><\/p>\n<p><em>Place Christian Poncelet Acce\u0300s libre et gratuit<\/em><\/p>\n<p>15h30 \u2013 Concert du Glenn\u2019s Swing Orchestra Une ve\u0301ritable plonge\u0301e dans l\u2019univers musical jazz et swing des anne\u0301es 40. Un concert exceptionnel, offert par la Ville.<\/p>\n<p>&nbsp;<\/p>\n<p><span style=\"font-size: 10pt;\"><strong>MUSE\u0301E CHARLES FRIRY<\/strong><\/span><\/p>\n<p>Samedi 21 septembre<\/p>\n<p>Dimanche 22 septembre 15h15 (45 min)<\/p>\n<p><strong>Visite guide\u0301e du muse\u0301e<\/strong><\/p>\n<p>et pre\u0301sentation d\u2019une se\u0301lection d\u2019\u0153uvres de Jean Monte\u0301mont exceptionnellement expose\u0301es, sur le the\u0300me de la guerre et de la Libe\u0301ration de Remiremont.<\/p>\n<p>Acce\u0300s libre et gratuit 12 rue du Ge\u0301ne\u0301ral Humbert<\/p>\n<\/div>\n<\/div>\n<\/div>\n<p>&nbsp;<\/p>\n","protected":false},"excerpt":{"rendered":"<p>&nbsp; Quelles manifestations sont organis\u00e9es pour les 80 ans de la Lib\u00e9ration dans le secteur de Remiremont ? Du vendredi [&hellip;]<\/p>\n","protected":false},"author":418,"featured_media":32865,"comment_status":"open","ping_status":"open","sticky":false,"template":"","format":"standard","meta":{"footnotes":""},"categories":[26,594,64,25,37,82,35],"tags":[6080,1205,1528,107,44],"class_list":["post-61351","post","type-post","status-publish","format-standard","has-post-thumbnail","hentry","category-a-la-une","category-agenda","category-evenements","category-la-bresse-son-canton","category-le-thillot-son-canton","category-le-val-dajol-son-canton","category-remiremont-son-canton","tag-80eme-anniversaire-de-la-liberation","tag-le-syndicat","tag-liberation","tag-pouxeux","tag-remiremont"],"acf":[],"yoast_head":"<!-- This site is optimized with the Yoast SEO plugin v22.5 - https:\/\/yoast.com\/wordpress\/plugins\/seo\/ -->\n<title>80 ans de la Lib\u00e9ration - Remiremont, Pouxeux, Le Syndicat : Retrouvez les diff\u00e9rents programmes - Remiremont Info<\/title>\n<meta name=\"robots\" content=\"index, follow, max-snippet:-1, max-image-preview:large, max-video-preview:-1\" \/>\n<link rel=\"canonical\" href=\"https:\/\/vosgesinfo.fr\/remiremontinfo\/?p=61351\" \/>\n<meta name=\"twitter:card\" content=\"summary_large_image\" \/>\n<meta name=\"twitter:title\" content=\"80 ans de la Lib\u00e9ration - Remiremont, Pouxeux, Le Syndicat : Retrouvez les diff\u00e9rents programmes - Remiremont Info\" \/>\n<meta name=\"twitter:description\" content=\"&nbsp; Quelles manifestations sont organis\u00e9es pour les 80 ans de la Lib\u00e9ration dans le secteur de Remiremont ? Du vendredi [&hellip;]\" \/>\n<meta name=\"twitter:image\" content=\"https:\/\/vosgesinfo.fr\/app\/uploads\/sites\/5\/2024\/09\/20201076eme-anniversaire-de-la-liberation-de-saulxures-3-1-1080x720-1.jpg\" \/>\n<meta name=\"twitter:creator\" content=\"@VosgesInfo88\" \/>\n<meta name=\"twitter:site\" content=\"@VosgesInfo88\" \/>\n<meta name=\"twitter:label1\" content=\"\u00c9crit par\" \/>\n\t<meta name=\"twitter:data1\" content=\"C.M\" \/>\n\t<meta name=\"twitter:label2\" content=\"Dur\u00e9e de lecture estim\u00e9e\" \/>\n\t<meta name=\"twitter:data2\" content=\"3 minutes\" \/>\n<script type=\"application\/ld+json\" class=\"yoast-schema-graph\">{\"@context\":\"https:\/\/schema.org\",\"@graph\":[{\"@type\":\"Article\",\"@id\":\"https:\/\/vosgesinfo.fr\/remiremontinfo\/?p=61351#article\",\"isPartOf\":{\"@id\":\"https:\/\/vosgesinfo.fr\/remiremontinfo\/?p=61351\"},\"author\":{\"name\":\"C.M\",\"@id\":\"https:\/\/vosgesinfo.fr\/remiremontinfo\/#\/schema\/person\/4f38cd3068e342935b7304695c797d08\"},\"headline\":\"80 ans de la Lib\u00e9ration &#8211; Remiremont, Pouxeux, Le Syndicat : Retrouvez les diff\u00e9rents programmes\",\"datePublished\":\"2024-09-20T13:01:43+00:00\",\"dateModified\":\"2024-09-20T13:01:43+00:00\",\"mainEntityOfPage\":{\"@id\":\"https:\/\/vosgesinfo.fr\/remiremontinfo\/?p=61351\"},\"wordCount\":513,\"commentCount\":0,\"publisher\":{\"@id\":\"https:\/\/vosgesinfo.fr\/remiremontinfo\/#organization\"},\"image\":{\"@id\":\"https:\/\/vosgesinfo.fr\/remiremontinfo\/?p=61351#primaryimage\"},\"thumbnailUrl\":\"https:\/\/vosgesinfo.fr\/app\/uploads\/sites\/5\/2024\/09\/20201076eme-anniversaire-de-la-liberation-de-saulxures-3-1-1080x720-1.jpg\",\"keywords\":[\"80\u00e8me anniversaire de la Lib\u00e9ration\",\"Le Syndicat\",\"Lib\u00e9ration\",\"Pouxeux\",\"remiremont\"],\"articleSection\":[\"A la Une\",\"Agenda\",\"Ev\u00e8nements\",\"La Bresse &amp; son canton\",\"Le Thillot &amp; son canton\",\"Le Val-d'Ajol &amp; son canton\",\"Remiremont &amp; son canton\"],\"inLanguage\":\"fr-FR\",\"potentialAction\":[{\"@type\":\"CommentAction\",\"name\":\"Comment\",\"target\":[\"https:\/\/vosgesinfo.fr\/remiremontinfo\/?p=61351#respond\"]}]},{\"@type\":\"WebPage\",\"@id\":\"https:\/\/vosgesinfo.fr\/remiremontinfo\/?p=61351\",\"url\":\"https:\/\/vosgesinfo.fr\/remiremontinfo\/?p=61351\",\"name\":\"80 ans de la Lib\u00e9ration - Remiremont, Pouxeux, Le Syndicat : Retrouvez les diff\u00e9rents programmes - Remiremont Info\",\"isPartOf\":{\"@id\":\"https:\/\/vosgesinfo.fr\/remiremontinfo\/#website\"},\"primaryImageOfPage\":{\"@id\":\"https:\/\/vosgesinfo.fr\/remiremontinfo\/?p=61351#primaryimage\"},\"image\":{\"@id\":\"https:\/\/vosgesinfo.fr\/remiremontinfo\/?p=61351#primaryimage\"},\"thumbnailUrl\":\"https:\/\/vosgesinfo.fr\/app\/uploads\/sites\/5\/2024\/09\/20201076eme-anniversaire-de-la-liberation-de-saulxures-3-1-1080x720-1.jpg\",\"datePublished\":\"2024-09-20T13:01:43+00:00\",\"dateModified\":\"2024-09-20T13:01:43+00:00\",\"breadcrumb\":{\"@id\":\"https:\/\/vosgesinfo.fr\/remiremontinfo\/?p=61351#breadcrumb\"},\"inLanguage\":\"fr-FR\",\"potentialAction\":[{\"@type\":\"ReadAction\",\"target\":[\"https:\/\/vosgesinfo.fr\/remiremontinfo\/?p=61351\"]}]},{\"@type\":\"ImageObject\",\"inLanguage\":\"fr-FR\",\"@id\":\"https:\/\/vosgesinfo.fr\/remiremontinfo\/?p=61351#primaryimage\",\"url\":\"https:\/\/vosgesinfo.fr\/app\/uploads\/sites\/5\/2024\/09\/20201076eme-anniversaire-de-la-liberation-de-saulxures-3-1-1080x720-1.jpg\",\"contentUrl\":\"https:\/\/vosgesinfo.fr\/app\/uploads\/sites\/5\/2024\/09\/20201076eme-anniversaire-de-la-liberation-de-saulxures-3-1-1080x720-1.jpg\",\"width\":800,\"height\":533,\"caption\":\"Photographie d'archives.\"},{\"@type\":\"BreadcrumbList\",\"@id\":\"https:\/\/vosgesinfo.fr\/remiremontinfo\/?p=61351#breadcrumb\",\"itemListElement\":[{\"@type\":\"ListItem\",\"position\":1,\"name\":\"Home\",\"item\":\"https:\/\/vosgesinfo.fr\/remiremontinfo\/\"},{\"@type\":\"ListItem\",\"position\":2,\"name\":\"80 ans de la Lib\u00e9ration &#8211; Remiremont, Pouxeux, Le Syndicat : Retrouvez les diff\u00e9rents programmes\"}]},{\"@type\":\"WebSite\",\"@id\":\"https:\/\/vosgesinfo.fr\/remiremontinfo\/#website\",\"url\":\"https:\/\/vosgesinfo.fr\/remiremontinfo\/\",\"name\":\"Remiremont Info\",\"description\":\"Toute l&#039;actualit\u00e9 de Remiremont\",\"publisher\":{\"@id\":\"https:\/\/vosgesinfo.fr\/remiremontinfo\/#organization\"},\"alternateName\":\"Toute l'actualit\u00e9 de Remiremont\",\"potentialAction\":[{\"@type\":\"SearchAction\",\"target\":{\"@type\":\"EntryPoint\",\"urlTemplate\":\"https:\/\/vosgesinfo.fr\/remiremontinfo\/?s={search_term_string}\"},\"query-input\":\"required name=search_term_string\"}],\"inLanguage\":\"fr-FR\"},{\"@type\":\"Organization\",\"@id\":\"https:\/\/vosgesinfo.fr\/remiremontinfo\/#organization\",\"name\":\"Remiremont Info\",\"url\":\"https:\/\/vosgesinfo.fr\/remiremontinfo\/\",\"logo\":{\"@type\":\"ImageObject\",\"inLanguage\":\"fr-FR\",\"@id\":\"https:\/\/vosgesinfo.fr\/remiremontinfo\/#\/schema\/logo\/image\/\",\"url\":\"https:\/\/vosgesinfo.fr\/app\/uploads\/sites\/5\/2023\/08\/favicon-remiremontinfo.png\",\"contentUrl\":\"https:\/\/vosgesinfo.fr\/app\/uploads\/sites\/5\/2023\/08\/favicon-remiremontinfo.png\",\"width\":512,\"height\":512,\"caption\":\"Remiremont Info\"},\"image\":{\"@id\":\"https:\/\/vosgesinfo.fr\/remiremontinfo\/#\/schema\/logo\/image\/\"},\"sameAs\":[\"https:\/\/www.facebook.com\/remiremontinfo\",\"https:\/\/x.com\/VosgesInfo88\",\"https:\/\/www.youtube.com\/@vosgesinfo\"]},{\"@type\":\"Person\",\"@id\":\"https:\/\/vosgesinfo.fr\/remiremontinfo\/#\/schema\/person\/4f38cd3068e342935b7304695c797d08\",\"name\":\"C.M\",\"image\":{\"@type\":\"ImageObject\",\"inLanguage\":\"fr-FR\",\"@id\":\"https:\/\/vosgesinfo.fr\/remiremontinfo\/#\/schema\/person\/image\/\",\"url\":\"https:\/\/secure.gravatar.com\/avatar\/fe9daaef0164d920717484172682f3c5c9bcf7d42aa8c7048c76c34f0eb6c8da?s=96&d=mm&r=g\",\"contentUrl\":\"https:\/\/secure.gravatar.com\/avatar\/fe9daaef0164d920717484172682f3c5c9bcf7d42aa8c7048c76c34f0eb6c8da?s=96&d=mm&r=g\",\"caption\":\"C.M\"},\"url\":\"https:\/\/vosgesinfo.fr\/remiremontinfo\/author\/cm88200\/\"}]}<\/script>\n<!-- \/ Yoast SEO plugin. -->","yoast_head_json":{"title":"80 ans de la Lib\u00e9ration - Remiremont, Pouxeux, Le Syndicat : Retrouvez les diff\u00e9rents programmes - Remiremont Info","robots":{"index":"index","follow":"follow","max-snippet":"max-snippet:-1","max-image-preview":"max-image-preview:large","max-video-preview":"max-video-preview:-1"},"canonical":"https:\/\/vosgesinfo.fr\/remiremontinfo\/?p=61351","twitter_card":"summary_large_image","twitter_title":"80 ans de la Lib\u00e9ration - Remiremont, Pouxeux, Le Syndicat : Retrouvez les diff\u00e9rents programmes - Remiremont Info","twitter_description":"&nbsp; Quelles manifestations sont organis\u00e9es pour les 80 ans de la Lib\u00e9ration dans le secteur de Remiremont ? Du vendredi [&hellip;]","twitter_image":"https:\/\/vosgesinfo.fr\/app\/uploads\/sites\/5\/2024\/09\/20201076eme-anniversaire-de-la-liberation-de-saulxures-3-1-1080x720-1.jpg","twitter_creator":"@VosgesInfo88","twitter_site":"@VosgesInfo88","twitter_misc":{"\u00c9crit par":"C.M","Dur\u00e9e de lecture estim\u00e9e":"3 minutes"},"schema":{"@context":"https:\/\/schema.org","@graph":[{"@type":"Article","@id":"https:\/\/vosgesinfo.fr\/remiremontinfo\/?p=61351#article","isPartOf":{"@id":"https:\/\/vosgesinfo.fr\/remiremontinfo\/?p=61351"},"author":{"name":"C.M","@id":"https:\/\/vosgesinfo.fr\/remiremontinfo\/#\/schema\/person\/4f38cd3068e342935b7304695c797d08"},"headline":"80 ans de la Lib\u00e9ration &#8211; Remiremont, Pouxeux, Le Syndicat : Retrouvez les diff\u00e9rents programmes","datePublished":"2024-09-20T13:01:43+00:00","dateModified":"2024-09-20T13:01:43+00:00","mainEntityOfPage":{"@id":"https:\/\/vosgesinfo.fr\/remiremontinfo\/?p=61351"},"wordCount":513,"commentCount":0,"publisher":{"@id":"https:\/\/vosgesinfo.fr\/remiremontinfo\/#organization"},"image":{"@id":"https:\/\/vosgesinfo.fr\/remiremontinfo\/?p=61351#primaryimage"},"thumbnailUrl":"https:\/\/vosgesinfo.fr\/app\/uploads\/sites\/5\/2024\/09\/20201076eme-anniversaire-de-la-liberation-de-saulxures-3-1-1080x720-1.jpg","keywords":["80\u00e8me anniversaire de la Lib\u00e9ration","Le Syndicat","Lib\u00e9ration","Pouxeux","remiremont"],"articleSection":["A la Une","Agenda","Ev\u00e8nements","La Bresse &amp; son canton","Le Thillot &amp; son canton","Le Val-d'Ajol &amp; son canton","Remiremont &amp; son canton"],"inLanguage":"fr-FR","potentialAction":[{"@type":"CommentAction","name":"Comment","target":["https:\/\/vosgesinfo.fr\/remiremontinfo\/?p=61351#respond"]}]},{"@type":"WebPage","@id":"https:\/\/vosgesinfo.fr\/remiremontinfo\/?p=61351","url":"https:\/\/vosgesinfo.fr\/remiremontinfo\/?p=61351","name":"80 ans de la Lib\u00e9ration - Remiremont, Pouxeux, Le Syndicat : Retrouvez les diff\u00e9rents programmes - Remiremont Info","isPartOf":{"@id":"https:\/\/vosgesinfo.fr\/remiremontinfo\/#website"},"primaryImageOfPage":{"@id":"https:\/\/vosgesinfo.fr\/remiremontinfo\/?p=61351#primaryimage"},"image":{"@id":"https:\/\/vosgesinfo.fr\/remiremontinfo\/?p=61351#primaryimage"},"thumbnailUrl":"https:\/\/vosgesinfo.fr\/app\/uploads\/sites\/5\/2024\/09\/20201076eme-anniversaire-de-la-liberation-de-saulxures-3-1-1080x720-1.jpg","datePublished":"2024-09-20T13:01:43+00:00","dateModified":"2024-09-20T13:01:43+00:00","breadcrumb":{"@id":"https:\/\/vosgesinfo.fr\/remiremontinfo\/?p=61351#breadcrumb"},"inLanguage":"fr-FR","potentialAction":[{"@type":"ReadAction","target":["https:\/\/vosgesinfo.fr\/remiremontinfo\/?p=61351"]}]},{"@type":"ImageObject","inLanguage":"fr-FR","@id":"https:\/\/vosgesinfo.fr\/remiremontinfo\/?p=61351#primaryimage","url":"https:\/\/vosgesinfo.fr\/app\/uploads\/sites\/5\/2024\/09\/20201076eme-anniversaire-de-la-liberation-de-saulxures-3-1-1080x720-1.jpg","contentUrl":"https:\/\/vosgesinfo.fr\/app\/uploads\/sites\/5\/2024\/09\/20201076eme-anniversaire-de-la-liberation-de-saulxures-3-1-1080x720-1.jpg","width":800,"height":533,"caption":"Photographie d'archives."},{"@type":"BreadcrumbList","@id":"https:\/\/vosgesinfo.fr\/remiremontinfo\/?p=61351#breadcrumb","itemListElement":[{"@type":"ListItem","position":1,"name":"Home","item":"https:\/\/vosgesinfo.fr\/remiremontinfo\/"},{"@type":"ListItem","position":2,"name":"80 ans de la Lib\u00e9ration &#8211; Remiremont, Pouxeux, Le Syndicat : Retrouvez les diff\u00e9rents programmes"}]},{"@type":"WebSite","@id":"https:\/\/vosgesinfo.fr\/remiremontinfo\/#website","url":"https:\/\/vosgesinfo.fr\/remiremontinfo\/","name":"Remiremont Info","description":"Toute l&#039;actualit\u00e9 de Remiremont","publisher":{"@id":"https:\/\/vosgesinfo.fr\/remiremontinfo\/#organization"},"alternateName":"Toute l'actualit\u00e9 de Remiremont","potentialAction":[{"@type":"SearchAction","target":{"@type":"EntryPoint","urlTemplate":"https:\/\/vosgesinfo.fr\/remiremontinfo\/?s={search_term_string}"},"query-input":"required name=search_term_string"}],"inLanguage":"fr-FR"},{"@type":"Organization","@id":"https:\/\/vosgesinfo.fr\/remiremontinfo\/#organization","name":"Remiremont Info","url":"https:\/\/vosgesinfo.fr\/remiremontinfo\/","logo":{"@type":"ImageObject","inLanguage":"fr-FR","@id":"https:\/\/vosgesinfo.fr\/remiremontinfo\/#\/schema\/logo\/image\/","url":"https:\/\/vosgesinfo.fr\/app\/uploads\/sites\/5\/2023\/08\/favicon-remiremontinfo.png","contentUrl":"https:\/\/vosgesinfo.fr\/app\/uploads\/sites\/5\/2023\/08\/favicon-remiremontinfo.png","width":512,"height":512,"caption":"Remiremont Info"},"image":{"@id":"https:\/\/vosgesinfo.fr\/remiremontinfo\/#\/schema\/logo\/image\/"},"sameAs":["https:\/\/www.facebook.com\/remiremontinfo","https:\/\/x.com\/VosgesInfo88","https:\/\/www.youtube.com\/@vosgesinfo"]},{"@type":"Person","@id":"https:\/\/vosgesinfo.fr\/remiremontinfo\/#\/schema\/person\/4f38cd3068e342935b7304695c797d08","name":"C.M","image":{"@type":"ImageObject","inLanguage":"fr-FR","@id":"https:\/\/vosgesinfo.fr\/remiremontinfo\/#\/schema\/person\/image\/","url":"https:\/\/secure.gravatar.com\/avatar\/fe9daaef0164d920717484172682f3c5c9bcf7d42aa8c7048c76c34f0eb6c8da?s=96&d=mm&r=g","contentUrl":"https:\/\/secure.gravatar.com\/avatar\/fe9daaef0164d920717484172682f3c5c9bcf7d42aa8c7048c76c34f0eb6c8da?s=96&d=mm&r=g","caption":"C.M"},"url":"https:\/\/vosgesinfo.fr\/remiremontinfo\/author\/cm88200\/"}]}},"_links":{"self":[{"href":"https:\/\/vosgesinfo.fr\/remiremontinfo\/wp-json\/wp\/v2\/posts\/61351","targetHints":{"allow":["GET"]}}],"collection":[{"href":"https:\/\/vosgesinfo.fr\/remiremontinfo\/wp-json\/wp\/v2\/posts"}],"about":[{"href":"https:\/\/vosgesinfo.fr\/remiremontinfo\/wp-json\/wp\/v2\/types\/post"}],"author":[{"embeddable":true,"href":"https:\/\/vosgesinfo.fr\/remiremontinfo\/wp-json\/wp\/v2\/users\/418"}],"replies":[{"embeddable":true,"href":"https:\/\/vosgesinfo.fr\/remiremontinfo\/wp-json\/wp\/v2\/comments?post=61351"}],"version-history":[{"count":2,"href":"https:\/\/vosgesinfo.fr\/remiremontinfo\/wp-json\/wp\/v2\/posts\/61351\/revisions"}],"predecessor-version":[{"id":73613,"href":"https:\/\/vosgesinfo.fr\/remiremontinfo\/wp-json\/wp\/v2\/posts\/61351\/revisions\/73613"}],"wp:featuredmedia":[{"embeddable":true,"href":"https:\/\/vosgesinfo.fr\/remiremontinfo\/wp-json\/wp\/v2\/media\/32865"}],"wp:attachment":[{"href":"https:\/\/vosgesinfo.fr\/remiremontinfo\/wp-json\/wp\/v2\/media?parent=61351"}],"wp:term":[{"taxonomy":"category","embeddable":true,"href":"https:\/\/vosgesinfo.fr\/remiremontinfo\/wp-json\/wp\/v2\/categories?post=61351"},{"taxonomy":"post_tag","embeddable":true,"href":"https:\/\/vosgesinfo.fr\/remiremontinfo\/wp-json\/wp\/v2\/tags?post=61351"}],"curies":[{"name":"wp","href":"https:\/\/api.w.org\/{rel}","templated":true}]}}