{"id":6151,"date":"2024-04-30T05:59:50","date_gmt":"2024-04-30T03:59:50","guid":{"rendered":"https:\/\/vosgesinfo.fr\/remiremontinfo\/?p=6151"},"modified":"2024-04-29T18:30:53","modified_gmt":"2024-04-29T16:30:53","slug":"destockage-de-printemps-a-labri-samedi-25-mai","status":"publish","type":"post","link":"https:\/\/vosgesinfo.fr\/remiremontinfo\/2024\/04\/destockage-de-printemps-a-labri-samedi-25-mai\/","title":{"rendered":"DESTOCKAGE DE PRINTEMPS \u00c0 L\u2019ABRI SAMEDI 25 MAI"},"content":{"rendered":"<h3 style=\"text-align: center;\">Communiqu\u00e9<\/h3>\n<p>&nbsp;<\/p>\n<p><span style=\"font-family: Asap, serif; font-size: 12pt;\">L\u2019association L\u2019Abri est heureuse d\u2019annoncer son grand d\u00e9stockage de printemps le samedi 25 mai sur le site de Saint-Nabord, mettant en vente \u00e0 petits prix une large s\u00e9lection d\u2019articles en tout genre parmi\u00a0des meubles, des appareils \u00e9lectrom\u00e9nagers, des livres, des v\u00eatements et bien plus encore\u2026 <\/span><\/p>\n<p><span style=\"font-size: 12pt;\"><span style=\"font-family: Asap, serif;\"><a href=\"https:\/\/vosgesinfo.fr\/app\/uploads\/sites\/5\/2024\/04\/2024-pdf-affiche-destockage-printemps-page-0001.jpg\"><img decoding=\"async\" class=\"alignright wp-image-6152 size-medium\" src=\"https:\/\/vosgesinfo.fr\/app\/uploads\/sites\/5\/2024\/04\/2024-pdf-affiche-destockage-printemps-page-0001-212x300.jpg\" alt=\"\" width=\"212\" height=\"300\" srcset=\"https:\/\/vosgesinfo.fr\/app\/uploads\/sites\/5\/2024\/04\/2024-pdf-affiche-destockage-printemps-page-0001-212x300.jpg 212w, https:\/\/vosgesinfo.fr\/app\/uploads\/sites\/5\/2024\/04\/2024-pdf-affiche-destockage-printemps-page-0001-725x1024.jpg 725w, https:\/\/vosgesinfo.fr\/app\/uploads\/sites\/5\/2024\/04\/2024-pdf-affiche-destockage-printemps-page-0001-768x1085.jpg 768w, https:\/\/vosgesinfo.fr\/app\/uploads\/sites\/5\/2024\/04\/2024-pdf-affiche-destockage-printemps-page-0001-1087x1536.jpg 1087w, https:\/\/vosgesinfo.fr\/app\/uploads\/sites\/5\/2024\/04\/2024-pdf-affiche-destockage-printemps-page-0001-1449x2048.jpg 1449w, https:\/\/vosgesinfo.fr\/app\/uploads\/sites\/5\/2024\/04\/2024-pdf-affiche-destockage-printemps-page-0001.jpg 1755w\" sizes=\"(max-width: 212px) 100vw, 212px\" \/><\/a>Un jour qui permet de mettre en exergue son implication dans le d\u00e9veloppement durable et l\u2019accompagnement vers l\u2019emploi. <\/span><span style=\"font-family: Asap, serif;\"><u><b>Rendez-vous samedi 25 mai au 3 Route de Raon, 88200 Saint-Nabord, les \u00e9quipes vous accueilleront de 9h \u00e0 16h.<\/b><\/u><\/span><\/span><\/p>\n<p>&nbsp;<\/p>\n<p><span style=\"font-family: Asap, serif;\"><span style=\"font-size: large;\"><b>Tous types d\u2019objets \u00e0 prix r\u00e9duits.<\/b><\/span><\/span><\/p>\n<p><span style=\"font-family: Asap, serif; font-size: 12pt;\">Une opportunit\u00e9 de trouver des pi\u00e8ces uniques ou vintage \u00e0 petits prix parmi notre s\u00e9lection d\u2019articles qui comprend du mobilier ancien ou qui a b\u00e9n\u00e9fici\u00e9 d\u2019un surcyclage par l\u2019atelier menuiserie, de la d\u00e9coration pour embellir votre int\u00e9rieur, des objets vintages ou de brocante pour le c\u00f4t\u00e9 nostalgie mais aussi des jouets et des livres pour r\u00eaver, du petit ou gros \u00e9lectrom\u00e9nager pour \u00e9quiper les m\u00e9nages et des v\u00eatements pour renouveler sa garde-robe sans se ruiner. Tous les objets sont propos\u00e9s \u00e0 des prix d\u00e9fiants toutes concurrences.<\/span><\/p>\n<p>&nbsp;<\/p>\n<p><span style=\"font-family: Asap, serif;\"><span style=\"font-size: large;\"><b>Une initiative Solidaire<\/b><\/span><\/span><span style=\"font-family: Asap, serif;\"><span style=\"font-size: large;\">. <\/span><\/span><\/p>\n<p><span style=\"font-family: Asap, serif; font-size: 12pt;\">Chaque jour, l\u2019association \u0153uvre, par ses actions et son accompagnement aupr\u00e8s des salari\u00e9.e.s en transition professionnelle, en co-construisant un projet personnalis\u00e9 et en proposant un tremplin vers de l\u2019emploi durable. Chaque objet achet\u00e9 contribue \u00e0 financer en partie nos activit\u00e9s et \u00e0 p\u00e9renniser nos actions en faveur de la transition professionnelle. C\u2019est l\u2019occasion de faire de bonnes affaires tout en participant \u00e0 une action solidaire pour une soci\u00e9t\u00e9 plus inclusive.<\/span><\/p>\n<p align=\"justify\"><span style=\"font-family: Helvetica, serif;\"><span style=\"font-size: small;\"><span style=\"font-family: Asap, serif;\"><span style=\"font-size: large;\"><b>L\u2019achat pour un avenir plus durable.<\/b><\/span><\/span><\/span><\/span><\/p>\n<p align=\"justify\"><span style=\"font-family: Helvetica, serif; font-size: 12pt;\"><span style=\"font-family: Asap, serif;\">En privil\u00e9giant la seconde main, vous prenez position contre la surconsommation dans un monde o\u00f9 les ressources se font de plus en plus rares. Pourquoi choisir entre la plan\u00e8te et le portefeuille\u00a0? Choisir des produits de seconde main, c\u2019est participer activement \u00e0 la r\u00e9duction des d\u00e9chets et \u00e0 la pr\u00e9servation des ressources naturelles en ayant acc\u00e8s \u00e0 des produits beaucoup plus abordables et qui ne demandent qu\u2019\u00e0 \u00eatre re-aim\u00e9s.<\/span><\/span><\/p>\n<p>&nbsp;<\/p>\n<p><span style=\"font-family: Helvetica, serif; font-size: 12pt;\"><span style=\"font-family: Asap, serif;\"><u>\u00c0 propos de L\u2019ABRI<\/u><\/span><\/span><\/p>\n<p align=\"justify\"><span style=\"font-family: Times New Roman, serif; font-size: 12pt;\"><span style=\"font-family: Asap, serif;\">L\u2019ABRI est une association loi 1901 \u00e0 but non lucratif cr\u00e9\u00e9e en 1977 \u00e0 Remiremont, reconnue d\u2019int\u00e9r\u00eat g\u00e9n\u00e9ral \u00e0 vocation sociale. L\u2019association \u0153uvre principalement dans deux domaines<\/span><span style=\"font-family: Arial, serif;\">\u202f<\/span><span style=\"font-family: Asap, serif;\">: l<\/span><span style=\"font-family: Asap, serif;\">\u2019<\/span><span style=\"font-family: Asap, serif;\">h<\/span><span style=\"font-family: Asap, serif;\">\u00e9<\/span><span style=\"font-family: Asap, serif;\">bergement de personnes sans domicile et l<\/span><span style=\"font-family: Asap, serif;\">\u2019<\/span><span style=\"font-family: Asap, serif;\">insertion sociale et professionnelle de personnes <\/span><span style=\"font-family: Asap, serif;\">\u00e9<\/span><span style=\"font-family: Asap, serif;\">loign<\/span><span style=\"font-family: Asap, serif;\">\u00e9<\/span><span style=\"font-family: Asap, serif;\">es de l<\/span><span style=\"font-family: Asap, serif;\">\u2019<\/span><span style=\"font-family: Asap, serif;\">emploi.\u00a0<\/span><span style=\"font-family: Asap, serif;\">\u00a0<\/span><\/span><\/p>\n<p align=\"justify\"><span style=\"font-family: Times New Roman, serif; font-size: 12pt;\"><span style=\"font-family: Asap, serif;\">Pour ce faire, ses supports d\u2019activit\u00e9 sont des chantiers d\u2019insertion tous tourn\u00e9s vers le d\u00e9veloppement durable par la collecte, le r\u00e9emploi et la revalorisation de d\u00e9chets issus du territoire. L\u2019ABRI est implant\u00e9 sur six sites (Pouxeux, Saint Nabord, Saint Etienne-l\u00e8s-Remiremont, Remiremont, G\u00e9rardmer et Cornimont), emploie 31 salari\u00e9s permanents, dispose de 64 places d\u2019h\u00e9bergement (tous dispositifs confondus) et est agr\u00e9\u00e9e pour l\u2019accueil de 62 \u00e9quivalents temps plein en contrat d\u2019insertion (soit 85 postes). Une trentaine de b\u00e9n\u00e9voles actif intervient \u00e9galement au quotidien.<\/span><\/span><\/p>\n<p><span style=\"font-family: Helvetica, serif; font-size: 12pt;\"><span style=\"font-family: Asap, serif;\"><i>Page Facebook\u00a0: <\/i><\/span><span style=\"color: #0563c1;\"><u><a href=\"https:\/\/www.facebook.com\/labri88\/\"><span style=\"font-family: Asap, serif;\"><i>https:\/\/www.facebook.com\/labri88\/<\/i><\/span><\/a><\/u><\/span><i> <\/i><\/span><\/p>\n<p><span style=\"font-family: Helvetica, serif;\"><span style=\"font-size: small;\"><span style=\"font-size: 12pt;\"><span style=\"font-family: Asap, serif;\"><i>Boutique en ligne : <\/i><\/span><span style=\"color: #0563c1;\"><u><a href=\"https:\/\/www.label-emmaus.co\/fr\/nos-boutiques\/l-abri88\/\"><span style=\"font-family: Asap, serif;\"><i>https:\/\/www.label-emmaus.co\/fr\/nos-boutiques\/l-abri88\/<\/i><\/span><\/a><\/u><\/span><\/span><i> <\/i><\/span><\/span><\/p>\n","protected":false},"excerpt":{"rendered":"<p>Communiqu\u00e9 &nbsp; L\u2019association L\u2019Abri est heureuse d\u2019annoncer son grand d\u00e9stockage de printemps le samedi 25 mai sur le site de [&hellip;]<\/p>\n","protected":false},"author":42,"featured_media":6152,"comment_status":"open","ping_status":"open","sticky":false,"template":"","format":"standard","meta":{"footnotes":""},"categories":[26,17],"tags":[1022],"class_list":["post-6151","post","type-post","status-publish","format-standard","has-post-thumbnail","hentry","category-a-la-une","category-vie-associative","tag-labri"],"acf":[],"yoast_head":"<!-- This site is optimized with the Yoast SEO plugin v22.5 - https:\/\/yoast.com\/wordpress\/plugins\/seo\/ -->\n<title>DESTOCKAGE DE PRINTEMPS \u00c0 L\u2019ABRI SAMEDI 25 MAI - Remiremont Info<\/title>\n<meta name=\"robots\" content=\"index, follow, max-snippet:-1, max-image-preview:large, max-video-preview:-1\" \/>\n<link rel=\"canonical\" href=\"https:\/\/vosgesinfo.fr\/remiremontinfo\/?p=6151\" \/>\n<meta name=\"twitter:card\" content=\"summary_large_image\" \/>\n<meta name=\"twitter:title\" content=\"DESTOCKAGE DE PRINTEMPS \u00c0 L\u2019ABRI SAMEDI 25 MAI - Remiremont Info\" \/>\n<meta name=\"twitter:description\" content=\"Communiqu\u00e9 &nbsp; L\u2019association L\u2019Abri est heureuse d\u2019annoncer son grand d\u00e9stockage de printemps le samedi 25 mai sur le site de [&hellip;]\" \/>\n<meta name=\"twitter:image\" content=\"https:\/\/vosgesinfo.fr\/app\/uploads\/sites\/5\/2024\/04\/2024-pdf-affiche-destockage-printemps-page-0001-725x1024.jpg\" \/>\n<meta name=\"twitter:creator\" content=\"@VosgesInfo88\" \/>\n<meta name=\"twitter:site\" content=\"@VosgesInfo88\" \/>\n<meta name=\"twitter:label1\" content=\"\u00c9crit par\" \/>\n\t<meta name=\"twitter:data1\" content=\"QG\" \/>\n\t<meta name=\"twitter:label2\" content=\"Dur\u00e9e de lecture estim\u00e9e\" \/>\n\t<meta name=\"twitter:data2\" content=\"3 minutes\" \/>\n<script type=\"application\/ld+json\" class=\"yoast-schema-graph\">{\"@context\":\"https:\/\/schema.org\",\"@graph\":[{\"@type\":\"Article\",\"@id\":\"https:\/\/vosgesinfo.fr\/remiremontinfo\/?p=6151#article\",\"isPartOf\":{\"@id\":\"https:\/\/vosgesinfo.fr\/remiremontinfo\/?p=6151\"},\"author\":{\"name\":\"QG\",\"@id\":\"https:\/\/vosgesinfo.fr\/remiremontinfo\/#\/schema\/person\/db5605779a843dad16b5368f3e7613a5\"},\"headline\":\"DESTOCKAGE DE PRINTEMPS \u00c0 L\u2019ABRI SAMEDI 25 MAI\",\"datePublished\":\"2024-04-30T03:59:50+00:00\",\"dateModified\":\"2024-04-29T16:30:53+00:00\",\"mainEntityOfPage\":{\"@id\":\"https:\/\/vosgesinfo.fr\/remiremontinfo\/?p=6151\"},\"wordCount\":533,\"commentCount\":0,\"publisher\":{\"@id\":\"https:\/\/vosgesinfo.fr\/remiremontinfo\/#organization\"},\"image\":{\"@id\":\"https:\/\/vosgesinfo.fr\/remiremontinfo\/?p=6151#primaryimage\"},\"thumbnailUrl\":\"https:\/\/vosgesinfo.fr\/app\/uploads\/sites\/5\/2024\/04\/2024-pdf-affiche-destockage-printemps-page-0001.jpg\",\"keywords\":[\"L'abri\"],\"articleSection\":[\"A la Une\",\"Vie associative\"],\"inLanguage\":\"fr-FR\",\"potentialAction\":[{\"@type\":\"CommentAction\",\"name\":\"Comment\",\"target\":[\"https:\/\/vosgesinfo.fr\/remiremontinfo\/?p=6151#respond\"]}]},{\"@type\":\"WebPage\",\"@id\":\"https:\/\/vosgesinfo.fr\/remiremontinfo\/?p=6151\",\"url\":\"https:\/\/vosgesinfo.fr\/remiremontinfo\/?p=6151\",\"name\":\"DESTOCKAGE DE PRINTEMPS \u00c0 L\u2019ABRI SAMEDI 25 MAI - Remiremont Info\",\"isPartOf\":{\"@id\":\"https:\/\/vosgesinfo.fr\/remiremontinfo\/#website\"},\"primaryImageOfPage\":{\"@id\":\"https:\/\/vosgesinfo.fr\/remiremontinfo\/?p=6151#primaryimage\"},\"image\":{\"@id\":\"https:\/\/vosgesinfo.fr\/remiremontinfo\/?p=6151#primaryimage\"},\"thumbnailUrl\":\"https:\/\/vosgesinfo.fr\/app\/uploads\/sites\/5\/2024\/04\/2024-pdf-affiche-destockage-printemps-page-0001.jpg\",\"datePublished\":\"2024-04-30T03:59:50+00:00\",\"dateModified\":\"2024-04-29T16:30:53+00:00\",\"breadcrumb\":{\"@id\":\"https:\/\/vosgesinfo.fr\/remiremontinfo\/?p=6151#breadcrumb\"},\"inLanguage\":\"fr-FR\",\"potentialAction\":[{\"@type\":\"ReadAction\",\"target\":[\"https:\/\/vosgesinfo.fr\/remiremontinfo\/?p=6151\"]}]},{\"@type\":\"ImageObject\",\"inLanguage\":\"fr-FR\",\"@id\":\"https:\/\/vosgesinfo.fr\/remiremontinfo\/?p=6151#primaryimage\",\"url\":\"https:\/\/vosgesinfo.fr\/app\/uploads\/sites\/5\/2024\/04\/2024-pdf-affiche-destockage-printemps-page-0001.jpg\",\"contentUrl\":\"https:\/\/vosgesinfo.fr\/app\/uploads\/sites\/5\/2024\/04\/2024-pdf-affiche-destockage-printemps-page-0001.jpg\",\"width\":1755,\"height\":2480},{\"@type\":\"BreadcrumbList\",\"@id\":\"https:\/\/vosgesinfo.fr\/remiremontinfo\/?p=6151#breadcrumb\",\"itemListElement\":[{\"@type\":\"ListItem\",\"position\":1,\"name\":\"Home\",\"item\":\"https:\/\/vosgesinfo.fr\/remiremontinfo\/\"},{\"@type\":\"ListItem\",\"position\":2,\"name\":\"DESTOCKAGE DE PRINTEMPS \u00c0 L\u2019ABRI SAMEDI 25 MAI\"}]},{\"@type\":\"WebSite\",\"@id\":\"https:\/\/vosgesinfo.fr\/remiremontinfo\/#website\",\"url\":\"https:\/\/vosgesinfo.fr\/remiremontinfo\/\",\"name\":\"Remiremont Info\",\"description\":\"Toute l&#039;actualit\u00e9 de Remiremont\",\"publisher\":{\"@id\":\"https:\/\/vosgesinfo.fr\/remiremontinfo\/#organization\"},\"alternateName\":\"Toute l'actualit\u00e9 de Remiremont\",\"potentialAction\":[{\"@type\":\"SearchAction\",\"target\":{\"@type\":\"EntryPoint\",\"urlTemplate\":\"https:\/\/vosgesinfo.fr\/remiremontinfo\/?s={search_term_string}\"},\"query-input\":\"required name=search_term_string\"}],\"inLanguage\":\"fr-FR\"},{\"@type\":\"Organization\",\"@id\":\"https:\/\/vosgesinfo.fr\/remiremontinfo\/#organization\",\"name\":\"Remiremont Info\",\"url\":\"https:\/\/vosgesinfo.fr\/remiremontinfo\/\",\"logo\":{\"@type\":\"ImageObject\",\"inLanguage\":\"fr-FR\",\"@id\":\"https:\/\/vosgesinfo.fr\/remiremontinfo\/#\/schema\/logo\/image\/\",\"url\":\"https:\/\/vosgesinfo.fr\/app\/uploads\/sites\/5\/2023\/08\/favicon-remiremontinfo.png\",\"contentUrl\":\"https:\/\/vosgesinfo.fr\/app\/uploads\/sites\/5\/2023\/08\/favicon-remiremontinfo.png\",\"width\":512,\"height\":512,\"caption\":\"Remiremont Info\"},\"image\":{\"@id\":\"https:\/\/vosgesinfo.fr\/remiremontinfo\/#\/schema\/logo\/image\/\"},\"sameAs\":[\"https:\/\/www.facebook.com\/remiremontinfo\",\"https:\/\/x.com\/VosgesInfo88\",\"https:\/\/www.youtube.com\/@vosgesinfo\"]},{\"@type\":\"Person\",\"@id\":\"https:\/\/vosgesinfo.fr\/remiremontinfo\/#\/schema\/person\/db5605779a843dad16b5368f3e7613a5\",\"name\":\"QG\",\"image\":{\"@type\":\"ImageObject\",\"inLanguage\":\"fr-FR\",\"@id\":\"https:\/\/vosgesinfo.fr\/remiremontinfo\/#\/schema\/person\/image\/\",\"url\":\"https:\/\/secure.gravatar.com\/avatar\/ea80c42c204b534408512832fde52504ecabb9706bcb6151cf6175e5b64e6793?s=96&d=mm&r=g\",\"contentUrl\":\"https:\/\/secure.gravatar.com\/avatar\/ea80c42c204b534408512832fde52504ecabb9706bcb6151cf6175e5b64e6793?s=96&d=mm&r=g\",\"caption\":\"QG\"},\"url\":\"https:\/\/vosgesinfo.fr\/remiremontinfo\/author\/quentin88\/\"}]}<\/script>\n<!-- \/ Yoast SEO plugin. -->","yoast_head_json":{"title":"DESTOCKAGE DE PRINTEMPS \u00c0 L\u2019ABRI SAMEDI 25 MAI - Remiremont Info","robots":{"index":"index","follow":"follow","max-snippet":"max-snippet:-1","max-image-preview":"max-image-preview:large","max-video-preview":"max-video-preview:-1"},"canonical":"https:\/\/vosgesinfo.fr\/remiremontinfo\/?p=6151","twitter_card":"summary_large_image","twitter_title":"DESTOCKAGE DE PRINTEMPS \u00c0 L\u2019ABRI SAMEDI 25 MAI - Remiremont Info","twitter_description":"Communiqu\u00e9 &nbsp; L\u2019association L\u2019Abri est heureuse d\u2019annoncer son grand d\u00e9stockage de printemps le samedi 25 mai sur le site de [&hellip;]","twitter_image":"https:\/\/vosgesinfo.fr\/app\/uploads\/sites\/5\/2024\/04\/2024-pdf-affiche-destockage-printemps-page-0001-725x1024.jpg","twitter_creator":"@VosgesInfo88","twitter_site":"@VosgesInfo88","twitter_misc":{"\u00c9crit par":"QG","Dur\u00e9e de lecture estim\u00e9e":"3 minutes"},"schema":{"@context":"https:\/\/schema.org","@graph":[{"@type":"Article","@id":"https:\/\/vosgesinfo.fr\/remiremontinfo\/?p=6151#article","isPartOf":{"@id":"https:\/\/vosgesinfo.fr\/remiremontinfo\/?p=6151"},"author":{"name":"QG","@id":"https:\/\/vosgesinfo.fr\/remiremontinfo\/#\/schema\/person\/db5605779a843dad16b5368f3e7613a5"},"headline":"DESTOCKAGE DE PRINTEMPS \u00c0 L\u2019ABRI SAMEDI 25 MAI","datePublished":"2024-04-30T03:59:50+00:00","dateModified":"2024-04-29T16:30:53+00:00","mainEntityOfPage":{"@id":"https:\/\/vosgesinfo.fr\/remiremontinfo\/?p=6151"},"wordCount":533,"commentCount":0,"publisher":{"@id":"https:\/\/vosgesinfo.fr\/remiremontinfo\/#organization"},"image":{"@id":"https:\/\/vosgesinfo.fr\/remiremontinfo\/?p=6151#primaryimage"},"thumbnailUrl":"https:\/\/vosgesinfo.fr\/app\/uploads\/sites\/5\/2024\/04\/2024-pdf-affiche-destockage-printemps-page-0001.jpg","keywords":["L'abri"],"articleSection":["A la Une","Vie associative"],"inLanguage":"fr-FR","potentialAction":[{"@type":"CommentAction","name":"Comment","target":["https:\/\/vosgesinfo.fr\/remiremontinfo\/?p=6151#respond"]}]},{"@type":"WebPage","@id":"https:\/\/vosgesinfo.fr\/remiremontinfo\/?p=6151","url":"https:\/\/vosgesinfo.fr\/remiremontinfo\/?p=6151","name":"DESTOCKAGE DE PRINTEMPS \u00c0 L\u2019ABRI SAMEDI 25 MAI - Remiremont Info","isPartOf":{"@id":"https:\/\/vosgesinfo.fr\/remiremontinfo\/#website"},"primaryImageOfPage":{"@id":"https:\/\/vosgesinfo.fr\/remiremontinfo\/?p=6151#primaryimage"},"image":{"@id":"https:\/\/vosgesinfo.fr\/remiremontinfo\/?p=6151#primaryimage"},"thumbnailUrl":"https:\/\/vosgesinfo.fr\/app\/uploads\/sites\/5\/2024\/04\/2024-pdf-affiche-destockage-printemps-page-0001.jpg","datePublished":"2024-04-30T03:59:50+00:00","dateModified":"2024-04-29T16:30:53+00:00","breadcrumb":{"@id":"https:\/\/vosgesinfo.fr\/remiremontinfo\/?p=6151#breadcrumb"},"inLanguage":"fr-FR","potentialAction":[{"@type":"ReadAction","target":["https:\/\/vosgesinfo.fr\/remiremontinfo\/?p=6151"]}]},{"@type":"ImageObject","inLanguage":"fr-FR","@id":"https:\/\/vosgesinfo.fr\/remiremontinfo\/?p=6151#primaryimage","url":"https:\/\/vosgesinfo.fr\/app\/uploads\/sites\/5\/2024\/04\/2024-pdf-affiche-destockage-printemps-page-0001.jpg","contentUrl":"https:\/\/vosgesinfo.fr\/app\/uploads\/sites\/5\/2024\/04\/2024-pdf-affiche-destockage-printemps-page-0001.jpg","width":1755,"height":2480},{"@type":"BreadcrumbList","@id":"https:\/\/vosgesinfo.fr\/remiremontinfo\/?p=6151#breadcrumb","itemListElement":[{"@type":"ListItem","position":1,"name":"Home","item":"https:\/\/vosgesinfo.fr\/remiremontinfo\/"},{"@type":"ListItem","position":2,"name":"DESTOCKAGE DE PRINTEMPS \u00c0 L\u2019ABRI SAMEDI 25 MAI"}]},{"@type":"WebSite","@id":"https:\/\/vosgesinfo.fr\/remiremontinfo\/#website","url":"https:\/\/vosgesinfo.fr\/remiremontinfo\/","name":"Remiremont Info","description":"Toute l&#039;actualit\u00e9 de Remiremont","publisher":{"@id":"https:\/\/vosgesinfo.fr\/remiremontinfo\/#organization"},"alternateName":"Toute l'actualit\u00e9 de Remiremont","potentialAction":[{"@type":"SearchAction","target":{"@type":"EntryPoint","urlTemplate":"https:\/\/vosgesinfo.fr\/remiremontinfo\/?s={search_term_string}"},"query-input":"required name=search_term_string"}],"inLanguage":"fr-FR"},{"@type":"Organization","@id":"https:\/\/vosgesinfo.fr\/remiremontinfo\/#organization","name":"Remiremont Info","url":"https:\/\/vosgesinfo.fr\/remiremontinfo\/","logo":{"@type":"ImageObject","inLanguage":"fr-FR","@id":"https:\/\/vosgesinfo.fr\/remiremontinfo\/#\/schema\/logo\/image\/","url":"https:\/\/vosgesinfo.fr\/app\/uploads\/sites\/5\/2023\/08\/favicon-remiremontinfo.png","contentUrl":"https:\/\/vosgesinfo.fr\/app\/uploads\/sites\/5\/2023\/08\/favicon-remiremontinfo.png","width":512,"height":512,"caption":"Remiremont Info"},"image":{"@id":"https:\/\/vosgesinfo.fr\/remiremontinfo\/#\/schema\/logo\/image\/"},"sameAs":["https:\/\/www.facebook.com\/remiremontinfo","https:\/\/x.com\/VosgesInfo88","https:\/\/www.youtube.com\/@vosgesinfo"]},{"@type":"Person","@id":"https:\/\/vosgesinfo.fr\/remiremontinfo\/#\/schema\/person\/db5605779a843dad16b5368f3e7613a5","name":"QG","image":{"@type":"ImageObject","inLanguage":"fr-FR","@id":"https:\/\/vosgesinfo.fr\/remiremontinfo\/#\/schema\/person\/image\/","url":"https:\/\/secure.gravatar.com\/avatar\/ea80c42c204b534408512832fde52504ecabb9706bcb6151cf6175e5b64e6793?s=96&d=mm&r=g","contentUrl":"https:\/\/secure.gravatar.com\/avatar\/ea80c42c204b534408512832fde52504ecabb9706bcb6151cf6175e5b64e6793?s=96&d=mm&r=g","caption":"QG"},"url":"https:\/\/vosgesinfo.fr\/remiremontinfo\/author\/quentin88\/"}]}},"_links":{"self":[{"href":"https:\/\/vosgesinfo.fr\/remiremontinfo\/wp-json\/wp\/v2\/posts\/6151","targetHints":{"allow":["GET"]}}],"collection":[{"href":"https:\/\/vosgesinfo.fr\/remiremontinfo\/wp-json\/wp\/v2\/posts"}],"about":[{"href":"https:\/\/vosgesinfo.fr\/remiremontinfo\/wp-json\/wp\/v2\/types\/post"}],"author":[{"embeddable":true,"href":"https:\/\/vosgesinfo.fr\/remiremontinfo\/wp-json\/wp\/v2\/users\/42"}],"replies":[{"embeddable":true,"href":"https:\/\/vosgesinfo.fr\/remiremontinfo\/wp-json\/wp\/v2\/comments?post=6151"}],"version-history":[{"count":1,"href":"https:\/\/vosgesinfo.fr\/remiremontinfo\/wp-json\/wp\/v2\/posts\/6151\/revisions"}],"predecessor-version":[{"id":6153,"href":"https:\/\/vosgesinfo.fr\/remiremontinfo\/wp-json\/wp\/v2\/posts\/6151\/revisions\/6153"}],"wp:featuredmedia":[{"embeddable":true,"href":"https:\/\/vosgesinfo.fr\/remiremontinfo\/wp-json\/wp\/v2\/media\/6152"}],"wp:attachment":[{"href":"https:\/\/vosgesinfo.fr\/remiremontinfo\/wp-json\/wp\/v2\/media?parent=6151"}],"wp:term":[{"taxonomy":"category","embeddable":true,"href":"https:\/\/vosgesinfo.fr\/remiremontinfo\/wp-json\/wp\/v2\/categories?post=6151"},{"taxonomy":"post_tag","embeddable":true,"href":"https:\/\/vosgesinfo.fr\/remiremontinfo\/wp-json\/wp\/v2\/tags?post=6151"}],"curies":[{"name":"wp","href":"https:\/\/api.w.org\/{rel}","templated":true}]}}