{"id":61779,"date":"2022-09-10T07:38:38","date_gmt":"2022-09-10T05:38:38","guid":{"rendered":"https:\/\/vosgesinfo.fr\/remiremontinfo\/2022\/09\/saint-nabord-johan-villemain-vainqueur-200km-de-linfernal-trail\/"},"modified":"2022-09-10T07:38:38","modified_gmt":"2022-09-10T05:38:38","slug":"saint-nabord-johan-villemain-vainqueur-200km-de-linfernal-trail","status":"publish","type":"post","link":"https:\/\/vosgesinfo.fr\/remiremontinfo\/2022\/09\/saint-nabord-johan-villemain-vainqueur-200km-de-linfernal-trail\/","title":{"rendered":"Saint-Nabord : Johan Villemain vainqueur du 200km de l'\u00a0\u00bbInfernal Trail\u00a0\u00bb"},"content":{"rendered":"<h2><\/h2>\n\n<h2><span style=\"font-size: 12pt;\"><strong>L\u2019\u00e9dition 2022 de l\u2019\u00ab Infernal Trail \u00bb des Vosges a lieu actuellement, au d\u00e9part de Saint-Nabord.\u00a0Johan Villemain vient de remporter l&rsquo;\u00e9preuve des 200 kilom\u00e8tres en arrivant premier avec un temps de\u00a032:36:52 secondes. Un temps record ! Il a \u00e9t\u00e9 accueilli sur la ligne d&rsquo;arriv\u00e9e par les organisateurs, des spectateurs, et surtout par sa famille.\u00a0<\/strong><\/span><\/h2>\n<p>L&rsquo;\u00e9v\u00e9nement sportif se poursuit jusqu&rsquo;\u00e0 demain avec plusieurs courses. Il y a l&rsquo;IT60, l&rsquo;IT130, et d&rsquo;autres \u00e9preuves encore. Cette \u00e9dition 2022 est aussi marqu\u00e9e par le retour de la \u00ab Run \u00bb, la traditionnelle course avec des obstacles. Celle ci n\u2019avait pas eu lieu depuis 2019. Ce parcours sera mis \u00e0 disposition gratuitement le dimanche pour la mini-Run.\u00a0\u00a0L\u2019\u00ab\u00a0Infernal Trail\u00a0\u00bb attire des coureurs de toutes r\u00e9gions fran\u00e7aises, et m\u00eame de l\u2019international, avec notamment nos voisins belges. Plus de 28 nationalit\u00e9s sont repr\u00e9sent\u00e9es. 3 500 coureurs sont inscrits, et le nombre devrait encore monter avec la Run et la Mini-Run. L\u2019\u00e9v\u00e9nement est port\u00e9 par plus de 650 b\u00e9n\u00e9voles. 90\u00a0% de vosgiens parmi eux, et de nombreux habitants de Saint-Nabord. La commune voit sa population significativement augment\u00e9e pour ce week-end\u00a0!<\/p>\n<p>Pour d\u00e9couvrir les parcours autres infos, rendez vous ici :\u00a0<a href=\"https:\/\/linfernaltraildesvosges.org\/ressources?fbclid=IwAR1lWOEiqT-yQugTeGsAdlxv6DzY4RZ1C0eNmuiokzK7alJEU6vkgThvyK4\">RESSOURCES \u00bb L\u2019INFERNAL Trail l\u2019Ultra Trail des Vosges (linfernaltraildesvosges.org)<\/a><\/p>\n<p>Et pour le programme, c\u2019est par ici\u00a0:\u00a0<a href=\"https:\/\/linfernaltraildesvosges.org\/programme\">PROGRAMME \u00bb L\u2019INFERNAL Trail l\u2019Ultra Trail des Vosges (linfernaltraildesvosges.org)<\/a><\/p>\n\n","protected":false},"excerpt":{"rendered":"<p>L\u2019\u00e9dition 2022 de l\u2019\u00ab Infernal Trail \u00bb des Vosges a lieu actuellement, au d\u00e9part de Saint-Nabord.\u00a0Johan Villemain vient de remporter [&hellip;]<\/p>\n","protected":false},"author":407,"featured_media":61780,"comment_status":"open","ping_status":"open","sticky":false,"template":"","format":"standard","meta":{"footnotes":""},"categories":[26,35,100,14],"tags":[261,630,1411,4657,42,647,32],"class_list":["post-61779","post","type-post","status-publish","format-standard","has-post-thumbnail","hentry","category-a-la-une","category-remiremont-son-canton","category-saint-nabord","category-sport","tag-course","tag-course-a-pied","tag-infernal-trail","tag-johan-villemain","tag-saint-nabord","tag-trail","tag-vosges"],"acf":[],"yoast_head":"<!-- This site is optimized with the Yoast SEO plugin v22.5 - https:\/\/yoast.com\/wordpress\/plugins\/seo\/ -->\n<title>Saint-Nabord : Johan Villemain vainqueur du 200km de l&#039;&quot;Infernal Trail&quot; - Remiremont Info<\/title>\n<meta name=\"robots\" content=\"index, follow, max-snippet:-1, max-image-preview:large, max-video-preview:-1\" \/>\n<link rel=\"canonical\" href=\"https:\/\/vosgesinfo.fr\/remiremontinfo\/2022\/09\/saint-nabord-johan-villemain-vainqueur-200km-de-linfernal-trail\/\" \/>\n<meta name=\"twitter:card\" content=\"summary_large_image\" \/>\n<meta name=\"twitter:title\" content=\"Saint-Nabord : Johan Villemain vainqueur du 200km de l&#039;&quot;Infernal Trail&quot; - Remiremont Info\" \/>\n<meta name=\"twitter:description\" content=\"L\u2019\u00e9dition 2022 de l\u2019\u00ab Infernal Trail \u00bb des Vosges a lieu actuellement, au d\u00e9part de Saint-Nabord.\u00a0Johan Villemain vient de remporter [&hellip;]\" \/>\n<meta name=\"twitter:image\" content=\"https:\/\/vosgesinfo.fr\/app\/uploads\/sites\/5\/2024\/09\/202209dsc-00971-scaled.jpg\" \/>\n<meta name=\"twitter:creator\" content=\"@VosgesInfo88\" \/>\n<meta name=\"twitter:site\" content=\"@VosgesInfo88\" \/>\n<meta name=\"twitter:label1\" content=\"\u00c9crit par\" \/>\n\t<meta name=\"twitter:data1\" content=\"C D\" \/>\n\t<meta name=\"twitter:label2\" content=\"Dur\u00e9e de lecture estim\u00e9e\" \/>\n\t<meta name=\"twitter:data2\" content=\"1 minute\" \/>\n<script type=\"application\/ld+json\" class=\"yoast-schema-graph\">{\"@context\":\"https:\/\/schema.org\",\"@graph\":[{\"@type\":\"Article\",\"@id\":\"https:\/\/vosgesinfo.fr\/remiremontinfo\/2022\/09\/saint-nabord-johan-villemain-vainqueur-200km-de-linfernal-trail\/#article\",\"isPartOf\":{\"@id\":\"https:\/\/vosgesinfo.fr\/remiremontinfo\/2022\/09\/saint-nabord-johan-villemain-vainqueur-200km-de-linfernal-trail\/\"},\"author\":{\"name\":\"C D\",\"@id\":\"https:\/\/vosgesinfo.fr\/remiremontinfo\/#\/schema\/person\/3bfd164d5218a185b1db68655a265316\"},\"headline\":\"Saint-Nabord : Johan Villemain vainqueur du 200km de l'\u00a0\u00bbInfernal Trail\u00a0\u00bb\",\"datePublished\":\"2022-09-10T05:38:38+00:00\",\"dateModified\":\"2022-09-10T05:38:38+00:00\",\"mainEntityOfPage\":{\"@id\":\"https:\/\/vosgesinfo.fr\/remiremontinfo\/2022\/09\/saint-nabord-johan-villemain-vainqueur-200km-de-linfernal-trail\/\"},\"wordCount\":261,\"commentCount\":0,\"publisher\":{\"@id\":\"https:\/\/vosgesinfo.fr\/remiremontinfo\/#organization\"},\"image\":{\"@id\":\"https:\/\/vosgesinfo.fr\/remiremontinfo\/2022\/09\/saint-nabord-johan-villemain-vainqueur-200km-de-linfernal-trail\/#primaryimage\"},\"thumbnailUrl\":\"https:\/\/vosgesinfo.fr\/app\/uploads\/sites\/5\/2024\/09\/202209dsc-00971-scaled.jpg\",\"keywords\":[\"course\",\"Course \u00e0 pied\",\"Infernal Trail\",\"johan villemain\",\"saint-nabord\",\"Trail\",\"Vosges\"],\"articleSection\":[\"A la Une\",\"Remiremont &amp; son canton\",\"Saint-Nabord\",\"Sport\"],\"inLanguage\":\"fr-FR\",\"potentialAction\":[{\"@type\":\"CommentAction\",\"name\":\"Comment\",\"target\":[\"https:\/\/vosgesinfo.fr\/remiremontinfo\/2022\/09\/saint-nabord-johan-villemain-vainqueur-200km-de-linfernal-trail\/#respond\"]}]},{\"@type\":\"WebPage\",\"@id\":\"https:\/\/vosgesinfo.fr\/remiremontinfo\/2022\/09\/saint-nabord-johan-villemain-vainqueur-200km-de-linfernal-trail\/\",\"url\":\"https:\/\/vosgesinfo.fr\/remiremontinfo\/2022\/09\/saint-nabord-johan-villemain-vainqueur-200km-de-linfernal-trail\/\",\"name\":\"Saint-Nabord : Johan Villemain vainqueur du 200km de l'\\\"Infernal Trail\\\" - Remiremont Info\",\"isPartOf\":{\"@id\":\"https:\/\/vosgesinfo.fr\/remiremontinfo\/#website\"},\"primaryImageOfPage\":{\"@id\":\"https:\/\/vosgesinfo.fr\/remiremontinfo\/2022\/09\/saint-nabord-johan-villemain-vainqueur-200km-de-linfernal-trail\/#primaryimage\"},\"image\":{\"@id\":\"https:\/\/vosgesinfo.fr\/remiremontinfo\/2022\/09\/saint-nabord-johan-villemain-vainqueur-200km-de-linfernal-trail\/#primaryimage\"},\"thumbnailUrl\":\"https:\/\/vosgesinfo.fr\/app\/uploads\/sites\/5\/2024\/09\/202209dsc-00971-scaled.jpg\",\"datePublished\":\"2022-09-10T05:38:38+00:00\",\"dateModified\":\"2022-09-10T05:38:38+00:00\",\"breadcrumb\":{\"@id\":\"https:\/\/vosgesinfo.fr\/remiremontinfo\/2022\/09\/saint-nabord-johan-villemain-vainqueur-200km-de-linfernal-trail\/#breadcrumb\"},\"inLanguage\":\"fr-FR\",\"potentialAction\":[{\"@type\":\"ReadAction\",\"target\":[\"https:\/\/vosgesinfo.fr\/remiremontinfo\/2022\/09\/saint-nabord-johan-villemain-vainqueur-200km-de-linfernal-trail\/\"]}]},{\"@type\":\"ImageObject\",\"inLanguage\":\"fr-FR\",\"@id\":\"https:\/\/vosgesinfo.fr\/remiremontinfo\/2022\/09\/saint-nabord-johan-villemain-vainqueur-200km-de-linfernal-trail\/#primaryimage\",\"url\":\"https:\/\/vosgesinfo.fr\/app\/uploads\/sites\/5\/2024\/09\/202209dsc-00971-scaled.jpg\",\"contentUrl\":\"https:\/\/vosgesinfo.fr\/app\/uploads\/sites\/5\/2024\/09\/202209dsc-00971-scaled.jpg\",\"width\":2560,\"height\":1997},{\"@type\":\"BreadcrumbList\",\"@id\":\"https:\/\/vosgesinfo.fr\/remiremontinfo\/2022\/09\/saint-nabord-johan-villemain-vainqueur-200km-de-linfernal-trail\/#breadcrumb\",\"itemListElement\":[{\"@type\":\"ListItem\",\"position\":1,\"name\":\"Home\",\"item\":\"https:\/\/vosgesinfo.fr\/remiremontinfo\/\"},{\"@type\":\"ListItem\",\"position\":2,\"name\":\"Saint-Nabord : Johan Villemain vainqueur du 200km de l'\u00a0\u00bbInfernal Trail\u00a0\u00bb\"}]},{\"@type\":\"WebSite\",\"@id\":\"https:\/\/vosgesinfo.fr\/remiremontinfo\/#website\",\"url\":\"https:\/\/vosgesinfo.fr\/remiremontinfo\/\",\"name\":\"Remiremont Info\",\"description\":\"Toute l&#039;actualit\u00e9 de Remiremont\",\"publisher\":{\"@id\":\"https:\/\/vosgesinfo.fr\/remiremontinfo\/#organization\"},\"alternateName\":\"Toute l'actualit\u00e9 de Remiremont\",\"potentialAction\":[{\"@type\":\"SearchAction\",\"target\":{\"@type\":\"EntryPoint\",\"urlTemplate\":\"https:\/\/vosgesinfo.fr\/remiremontinfo\/?s={search_term_string}\"},\"query-input\":\"required name=search_term_string\"}],\"inLanguage\":\"fr-FR\"},{\"@type\":\"Organization\",\"@id\":\"https:\/\/vosgesinfo.fr\/remiremontinfo\/#organization\",\"name\":\"Remiremont Info\",\"url\":\"https:\/\/vosgesinfo.fr\/remiremontinfo\/\",\"logo\":{\"@type\":\"ImageObject\",\"inLanguage\":\"fr-FR\",\"@id\":\"https:\/\/vosgesinfo.fr\/remiremontinfo\/#\/schema\/logo\/image\/\",\"url\":\"https:\/\/vosgesinfo.fr\/app\/uploads\/sites\/5\/2023\/08\/favicon-remiremontinfo.png\",\"contentUrl\":\"https:\/\/vosgesinfo.fr\/app\/uploads\/sites\/5\/2023\/08\/favicon-remiremontinfo.png\",\"width\":512,\"height\":512,\"caption\":\"Remiremont Info\"},\"image\":{\"@id\":\"https:\/\/vosgesinfo.fr\/remiremontinfo\/#\/schema\/logo\/image\/\"},\"sameAs\":[\"https:\/\/www.facebook.com\/remiremontinfo\",\"https:\/\/x.com\/VosgesInfo88\",\"https:\/\/www.youtube.com\/@vosgesinfo\"]},{\"@type\":\"Person\",\"@id\":\"https:\/\/vosgesinfo.fr\/remiremontinfo\/#\/schema\/person\/3bfd164d5218a185b1db68655a265316\",\"name\":\"C D\",\"image\":{\"@type\":\"ImageObject\",\"inLanguage\":\"fr-FR\",\"@id\":\"https:\/\/vosgesinfo.fr\/remiremontinfo\/#\/schema\/person\/image\/\",\"url\":\"https:\/\/secure.gravatar.com\/avatar\/1f9a70007336511a47468b8f1c66f922b8b7cf617b02a31149ada43893a5d48f?s=96&d=mm&r=g\",\"contentUrl\":\"https:\/\/secure.gravatar.com\/avatar\/1f9a70007336511a47468b8f1c66f922b8b7cf617b02a31149ada43893a5d48f?s=96&d=mm&r=g\",\"caption\":\"C D\"},\"url\":\"https:\/\/vosgesinfo.fr\/remiremontinfo\/author\/cedric-drevet\/\"}]}<\/script>\n<!-- \/ Yoast SEO plugin. -->","yoast_head_json":{"title":"Saint-Nabord : Johan Villemain vainqueur du 200km de l'\"Infernal Trail\" - Remiremont Info","robots":{"index":"index","follow":"follow","max-snippet":"max-snippet:-1","max-image-preview":"max-image-preview:large","max-video-preview":"max-video-preview:-1"},"canonical":"https:\/\/vosgesinfo.fr\/remiremontinfo\/2022\/09\/saint-nabord-johan-villemain-vainqueur-200km-de-linfernal-trail\/","twitter_card":"summary_large_image","twitter_title":"Saint-Nabord : Johan Villemain vainqueur du 200km de l'\"Infernal Trail\" - Remiremont Info","twitter_description":"L\u2019\u00e9dition 2022 de l\u2019\u00ab Infernal Trail \u00bb des Vosges a lieu actuellement, au d\u00e9part de Saint-Nabord.\u00a0Johan Villemain vient de remporter [&hellip;]","twitter_image":"https:\/\/vosgesinfo.fr\/app\/uploads\/sites\/5\/2024\/09\/202209dsc-00971-scaled.jpg","twitter_creator":"@VosgesInfo88","twitter_site":"@VosgesInfo88","twitter_misc":{"\u00c9crit par":"C D","Dur\u00e9e de lecture estim\u00e9e":"1 minute"},"schema":{"@context":"https:\/\/schema.org","@graph":[{"@type":"Article","@id":"https:\/\/vosgesinfo.fr\/remiremontinfo\/2022\/09\/saint-nabord-johan-villemain-vainqueur-200km-de-linfernal-trail\/#article","isPartOf":{"@id":"https:\/\/vosgesinfo.fr\/remiremontinfo\/2022\/09\/saint-nabord-johan-villemain-vainqueur-200km-de-linfernal-trail\/"},"author":{"name":"C D","@id":"https:\/\/vosgesinfo.fr\/remiremontinfo\/#\/schema\/person\/3bfd164d5218a185b1db68655a265316"},"headline":"Saint-Nabord : Johan Villemain vainqueur du 200km de l'\u00a0\u00bbInfernal Trail\u00a0\u00bb","datePublished":"2022-09-10T05:38:38+00:00","dateModified":"2022-09-10T05:38:38+00:00","mainEntityOfPage":{"@id":"https:\/\/vosgesinfo.fr\/remiremontinfo\/2022\/09\/saint-nabord-johan-villemain-vainqueur-200km-de-linfernal-trail\/"},"wordCount":261,"commentCount":0,"publisher":{"@id":"https:\/\/vosgesinfo.fr\/remiremontinfo\/#organization"},"image":{"@id":"https:\/\/vosgesinfo.fr\/remiremontinfo\/2022\/09\/saint-nabord-johan-villemain-vainqueur-200km-de-linfernal-trail\/#primaryimage"},"thumbnailUrl":"https:\/\/vosgesinfo.fr\/app\/uploads\/sites\/5\/2024\/09\/202209dsc-00971-scaled.jpg","keywords":["course","Course \u00e0 pied","Infernal Trail","johan villemain","saint-nabord","Trail","Vosges"],"articleSection":["A la Une","Remiremont &amp; son canton","Saint-Nabord","Sport"],"inLanguage":"fr-FR","potentialAction":[{"@type":"CommentAction","name":"Comment","target":["https:\/\/vosgesinfo.fr\/remiremontinfo\/2022\/09\/saint-nabord-johan-villemain-vainqueur-200km-de-linfernal-trail\/#respond"]}]},{"@type":"WebPage","@id":"https:\/\/vosgesinfo.fr\/remiremontinfo\/2022\/09\/saint-nabord-johan-villemain-vainqueur-200km-de-linfernal-trail\/","url":"https:\/\/vosgesinfo.fr\/remiremontinfo\/2022\/09\/saint-nabord-johan-villemain-vainqueur-200km-de-linfernal-trail\/","name":"Saint-Nabord : Johan Villemain vainqueur du 200km de l'\"Infernal Trail\" - Remiremont Info","isPartOf":{"@id":"https:\/\/vosgesinfo.fr\/remiremontinfo\/#website"},"primaryImageOfPage":{"@id":"https:\/\/vosgesinfo.fr\/remiremontinfo\/2022\/09\/saint-nabord-johan-villemain-vainqueur-200km-de-linfernal-trail\/#primaryimage"},"image":{"@id":"https:\/\/vosgesinfo.fr\/remiremontinfo\/2022\/09\/saint-nabord-johan-villemain-vainqueur-200km-de-linfernal-trail\/#primaryimage"},"thumbnailUrl":"https:\/\/vosgesinfo.fr\/app\/uploads\/sites\/5\/2024\/09\/202209dsc-00971-scaled.jpg","datePublished":"2022-09-10T05:38:38+00:00","dateModified":"2022-09-10T05:38:38+00:00","breadcrumb":{"@id":"https:\/\/vosgesinfo.fr\/remiremontinfo\/2022\/09\/saint-nabord-johan-villemain-vainqueur-200km-de-linfernal-trail\/#breadcrumb"},"inLanguage":"fr-FR","potentialAction":[{"@type":"ReadAction","target":["https:\/\/vosgesinfo.fr\/remiremontinfo\/2022\/09\/saint-nabord-johan-villemain-vainqueur-200km-de-linfernal-trail\/"]}]},{"@type":"ImageObject","inLanguage":"fr-FR","@id":"https:\/\/vosgesinfo.fr\/remiremontinfo\/2022\/09\/saint-nabord-johan-villemain-vainqueur-200km-de-linfernal-trail\/#primaryimage","url":"https:\/\/vosgesinfo.fr\/app\/uploads\/sites\/5\/2024\/09\/202209dsc-00971-scaled.jpg","contentUrl":"https:\/\/vosgesinfo.fr\/app\/uploads\/sites\/5\/2024\/09\/202209dsc-00971-scaled.jpg","width":2560,"height":1997},{"@type":"BreadcrumbList","@id":"https:\/\/vosgesinfo.fr\/remiremontinfo\/2022\/09\/saint-nabord-johan-villemain-vainqueur-200km-de-linfernal-trail\/#breadcrumb","itemListElement":[{"@type":"ListItem","position":1,"name":"Home","item":"https:\/\/vosgesinfo.fr\/remiremontinfo\/"},{"@type":"ListItem","position":2,"name":"Saint-Nabord : Johan Villemain vainqueur du 200km de l'\u00a0\u00bbInfernal Trail\u00a0\u00bb"}]},{"@type":"WebSite","@id":"https:\/\/vosgesinfo.fr\/remiremontinfo\/#website","url":"https:\/\/vosgesinfo.fr\/remiremontinfo\/","name":"Remiremont Info","description":"Toute l&#039;actualit\u00e9 de Remiremont","publisher":{"@id":"https:\/\/vosgesinfo.fr\/remiremontinfo\/#organization"},"alternateName":"Toute l'actualit\u00e9 de Remiremont","potentialAction":[{"@type":"SearchAction","target":{"@type":"EntryPoint","urlTemplate":"https:\/\/vosgesinfo.fr\/remiremontinfo\/?s={search_term_string}"},"query-input":"required name=search_term_string"}],"inLanguage":"fr-FR"},{"@type":"Organization","@id":"https:\/\/vosgesinfo.fr\/remiremontinfo\/#organization","name":"Remiremont Info","url":"https:\/\/vosgesinfo.fr\/remiremontinfo\/","logo":{"@type":"ImageObject","inLanguage":"fr-FR","@id":"https:\/\/vosgesinfo.fr\/remiremontinfo\/#\/schema\/logo\/image\/","url":"https:\/\/vosgesinfo.fr\/app\/uploads\/sites\/5\/2023\/08\/favicon-remiremontinfo.png","contentUrl":"https:\/\/vosgesinfo.fr\/app\/uploads\/sites\/5\/2023\/08\/favicon-remiremontinfo.png","width":512,"height":512,"caption":"Remiremont Info"},"image":{"@id":"https:\/\/vosgesinfo.fr\/remiremontinfo\/#\/schema\/logo\/image\/"},"sameAs":["https:\/\/www.facebook.com\/remiremontinfo","https:\/\/x.com\/VosgesInfo88","https:\/\/www.youtube.com\/@vosgesinfo"]},{"@type":"Person","@id":"https:\/\/vosgesinfo.fr\/remiremontinfo\/#\/schema\/person\/3bfd164d5218a185b1db68655a265316","name":"C D","image":{"@type":"ImageObject","inLanguage":"fr-FR","@id":"https:\/\/vosgesinfo.fr\/remiremontinfo\/#\/schema\/person\/image\/","url":"https:\/\/secure.gravatar.com\/avatar\/1f9a70007336511a47468b8f1c66f922b8b7cf617b02a31149ada43893a5d48f?s=96&d=mm&r=g","contentUrl":"https:\/\/secure.gravatar.com\/avatar\/1f9a70007336511a47468b8f1c66f922b8b7cf617b02a31149ada43893a5d48f?s=96&d=mm&r=g","caption":"C D"},"url":"https:\/\/vosgesinfo.fr\/remiremontinfo\/author\/cedric-drevet\/"}]}},"_links":{"self":[{"href":"https:\/\/vosgesinfo.fr\/remiremontinfo\/wp-json\/wp\/v2\/posts\/61779","targetHints":{"allow":["GET"]}}],"collection":[{"href":"https:\/\/vosgesinfo.fr\/remiremontinfo\/wp-json\/wp\/v2\/posts"}],"about":[{"href":"https:\/\/vosgesinfo.fr\/remiremontinfo\/wp-json\/wp\/v2\/types\/post"}],"author":[{"embeddable":true,"href":"https:\/\/vosgesinfo.fr\/remiremontinfo\/wp-json\/wp\/v2\/users\/407"}],"replies":[{"embeddable":true,"href":"https:\/\/vosgesinfo.fr\/remiremontinfo\/wp-json\/wp\/v2\/comments?post=61779"}],"version-history":[{"count":0,"href":"https:\/\/vosgesinfo.fr\/remiremontinfo\/wp-json\/wp\/v2\/posts\/61779\/revisions"}],"wp:featuredmedia":[{"embeddable":true,"href":"https:\/\/vosgesinfo.fr\/remiremontinfo\/wp-json\/wp\/v2\/media\/61780"}],"wp:attachment":[{"href":"https:\/\/vosgesinfo.fr\/remiremontinfo\/wp-json\/wp\/v2\/media?parent=61779"}],"wp:term":[{"taxonomy":"category","embeddable":true,"href":"https:\/\/vosgesinfo.fr\/remiremontinfo\/wp-json\/wp\/v2\/categories?post=61779"},{"taxonomy":"post_tag","embeddable":true,"href":"https:\/\/vosgesinfo.fr\/remiremontinfo\/wp-json\/wp\/v2\/tags?post=61779"}],"curies":[{"name":"wp","href":"https:\/\/api.w.org\/{rel}","templated":true}]}}