{"id":61804,"date":"2022-09-10T04:39:11","date_gmt":"2022-09-10T02:39:11","guid":{"rendered":"https:\/\/vosgesinfo.fr\/remiremontinfo\/2022\/09\/escrime-stage-de-lequipe-de-france-masculine-depee-vosges\/"},"modified":"2022-09-10T04:39:11","modified_gmt":"2022-09-10T02:39:11","slug":"escrime-stage-de-lequipe-de-france-masculine-depee-vosges","status":"publish","type":"post","link":"https:\/\/vosgesinfo.fr\/remiremontinfo\/2022\/09\/escrime-stage-de-lequipe-de-france-masculine-depee-vosges\/","title":{"rendered":"Escrime : stage de l\u2019\u00e9quipe de France masculine d\u2019\u00e9p\u00e9e dans les Vosges"},"content":{"rendered":"<h2>L\u2019\u00e9quipe de France d\u2019\u00e9p\u00e9e masculine, emmen\u00e9e par le champion olympique et du monde Romain Cannone, viendra en stage \u00e0 \u00c9pinal la semaine prochaine, du 12 au 18 septembre, dans la perspective de pr\u00e9parer la 1<sup>\u00e8re<\/sup>\u00a0manche du Circuit National 2022-2023 \u00e0 Livry-Gargan, les 8 et 9 octobre prochains. Ils seront accueillis dans la salle d\u2019armes de la halle des sports et au gymnase Viviani.<\/h2>\n<p>Le grand public aura l\u2019occasion de d\u00e9couvrir ces champions, revenus des mondiaux organis\u00e9s cet \u00e9t\u00e9 au Caire, en \u00c9gypte, avec 8 m\u00e9dailles et aur\u00e9ol\u00e9s du titre de champions du monde par \u00e9quipe, de pr\u00e8s \u00e0 l\u2019occasion d\u2019une soir\u00e9e de gala organis\u00e9e le jeudi 15 septembre, \u00e0 20h, au gymnase Viviani. L\u2019entr\u00e9e sera libre et gratuite.<\/p>\n<p>Dans le cadre du programme Terre de Jeux 2024, la F\u00e9d\u00e9ration fran\u00e7aise d\u2019escrime s\u2019est engag\u00e9e par convention avec la Ville (\u00ab\u00a0Top partenaire\u00a0\u00bb), \u00e0 venir en stage de pr\u00e9paration au moins une fois par an \u00e0 \u00c9pinal jusqu\u2019aux JO 2024.<\/p>\n<h3>Acc\u00e8s \u00e0 la Halle des Sports :<\/h3>\n<p>La chute d\u2019une partie d\u2019une poutre de la grande halle survenue le 21 mai dernier avait contraint la Ville \u00e0 interdire l\u2019acc\u00e8s au b\u00e2timent par pr\u00e9caution. Malgr\u00e9 les travaux d\u2019\u00e9tayage et de s\u00e9curisation de 4 autres poutres jug\u00e9es fragiles, la grande halle reste interdite au public, jusqu\u2019\u00e0 nouvel ordre. Cependant, les salles de tennis de table, de tir \u00e0 l\u2019arc et d\u2019escrime de la halle des sports sont accessibles depuis le 28 juillet gr<\/p>\n","protected":false},"excerpt":{"rendered":"<p>L\u2019\u00e9quipe de France d\u2019\u00e9p\u00e9e masculine, emmen\u00e9e par le champion olympique et du monde Romain Cannone, viendra en stage \u00e0 \u00c9pinal [&hellip;]<\/p>\n","protected":false},"author":407,"featured_media":61805,"comment_status":"open","ping_status":"open","sticky":false,"template":"","format":"standard","meta":{"footnotes":""},"categories":[26,14,18],"tags":[2260,61,32],"class_list":["post-61804","post","type-post","status-publish","format-standard","has-post-thumbnail","hentry","category-a-la-une","category-sport","category-vosges","tag-escrime","tag-sport","tag-vosges"],"acf":[],"yoast_head":"<!-- This site is optimized with the Yoast SEO plugin v22.5 - https:\/\/yoast.com\/wordpress\/plugins\/seo\/ -->\n<title>Escrime : stage de l\u2019\u00e9quipe de France masculine d\u2019\u00e9p\u00e9e dans les Vosges - Remiremont Info<\/title>\n<meta name=\"robots\" content=\"index, follow, max-snippet:-1, max-image-preview:large, max-video-preview:-1\" \/>\n<link rel=\"canonical\" href=\"https:\/\/vosgesinfo.fr\/remiremontinfo\/2022\/09\/escrime-stage-de-lequipe-de-france-masculine-depee-vosges\/\" \/>\n<meta name=\"twitter:card\" content=\"summary_large_image\" \/>\n<meta name=\"twitter:title\" content=\"Escrime : stage de l\u2019\u00e9quipe de France masculine d\u2019\u00e9p\u00e9e dans les Vosges - Remiremont Info\" \/>\n<meta name=\"twitter:description\" content=\"L\u2019\u00e9quipe de France d\u2019\u00e9p\u00e9e masculine, emmen\u00e9e par le champion olympique et du monde Romain Cannone, viendra en stage \u00e0 \u00c9pinal [&hellip;]\" \/>\n<meta name=\"twitter:image\" content=\"https:\/\/vosgesinfo.fr\/app\/uploads\/sites\/5\/2024\/09\/202209thumbnail-affiche.jpg\" \/>\n<meta name=\"twitter:creator\" content=\"@VosgesInfo88\" \/>\n<meta name=\"twitter:site\" content=\"@VosgesInfo88\" \/>\n<meta name=\"twitter:label1\" content=\"\u00c9crit par\" \/>\n\t<meta name=\"twitter:data1\" content=\"C D\" \/>\n\t<meta name=\"twitter:label2\" content=\"Dur\u00e9e de lecture estim\u00e9e\" \/>\n\t<meta name=\"twitter:data2\" content=\"1 minute\" \/>\n<script type=\"application\/ld+json\" class=\"yoast-schema-graph\">{\"@context\":\"https:\/\/schema.org\",\"@graph\":[{\"@type\":\"Article\",\"@id\":\"https:\/\/vosgesinfo.fr\/remiremontinfo\/2022\/09\/escrime-stage-de-lequipe-de-france-masculine-depee-vosges\/#article\",\"isPartOf\":{\"@id\":\"https:\/\/vosgesinfo.fr\/remiremontinfo\/2022\/09\/escrime-stage-de-lequipe-de-france-masculine-depee-vosges\/\"},\"author\":{\"name\":\"C D\",\"@id\":\"https:\/\/vosgesinfo.fr\/remiremontinfo\/#\/schema\/person\/3bfd164d5218a185b1db68655a265316\"},\"headline\":\"Escrime : stage de l\u2019\u00e9quipe de France masculine d\u2019\u00e9p\u00e9e dans les Vosges\",\"datePublished\":\"2022-09-10T02:39:11+00:00\",\"dateModified\":\"2022-09-10T02:39:11+00:00\",\"mainEntityOfPage\":{\"@id\":\"https:\/\/vosgesinfo.fr\/remiremontinfo\/2022\/09\/escrime-stage-de-lequipe-de-france-masculine-depee-vosges\/\"},\"wordCount\":271,\"commentCount\":0,\"publisher\":{\"@id\":\"https:\/\/vosgesinfo.fr\/remiremontinfo\/#organization\"},\"image\":{\"@id\":\"https:\/\/vosgesinfo.fr\/remiremontinfo\/2022\/09\/escrime-stage-de-lequipe-de-france-masculine-depee-vosges\/#primaryimage\"},\"thumbnailUrl\":\"https:\/\/vosgesinfo.fr\/app\/uploads\/sites\/5\/2024\/09\/202209thumbnail-affiche.jpg\",\"keywords\":[\"Escrime\",\"sport\",\"Vosges\"],\"articleSection\":[\"A la Une\",\"Sport\",\"Vosges\"],\"inLanguage\":\"fr-FR\",\"potentialAction\":[{\"@type\":\"CommentAction\",\"name\":\"Comment\",\"target\":[\"https:\/\/vosgesinfo.fr\/remiremontinfo\/2022\/09\/escrime-stage-de-lequipe-de-france-masculine-depee-vosges\/#respond\"]}]},{\"@type\":\"WebPage\",\"@id\":\"https:\/\/vosgesinfo.fr\/remiremontinfo\/2022\/09\/escrime-stage-de-lequipe-de-france-masculine-depee-vosges\/\",\"url\":\"https:\/\/vosgesinfo.fr\/remiremontinfo\/2022\/09\/escrime-stage-de-lequipe-de-france-masculine-depee-vosges\/\",\"name\":\"Escrime : stage de l\u2019\u00e9quipe de France masculine d\u2019\u00e9p\u00e9e dans les Vosges - Remiremont Info\",\"isPartOf\":{\"@id\":\"https:\/\/vosgesinfo.fr\/remiremontinfo\/#website\"},\"primaryImageOfPage\":{\"@id\":\"https:\/\/vosgesinfo.fr\/remiremontinfo\/2022\/09\/escrime-stage-de-lequipe-de-france-masculine-depee-vosges\/#primaryimage\"},\"image\":{\"@id\":\"https:\/\/vosgesinfo.fr\/remiremontinfo\/2022\/09\/escrime-stage-de-lequipe-de-france-masculine-depee-vosges\/#primaryimage\"},\"thumbnailUrl\":\"https:\/\/vosgesinfo.fr\/app\/uploads\/sites\/5\/2024\/09\/202209thumbnail-affiche.jpg\",\"datePublished\":\"2022-09-10T02:39:11+00:00\",\"dateModified\":\"2022-09-10T02:39:11+00:00\",\"breadcrumb\":{\"@id\":\"https:\/\/vosgesinfo.fr\/remiremontinfo\/2022\/09\/escrime-stage-de-lequipe-de-france-masculine-depee-vosges\/#breadcrumb\"},\"inLanguage\":\"fr-FR\",\"potentialAction\":[{\"@type\":\"ReadAction\",\"target\":[\"https:\/\/vosgesinfo.fr\/remiremontinfo\/2022\/09\/escrime-stage-de-lequipe-de-france-masculine-depee-vosges\/\"]}]},{\"@type\":\"ImageObject\",\"inLanguage\":\"fr-FR\",\"@id\":\"https:\/\/vosgesinfo.fr\/remiremontinfo\/2022\/09\/escrime-stage-de-lequipe-de-france-masculine-depee-vosges\/#primaryimage\",\"url\":\"https:\/\/vosgesinfo.fr\/app\/uploads\/sites\/5\/2024\/09\/202209thumbnail-affiche.jpg\",\"contentUrl\":\"https:\/\/vosgesinfo.fr\/app\/uploads\/sites\/5\/2024\/09\/202209thumbnail-affiche.jpg\",\"width\":598,\"height\":800},{\"@type\":\"BreadcrumbList\",\"@id\":\"https:\/\/vosgesinfo.fr\/remiremontinfo\/2022\/09\/escrime-stage-de-lequipe-de-france-masculine-depee-vosges\/#breadcrumb\",\"itemListElement\":[{\"@type\":\"ListItem\",\"position\":1,\"name\":\"Home\",\"item\":\"https:\/\/vosgesinfo.fr\/remiremontinfo\/\"},{\"@type\":\"ListItem\",\"position\":2,\"name\":\"Escrime : stage de l\u2019\u00e9quipe de France masculine d\u2019\u00e9p\u00e9e dans les Vosges\"}]},{\"@type\":\"WebSite\",\"@id\":\"https:\/\/vosgesinfo.fr\/remiremontinfo\/#website\",\"url\":\"https:\/\/vosgesinfo.fr\/remiremontinfo\/\",\"name\":\"Remiremont Info\",\"description\":\"Toute l&#039;actualit\u00e9 de Remiremont\",\"publisher\":{\"@id\":\"https:\/\/vosgesinfo.fr\/remiremontinfo\/#organization\"},\"alternateName\":\"Toute l'actualit\u00e9 de Remiremont\",\"potentialAction\":[{\"@type\":\"SearchAction\",\"target\":{\"@type\":\"EntryPoint\",\"urlTemplate\":\"https:\/\/vosgesinfo.fr\/remiremontinfo\/?s={search_term_string}\"},\"query-input\":\"required name=search_term_string\"}],\"inLanguage\":\"fr-FR\"},{\"@type\":\"Organization\",\"@id\":\"https:\/\/vosgesinfo.fr\/remiremontinfo\/#organization\",\"name\":\"Remiremont Info\",\"url\":\"https:\/\/vosgesinfo.fr\/remiremontinfo\/\",\"logo\":{\"@type\":\"ImageObject\",\"inLanguage\":\"fr-FR\",\"@id\":\"https:\/\/vosgesinfo.fr\/remiremontinfo\/#\/schema\/logo\/image\/\",\"url\":\"https:\/\/vosgesinfo.fr\/app\/uploads\/sites\/5\/2023\/08\/favicon-remiremontinfo.png\",\"contentUrl\":\"https:\/\/vosgesinfo.fr\/app\/uploads\/sites\/5\/2023\/08\/favicon-remiremontinfo.png\",\"width\":512,\"height\":512,\"caption\":\"Remiremont Info\"},\"image\":{\"@id\":\"https:\/\/vosgesinfo.fr\/remiremontinfo\/#\/schema\/logo\/image\/\"},\"sameAs\":[\"https:\/\/www.facebook.com\/remiremontinfo\",\"https:\/\/x.com\/VosgesInfo88\",\"https:\/\/www.youtube.com\/@vosgesinfo\"]},{\"@type\":\"Person\",\"@id\":\"https:\/\/vosgesinfo.fr\/remiremontinfo\/#\/schema\/person\/3bfd164d5218a185b1db68655a265316\",\"name\":\"C D\",\"image\":{\"@type\":\"ImageObject\",\"inLanguage\":\"fr-FR\",\"@id\":\"https:\/\/vosgesinfo.fr\/remiremontinfo\/#\/schema\/person\/image\/\",\"url\":\"https:\/\/secure.gravatar.com\/avatar\/1f9a70007336511a47468b8f1c66f922b8b7cf617b02a31149ada43893a5d48f?s=96&d=mm&r=g\",\"contentUrl\":\"https:\/\/secure.gravatar.com\/avatar\/1f9a70007336511a47468b8f1c66f922b8b7cf617b02a31149ada43893a5d48f?s=96&d=mm&r=g\",\"caption\":\"C D\"},\"url\":\"https:\/\/vosgesinfo.fr\/remiremontinfo\/author\/cedric-drevet\/\"}]}<\/script>\n<!-- \/ Yoast SEO plugin. -->","yoast_head_json":{"title":"Escrime : stage de l\u2019\u00e9quipe de France masculine d\u2019\u00e9p\u00e9e dans les Vosges - Remiremont Info","robots":{"index":"index","follow":"follow","max-snippet":"max-snippet:-1","max-image-preview":"max-image-preview:large","max-video-preview":"max-video-preview:-1"},"canonical":"https:\/\/vosgesinfo.fr\/remiremontinfo\/2022\/09\/escrime-stage-de-lequipe-de-france-masculine-depee-vosges\/","twitter_card":"summary_large_image","twitter_title":"Escrime : stage de l\u2019\u00e9quipe de France masculine d\u2019\u00e9p\u00e9e dans les Vosges - Remiremont Info","twitter_description":"L\u2019\u00e9quipe de France d\u2019\u00e9p\u00e9e masculine, emmen\u00e9e par le champion olympique et du monde Romain Cannone, viendra en stage \u00e0 \u00c9pinal [&hellip;]","twitter_image":"https:\/\/vosgesinfo.fr\/app\/uploads\/sites\/5\/2024\/09\/202209thumbnail-affiche.jpg","twitter_creator":"@VosgesInfo88","twitter_site":"@VosgesInfo88","twitter_misc":{"\u00c9crit par":"C D","Dur\u00e9e de lecture estim\u00e9e":"1 minute"},"schema":{"@context":"https:\/\/schema.org","@graph":[{"@type":"Article","@id":"https:\/\/vosgesinfo.fr\/remiremontinfo\/2022\/09\/escrime-stage-de-lequipe-de-france-masculine-depee-vosges\/#article","isPartOf":{"@id":"https:\/\/vosgesinfo.fr\/remiremontinfo\/2022\/09\/escrime-stage-de-lequipe-de-france-masculine-depee-vosges\/"},"author":{"name":"C D","@id":"https:\/\/vosgesinfo.fr\/remiremontinfo\/#\/schema\/person\/3bfd164d5218a185b1db68655a265316"},"headline":"Escrime : stage de l\u2019\u00e9quipe de France masculine d\u2019\u00e9p\u00e9e dans les Vosges","datePublished":"2022-09-10T02:39:11+00:00","dateModified":"2022-09-10T02:39:11+00:00","mainEntityOfPage":{"@id":"https:\/\/vosgesinfo.fr\/remiremontinfo\/2022\/09\/escrime-stage-de-lequipe-de-france-masculine-depee-vosges\/"},"wordCount":271,"commentCount":0,"publisher":{"@id":"https:\/\/vosgesinfo.fr\/remiremontinfo\/#organization"},"image":{"@id":"https:\/\/vosgesinfo.fr\/remiremontinfo\/2022\/09\/escrime-stage-de-lequipe-de-france-masculine-depee-vosges\/#primaryimage"},"thumbnailUrl":"https:\/\/vosgesinfo.fr\/app\/uploads\/sites\/5\/2024\/09\/202209thumbnail-affiche.jpg","keywords":["Escrime","sport","Vosges"],"articleSection":["A la Une","Sport","Vosges"],"inLanguage":"fr-FR","potentialAction":[{"@type":"CommentAction","name":"Comment","target":["https:\/\/vosgesinfo.fr\/remiremontinfo\/2022\/09\/escrime-stage-de-lequipe-de-france-masculine-depee-vosges\/#respond"]}]},{"@type":"WebPage","@id":"https:\/\/vosgesinfo.fr\/remiremontinfo\/2022\/09\/escrime-stage-de-lequipe-de-france-masculine-depee-vosges\/","url":"https:\/\/vosgesinfo.fr\/remiremontinfo\/2022\/09\/escrime-stage-de-lequipe-de-france-masculine-depee-vosges\/","name":"Escrime : stage de l\u2019\u00e9quipe de France masculine d\u2019\u00e9p\u00e9e dans les Vosges - Remiremont Info","isPartOf":{"@id":"https:\/\/vosgesinfo.fr\/remiremontinfo\/#website"},"primaryImageOfPage":{"@id":"https:\/\/vosgesinfo.fr\/remiremontinfo\/2022\/09\/escrime-stage-de-lequipe-de-france-masculine-depee-vosges\/#primaryimage"},"image":{"@id":"https:\/\/vosgesinfo.fr\/remiremontinfo\/2022\/09\/escrime-stage-de-lequipe-de-france-masculine-depee-vosges\/#primaryimage"},"thumbnailUrl":"https:\/\/vosgesinfo.fr\/app\/uploads\/sites\/5\/2024\/09\/202209thumbnail-affiche.jpg","datePublished":"2022-09-10T02:39:11+00:00","dateModified":"2022-09-10T02:39:11+00:00","breadcrumb":{"@id":"https:\/\/vosgesinfo.fr\/remiremontinfo\/2022\/09\/escrime-stage-de-lequipe-de-france-masculine-depee-vosges\/#breadcrumb"},"inLanguage":"fr-FR","potentialAction":[{"@type":"ReadAction","target":["https:\/\/vosgesinfo.fr\/remiremontinfo\/2022\/09\/escrime-stage-de-lequipe-de-france-masculine-depee-vosges\/"]}]},{"@type":"ImageObject","inLanguage":"fr-FR","@id":"https:\/\/vosgesinfo.fr\/remiremontinfo\/2022\/09\/escrime-stage-de-lequipe-de-france-masculine-depee-vosges\/#primaryimage","url":"https:\/\/vosgesinfo.fr\/app\/uploads\/sites\/5\/2024\/09\/202209thumbnail-affiche.jpg","contentUrl":"https:\/\/vosgesinfo.fr\/app\/uploads\/sites\/5\/2024\/09\/202209thumbnail-affiche.jpg","width":598,"height":800},{"@type":"BreadcrumbList","@id":"https:\/\/vosgesinfo.fr\/remiremontinfo\/2022\/09\/escrime-stage-de-lequipe-de-france-masculine-depee-vosges\/#breadcrumb","itemListElement":[{"@type":"ListItem","position":1,"name":"Home","item":"https:\/\/vosgesinfo.fr\/remiremontinfo\/"},{"@type":"ListItem","position":2,"name":"Escrime : stage de l\u2019\u00e9quipe de France masculine d\u2019\u00e9p\u00e9e dans les Vosges"}]},{"@type":"WebSite","@id":"https:\/\/vosgesinfo.fr\/remiremontinfo\/#website","url":"https:\/\/vosgesinfo.fr\/remiremontinfo\/","name":"Remiremont Info","description":"Toute l&#039;actualit\u00e9 de Remiremont","publisher":{"@id":"https:\/\/vosgesinfo.fr\/remiremontinfo\/#organization"},"alternateName":"Toute l'actualit\u00e9 de Remiremont","potentialAction":[{"@type":"SearchAction","target":{"@type":"EntryPoint","urlTemplate":"https:\/\/vosgesinfo.fr\/remiremontinfo\/?s={search_term_string}"},"query-input":"required name=search_term_string"}],"inLanguage":"fr-FR"},{"@type":"Organization","@id":"https:\/\/vosgesinfo.fr\/remiremontinfo\/#organization","name":"Remiremont Info","url":"https:\/\/vosgesinfo.fr\/remiremontinfo\/","logo":{"@type":"ImageObject","inLanguage":"fr-FR","@id":"https:\/\/vosgesinfo.fr\/remiremontinfo\/#\/schema\/logo\/image\/","url":"https:\/\/vosgesinfo.fr\/app\/uploads\/sites\/5\/2023\/08\/favicon-remiremontinfo.png","contentUrl":"https:\/\/vosgesinfo.fr\/app\/uploads\/sites\/5\/2023\/08\/favicon-remiremontinfo.png","width":512,"height":512,"caption":"Remiremont Info"},"image":{"@id":"https:\/\/vosgesinfo.fr\/remiremontinfo\/#\/schema\/logo\/image\/"},"sameAs":["https:\/\/www.facebook.com\/remiremontinfo","https:\/\/x.com\/VosgesInfo88","https:\/\/www.youtube.com\/@vosgesinfo"]},{"@type":"Person","@id":"https:\/\/vosgesinfo.fr\/remiremontinfo\/#\/schema\/person\/3bfd164d5218a185b1db68655a265316","name":"C D","image":{"@type":"ImageObject","inLanguage":"fr-FR","@id":"https:\/\/vosgesinfo.fr\/remiremontinfo\/#\/schema\/person\/image\/","url":"https:\/\/secure.gravatar.com\/avatar\/1f9a70007336511a47468b8f1c66f922b8b7cf617b02a31149ada43893a5d48f?s=96&d=mm&r=g","contentUrl":"https:\/\/secure.gravatar.com\/avatar\/1f9a70007336511a47468b8f1c66f922b8b7cf617b02a31149ada43893a5d48f?s=96&d=mm&r=g","caption":"C D"},"url":"https:\/\/vosgesinfo.fr\/remiremontinfo\/author\/cedric-drevet\/"}]}},"_links":{"self":[{"href":"https:\/\/vosgesinfo.fr\/remiremontinfo\/wp-json\/wp\/v2\/posts\/61804","targetHints":{"allow":["GET"]}}],"collection":[{"href":"https:\/\/vosgesinfo.fr\/remiremontinfo\/wp-json\/wp\/v2\/posts"}],"about":[{"href":"https:\/\/vosgesinfo.fr\/remiremontinfo\/wp-json\/wp\/v2\/types\/post"}],"author":[{"embeddable":true,"href":"https:\/\/vosgesinfo.fr\/remiremontinfo\/wp-json\/wp\/v2\/users\/407"}],"replies":[{"embeddable":true,"href":"https:\/\/vosgesinfo.fr\/remiremontinfo\/wp-json\/wp\/v2\/comments?post=61804"}],"version-history":[{"count":0,"href":"https:\/\/vosgesinfo.fr\/remiremontinfo\/wp-json\/wp\/v2\/posts\/61804\/revisions"}],"wp:featuredmedia":[{"embeddable":true,"href":"https:\/\/vosgesinfo.fr\/remiremontinfo\/wp-json\/wp\/v2\/media\/61805"}],"wp:attachment":[{"href":"https:\/\/vosgesinfo.fr\/remiremontinfo\/wp-json\/wp\/v2\/media?parent=61804"}],"wp:term":[{"taxonomy":"category","embeddable":true,"href":"https:\/\/vosgesinfo.fr\/remiremontinfo\/wp-json\/wp\/v2\/categories?post=61804"},{"taxonomy":"post_tag","embeddable":true,"href":"https:\/\/vosgesinfo.fr\/remiremontinfo\/wp-json\/wp\/v2\/tags?post=61804"}],"curies":[{"name":"wp","href":"https:\/\/api.w.org\/{rel}","templated":true}]}}