{"id":61811,"date":"2022-09-10T08:32:15","date_gmt":"2022-09-10T06:32:15","guid":{"rendered":"https:\/\/vosgesinfo.fr\/remiremontinfo\/2022\/09\/remiremont-club-vosgien-fete-150-ans\/"},"modified":"2022-09-10T08:32:15","modified_gmt":"2022-09-10T06:32:15","slug":"remiremont-club-vosgien-fete-150-ans","status":"publish","type":"post","link":"https:\/\/vosgesinfo.fr\/remiremontinfo\/2022\/09\/remiremont-club-vosgien-fete-150-ans\/","title":{"rendered":"Remiremont : le Club Vosgien f\u00eate ses 150 ans !"},"content":{"rendered":"<p><a href=\"\/2022\/09\/306268017_596997188542086_2552154548814913022_n.jpg\"><img decoding=\"async\" class=\"alignnone size-full wp-image-353378\" src=\"\/2022\/09\/306268017_596997188542086_2552154548814913022_n.jpg\" alt=\"306268017_596997188542086_2552154548814913022_n\" width=\"843\" height=\"561\" \/><\/a><\/p>\n<p><span style=\"font-size: 10pt;\"><em>Photo par <a href=\"https:\/\/www.facebook.com\/RemiremontPlombieresTourisme\">Remiremont Plombi\u00e8res-les-Bains Tourisme<\/a><\/em><\/span><\/p>\n<h2><span style=\"font-size: 12pt;\"><strong>Le Club Vosgien f\u00eate ses 150 ans ! Pour l&rsquo;occasion, la section de Remiremont et des environs propose un week-end riche en animations. Au programme des festivit\u00e9s\u00a0: une exposition, et \u00e9videmment de la randonn\u00e9e.<\/strong><\/span><\/h2>\n<p>Exposition sur l\u2019histoire du Club Vosgien f\u00e9d\u00e9ral et local du vendredi 9 au dimanche 11 septembre, de 9h \u00e0 12h et de 14h \u00e0 18h (vernissage le vendredi \u00e0 17h, entr\u00e9e libre) au Centre Culturel Gilbert Zaug. Randonn\u00e9e comment\u00e9e sur les origines de Remiremont, ce samedi 10 septembre, \u00e0 9h30 au d\u00e9part du parking de l\u2019\u00e9glise de Saint-\u00c9tienne-l\u00e8s-Remiremont. Randonn\u00e9e comment\u00e9e et visite du Fort du Parmont ce dimanche 11 septembre 2022, \u00e0 9h30 au d\u00e9part du Champ de Mars \u00e0 Remiremont. Tarif 5\u20ac pour la visite guid\u00e9e du Fort. Tous les d\u00e9tails des animations sont \u00e0 retrouver sur le site du Club Vosgien de Remiremont : <a href=\"https:\/\/www.clubvosgienremiremont.fr\/?fbclid=IwAR2sYXKwYh0pMxU9NrbTsuWI6WOJ-sluKz32AkiRVVevMIo2Nck4OZ9-8gU\">Club Vosgien Remiremont<\/a><\/p>\n<p><span style=\"font-size: 10pt;\"><em>Photos par\u00a0<a href=\"https:\/\/www.clubvosgienremiremont.fr\/?fbclid=IwAR2sYXKwYh0pMxU9NrbTsuWI6WOJ-sluKz32AkiRVVevMIo2Nck4OZ9-8gU\">Club Vosgien Remiremont<\/a>\u00a0<\/em><\/span><\/p>\n\n","protected":false},"excerpt":{"rendered":"<p>Photo par Remiremont Plombi\u00e8res-les-Bains Tourisme Le Club Vosgien f\u00eate ses 150 ans ! Pour l&rsquo;occasion, la section de Remiremont et [&hellip;]<\/p>\n","protected":false},"author":407,"featured_media":61812,"comment_status":"open","ping_status":"open","sticky":false,"template":"","format":"standard","meta":{"footnotes":""},"categories":[26,1556,35,17],"tags":[4658,1599,44],"class_list":["post-61811","post","type-post","status-publish","format-standard","has-post-thumbnail","hentry","category-a-la-une","category-remiremont-remiremont-son-canton-2","category-remiremont-son-canton","category-vie-associative","tag-150-ans","tag-club-vosgien","tag-remiremont"],"acf":[],"yoast_head":"<!-- This site is optimized with the Yoast SEO plugin v22.5 - https:\/\/yoast.com\/wordpress\/plugins\/seo\/ -->\n<title>Remiremont : le Club Vosgien f\u00eate ses 150 ans ! - Remiremont Info<\/title>\n<meta name=\"robots\" content=\"index, follow, max-snippet:-1, max-image-preview:large, max-video-preview:-1\" \/>\n<link rel=\"canonical\" href=\"https:\/\/vosgesinfo.fr\/remiremontinfo\/2022\/09\/remiremont-club-vosgien-fete-150-ans\/\" \/>\n<meta name=\"twitter:card\" content=\"summary_large_image\" \/>\n<meta name=\"twitter:title\" content=\"Remiremont : le Club Vosgien f\u00eate ses 150 ans ! - Remiremont Info\" \/>\n<meta name=\"twitter:description\" content=\"Photo par Remiremont Plombi\u00e8res-les-Bains Tourisme Le Club Vosgien f\u00eate ses 150 ans ! Pour l&rsquo;occasion, la section de Remiremont et [&hellip;]\" \/>\n<meta name=\"twitter:image\" content=\"https:\/\/vosgesinfo.fr\/app\/uploads\/sites\/5\/2024\/09\/202209dsc06313-dxo-dxo-dxo-copie-2-copie-2.jpg\" \/>\n<meta name=\"twitter:creator\" content=\"@VosgesInfo88\" \/>\n<meta name=\"twitter:site\" content=\"@VosgesInfo88\" \/>\n<meta name=\"twitter:label1\" content=\"\u00c9crit par\" \/>\n\t<meta name=\"twitter:data1\" content=\"C D\" \/>\n\t<meta name=\"twitter:label2\" content=\"Dur\u00e9e de lecture estim\u00e9e\" \/>\n\t<meta name=\"twitter:data2\" content=\"1 minute\" \/>\n<script type=\"application\/ld+json\" class=\"yoast-schema-graph\">{\"@context\":\"https:\/\/schema.org\",\"@graph\":[{\"@type\":\"Article\",\"@id\":\"https:\/\/vosgesinfo.fr\/remiremontinfo\/2022\/09\/remiremont-club-vosgien-fete-150-ans\/#article\",\"isPartOf\":{\"@id\":\"https:\/\/vosgesinfo.fr\/remiremontinfo\/2022\/09\/remiremont-club-vosgien-fete-150-ans\/\"},\"author\":{\"name\":\"C D\",\"@id\":\"https:\/\/vosgesinfo.fr\/remiremontinfo\/#\/schema\/person\/3bfd164d5218a185b1db68655a265316\"},\"headline\":\"Remiremont : le Club Vosgien f\u00eate ses 150 ans !\",\"datePublished\":\"2022-09-10T06:32:15+00:00\",\"dateModified\":\"2022-09-10T06:32:15+00:00\",\"mainEntityOfPage\":{\"@id\":\"https:\/\/vosgesinfo.fr\/remiremontinfo\/2022\/09\/remiremont-club-vosgien-fete-150-ans\/\"},\"wordCount\":173,\"commentCount\":0,\"publisher\":{\"@id\":\"https:\/\/vosgesinfo.fr\/remiremontinfo\/#organization\"},\"image\":{\"@id\":\"https:\/\/vosgesinfo.fr\/remiremontinfo\/2022\/09\/remiremont-club-vosgien-fete-150-ans\/#primaryimage\"},\"thumbnailUrl\":\"https:\/\/vosgesinfo.fr\/app\/uploads\/sites\/5\/2024\/09\/202209dsc06313-dxo-dxo-dxo-copie-2-copie-2.jpg\",\"keywords\":[\"150 ans\",\"Club Vosgien\",\"remiremont\"],\"articleSection\":[\"A la Une\",\"Remiremont\",\"Remiremont &amp; son canton\",\"Vie associative\"],\"inLanguage\":\"fr-FR\",\"potentialAction\":[{\"@type\":\"CommentAction\",\"name\":\"Comment\",\"target\":[\"https:\/\/vosgesinfo.fr\/remiremontinfo\/2022\/09\/remiremont-club-vosgien-fete-150-ans\/#respond\"]}]},{\"@type\":\"WebPage\",\"@id\":\"https:\/\/vosgesinfo.fr\/remiremontinfo\/2022\/09\/remiremont-club-vosgien-fete-150-ans\/\",\"url\":\"https:\/\/vosgesinfo.fr\/remiremontinfo\/2022\/09\/remiremont-club-vosgien-fete-150-ans\/\",\"name\":\"Remiremont : le Club Vosgien f\u00eate ses 150 ans ! - Remiremont Info\",\"isPartOf\":{\"@id\":\"https:\/\/vosgesinfo.fr\/remiremontinfo\/#website\"},\"primaryImageOfPage\":{\"@id\":\"https:\/\/vosgesinfo.fr\/remiremontinfo\/2022\/09\/remiremont-club-vosgien-fete-150-ans\/#primaryimage\"},\"image\":{\"@id\":\"https:\/\/vosgesinfo.fr\/remiremontinfo\/2022\/09\/remiremont-club-vosgien-fete-150-ans\/#primaryimage\"},\"thumbnailUrl\":\"https:\/\/vosgesinfo.fr\/app\/uploads\/sites\/5\/2024\/09\/202209dsc06313-dxo-dxo-dxo-copie-2-copie-2.jpg\",\"datePublished\":\"2022-09-10T06:32:15+00:00\",\"dateModified\":\"2022-09-10T06:32:15+00:00\",\"breadcrumb\":{\"@id\":\"https:\/\/vosgesinfo.fr\/remiremontinfo\/2022\/09\/remiremont-club-vosgien-fete-150-ans\/#breadcrumb\"},\"inLanguage\":\"fr-FR\",\"potentialAction\":[{\"@type\":\"ReadAction\",\"target\":[\"https:\/\/vosgesinfo.fr\/remiremontinfo\/2022\/09\/remiremont-club-vosgien-fete-150-ans\/\"]}]},{\"@type\":\"ImageObject\",\"inLanguage\":\"fr-FR\",\"@id\":\"https:\/\/vosgesinfo.fr\/remiremontinfo\/2022\/09\/remiremont-club-vosgien-fete-150-ans\/#primaryimage\",\"url\":\"https:\/\/vosgesinfo.fr\/app\/uploads\/sites\/5\/2024\/09\/202209dsc06313-dxo-dxo-dxo-copie-2-copie-2.jpg\",\"contentUrl\":\"https:\/\/vosgesinfo.fr\/app\/uploads\/sites\/5\/2024\/09\/202209dsc06313-dxo-dxo-dxo-copie-2-copie-2.jpg\",\"width\":500,\"height\":281},{\"@type\":\"BreadcrumbList\",\"@id\":\"https:\/\/vosgesinfo.fr\/remiremontinfo\/2022\/09\/remiremont-club-vosgien-fete-150-ans\/#breadcrumb\",\"itemListElement\":[{\"@type\":\"ListItem\",\"position\":1,\"name\":\"Home\",\"item\":\"https:\/\/vosgesinfo.fr\/remiremontinfo\/\"},{\"@type\":\"ListItem\",\"position\":2,\"name\":\"Remiremont : le Club Vosgien f\u00eate ses 150 ans !\"}]},{\"@type\":\"WebSite\",\"@id\":\"https:\/\/vosgesinfo.fr\/remiremontinfo\/#website\",\"url\":\"https:\/\/vosgesinfo.fr\/remiremontinfo\/\",\"name\":\"Remiremont Info\",\"description\":\"Toute l&#039;actualit\u00e9 de Remiremont\",\"publisher\":{\"@id\":\"https:\/\/vosgesinfo.fr\/remiremontinfo\/#organization\"},\"alternateName\":\"Toute l'actualit\u00e9 de Remiremont\",\"potentialAction\":[{\"@type\":\"SearchAction\",\"target\":{\"@type\":\"EntryPoint\",\"urlTemplate\":\"https:\/\/vosgesinfo.fr\/remiremontinfo\/?s={search_term_string}\"},\"query-input\":\"required name=search_term_string\"}],\"inLanguage\":\"fr-FR\"},{\"@type\":\"Organization\",\"@id\":\"https:\/\/vosgesinfo.fr\/remiremontinfo\/#organization\",\"name\":\"Remiremont Info\",\"url\":\"https:\/\/vosgesinfo.fr\/remiremontinfo\/\",\"logo\":{\"@type\":\"ImageObject\",\"inLanguage\":\"fr-FR\",\"@id\":\"https:\/\/vosgesinfo.fr\/remiremontinfo\/#\/schema\/logo\/image\/\",\"url\":\"https:\/\/vosgesinfo.fr\/app\/uploads\/sites\/5\/2023\/08\/favicon-remiremontinfo.png\",\"contentUrl\":\"https:\/\/vosgesinfo.fr\/app\/uploads\/sites\/5\/2023\/08\/favicon-remiremontinfo.png\",\"width\":512,\"height\":512,\"caption\":\"Remiremont Info\"},\"image\":{\"@id\":\"https:\/\/vosgesinfo.fr\/remiremontinfo\/#\/schema\/logo\/image\/\"},\"sameAs\":[\"https:\/\/www.facebook.com\/remiremontinfo\",\"https:\/\/x.com\/VosgesInfo88\",\"https:\/\/www.youtube.com\/@vosgesinfo\"]},{\"@type\":\"Person\",\"@id\":\"https:\/\/vosgesinfo.fr\/remiremontinfo\/#\/schema\/person\/3bfd164d5218a185b1db68655a265316\",\"name\":\"C D\",\"image\":{\"@type\":\"ImageObject\",\"inLanguage\":\"fr-FR\",\"@id\":\"https:\/\/vosgesinfo.fr\/remiremontinfo\/#\/schema\/person\/image\/\",\"url\":\"https:\/\/secure.gravatar.com\/avatar\/1f9a70007336511a47468b8f1c66f922b8b7cf617b02a31149ada43893a5d48f?s=96&d=mm&r=g\",\"contentUrl\":\"https:\/\/secure.gravatar.com\/avatar\/1f9a70007336511a47468b8f1c66f922b8b7cf617b02a31149ada43893a5d48f?s=96&d=mm&r=g\",\"caption\":\"C D\"},\"url\":\"https:\/\/vosgesinfo.fr\/remiremontinfo\/author\/cedric-drevet\/\"}]}<\/script>\n<!-- \/ Yoast SEO plugin. -->","yoast_head_json":{"title":"Remiremont : le Club Vosgien f\u00eate ses 150 ans ! - Remiremont Info","robots":{"index":"index","follow":"follow","max-snippet":"max-snippet:-1","max-image-preview":"max-image-preview:large","max-video-preview":"max-video-preview:-1"},"canonical":"https:\/\/vosgesinfo.fr\/remiremontinfo\/2022\/09\/remiremont-club-vosgien-fete-150-ans\/","twitter_card":"summary_large_image","twitter_title":"Remiremont : le Club Vosgien f\u00eate ses 150 ans ! - Remiremont Info","twitter_description":"Photo par Remiremont Plombi\u00e8res-les-Bains Tourisme Le Club Vosgien f\u00eate ses 150 ans ! Pour l&rsquo;occasion, la section de Remiremont et [&hellip;]","twitter_image":"https:\/\/vosgesinfo.fr\/app\/uploads\/sites\/5\/2024\/09\/202209dsc06313-dxo-dxo-dxo-copie-2-copie-2.jpg","twitter_creator":"@VosgesInfo88","twitter_site":"@VosgesInfo88","twitter_misc":{"\u00c9crit par":"C D","Dur\u00e9e de lecture estim\u00e9e":"1 minute"},"schema":{"@context":"https:\/\/schema.org","@graph":[{"@type":"Article","@id":"https:\/\/vosgesinfo.fr\/remiremontinfo\/2022\/09\/remiremont-club-vosgien-fete-150-ans\/#article","isPartOf":{"@id":"https:\/\/vosgesinfo.fr\/remiremontinfo\/2022\/09\/remiremont-club-vosgien-fete-150-ans\/"},"author":{"name":"C D","@id":"https:\/\/vosgesinfo.fr\/remiremontinfo\/#\/schema\/person\/3bfd164d5218a185b1db68655a265316"},"headline":"Remiremont : le Club Vosgien f\u00eate ses 150 ans !","datePublished":"2022-09-10T06:32:15+00:00","dateModified":"2022-09-10T06:32:15+00:00","mainEntityOfPage":{"@id":"https:\/\/vosgesinfo.fr\/remiremontinfo\/2022\/09\/remiremont-club-vosgien-fete-150-ans\/"},"wordCount":173,"commentCount":0,"publisher":{"@id":"https:\/\/vosgesinfo.fr\/remiremontinfo\/#organization"},"image":{"@id":"https:\/\/vosgesinfo.fr\/remiremontinfo\/2022\/09\/remiremont-club-vosgien-fete-150-ans\/#primaryimage"},"thumbnailUrl":"https:\/\/vosgesinfo.fr\/app\/uploads\/sites\/5\/2024\/09\/202209dsc06313-dxo-dxo-dxo-copie-2-copie-2.jpg","keywords":["150 ans","Club Vosgien","remiremont"],"articleSection":["A la Une","Remiremont","Remiremont &amp; son canton","Vie associative"],"inLanguage":"fr-FR","potentialAction":[{"@type":"CommentAction","name":"Comment","target":["https:\/\/vosgesinfo.fr\/remiremontinfo\/2022\/09\/remiremont-club-vosgien-fete-150-ans\/#respond"]}]},{"@type":"WebPage","@id":"https:\/\/vosgesinfo.fr\/remiremontinfo\/2022\/09\/remiremont-club-vosgien-fete-150-ans\/","url":"https:\/\/vosgesinfo.fr\/remiremontinfo\/2022\/09\/remiremont-club-vosgien-fete-150-ans\/","name":"Remiremont : le Club Vosgien f\u00eate ses 150 ans ! - Remiremont Info","isPartOf":{"@id":"https:\/\/vosgesinfo.fr\/remiremontinfo\/#website"},"primaryImageOfPage":{"@id":"https:\/\/vosgesinfo.fr\/remiremontinfo\/2022\/09\/remiremont-club-vosgien-fete-150-ans\/#primaryimage"},"image":{"@id":"https:\/\/vosgesinfo.fr\/remiremontinfo\/2022\/09\/remiremont-club-vosgien-fete-150-ans\/#primaryimage"},"thumbnailUrl":"https:\/\/vosgesinfo.fr\/app\/uploads\/sites\/5\/2024\/09\/202209dsc06313-dxo-dxo-dxo-copie-2-copie-2.jpg","datePublished":"2022-09-10T06:32:15+00:00","dateModified":"2022-09-10T06:32:15+00:00","breadcrumb":{"@id":"https:\/\/vosgesinfo.fr\/remiremontinfo\/2022\/09\/remiremont-club-vosgien-fete-150-ans\/#breadcrumb"},"inLanguage":"fr-FR","potentialAction":[{"@type":"ReadAction","target":["https:\/\/vosgesinfo.fr\/remiremontinfo\/2022\/09\/remiremont-club-vosgien-fete-150-ans\/"]}]},{"@type":"ImageObject","inLanguage":"fr-FR","@id":"https:\/\/vosgesinfo.fr\/remiremontinfo\/2022\/09\/remiremont-club-vosgien-fete-150-ans\/#primaryimage","url":"https:\/\/vosgesinfo.fr\/app\/uploads\/sites\/5\/2024\/09\/202209dsc06313-dxo-dxo-dxo-copie-2-copie-2.jpg","contentUrl":"https:\/\/vosgesinfo.fr\/app\/uploads\/sites\/5\/2024\/09\/202209dsc06313-dxo-dxo-dxo-copie-2-copie-2.jpg","width":500,"height":281},{"@type":"BreadcrumbList","@id":"https:\/\/vosgesinfo.fr\/remiremontinfo\/2022\/09\/remiremont-club-vosgien-fete-150-ans\/#breadcrumb","itemListElement":[{"@type":"ListItem","position":1,"name":"Home","item":"https:\/\/vosgesinfo.fr\/remiremontinfo\/"},{"@type":"ListItem","position":2,"name":"Remiremont : le Club Vosgien f\u00eate ses 150 ans !"}]},{"@type":"WebSite","@id":"https:\/\/vosgesinfo.fr\/remiremontinfo\/#website","url":"https:\/\/vosgesinfo.fr\/remiremontinfo\/","name":"Remiremont Info","description":"Toute l&#039;actualit\u00e9 de Remiremont","publisher":{"@id":"https:\/\/vosgesinfo.fr\/remiremontinfo\/#organization"},"alternateName":"Toute l'actualit\u00e9 de Remiremont","potentialAction":[{"@type":"SearchAction","target":{"@type":"EntryPoint","urlTemplate":"https:\/\/vosgesinfo.fr\/remiremontinfo\/?s={search_term_string}"},"query-input":"required name=search_term_string"}],"inLanguage":"fr-FR"},{"@type":"Organization","@id":"https:\/\/vosgesinfo.fr\/remiremontinfo\/#organization","name":"Remiremont Info","url":"https:\/\/vosgesinfo.fr\/remiremontinfo\/","logo":{"@type":"ImageObject","inLanguage":"fr-FR","@id":"https:\/\/vosgesinfo.fr\/remiremontinfo\/#\/schema\/logo\/image\/","url":"https:\/\/vosgesinfo.fr\/app\/uploads\/sites\/5\/2023\/08\/favicon-remiremontinfo.png","contentUrl":"https:\/\/vosgesinfo.fr\/app\/uploads\/sites\/5\/2023\/08\/favicon-remiremontinfo.png","width":512,"height":512,"caption":"Remiremont Info"},"image":{"@id":"https:\/\/vosgesinfo.fr\/remiremontinfo\/#\/schema\/logo\/image\/"},"sameAs":["https:\/\/www.facebook.com\/remiremontinfo","https:\/\/x.com\/VosgesInfo88","https:\/\/www.youtube.com\/@vosgesinfo"]},{"@type":"Person","@id":"https:\/\/vosgesinfo.fr\/remiremontinfo\/#\/schema\/person\/3bfd164d5218a185b1db68655a265316","name":"C D","image":{"@type":"ImageObject","inLanguage":"fr-FR","@id":"https:\/\/vosgesinfo.fr\/remiremontinfo\/#\/schema\/person\/image\/","url":"https:\/\/secure.gravatar.com\/avatar\/1f9a70007336511a47468b8f1c66f922b8b7cf617b02a31149ada43893a5d48f?s=96&d=mm&r=g","contentUrl":"https:\/\/secure.gravatar.com\/avatar\/1f9a70007336511a47468b8f1c66f922b8b7cf617b02a31149ada43893a5d48f?s=96&d=mm&r=g","caption":"C D"},"url":"https:\/\/vosgesinfo.fr\/remiremontinfo\/author\/cedric-drevet\/"}]}},"_links":{"self":[{"href":"https:\/\/vosgesinfo.fr\/remiremontinfo\/wp-json\/wp\/v2\/posts\/61811","targetHints":{"allow":["GET"]}}],"collection":[{"href":"https:\/\/vosgesinfo.fr\/remiremontinfo\/wp-json\/wp\/v2\/posts"}],"about":[{"href":"https:\/\/vosgesinfo.fr\/remiremontinfo\/wp-json\/wp\/v2\/types\/post"}],"author":[{"embeddable":true,"href":"https:\/\/vosgesinfo.fr\/remiremontinfo\/wp-json\/wp\/v2\/users\/407"}],"replies":[{"embeddable":true,"href":"https:\/\/vosgesinfo.fr\/remiremontinfo\/wp-json\/wp\/v2\/comments?post=61811"}],"version-history":[{"count":0,"href":"https:\/\/vosgesinfo.fr\/remiremontinfo\/wp-json\/wp\/v2\/posts\/61811\/revisions"}],"wp:featuredmedia":[{"embeddable":true,"href":"https:\/\/vosgesinfo.fr\/remiremontinfo\/wp-json\/wp\/v2\/media\/61812"}],"wp:attachment":[{"href":"https:\/\/vosgesinfo.fr\/remiremontinfo\/wp-json\/wp\/v2\/media?parent=61811"}],"wp:term":[{"taxonomy":"category","embeddable":true,"href":"https:\/\/vosgesinfo.fr\/remiremontinfo\/wp-json\/wp\/v2\/categories?post=61811"},{"taxonomy":"post_tag","embeddable":true,"href":"https:\/\/vosgesinfo.fr\/remiremontinfo\/wp-json\/wp\/v2\/tags?post=61811"}],"curies":[{"name":"wp","href":"https:\/\/api.w.org\/{rel}","templated":true}]}}