{"id":61817,"date":"2022-09-10T08:39:40","date_gmt":"2022-09-10T06:39:40","guid":{"rendered":"https:\/\/vosgesinfo.fr\/remiremontinfo\/2022\/09\/saint-nabord-sejour-dune-semaine-haute-savoie-quelque-50-seniors\/"},"modified":"2022-09-10T08:39:40","modified_gmt":"2022-09-10T06:39:40","slug":"saint-nabord-sejour-dune-semaine-haute-savoie-quelque-50-seniors","status":"publish","type":"post","link":"https:\/\/vosgesinfo.fr\/remiremontinfo\/2022\/09\/saint-nabord-sejour-dune-semaine-haute-savoie-quelque-50-seniors\/","title":{"rendered":"Saint-Nabord : un s\u00e9jour d\u2019une semaine en Haute-Savoie pour quelque 50 seniors"},"content":{"rendered":"\n<h2><span style=\"font-size: 12pt;\"><strong>Un groupe de\u00a0\u00ab\u00a0seniors\u00a0\u00bb de Saint-Nabord va profiter d\u2019un s\u00e9jour d\u2019une semaine \u00e0 Morzine en Haute-Savoie du 10 au 17 septembre. Les deux accompagnatrices et organisatrices du projet, Isabelle Remolato, vice-pr\u00e9sidente de CCAS et Ana\u00efs Parisot, agent administratif en charge des affaires sociales ont r\u00e9uni les 50 participants en salle du Conseil de la Mairie pour les derni\u00e8res v\u00e9rifications avant le d\u00e9part.<\/strong><\/span><\/h2>\n<p>Occasion pour tous de faire le point sur l\u2019intendance et l\u2019organisation du voyage. Ana\u00efs a, dans un premier temps, v\u00e9rifi\u00e9 la bonne r\u00e9partition de nos ain\u00e9s dans les chambres de l\u2019h\u00e9bergement r\u00e9serv\u00e9 dans le village vacances alpin. Quelques conseils pratiques et rappels ont suivi pour s\u2019assurer que rien ne vienne g\u00e2cher le bon d\u00e9roulement du s\u00e9jour (pr\u00e9voir des v\u00eatements et chaussures adapt\u00e9s aux diff\u00e9rentes excursions, animations et intemp\u00e9ries, ne pas oublier ses ordonnances et m\u00e9dicaments en cas de traitement).<\/p>\n<p>Isabelle Remolato a \u00e9galement rappel\u00e9 le programme de la semaine compos\u00e9 notamment d\u2019une croisi\u00e8re dans la baie d\u2019Yvoire et la d\u00e9couverte de son village m\u00e9di\u00e9val, de balades p\u00e9destres, de la visite du mus\u00e9e de la musique des Gets, de la visite de Morzine et de son march\u00e9, d&rsquo;une journ\u00e9e \u00e0 Montriond Le Lac avec promenade jusqu&rsquo;au typique hameau de Lindarets\u2026 mais \u00e9galement de nombreuses activit\u00e9s propos\u00e9es sur place : gym douce, spa, soir\u00e9e karaok\u00e9, p\u00e9tanque, atelier cuisine, danse, loto, stretching, massages. Une semaine bien remplie pour notre joyeuse \u00e9quipe de s\u00e9niors ravie et impatiente de partir apr\u00e8s deux ans de privation. Bon s\u00e9jour \u00e0 tous et n\u2019oubliez pas de nous envoyer de belles photos de vos aventures.<\/p>\n<p><span style=\"font-size: 10pt;\"><em>Source\u00a0: Mairie de Saint-Nabord<\/em><\/span><\/p>\n","protected":false},"excerpt":{"rendered":"<p>Un groupe de\u00a0\u00ab\u00a0seniors\u00a0\u00bb de Saint-Nabord va profiter d\u2019un s\u00e9jour d\u2019une semaine \u00e0 Morzine en Haute-Savoie du 10 au 17 septembre. [&hellip;]<\/p>\n","protected":false},"author":407,"featured_media":61818,"comment_status":"open","ping_status":"open","sticky":false,"template":"","format":"standard","meta":{"footnotes":""},"categories":[26,54,35,100],"tags":[55,42,2816],"class_list":["post-61817","post","type-post","status-publish","format-standard","has-post-thumbnail","hentry","category-a-la-une","category-loisirs","category-remiremont-son-canton","category-saint-nabord","tag-loisirs","tag-saint-nabord","tag-voyage"],"acf":[],"yoast_head":"<!-- This site is optimized with the Yoast SEO plugin v22.5 - https:\/\/yoast.com\/wordpress\/plugins\/seo\/ -->\n<title>Saint-Nabord : un s\u00e9jour d\u2019une semaine en Haute-Savoie pour quelque 50 seniors - Remiremont Info<\/title>\n<meta name=\"robots\" content=\"index, follow, max-snippet:-1, max-image-preview:large, max-video-preview:-1\" \/>\n<link rel=\"canonical\" href=\"https:\/\/vosgesinfo.fr\/remiremontinfo\/2022\/09\/saint-nabord-sejour-dune-semaine-haute-savoie-quelque-50-seniors\/\" \/>\n<meta name=\"twitter:card\" content=\"summary_large_image\" \/>\n<meta name=\"twitter:title\" content=\"Saint-Nabord : un s\u00e9jour d\u2019une semaine en Haute-Savoie pour quelque 50 seniors - Remiremont Info\" \/>\n<meta name=\"twitter:description\" content=\"Un groupe de\u00a0\u00ab\u00a0seniors\u00a0\u00bb de Saint-Nabord va profiter d\u2019un s\u00e9jour d\u2019une semaine \u00e0 Morzine en Haute-Savoie du 10 au 17 septembre. [&hellip;]\" \/>\n<meta name=\"twitter:image\" content=\"https:\/\/vosgesinfo.fr\/app\/uploads\/sites\/5\/2024\/09\/202209305648067-649606003355120-2631512917524935531-n1.jpg\" \/>\n<meta name=\"twitter:creator\" content=\"@VosgesInfo88\" \/>\n<meta name=\"twitter:site\" content=\"@VosgesInfo88\" \/>\n<meta name=\"twitter:label1\" content=\"\u00c9crit par\" \/>\n\t<meta name=\"twitter:data1\" content=\"C D\" \/>\n\t<meta name=\"twitter:label2\" content=\"Dur\u00e9e de lecture estim\u00e9e\" \/>\n\t<meta name=\"twitter:data2\" content=\"2 minutes\" \/>\n<script type=\"application\/ld+json\" class=\"yoast-schema-graph\">{\"@context\":\"https:\/\/schema.org\",\"@graph\":[{\"@type\":\"Article\",\"@id\":\"https:\/\/vosgesinfo.fr\/remiremontinfo\/2022\/09\/saint-nabord-sejour-dune-semaine-haute-savoie-quelque-50-seniors\/#article\",\"isPartOf\":{\"@id\":\"https:\/\/vosgesinfo.fr\/remiremontinfo\/2022\/09\/saint-nabord-sejour-dune-semaine-haute-savoie-quelque-50-seniors\/\"},\"author\":{\"name\":\"C D\",\"@id\":\"https:\/\/vosgesinfo.fr\/remiremontinfo\/#\/schema\/person\/3bfd164d5218a185b1db68655a265316\"},\"headline\":\"Saint-Nabord : un s\u00e9jour d\u2019une semaine en Haute-Savoie pour quelque 50 seniors\",\"datePublished\":\"2022-09-10T06:39:40+00:00\",\"dateModified\":\"2022-09-10T06:39:40+00:00\",\"mainEntityOfPage\":{\"@id\":\"https:\/\/vosgesinfo.fr\/remiremontinfo\/2022\/09\/saint-nabord-sejour-dune-semaine-haute-savoie-quelque-50-seniors\/\"},\"wordCount\":322,\"commentCount\":0,\"publisher\":{\"@id\":\"https:\/\/vosgesinfo.fr\/remiremontinfo\/#organization\"},\"image\":{\"@id\":\"https:\/\/vosgesinfo.fr\/remiremontinfo\/2022\/09\/saint-nabord-sejour-dune-semaine-haute-savoie-quelque-50-seniors\/#primaryimage\"},\"thumbnailUrl\":\"https:\/\/vosgesinfo.fr\/app\/uploads\/sites\/5\/2024\/09\/202209305648067-649606003355120-2631512917524935531-n1.jpg\",\"keywords\":[\"Loisirs\",\"saint-nabord\",\"Voyage\"],\"articleSection\":[\"A la Une\",\"Loisirs\",\"Remiremont &amp; son canton\",\"Saint-Nabord\"],\"inLanguage\":\"fr-FR\",\"potentialAction\":[{\"@type\":\"CommentAction\",\"name\":\"Comment\",\"target\":[\"https:\/\/vosgesinfo.fr\/remiremontinfo\/2022\/09\/saint-nabord-sejour-dune-semaine-haute-savoie-quelque-50-seniors\/#respond\"]}]},{\"@type\":\"WebPage\",\"@id\":\"https:\/\/vosgesinfo.fr\/remiremontinfo\/2022\/09\/saint-nabord-sejour-dune-semaine-haute-savoie-quelque-50-seniors\/\",\"url\":\"https:\/\/vosgesinfo.fr\/remiremontinfo\/2022\/09\/saint-nabord-sejour-dune-semaine-haute-savoie-quelque-50-seniors\/\",\"name\":\"Saint-Nabord : un s\u00e9jour d\u2019une semaine en Haute-Savoie pour quelque 50 seniors - Remiremont Info\",\"isPartOf\":{\"@id\":\"https:\/\/vosgesinfo.fr\/remiremontinfo\/#website\"},\"primaryImageOfPage\":{\"@id\":\"https:\/\/vosgesinfo.fr\/remiremontinfo\/2022\/09\/saint-nabord-sejour-dune-semaine-haute-savoie-quelque-50-seniors\/#primaryimage\"},\"image\":{\"@id\":\"https:\/\/vosgesinfo.fr\/remiremontinfo\/2022\/09\/saint-nabord-sejour-dune-semaine-haute-savoie-quelque-50-seniors\/#primaryimage\"},\"thumbnailUrl\":\"https:\/\/vosgesinfo.fr\/app\/uploads\/sites\/5\/2024\/09\/202209305648067-649606003355120-2631512917524935531-n1.jpg\",\"datePublished\":\"2022-09-10T06:39:40+00:00\",\"dateModified\":\"2022-09-10T06:39:40+00:00\",\"breadcrumb\":{\"@id\":\"https:\/\/vosgesinfo.fr\/remiremontinfo\/2022\/09\/saint-nabord-sejour-dune-semaine-haute-savoie-quelque-50-seniors\/#breadcrumb\"},\"inLanguage\":\"fr-FR\",\"potentialAction\":[{\"@type\":\"ReadAction\",\"target\":[\"https:\/\/vosgesinfo.fr\/remiremontinfo\/2022\/09\/saint-nabord-sejour-dune-semaine-haute-savoie-quelque-50-seniors\/\"]}]},{\"@type\":\"ImageObject\",\"inLanguage\":\"fr-FR\",\"@id\":\"https:\/\/vosgesinfo.fr\/remiremontinfo\/2022\/09\/saint-nabord-sejour-dune-semaine-haute-savoie-quelque-50-seniors\/#primaryimage\",\"url\":\"https:\/\/vosgesinfo.fr\/app\/uploads\/sites\/5\/2024\/09\/202209305648067-649606003355120-2631512917524935531-n1.jpg\",\"contentUrl\":\"https:\/\/vosgesinfo.fr\/app\/uploads\/sites\/5\/2024\/09\/202209305648067-649606003355120-2631512917524935531-n1.jpg\",\"width\":1536,\"height\":1165},{\"@type\":\"BreadcrumbList\",\"@id\":\"https:\/\/vosgesinfo.fr\/remiremontinfo\/2022\/09\/saint-nabord-sejour-dune-semaine-haute-savoie-quelque-50-seniors\/#breadcrumb\",\"itemListElement\":[{\"@type\":\"ListItem\",\"position\":1,\"name\":\"Home\",\"item\":\"https:\/\/vosgesinfo.fr\/remiremontinfo\/\"},{\"@type\":\"ListItem\",\"position\":2,\"name\":\"Saint-Nabord : un s\u00e9jour d\u2019une semaine en Haute-Savoie pour quelque 50 seniors\"}]},{\"@type\":\"WebSite\",\"@id\":\"https:\/\/vosgesinfo.fr\/remiremontinfo\/#website\",\"url\":\"https:\/\/vosgesinfo.fr\/remiremontinfo\/\",\"name\":\"Remiremont Info\",\"description\":\"Toute l&#039;actualit\u00e9 de Remiremont\",\"publisher\":{\"@id\":\"https:\/\/vosgesinfo.fr\/remiremontinfo\/#organization\"},\"alternateName\":\"Toute l'actualit\u00e9 de Remiremont\",\"potentialAction\":[{\"@type\":\"SearchAction\",\"target\":{\"@type\":\"EntryPoint\",\"urlTemplate\":\"https:\/\/vosgesinfo.fr\/remiremontinfo\/?s={search_term_string}\"},\"query-input\":\"required name=search_term_string\"}],\"inLanguage\":\"fr-FR\"},{\"@type\":\"Organization\",\"@id\":\"https:\/\/vosgesinfo.fr\/remiremontinfo\/#organization\",\"name\":\"Remiremont Info\",\"url\":\"https:\/\/vosgesinfo.fr\/remiremontinfo\/\",\"logo\":{\"@type\":\"ImageObject\",\"inLanguage\":\"fr-FR\",\"@id\":\"https:\/\/vosgesinfo.fr\/remiremontinfo\/#\/schema\/logo\/image\/\",\"url\":\"https:\/\/vosgesinfo.fr\/app\/uploads\/sites\/5\/2023\/08\/favicon-remiremontinfo.png\",\"contentUrl\":\"https:\/\/vosgesinfo.fr\/app\/uploads\/sites\/5\/2023\/08\/favicon-remiremontinfo.png\",\"width\":512,\"height\":512,\"caption\":\"Remiremont Info\"},\"image\":{\"@id\":\"https:\/\/vosgesinfo.fr\/remiremontinfo\/#\/schema\/logo\/image\/\"},\"sameAs\":[\"https:\/\/www.facebook.com\/remiremontinfo\",\"https:\/\/x.com\/VosgesInfo88\",\"https:\/\/www.youtube.com\/@vosgesinfo\"]},{\"@type\":\"Person\",\"@id\":\"https:\/\/vosgesinfo.fr\/remiremontinfo\/#\/schema\/person\/3bfd164d5218a185b1db68655a265316\",\"name\":\"C D\",\"image\":{\"@type\":\"ImageObject\",\"inLanguage\":\"fr-FR\",\"@id\":\"https:\/\/vosgesinfo.fr\/remiremontinfo\/#\/schema\/person\/image\/\",\"url\":\"https:\/\/secure.gravatar.com\/avatar\/1f9a70007336511a47468b8f1c66f922b8b7cf617b02a31149ada43893a5d48f?s=96&d=mm&r=g\",\"contentUrl\":\"https:\/\/secure.gravatar.com\/avatar\/1f9a70007336511a47468b8f1c66f922b8b7cf617b02a31149ada43893a5d48f?s=96&d=mm&r=g\",\"caption\":\"C D\"},\"url\":\"https:\/\/vosgesinfo.fr\/remiremontinfo\/author\/cedric-drevet\/\"}]}<\/script>\n<!-- \/ Yoast SEO plugin. -->","yoast_head_json":{"title":"Saint-Nabord : un s\u00e9jour d\u2019une semaine en Haute-Savoie pour quelque 50 seniors - Remiremont Info","robots":{"index":"index","follow":"follow","max-snippet":"max-snippet:-1","max-image-preview":"max-image-preview:large","max-video-preview":"max-video-preview:-1"},"canonical":"https:\/\/vosgesinfo.fr\/remiremontinfo\/2022\/09\/saint-nabord-sejour-dune-semaine-haute-savoie-quelque-50-seniors\/","twitter_card":"summary_large_image","twitter_title":"Saint-Nabord : un s\u00e9jour d\u2019une semaine en Haute-Savoie pour quelque 50 seniors - Remiremont Info","twitter_description":"Un groupe de\u00a0\u00ab\u00a0seniors\u00a0\u00bb de Saint-Nabord va profiter d\u2019un s\u00e9jour d\u2019une semaine \u00e0 Morzine en Haute-Savoie du 10 au 17 septembre. [&hellip;]","twitter_image":"https:\/\/vosgesinfo.fr\/app\/uploads\/sites\/5\/2024\/09\/202209305648067-649606003355120-2631512917524935531-n1.jpg","twitter_creator":"@VosgesInfo88","twitter_site":"@VosgesInfo88","twitter_misc":{"\u00c9crit par":"C D","Dur\u00e9e de lecture estim\u00e9e":"2 minutes"},"schema":{"@context":"https:\/\/schema.org","@graph":[{"@type":"Article","@id":"https:\/\/vosgesinfo.fr\/remiremontinfo\/2022\/09\/saint-nabord-sejour-dune-semaine-haute-savoie-quelque-50-seniors\/#article","isPartOf":{"@id":"https:\/\/vosgesinfo.fr\/remiremontinfo\/2022\/09\/saint-nabord-sejour-dune-semaine-haute-savoie-quelque-50-seniors\/"},"author":{"name":"C D","@id":"https:\/\/vosgesinfo.fr\/remiremontinfo\/#\/schema\/person\/3bfd164d5218a185b1db68655a265316"},"headline":"Saint-Nabord : un s\u00e9jour d\u2019une semaine en Haute-Savoie pour quelque 50 seniors","datePublished":"2022-09-10T06:39:40+00:00","dateModified":"2022-09-10T06:39:40+00:00","mainEntityOfPage":{"@id":"https:\/\/vosgesinfo.fr\/remiremontinfo\/2022\/09\/saint-nabord-sejour-dune-semaine-haute-savoie-quelque-50-seniors\/"},"wordCount":322,"commentCount":0,"publisher":{"@id":"https:\/\/vosgesinfo.fr\/remiremontinfo\/#organization"},"image":{"@id":"https:\/\/vosgesinfo.fr\/remiremontinfo\/2022\/09\/saint-nabord-sejour-dune-semaine-haute-savoie-quelque-50-seniors\/#primaryimage"},"thumbnailUrl":"https:\/\/vosgesinfo.fr\/app\/uploads\/sites\/5\/2024\/09\/202209305648067-649606003355120-2631512917524935531-n1.jpg","keywords":["Loisirs","saint-nabord","Voyage"],"articleSection":["A la Une","Loisirs","Remiremont &amp; son canton","Saint-Nabord"],"inLanguage":"fr-FR","potentialAction":[{"@type":"CommentAction","name":"Comment","target":["https:\/\/vosgesinfo.fr\/remiremontinfo\/2022\/09\/saint-nabord-sejour-dune-semaine-haute-savoie-quelque-50-seniors\/#respond"]}]},{"@type":"WebPage","@id":"https:\/\/vosgesinfo.fr\/remiremontinfo\/2022\/09\/saint-nabord-sejour-dune-semaine-haute-savoie-quelque-50-seniors\/","url":"https:\/\/vosgesinfo.fr\/remiremontinfo\/2022\/09\/saint-nabord-sejour-dune-semaine-haute-savoie-quelque-50-seniors\/","name":"Saint-Nabord : un s\u00e9jour d\u2019une semaine en Haute-Savoie pour quelque 50 seniors - Remiremont Info","isPartOf":{"@id":"https:\/\/vosgesinfo.fr\/remiremontinfo\/#website"},"primaryImageOfPage":{"@id":"https:\/\/vosgesinfo.fr\/remiremontinfo\/2022\/09\/saint-nabord-sejour-dune-semaine-haute-savoie-quelque-50-seniors\/#primaryimage"},"image":{"@id":"https:\/\/vosgesinfo.fr\/remiremontinfo\/2022\/09\/saint-nabord-sejour-dune-semaine-haute-savoie-quelque-50-seniors\/#primaryimage"},"thumbnailUrl":"https:\/\/vosgesinfo.fr\/app\/uploads\/sites\/5\/2024\/09\/202209305648067-649606003355120-2631512917524935531-n1.jpg","datePublished":"2022-09-10T06:39:40+00:00","dateModified":"2022-09-10T06:39:40+00:00","breadcrumb":{"@id":"https:\/\/vosgesinfo.fr\/remiremontinfo\/2022\/09\/saint-nabord-sejour-dune-semaine-haute-savoie-quelque-50-seniors\/#breadcrumb"},"inLanguage":"fr-FR","potentialAction":[{"@type":"ReadAction","target":["https:\/\/vosgesinfo.fr\/remiremontinfo\/2022\/09\/saint-nabord-sejour-dune-semaine-haute-savoie-quelque-50-seniors\/"]}]},{"@type":"ImageObject","inLanguage":"fr-FR","@id":"https:\/\/vosgesinfo.fr\/remiremontinfo\/2022\/09\/saint-nabord-sejour-dune-semaine-haute-savoie-quelque-50-seniors\/#primaryimage","url":"https:\/\/vosgesinfo.fr\/app\/uploads\/sites\/5\/2024\/09\/202209305648067-649606003355120-2631512917524935531-n1.jpg","contentUrl":"https:\/\/vosgesinfo.fr\/app\/uploads\/sites\/5\/2024\/09\/202209305648067-649606003355120-2631512917524935531-n1.jpg","width":1536,"height":1165},{"@type":"BreadcrumbList","@id":"https:\/\/vosgesinfo.fr\/remiremontinfo\/2022\/09\/saint-nabord-sejour-dune-semaine-haute-savoie-quelque-50-seniors\/#breadcrumb","itemListElement":[{"@type":"ListItem","position":1,"name":"Home","item":"https:\/\/vosgesinfo.fr\/remiremontinfo\/"},{"@type":"ListItem","position":2,"name":"Saint-Nabord : un s\u00e9jour d\u2019une semaine en Haute-Savoie pour quelque 50 seniors"}]},{"@type":"WebSite","@id":"https:\/\/vosgesinfo.fr\/remiremontinfo\/#website","url":"https:\/\/vosgesinfo.fr\/remiremontinfo\/","name":"Remiremont Info","description":"Toute l&#039;actualit\u00e9 de Remiremont","publisher":{"@id":"https:\/\/vosgesinfo.fr\/remiremontinfo\/#organization"},"alternateName":"Toute l'actualit\u00e9 de Remiremont","potentialAction":[{"@type":"SearchAction","target":{"@type":"EntryPoint","urlTemplate":"https:\/\/vosgesinfo.fr\/remiremontinfo\/?s={search_term_string}"},"query-input":"required name=search_term_string"}],"inLanguage":"fr-FR"},{"@type":"Organization","@id":"https:\/\/vosgesinfo.fr\/remiremontinfo\/#organization","name":"Remiremont Info","url":"https:\/\/vosgesinfo.fr\/remiremontinfo\/","logo":{"@type":"ImageObject","inLanguage":"fr-FR","@id":"https:\/\/vosgesinfo.fr\/remiremontinfo\/#\/schema\/logo\/image\/","url":"https:\/\/vosgesinfo.fr\/app\/uploads\/sites\/5\/2023\/08\/favicon-remiremontinfo.png","contentUrl":"https:\/\/vosgesinfo.fr\/app\/uploads\/sites\/5\/2023\/08\/favicon-remiremontinfo.png","width":512,"height":512,"caption":"Remiremont Info"},"image":{"@id":"https:\/\/vosgesinfo.fr\/remiremontinfo\/#\/schema\/logo\/image\/"},"sameAs":["https:\/\/www.facebook.com\/remiremontinfo","https:\/\/x.com\/VosgesInfo88","https:\/\/www.youtube.com\/@vosgesinfo"]},{"@type":"Person","@id":"https:\/\/vosgesinfo.fr\/remiremontinfo\/#\/schema\/person\/3bfd164d5218a185b1db68655a265316","name":"C D","image":{"@type":"ImageObject","inLanguage":"fr-FR","@id":"https:\/\/vosgesinfo.fr\/remiremontinfo\/#\/schema\/person\/image\/","url":"https:\/\/secure.gravatar.com\/avatar\/1f9a70007336511a47468b8f1c66f922b8b7cf617b02a31149ada43893a5d48f?s=96&d=mm&r=g","contentUrl":"https:\/\/secure.gravatar.com\/avatar\/1f9a70007336511a47468b8f1c66f922b8b7cf617b02a31149ada43893a5d48f?s=96&d=mm&r=g","caption":"C D"},"url":"https:\/\/vosgesinfo.fr\/remiremontinfo\/author\/cedric-drevet\/"}]}},"_links":{"self":[{"href":"https:\/\/vosgesinfo.fr\/remiremontinfo\/wp-json\/wp\/v2\/posts\/61817","targetHints":{"allow":["GET"]}}],"collection":[{"href":"https:\/\/vosgesinfo.fr\/remiremontinfo\/wp-json\/wp\/v2\/posts"}],"about":[{"href":"https:\/\/vosgesinfo.fr\/remiremontinfo\/wp-json\/wp\/v2\/types\/post"}],"author":[{"embeddable":true,"href":"https:\/\/vosgesinfo.fr\/remiremontinfo\/wp-json\/wp\/v2\/users\/407"}],"replies":[{"embeddable":true,"href":"https:\/\/vosgesinfo.fr\/remiremontinfo\/wp-json\/wp\/v2\/comments?post=61817"}],"version-history":[{"count":0,"href":"https:\/\/vosgesinfo.fr\/remiremontinfo\/wp-json\/wp\/v2\/posts\/61817\/revisions"}],"wp:featuredmedia":[{"embeddable":true,"href":"https:\/\/vosgesinfo.fr\/remiremontinfo\/wp-json\/wp\/v2\/media\/61818"}],"wp:attachment":[{"href":"https:\/\/vosgesinfo.fr\/remiremontinfo\/wp-json\/wp\/v2\/media?parent=61817"}],"wp:term":[{"taxonomy":"category","embeddable":true,"href":"https:\/\/vosgesinfo.fr\/remiremontinfo\/wp-json\/wp\/v2\/categories?post=61817"},{"taxonomy":"post_tag","embeddable":true,"href":"https:\/\/vosgesinfo.fr\/remiremontinfo\/wp-json\/wp\/v2\/tags?post=61817"}],"curies":[{"name":"wp","href":"https:\/\/api.w.org\/{rel}","templated":true}]}}