{"id":61825,"date":"2022-09-10T09:58:48","date_gmt":"2022-09-10T07:58:48","guid":{"rendered":"https:\/\/vosgesinfo.fr\/remiremontinfo\/2022\/09\/remiremont-lassociation-carnaval-venitien-tient-5eme-brocante-costumes\/"},"modified":"2022-09-10T09:58:48","modified_gmt":"2022-09-10T07:58:48","slug":"remiremont-lassociation-carnaval-venitien-tient-5eme-brocante-costumes","status":"publish","type":"post","link":"https:\/\/vosgesinfo.fr\/remiremontinfo\/2022\/09\/remiremont-lassociation-carnaval-venitien-tient-5eme-brocante-costumes\/","title":{"rendered":"Remiremont : l\u2019association du Carnaval V\u00e9nitien tient sa 5\u00e8me Brocante des Costum\u00e9s"},"content":{"rendered":"<h2><span style=\"font-size: 12pt;\"><strong>L\u2019association du Carnaval V\u00e9nitien de Remiremont tient sa cinqui\u00e8me Brocante des Costum\u00e9s ce samedi 10 et ce dimanche 11 septembre de 10h \u00e0 18h au Centre de Loisirs de la Grange Puton \u00e0 Remiremont.<\/strong><\/span><\/h2>\n<p>Une vente de costumes et de diff\u00e9rents accessoires, masques, rubans, tissus, chapeaux, y est propos\u00e9e tout au long du week-end. De quoi pr\u00e9parer votre futur costume pour l\u2019\u00e9dition 2023 du Carnaval V\u00e9nitien !<\/p>\n\n","protected":false},"excerpt":{"rendered":"<p>L\u2019association du Carnaval V\u00e9nitien de Remiremont tient sa cinqui\u00e8me Brocante des Costum\u00e9s ce samedi 10 et ce dimanche 11 septembre [&hellip;]<\/p>\n","protected":false},"author":407,"featured_media":61826,"comment_status":"open","ping_status":"open","sticky":false,"template":"","format":"standard","meta":{"footnotes":""},"categories":[26,4,1556,35],"tags":[820,2031,41,44,2032,930,32],"class_list":["post-61825","post","type-post","status-publish","format-standard","has-post-thumbnail","hentry","category-a-la-une","category-culture","category-remiremont-remiremont-son-canton-2","category-remiremont-son-canton","tag-carnaval","tag-costume","tag-culture","tag-remiremont","tag-venise","tag-venitien","tag-vosges"],"acf":[],"yoast_head":"<!-- This site is optimized with the Yoast SEO plugin v22.5 - https:\/\/yoast.com\/wordpress\/plugins\/seo\/ -->\n<title>Remiremont : l\u2019association du Carnaval V\u00e9nitien tient sa 5\u00e8me Brocante des Costum\u00e9s - Remiremont Info<\/title>\n<meta name=\"robots\" content=\"index, follow, max-snippet:-1, max-image-preview:large, max-video-preview:-1\" \/>\n<link rel=\"canonical\" href=\"https:\/\/vosgesinfo.fr\/remiremontinfo\/2022\/09\/remiremont-lassociation-carnaval-venitien-tient-5eme-brocante-costumes\/\" \/>\n<meta name=\"twitter:card\" content=\"summary_large_image\" \/>\n<meta name=\"twitter:title\" content=\"Remiremont : l\u2019association du Carnaval V\u00e9nitien tient sa 5\u00e8me Brocante des Costum\u00e9s - Remiremont Info\" \/>\n<meta name=\"twitter:description\" content=\"L\u2019association du Carnaval V\u00e9nitien de Remiremont tient sa cinqui\u00e8me Brocante des Costum\u00e9s ce samedi 10 et ce dimanche 11 septembre [&hellip;]\" \/>\n<meta name=\"twitter:image\" content=\"https:\/\/vosgesinfo.fr\/app\/uploads\/sites\/5\/2024\/09\/202209dsc-01421.jpg\" \/>\n<meta name=\"twitter:creator\" content=\"@VosgesInfo88\" \/>\n<meta name=\"twitter:site\" content=\"@VosgesInfo88\" \/>\n<meta name=\"twitter:label1\" content=\"\u00c9crit par\" \/>\n\t<meta name=\"twitter:data1\" content=\"C D\" \/>\n<script type=\"application\/ld+json\" class=\"yoast-schema-graph\">{\"@context\":\"https:\/\/schema.org\",\"@graph\":[{\"@type\":\"Article\",\"@id\":\"https:\/\/vosgesinfo.fr\/remiremontinfo\/2022\/09\/remiremont-lassociation-carnaval-venitien-tient-5eme-brocante-costumes\/#article\",\"isPartOf\":{\"@id\":\"https:\/\/vosgesinfo.fr\/remiremontinfo\/2022\/09\/remiremont-lassociation-carnaval-venitien-tient-5eme-brocante-costumes\/\"},\"author\":{\"name\":\"C D\",\"@id\":\"https:\/\/vosgesinfo.fr\/remiremontinfo\/#\/schema\/person\/3bfd164d5218a185b1db68655a265316\"},\"headline\":\"Remiremont : l\u2019association du Carnaval V\u00e9nitien tient sa 5\u00e8me Brocante des Costum\u00e9s\",\"datePublished\":\"2022-09-10T07:58:48+00:00\",\"dateModified\":\"2022-09-10T07:58:48+00:00\",\"mainEntityOfPage\":{\"@id\":\"https:\/\/vosgesinfo.fr\/remiremontinfo\/2022\/09\/remiremont-lassociation-carnaval-venitien-tient-5eme-brocante-costumes\/\"},\"wordCount\":92,\"commentCount\":0,\"publisher\":{\"@id\":\"https:\/\/vosgesinfo.fr\/remiremontinfo\/#organization\"},\"image\":{\"@id\":\"https:\/\/vosgesinfo.fr\/remiremontinfo\/2022\/09\/remiremont-lassociation-carnaval-venitien-tient-5eme-brocante-costumes\/#primaryimage\"},\"thumbnailUrl\":\"https:\/\/vosgesinfo.fr\/app\/uploads\/sites\/5\/2024\/09\/202209dsc-01421.jpg\",\"keywords\":[\"Carnaval\",\"costume\",\"culture\",\"remiremont\",\"venise\",\"venitien\",\"Vosges\"],\"articleSection\":[\"A la Une\",\"Culture\",\"Remiremont\",\"Remiremont &amp; son canton\"],\"inLanguage\":\"fr-FR\",\"potentialAction\":[{\"@type\":\"CommentAction\",\"name\":\"Comment\",\"target\":[\"https:\/\/vosgesinfo.fr\/remiremontinfo\/2022\/09\/remiremont-lassociation-carnaval-venitien-tient-5eme-brocante-costumes\/#respond\"]}]},{\"@type\":\"WebPage\",\"@id\":\"https:\/\/vosgesinfo.fr\/remiremontinfo\/2022\/09\/remiremont-lassociation-carnaval-venitien-tient-5eme-brocante-costumes\/\",\"url\":\"https:\/\/vosgesinfo.fr\/remiremontinfo\/2022\/09\/remiremont-lassociation-carnaval-venitien-tient-5eme-brocante-costumes\/\",\"name\":\"Remiremont : l\u2019association du Carnaval V\u00e9nitien tient sa 5\u00e8me Brocante des Costum\u00e9s - Remiremont Info\",\"isPartOf\":{\"@id\":\"https:\/\/vosgesinfo.fr\/remiremontinfo\/#website\"},\"primaryImageOfPage\":{\"@id\":\"https:\/\/vosgesinfo.fr\/remiremontinfo\/2022\/09\/remiremont-lassociation-carnaval-venitien-tient-5eme-brocante-costumes\/#primaryimage\"},\"image\":{\"@id\":\"https:\/\/vosgesinfo.fr\/remiremontinfo\/2022\/09\/remiremont-lassociation-carnaval-venitien-tient-5eme-brocante-costumes\/#primaryimage\"},\"thumbnailUrl\":\"https:\/\/vosgesinfo.fr\/app\/uploads\/sites\/5\/2024\/09\/202209dsc-01421.jpg\",\"datePublished\":\"2022-09-10T07:58:48+00:00\",\"dateModified\":\"2022-09-10T07:58:48+00:00\",\"breadcrumb\":{\"@id\":\"https:\/\/vosgesinfo.fr\/remiremontinfo\/2022\/09\/remiremont-lassociation-carnaval-venitien-tient-5eme-brocante-costumes\/#breadcrumb\"},\"inLanguage\":\"fr-FR\",\"potentialAction\":[{\"@type\":\"ReadAction\",\"target\":[\"https:\/\/vosgesinfo.fr\/remiremontinfo\/2022\/09\/remiremont-lassociation-carnaval-venitien-tient-5eme-brocante-costumes\/\"]}]},{\"@type\":\"ImageObject\",\"inLanguage\":\"fr-FR\",\"@id\":\"https:\/\/vosgesinfo.fr\/remiremontinfo\/2022\/09\/remiremont-lassociation-carnaval-venitien-tient-5eme-brocante-costumes\/#primaryimage\",\"url\":\"https:\/\/vosgesinfo.fr\/app\/uploads\/sites\/5\/2024\/09\/202209dsc-01421.jpg\",\"contentUrl\":\"https:\/\/vosgesinfo.fr\/app\/uploads\/sites\/5\/2024\/09\/202209dsc-01421.jpg\",\"width\":1600,\"height\":1156},{\"@type\":\"BreadcrumbList\",\"@id\":\"https:\/\/vosgesinfo.fr\/remiremontinfo\/2022\/09\/remiremont-lassociation-carnaval-venitien-tient-5eme-brocante-costumes\/#breadcrumb\",\"itemListElement\":[{\"@type\":\"ListItem\",\"position\":1,\"name\":\"Home\",\"item\":\"https:\/\/vosgesinfo.fr\/remiremontinfo\/\"},{\"@type\":\"ListItem\",\"position\":2,\"name\":\"Remiremont : l\u2019association du Carnaval V\u00e9nitien tient sa 5\u00e8me Brocante des Costum\u00e9s\"}]},{\"@type\":\"WebSite\",\"@id\":\"https:\/\/vosgesinfo.fr\/remiremontinfo\/#website\",\"url\":\"https:\/\/vosgesinfo.fr\/remiremontinfo\/\",\"name\":\"Remiremont Info\",\"description\":\"Toute l&#039;actualit\u00e9 de Remiremont\",\"publisher\":{\"@id\":\"https:\/\/vosgesinfo.fr\/remiremontinfo\/#organization\"},\"alternateName\":\"Toute l'actualit\u00e9 de Remiremont\",\"potentialAction\":[{\"@type\":\"SearchAction\",\"target\":{\"@type\":\"EntryPoint\",\"urlTemplate\":\"https:\/\/vosgesinfo.fr\/remiremontinfo\/?s={search_term_string}\"},\"query-input\":\"required name=search_term_string\"}],\"inLanguage\":\"fr-FR\"},{\"@type\":\"Organization\",\"@id\":\"https:\/\/vosgesinfo.fr\/remiremontinfo\/#organization\",\"name\":\"Remiremont Info\",\"url\":\"https:\/\/vosgesinfo.fr\/remiremontinfo\/\",\"logo\":{\"@type\":\"ImageObject\",\"inLanguage\":\"fr-FR\",\"@id\":\"https:\/\/vosgesinfo.fr\/remiremontinfo\/#\/schema\/logo\/image\/\",\"url\":\"https:\/\/vosgesinfo.fr\/app\/uploads\/sites\/5\/2023\/08\/favicon-remiremontinfo.png\",\"contentUrl\":\"https:\/\/vosgesinfo.fr\/app\/uploads\/sites\/5\/2023\/08\/favicon-remiremontinfo.png\",\"width\":512,\"height\":512,\"caption\":\"Remiremont Info\"},\"image\":{\"@id\":\"https:\/\/vosgesinfo.fr\/remiremontinfo\/#\/schema\/logo\/image\/\"},\"sameAs\":[\"https:\/\/www.facebook.com\/remiremontinfo\",\"https:\/\/x.com\/VosgesInfo88\",\"https:\/\/www.youtube.com\/@vosgesinfo\"]},{\"@type\":\"Person\",\"@id\":\"https:\/\/vosgesinfo.fr\/remiremontinfo\/#\/schema\/person\/3bfd164d5218a185b1db68655a265316\",\"name\":\"C D\",\"image\":{\"@type\":\"ImageObject\",\"inLanguage\":\"fr-FR\",\"@id\":\"https:\/\/vosgesinfo.fr\/remiremontinfo\/#\/schema\/person\/image\/\",\"url\":\"https:\/\/secure.gravatar.com\/avatar\/1f9a70007336511a47468b8f1c66f922b8b7cf617b02a31149ada43893a5d48f?s=96&d=mm&r=g\",\"contentUrl\":\"https:\/\/secure.gravatar.com\/avatar\/1f9a70007336511a47468b8f1c66f922b8b7cf617b02a31149ada43893a5d48f?s=96&d=mm&r=g\",\"caption\":\"C D\"},\"url\":\"https:\/\/vosgesinfo.fr\/remiremontinfo\/author\/cedric-drevet\/\"}]}<\/script>\n<!-- \/ Yoast SEO plugin. -->","yoast_head_json":{"title":"Remiremont : l\u2019association du Carnaval V\u00e9nitien tient sa 5\u00e8me Brocante des Costum\u00e9s - Remiremont Info","robots":{"index":"index","follow":"follow","max-snippet":"max-snippet:-1","max-image-preview":"max-image-preview:large","max-video-preview":"max-video-preview:-1"},"canonical":"https:\/\/vosgesinfo.fr\/remiremontinfo\/2022\/09\/remiremont-lassociation-carnaval-venitien-tient-5eme-brocante-costumes\/","twitter_card":"summary_large_image","twitter_title":"Remiremont : l\u2019association du Carnaval V\u00e9nitien tient sa 5\u00e8me Brocante des Costum\u00e9s - Remiremont Info","twitter_description":"L\u2019association du Carnaval V\u00e9nitien de Remiremont tient sa cinqui\u00e8me Brocante des Costum\u00e9s ce samedi 10 et ce dimanche 11 septembre [&hellip;]","twitter_image":"https:\/\/vosgesinfo.fr\/app\/uploads\/sites\/5\/2024\/09\/202209dsc-01421.jpg","twitter_creator":"@VosgesInfo88","twitter_site":"@VosgesInfo88","twitter_misc":{"\u00c9crit par":"C D"},"schema":{"@context":"https:\/\/schema.org","@graph":[{"@type":"Article","@id":"https:\/\/vosgesinfo.fr\/remiremontinfo\/2022\/09\/remiremont-lassociation-carnaval-venitien-tient-5eme-brocante-costumes\/#article","isPartOf":{"@id":"https:\/\/vosgesinfo.fr\/remiremontinfo\/2022\/09\/remiremont-lassociation-carnaval-venitien-tient-5eme-brocante-costumes\/"},"author":{"name":"C D","@id":"https:\/\/vosgesinfo.fr\/remiremontinfo\/#\/schema\/person\/3bfd164d5218a185b1db68655a265316"},"headline":"Remiremont : l\u2019association du Carnaval V\u00e9nitien tient sa 5\u00e8me Brocante des Costum\u00e9s","datePublished":"2022-09-10T07:58:48+00:00","dateModified":"2022-09-10T07:58:48+00:00","mainEntityOfPage":{"@id":"https:\/\/vosgesinfo.fr\/remiremontinfo\/2022\/09\/remiremont-lassociation-carnaval-venitien-tient-5eme-brocante-costumes\/"},"wordCount":92,"commentCount":0,"publisher":{"@id":"https:\/\/vosgesinfo.fr\/remiremontinfo\/#organization"},"image":{"@id":"https:\/\/vosgesinfo.fr\/remiremontinfo\/2022\/09\/remiremont-lassociation-carnaval-venitien-tient-5eme-brocante-costumes\/#primaryimage"},"thumbnailUrl":"https:\/\/vosgesinfo.fr\/app\/uploads\/sites\/5\/2024\/09\/202209dsc-01421.jpg","keywords":["Carnaval","costume","culture","remiremont","venise","venitien","Vosges"],"articleSection":["A la Une","Culture","Remiremont","Remiremont &amp; son canton"],"inLanguage":"fr-FR","potentialAction":[{"@type":"CommentAction","name":"Comment","target":["https:\/\/vosgesinfo.fr\/remiremontinfo\/2022\/09\/remiremont-lassociation-carnaval-venitien-tient-5eme-brocante-costumes\/#respond"]}]},{"@type":"WebPage","@id":"https:\/\/vosgesinfo.fr\/remiremontinfo\/2022\/09\/remiremont-lassociation-carnaval-venitien-tient-5eme-brocante-costumes\/","url":"https:\/\/vosgesinfo.fr\/remiremontinfo\/2022\/09\/remiremont-lassociation-carnaval-venitien-tient-5eme-brocante-costumes\/","name":"Remiremont : l\u2019association du Carnaval V\u00e9nitien tient sa 5\u00e8me Brocante des Costum\u00e9s - Remiremont Info","isPartOf":{"@id":"https:\/\/vosgesinfo.fr\/remiremontinfo\/#website"},"primaryImageOfPage":{"@id":"https:\/\/vosgesinfo.fr\/remiremontinfo\/2022\/09\/remiremont-lassociation-carnaval-venitien-tient-5eme-brocante-costumes\/#primaryimage"},"image":{"@id":"https:\/\/vosgesinfo.fr\/remiremontinfo\/2022\/09\/remiremont-lassociation-carnaval-venitien-tient-5eme-brocante-costumes\/#primaryimage"},"thumbnailUrl":"https:\/\/vosgesinfo.fr\/app\/uploads\/sites\/5\/2024\/09\/202209dsc-01421.jpg","datePublished":"2022-09-10T07:58:48+00:00","dateModified":"2022-09-10T07:58:48+00:00","breadcrumb":{"@id":"https:\/\/vosgesinfo.fr\/remiremontinfo\/2022\/09\/remiremont-lassociation-carnaval-venitien-tient-5eme-brocante-costumes\/#breadcrumb"},"inLanguage":"fr-FR","potentialAction":[{"@type":"ReadAction","target":["https:\/\/vosgesinfo.fr\/remiremontinfo\/2022\/09\/remiremont-lassociation-carnaval-venitien-tient-5eme-brocante-costumes\/"]}]},{"@type":"ImageObject","inLanguage":"fr-FR","@id":"https:\/\/vosgesinfo.fr\/remiremontinfo\/2022\/09\/remiremont-lassociation-carnaval-venitien-tient-5eme-brocante-costumes\/#primaryimage","url":"https:\/\/vosgesinfo.fr\/app\/uploads\/sites\/5\/2024\/09\/202209dsc-01421.jpg","contentUrl":"https:\/\/vosgesinfo.fr\/app\/uploads\/sites\/5\/2024\/09\/202209dsc-01421.jpg","width":1600,"height":1156},{"@type":"BreadcrumbList","@id":"https:\/\/vosgesinfo.fr\/remiremontinfo\/2022\/09\/remiremont-lassociation-carnaval-venitien-tient-5eme-brocante-costumes\/#breadcrumb","itemListElement":[{"@type":"ListItem","position":1,"name":"Home","item":"https:\/\/vosgesinfo.fr\/remiremontinfo\/"},{"@type":"ListItem","position":2,"name":"Remiremont : l\u2019association du Carnaval V\u00e9nitien tient sa 5\u00e8me Brocante des Costum\u00e9s"}]},{"@type":"WebSite","@id":"https:\/\/vosgesinfo.fr\/remiremontinfo\/#website","url":"https:\/\/vosgesinfo.fr\/remiremontinfo\/","name":"Remiremont Info","description":"Toute l&#039;actualit\u00e9 de Remiremont","publisher":{"@id":"https:\/\/vosgesinfo.fr\/remiremontinfo\/#organization"},"alternateName":"Toute l'actualit\u00e9 de Remiremont","potentialAction":[{"@type":"SearchAction","target":{"@type":"EntryPoint","urlTemplate":"https:\/\/vosgesinfo.fr\/remiremontinfo\/?s={search_term_string}"},"query-input":"required name=search_term_string"}],"inLanguage":"fr-FR"},{"@type":"Organization","@id":"https:\/\/vosgesinfo.fr\/remiremontinfo\/#organization","name":"Remiremont Info","url":"https:\/\/vosgesinfo.fr\/remiremontinfo\/","logo":{"@type":"ImageObject","inLanguage":"fr-FR","@id":"https:\/\/vosgesinfo.fr\/remiremontinfo\/#\/schema\/logo\/image\/","url":"https:\/\/vosgesinfo.fr\/app\/uploads\/sites\/5\/2023\/08\/favicon-remiremontinfo.png","contentUrl":"https:\/\/vosgesinfo.fr\/app\/uploads\/sites\/5\/2023\/08\/favicon-remiremontinfo.png","width":512,"height":512,"caption":"Remiremont Info"},"image":{"@id":"https:\/\/vosgesinfo.fr\/remiremontinfo\/#\/schema\/logo\/image\/"},"sameAs":["https:\/\/www.facebook.com\/remiremontinfo","https:\/\/x.com\/VosgesInfo88","https:\/\/www.youtube.com\/@vosgesinfo"]},{"@type":"Person","@id":"https:\/\/vosgesinfo.fr\/remiremontinfo\/#\/schema\/person\/3bfd164d5218a185b1db68655a265316","name":"C D","image":{"@type":"ImageObject","inLanguage":"fr-FR","@id":"https:\/\/vosgesinfo.fr\/remiremontinfo\/#\/schema\/person\/image\/","url":"https:\/\/secure.gravatar.com\/avatar\/1f9a70007336511a47468b8f1c66f922b8b7cf617b02a31149ada43893a5d48f?s=96&d=mm&r=g","contentUrl":"https:\/\/secure.gravatar.com\/avatar\/1f9a70007336511a47468b8f1c66f922b8b7cf617b02a31149ada43893a5d48f?s=96&d=mm&r=g","caption":"C D"},"url":"https:\/\/vosgesinfo.fr\/remiremontinfo\/author\/cedric-drevet\/"}]}},"_links":{"self":[{"href":"https:\/\/vosgesinfo.fr\/remiremontinfo\/wp-json\/wp\/v2\/posts\/61825","targetHints":{"allow":["GET"]}}],"collection":[{"href":"https:\/\/vosgesinfo.fr\/remiremontinfo\/wp-json\/wp\/v2\/posts"}],"about":[{"href":"https:\/\/vosgesinfo.fr\/remiremontinfo\/wp-json\/wp\/v2\/types\/post"}],"author":[{"embeddable":true,"href":"https:\/\/vosgesinfo.fr\/remiremontinfo\/wp-json\/wp\/v2\/users\/407"}],"replies":[{"embeddable":true,"href":"https:\/\/vosgesinfo.fr\/remiremontinfo\/wp-json\/wp\/v2\/comments?post=61825"}],"version-history":[{"count":0,"href":"https:\/\/vosgesinfo.fr\/remiremontinfo\/wp-json\/wp\/v2\/posts\/61825\/revisions"}],"wp:featuredmedia":[{"embeddable":true,"href":"https:\/\/vosgesinfo.fr\/remiremontinfo\/wp-json\/wp\/v2\/media\/61826"}],"wp:attachment":[{"href":"https:\/\/vosgesinfo.fr\/remiremontinfo\/wp-json\/wp\/v2\/media?parent=61825"}],"wp:term":[{"taxonomy":"category","embeddable":true,"href":"https:\/\/vosgesinfo.fr\/remiremontinfo\/wp-json\/wp\/v2\/categories?post=61825"},{"taxonomy":"post_tag","embeddable":true,"href":"https:\/\/vosgesinfo.fr\/remiremontinfo\/wp-json\/wp\/v2\/tags?post=61825"}],"curies":[{"name":"wp","href":"https:\/\/api.w.org\/{rel}","templated":true}]}}