{"id":61839,"date":"2022-09-10T06:59:12","date_gmt":"2022-09-10T04:59:12","guid":{"rendered":"https:\/\/vosgesinfo.fr\/remiremontinfo\/2022\/09\/bresse-camille-ad-honores-piece-interroge-camille-claudel-folie\/"},"modified":"2022-09-10T06:59:12","modified_gmt":"2022-09-10T04:59:12","slug":"bresse-camille-ad-honores-piece-interroge-camille-claudel-folie","status":"publish","type":"post","link":"https:\/\/vosgesinfo.fr\/remiremontinfo\/2022\/09\/bresse-camille-ad-honores-piece-interroge-camille-claudel-folie\/","title":{"rendered":"La Bresse : \u00ab\u00a0Camille ad honores\u00a0\u00bb, une pi\u00e8ce qui interroge Camille Claudel et sa folie"},"content":{"rendered":"<h3><a href=\"\/2022\/09\/Communiqu\u00e9-CamilleAdHonores-sept22-page-001.jpg\"><img decoding=\"async\" class=\"alignnone size-large wp-image-353411\" src=\"\/2022\/09\/Communiqu\u00e9-CamilleAdHonores-sept22-page-001-736x1024.jpg\" alt=\"Communiqu\u00e9-CamilleAdHonores-sept22-page-001\" width=\"736\" height=\"1024\" \/><\/a><\/h3>\n<h3><strong><span style=\"font-size: 12pt;\">Apr\u00e8s le succ\u00e8s des 4 premi\u00e8res repr\u00e9sentations en d\u00e9but d\u2019\u00e9t\u00e9, la Compagnie Cent Sc\u00e8nes pr\u00e9sente deux derni\u00e8res fois la pi\u00e8ce Camille Ad Honores, au Petit Th\u00e9\u00e2tre du Neufpr\u00e9, vendredi 16 et samedi 17 septembre. <\/span><\/strong><\/h3>\n<p>Les 40 places du Petit Th\u00e9\u00e2tre du Neufpr\u00e9 sont un peu limit\u00e9es : toutes les repr\u00e9sentations qui y ont eu lieu se sont d\u00e9roul\u00e9es \u00e0 guichets ferm\u00e9s, et ce sera encore le cas vendredi 16 septembre. Il reste toutefois des places pour la s\u00e9ance de samedi 17 septembre (une trentaine \u00e0 l\u2019heure o\u00f9 sont \u00e9crites ces lignes). Il faut dire que l\u2019\u00e9motion \u00e9tait puissante, et le public conquis par cette pi\u00e8ce, Camille Ad Honores, de France Gros, mise en sc\u00e8ne par Ren\u00e9 Vincent-Viry.<\/p>\n<p>10 mars 1913 &#8211; Atelier de Camille Claudel : deux infirmiers forcent la porte. Comme Camille s\u2019est barricad\u00e9e, ils sont oblig\u00e9s de passer par la fen\u00eatre. Quelques minutes plus tard, ils la balancent dans leur fourgon.<br \/>\nDirection : l\u2019asile de Ville-Evrard \u00e0 Neuilly-sur-Marne. Raison de l\u2019internement : d\u00e9mence parano\u00efde avec d\u00e9lire de pers\u00e9cution. Camille a 48 ans. La voil\u00e0 enferm\u00e9e pour toujours. Jusqu\u2019\u00e0 sa mort, 30 ans plus tard.<\/p>\n<h4><em><strong><span style=\"font-size: 12pt;\">Comment en est-on arriv\u00e9 l\u00e0 ? L\u2019internement \u00e9tait-il in\u00e9vitable ?<\/span><\/strong><\/em><\/h4>\n<p>La pi\u00e8ce Camille Ad Honores, publi\u00e9e en 2008, remonte le fil du temps et invite les spectateurs \u00e0 s\u2019interroger. Sur le destin tragique de Camille. Sur sa fameuse \u00abfolie\u00bb. Plus g\u00e9n\u00e9ralement, sur notre rapport \u00e0 la folie : celle des \u00eatres qui nous sont chers et qui, parfois, s\u2019\u00e9loignent de nous. Lentement, et irr\u00e9m\u00e9diablement. Que nous ne comprenons plus.<\/p>\n<p>Sa pi\u00e8ce nous convie \u00e0 regarder, la folie de Camille (si folie il y eut) droit dans les yeux. \u00c0 l\u2019\u00e9tat brut. Dans toute sa nudit\u00e9. En train de \u00abse cr\u00e9er\u00bb, le temps de quelques sc\u00e8nes. Obligeant les spectateurs \u00e0 se demander : La folie a-t-elle ses raisons ? Fallait-il enfermer Camille ? Sachant que cette derni\u00e8re confia un jour : \u00abSi on dit que je suis folle, j\u2019aimerais que ce soit vrai.\u00bb<\/p>\n<p>Distribution : Laura Poirot-Fraschini (Camille Claudel), Karen Mengin (Th\u00e9r\u00e8se\/Solange), \u00c9ric Vincent (Paul Claudel), Fran\u00e7ois Vaxelaire (Dr Michaux), Xavier Battistella (Eug\u00e8ne Blot), Mireille Lemaire (Jessie Lipscomb), Julien Vincent Viry (lumi\u00e8res et son), Ren\u00e9 Vincent-Viry (mise en sc\u00e8ne, cr\u00e9ation d\u00e9cors), Fran\u00e7oise Vincent-Viry (costumes).<\/p>\n<p>Dur\u00e9e : 1h30<\/p>\n<p>T\u00e9l : 06.85.10.05.22 &#8211; contact@compagniecentscenes.fr<br \/>\nAssociation loi 1901. Membre de la FNCTA.<br \/>\nSi\u00e8ge social : 25 route du Brabant 88250 LA BRESSE &#8211; www.compagniecentscenes.fr<\/p>\n<p><em>Communiqu\u00e9\u00a0<\/em><\/p>\n","protected":false},"excerpt":{"rendered":"<p>Apr\u00e8s le succ\u00e8s des 4 premi\u00e8res repr\u00e9sentations en d\u00e9but d\u2019\u00e9t\u00e9, la Compagnie Cent Sc\u00e8nes pr\u00e9sente deux derni\u00e8res fois la pi\u00e8ce [&hellip;]<\/p>\n","protected":false},"author":407,"featured_media":61840,"comment_status":"open","ping_status":"open","sticky":false,"template":"","format":"standard","meta":{"footnotes":""},"categories":[26,4,104,25],"tags":[383,4660,2373,41,4661,105,2705,2104,56,32],"class_list":["post-61839","post","type-post","status-publish","format-standard","has-post-thumbnail","hentry","category-a-la-une","category-culture","category-la-bresse-la-bresse-son-canton","category-la-bresse-son-canton","tag-art","tag-camille","tag-camille-claudel","tag-culture","tag-folie","tag-la-bresse","tag-piece","tag-sculpture","tag-theatre","tag-vosges"],"acf":[],"yoast_head":"<!-- This site is optimized with the Yoast SEO plugin v22.5 - https:\/\/yoast.com\/wordpress\/plugins\/seo\/ -->\n<title>La Bresse : &quot;Camille ad honores&quot;, une pi\u00e8ce qui interroge Camille Claudel et sa folie - Remiremont Info<\/title>\n<meta name=\"robots\" content=\"index, follow, max-snippet:-1, max-image-preview:large, max-video-preview:-1\" \/>\n<link rel=\"canonical\" href=\"https:\/\/vosgesinfo.fr\/remiremontinfo\/2022\/09\/bresse-camille-ad-honores-piece-interroge-camille-claudel-folie\/\" \/>\n<meta name=\"twitter:card\" content=\"summary_large_image\" \/>\n<meta name=\"twitter:title\" content=\"La Bresse : &quot;Camille ad honores&quot;, une pi\u00e8ce qui interroge Camille Claudel et sa folie - Remiremont Info\" \/>\n<meta name=\"twitter:description\" content=\"Apr\u00e8s le succ\u00e8s des 4 premi\u00e8res repr\u00e9sentations en d\u00e9but d\u2019\u00e9t\u00e9, la Compagnie Cent Sc\u00e8nes pr\u00e9sente deux derni\u00e8res fois la pi\u00e8ce [&hellip;]\" \/>\n<meta name=\"twitter:image\" content=\"https:\/\/vosgesinfo.fr\/app\/uploads\/sites\/5\/2024\/09\/202209communique-camilleadhonores-sept22-page-001.jpg\" \/>\n<meta name=\"twitter:creator\" content=\"@VosgesInfo88\" \/>\n<meta name=\"twitter:site\" content=\"@VosgesInfo88\" \/>\n<meta name=\"twitter:label1\" content=\"\u00c9crit par\" \/>\n\t<meta name=\"twitter:data1\" content=\"C D\" \/>\n\t<meta name=\"twitter:label2\" content=\"Dur\u00e9e de lecture estim\u00e9e\" \/>\n\t<meta name=\"twitter:data2\" content=\"2 minutes\" \/>\n<script type=\"application\/ld+json\" class=\"yoast-schema-graph\">{\"@context\":\"https:\/\/schema.org\",\"@graph\":[{\"@type\":\"Article\",\"@id\":\"https:\/\/vosgesinfo.fr\/remiremontinfo\/2022\/09\/bresse-camille-ad-honores-piece-interroge-camille-claudel-folie\/#article\",\"isPartOf\":{\"@id\":\"https:\/\/vosgesinfo.fr\/remiremontinfo\/2022\/09\/bresse-camille-ad-honores-piece-interroge-camille-claudel-folie\/\"},\"author\":{\"name\":\"C D\",\"@id\":\"https:\/\/vosgesinfo.fr\/remiremontinfo\/#\/schema\/person\/3bfd164d5218a185b1db68655a265316\"},\"headline\":\"La Bresse : \u00ab\u00a0Camille ad honores\u00a0\u00bb, une pi\u00e8ce qui interroge Camille Claudel et sa folie\",\"datePublished\":\"2022-09-10T04:59:12+00:00\",\"dateModified\":\"2022-09-10T04:59:12+00:00\",\"mainEntityOfPage\":{\"@id\":\"https:\/\/vosgesinfo.fr\/remiremontinfo\/2022\/09\/bresse-camille-ad-honores-piece-interroge-camille-claudel-folie\/\"},\"wordCount\":440,\"commentCount\":0,\"publisher\":{\"@id\":\"https:\/\/vosgesinfo.fr\/remiremontinfo\/#organization\"},\"image\":{\"@id\":\"https:\/\/vosgesinfo.fr\/remiremontinfo\/2022\/09\/bresse-camille-ad-honores-piece-interroge-camille-claudel-folie\/#primaryimage\"},\"thumbnailUrl\":\"https:\/\/vosgesinfo.fr\/app\/uploads\/sites\/5\/2024\/09\/202209communique-camilleadhonores-sept22-page-001.jpg\",\"keywords\":[\"art\",\"camille\",\"camille claudel\",\"culture\",\"folie\",\"la bresse\",\"pi\u00e8ce\",\"sculpture\",\"th\u00e9\u00e2tre\",\"Vosges\"],\"articleSection\":[\"A la Une\",\"Culture\",\"La Bresse\",\"La Bresse &amp; son canton\"],\"inLanguage\":\"fr-FR\",\"potentialAction\":[{\"@type\":\"CommentAction\",\"name\":\"Comment\",\"target\":[\"https:\/\/vosgesinfo.fr\/remiremontinfo\/2022\/09\/bresse-camille-ad-honores-piece-interroge-camille-claudel-folie\/#respond\"]}]},{\"@type\":\"WebPage\",\"@id\":\"https:\/\/vosgesinfo.fr\/remiremontinfo\/2022\/09\/bresse-camille-ad-honores-piece-interroge-camille-claudel-folie\/\",\"url\":\"https:\/\/vosgesinfo.fr\/remiremontinfo\/2022\/09\/bresse-camille-ad-honores-piece-interroge-camille-claudel-folie\/\",\"name\":\"La Bresse : \\\"Camille ad honores\\\", une pi\u00e8ce qui interroge Camille Claudel et sa folie - Remiremont Info\",\"isPartOf\":{\"@id\":\"https:\/\/vosgesinfo.fr\/remiremontinfo\/#website\"},\"primaryImageOfPage\":{\"@id\":\"https:\/\/vosgesinfo.fr\/remiremontinfo\/2022\/09\/bresse-camille-ad-honores-piece-interroge-camille-claudel-folie\/#primaryimage\"},\"image\":{\"@id\":\"https:\/\/vosgesinfo.fr\/remiremontinfo\/2022\/09\/bresse-camille-ad-honores-piece-interroge-camille-claudel-folie\/#primaryimage\"},\"thumbnailUrl\":\"https:\/\/vosgesinfo.fr\/app\/uploads\/sites\/5\/2024\/09\/202209communique-camilleadhonores-sept22-page-001.jpg\",\"datePublished\":\"2022-09-10T04:59:12+00:00\",\"dateModified\":\"2022-09-10T04:59:12+00:00\",\"breadcrumb\":{\"@id\":\"https:\/\/vosgesinfo.fr\/remiremontinfo\/2022\/09\/bresse-camille-ad-honores-piece-interroge-camille-claudel-folie\/#breadcrumb\"},\"inLanguage\":\"fr-FR\",\"potentialAction\":[{\"@type\":\"ReadAction\",\"target\":[\"https:\/\/vosgesinfo.fr\/remiremontinfo\/2022\/09\/bresse-camille-ad-honores-piece-interroge-camille-claudel-folie\/\"]}]},{\"@type\":\"ImageObject\",\"inLanguage\":\"fr-FR\",\"@id\":\"https:\/\/vosgesinfo.fr\/remiremontinfo\/2022\/09\/bresse-camille-ad-honores-piece-interroge-camille-claudel-folie\/#primaryimage\",\"url\":\"https:\/\/vosgesinfo.fr\/app\/uploads\/sites\/5\/2024\/09\/202209communique-camilleadhonores-sept22-page-001.jpg\",\"contentUrl\":\"https:\/\/vosgesinfo.fr\/app\/uploads\/sites\/5\/2024\/09\/202209communique-camilleadhonores-sept22-page-001.jpg\",\"width\":784,\"height\":1091},{\"@type\":\"BreadcrumbList\",\"@id\":\"https:\/\/vosgesinfo.fr\/remiremontinfo\/2022\/09\/bresse-camille-ad-honores-piece-interroge-camille-claudel-folie\/#breadcrumb\",\"itemListElement\":[{\"@type\":\"ListItem\",\"position\":1,\"name\":\"Home\",\"item\":\"https:\/\/vosgesinfo.fr\/remiremontinfo\/\"},{\"@type\":\"ListItem\",\"position\":2,\"name\":\"La Bresse : \u00ab\u00a0Camille ad honores\u00a0\u00bb, une pi\u00e8ce qui interroge Camille Claudel et sa folie\"}]},{\"@type\":\"WebSite\",\"@id\":\"https:\/\/vosgesinfo.fr\/remiremontinfo\/#website\",\"url\":\"https:\/\/vosgesinfo.fr\/remiremontinfo\/\",\"name\":\"Remiremont Info\",\"description\":\"Toute l&#039;actualit\u00e9 de Remiremont\",\"publisher\":{\"@id\":\"https:\/\/vosgesinfo.fr\/remiremontinfo\/#organization\"},\"alternateName\":\"Toute l'actualit\u00e9 de Remiremont\",\"potentialAction\":[{\"@type\":\"SearchAction\",\"target\":{\"@type\":\"EntryPoint\",\"urlTemplate\":\"https:\/\/vosgesinfo.fr\/remiremontinfo\/?s={search_term_string}\"},\"query-input\":\"required name=search_term_string\"}],\"inLanguage\":\"fr-FR\"},{\"@type\":\"Organization\",\"@id\":\"https:\/\/vosgesinfo.fr\/remiremontinfo\/#organization\",\"name\":\"Remiremont Info\",\"url\":\"https:\/\/vosgesinfo.fr\/remiremontinfo\/\",\"logo\":{\"@type\":\"ImageObject\",\"inLanguage\":\"fr-FR\",\"@id\":\"https:\/\/vosgesinfo.fr\/remiremontinfo\/#\/schema\/logo\/image\/\",\"url\":\"https:\/\/vosgesinfo.fr\/app\/uploads\/sites\/5\/2023\/08\/favicon-remiremontinfo.png\",\"contentUrl\":\"https:\/\/vosgesinfo.fr\/app\/uploads\/sites\/5\/2023\/08\/favicon-remiremontinfo.png\",\"width\":512,\"height\":512,\"caption\":\"Remiremont Info\"},\"image\":{\"@id\":\"https:\/\/vosgesinfo.fr\/remiremontinfo\/#\/schema\/logo\/image\/\"},\"sameAs\":[\"https:\/\/www.facebook.com\/remiremontinfo\",\"https:\/\/x.com\/VosgesInfo88\",\"https:\/\/www.youtube.com\/@vosgesinfo\"]},{\"@type\":\"Person\",\"@id\":\"https:\/\/vosgesinfo.fr\/remiremontinfo\/#\/schema\/person\/3bfd164d5218a185b1db68655a265316\",\"name\":\"C D\",\"image\":{\"@type\":\"ImageObject\",\"inLanguage\":\"fr-FR\",\"@id\":\"https:\/\/vosgesinfo.fr\/remiremontinfo\/#\/schema\/person\/image\/\",\"url\":\"https:\/\/secure.gravatar.com\/avatar\/1f9a70007336511a47468b8f1c66f922b8b7cf617b02a31149ada43893a5d48f?s=96&d=mm&r=g\",\"contentUrl\":\"https:\/\/secure.gravatar.com\/avatar\/1f9a70007336511a47468b8f1c66f922b8b7cf617b02a31149ada43893a5d48f?s=96&d=mm&r=g\",\"caption\":\"C D\"},\"url\":\"https:\/\/vosgesinfo.fr\/remiremontinfo\/author\/cedric-drevet\/\"}]}<\/script>\n<!-- \/ Yoast SEO plugin. -->","yoast_head_json":{"title":"La Bresse : \"Camille ad honores\", une pi\u00e8ce qui interroge Camille Claudel et sa folie - Remiremont Info","robots":{"index":"index","follow":"follow","max-snippet":"max-snippet:-1","max-image-preview":"max-image-preview:large","max-video-preview":"max-video-preview:-1"},"canonical":"https:\/\/vosgesinfo.fr\/remiremontinfo\/2022\/09\/bresse-camille-ad-honores-piece-interroge-camille-claudel-folie\/","twitter_card":"summary_large_image","twitter_title":"La Bresse : \"Camille ad honores\", une pi\u00e8ce qui interroge Camille Claudel et sa folie - Remiremont Info","twitter_description":"Apr\u00e8s le succ\u00e8s des 4 premi\u00e8res repr\u00e9sentations en d\u00e9but d\u2019\u00e9t\u00e9, la Compagnie Cent Sc\u00e8nes pr\u00e9sente deux derni\u00e8res fois la pi\u00e8ce [&hellip;]","twitter_image":"https:\/\/vosgesinfo.fr\/app\/uploads\/sites\/5\/2024\/09\/202209communique-camilleadhonores-sept22-page-001.jpg","twitter_creator":"@VosgesInfo88","twitter_site":"@VosgesInfo88","twitter_misc":{"\u00c9crit par":"C D","Dur\u00e9e de lecture estim\u00e9e":"2 minutes"},"schema":{"@context":"https:\/\/schema.org","@graph":[{"@type":"Article","@id":"https:\/\/vosgesinfo.fr\/remiremontinfo\/2022\/09\/bresse-camille-ad-honores-piece-interroge-camille-claudel-folie\/#article","isPartOf":{"@id":"https:\/\/vosgesinfo.fr\/remiremontinfo\/2022\/09\/bresse-camille-ad-honores-piece-interroge-camille-claudel-folie\/"},"author":{"name":"C D","@id":"https:\/\/vosgesinfo.fr\/remiremontinfo\/#\/schema\/person\/3bfd164d5218a185b1db68655a265316"},"headline":"La Bresse : \u00ab\u00a0Camille ad honores\u00a0\u00bb, une pi\u00e8ce qui interroge Camille Claudel et sa folie","datePublished":"2022-09-10T04:59:12+00:00","dateModified":"2022-09-10T04:59:12+00:00","mainEntityOfPage":{"@id":"https:\/\/vosgesinfo.fr\/remiremontinfo\/2022\/09\/bresse-camille-ad-honores-piece-interroge-camille-claudel-folie\/"},"wordCount":440,"commentCount":0,"publisher":{"@id":"https:\/\/vosgesinfo.fr\/remiremontinfo\/#organization"},"image":{"@id":"https:\/\/vosgesinfo.fr\/remiremontinfo\/2022\/09\/bresse-camille-ad-honores-piece-interroge-camille-claudel-folie\/#primaryimage"},"thumbnailUrl":"https:\/\/vosgesinfo.fr\/app\/uploads\/sites\/5\/2024\/09\/202209communique-camilleadhonores-sept22-page-001.jpg","keywords":["art","camille","camille claudel","culture","folie","la bresse","pi\u00e8ce","sculpture","th\u00e9\u00e2tre","Vosges"],"articleSection":["A la Une","Culture","La Bresse","La Bresse &amp; son canton"],"inLanguage":"fr-FR","potentialAction":[{"@type":"CommentAction","name":"Comment","target":["https:\/\/vosgesinfo.fr\/remiremontinfo\/2022\/09\/bresse-camille-ad-honores-piece-interroge-camille-claudel-folie\/#respond"]}]},{"@type":"WebPage","@id":"https:\/\/vosgesinfo.fr\/remiremontinfo\/2022\/09\/bresse-camille-ad-honores-piece-interroge-camille-claudel-folie\/","url":"https:\/\/vosgesinfo.fr\/remiremontinfo\/2022\/09\/bresse-camille-ad-honores-piece-interroge-camille-claudel-folie\/","name":"La Bresse : \"Camille ad honores\", une pi\u00e8ce qui interroge Camille Claudel et sa folie - Remiremont Info","isPartOf":{"@id":"https:\/\/vosgesinfo.fr\/remiremontinfo\/#website"},"primaryImageOfPage":{"@id":"https:\/\/vosgesinfo.fr\/remiremontinfo\/2022\/09\/bresse-camille-ad-honores-piece-interroge-camille-claudel-folie\/#primaryimage"},"image":{"@id":"https:\/\/vosgesinfo.fr\/remiremontinfo\/2022\/09\/bresse-camille-ad-honores-piece-interroge-camille-claudel-folie\/#primaryimage"},"thumbnailUrl":"https:\/\/vosgesinfo.fr\/app\/uploads\/sites\/5\/2024\/09\/202209communique-camilleadhonores-sept22-page-001.jpg","datePublished":"2022-09-10T04:59:12+00:00","dateModified":"2022-09-10T04:59:12+00:00","breadcrumb":{"@id":"https:\/\/vosgesinfo.fr\/remiremontinfo\/2022\/09\/bresse-camille-ad-honores-piece-interroge-camille-claudel-folie\/#breadcrumb"},"inLanguage":"fr-FR","potentialAction":[{"@type":"ReadAction","target":["https:\/\/vosgesinfo.fr\/remiremontinfo\/2022\/09\/bresse-camille-ad-honores-piece-interroge-camille-claudel-folie\/"]}]},{"@type":"ImageObject","inLanguage":"fr-FR","@id":"https:\/\/vosgesinfo.fr\/remiremontinfo\/2022\/09\/bresse-camille-ad-honores-piece-interroge-camille-claudel-folie\/#primaryimage","url":"https:\/\/vosgesinfo.fr\/app\/uploads\/sites\/5\/2024\/09\/202209communique-camilleadhonores-sept22-page-001.jpg","contentUrl":"https:\/\/vosgesinfo.fr\/app\/uploads\/sites\/5\/2024\/09\/202209communique-camilleadhonores-sept22-page-001.jpg","width":784,"height":1091},{"@type":"BreadcrumbList","@id":"https:\/\/vosgesinfo.fr\/remiremontinfo\/2022\/09\/bresse-camille-ad-honores-piece-interroge-camille-claudel-folie\/#breadcrumb","itemListElement":[{"@type":"ListItem","position":1,"name":"Home","item":"https:\/\/vosgesinfo.fr\/remiremontinfo\/"},{"@type":"ListItem","position":2,"name":"La Bresse : \u00ab\u00a0Camille ad honores\u00a0\u00bb, une pi\u00e8ce qui interroge Camille Claudel et sa folie"}]},{"@type":"WebSite","@id":"https:\/\/vosgesinfo.fr\/remiremontinfo\/#website","url":"https:\/\/vosgesinfo.fr\/remiremontinfo\/","name":"Remiremont Info","description":"Toute l&#039;actualit\u00e9 de Remiremont","publisher":{"@id":"https:\/\/vosgesinfo.fr\/remiremontinfo\/#organization"},"alternateName":"Toute l'actualit\u00e9 de Remiremont","potentialAction":[{"@type":"SearchAction","target":{"@type":"EntryPoint","urlTemplate":"https:\/\/vosgesinfo.fr\/remiremontinfo\/?s={search_term_string}"},"query-input":"required name=search_term_string"}],"inLanguage":"fr-FR"},{"@type":"Organization","@id":"https:\/\/vosgesinfo.fr\/remiremontinfo\/#organization","name":"Remiremont Info","url":"https:\/\/vosgesinfo.fr\/remiremontinfo\/","logo":{"@type":"ImageObject","inLanguage":"fr-FR","@id":"https:\/\/vosgesinfo.fr\/remiremontinfo\/#\/schema\/logo\/image\/","url":"https:\/\/vosgesinfo.fr\/app\/uploads\/sites\/5\/2023\/08\/favicon-remiremontinfo.png","contentUrl":"https:\/\/vosgesinfo.fr\/app\/uploads\/sites\/5\/2023\/08\/favicon-remiremontinfo.png","width":512,"height":512,"caption":"Remiremont Info"},"image":{"@id":"https:\/\/vosgesinfo.fr\/remiremontinfo\/#\/schema\/logo\/image\/"},"sameAs":["https:\/\/www.facebook.com\/remiremontinfo","https:\/\/x.com\/VosgesInfo88","https:\/\/www.youtube.com\/@vosgesinfo"]},{"@type":"Person","@id":"https:\/\/vosgesinfo.fr\/remiremontinfo\/#\/schema\/person\/3bfd164d5218a185b1db68655a265316","name":"C D","image":{"@type":"ImageObject","inLanguage":"fr-FR","@id":"https:\/\/vosgesinfo.fr\/remiremontinfo\/#\/schema\/person\/image\/","url":"https:\/\/secure.gravatar.com\/avatar\/1f9a70007336511a47468b8f1c66f922b8b7cf617b02a31149ada43893a5d48f?s=96&d=mm&r=g","contentUrl":"https:\/\/secure.gravatar.com\/avatar\/1f9a70007336511a47468b8f1c66f922b8b7cf617b02a31149ada43893a5d48f?s=96&d=mm&r=g","caption":"C D"},"url":"https:\/\/vosgesinfo.fr\/remiremontinfo\/author\/cedric-drevet\/"}]}},"_links":{"self":[{"href":"https:\/\/vosgesinfo.fr\/remiremontinfo\/wp-json\/wp\/v2\/posts\/61839","targetHints":{"allow":["GET"]}}],"collection":[{"href":"https:\/\/vosgesinfo.fr\/remiremontinfo\/wp-json\/wp\/v2\/posts"}],"about":[{"href":"https:\/\/vosgesinfo.fr\/remiremontinfo\/wp-json\/wp\/v2\/types\/post"}],"author":[{"embeddable":true,"href":"https:\/\/vosgesinfo.fr\/remiremontinfo\/wp-json\/wp\/v2\/users\/407"}],"replies":[{"embeddable":true,"href":"https:\/\/vosgesinfo.fr\/remiremontinfo\/wp-json\/wp\/v2\/comments?post=61839"}],"version-history":[{"count":0,"href":"https:\/\/vosgesinfo.fr\/remiremontinfo\/wp-json\/wp\/v2\/posts\/61839\/revisions"}],"wp:featuredmedia":[{"embeddable":true,"href":"https:\/\/vosgesinfo.fr\/remiremontinfo\/wp-json\/wp\/v2\/media\/61840"}],"wp:attachment":[{"href":"https:\/\/vosgesinfo.fr\/remiremontinfo\/wp-json\/wp\/v2\/media?parent=61839"}],"wp:term":[{"taxonomy":"category","embeddable":true,"href":"https:\/\/vosgesinfo.fr\/remiremontinfo\/wp-json\/wp\/v2\/categories?post=61839"},{"taxonomy":"post_tag","embeddable":true,"href":"https:\/\/vosgesinfo.fr\/remiremontinfo\/wp-json\/wp\/v2\/tags?post=61839"}],"curies":[{"name":"wp","href":"https:\/\/api.w.org\/{rel}","templated":true}]}}