{"id":61861,"date":"2022-09-10T13:51:34","date_gmt":"2022-09-10T11:51:34","guid":{"rendered":"https:\/\/vosgesinfo.fr\/remiremontinfo\/2022\/09\/fig-deserts-portugal-programme-33e-festival-international-de-geographie-de-saint-die-vosges\/"},"modified":"2022-09-10T13:51:34","modified_gmt":"2022-09-10T11:51:34","slug":"fig-deserts-portugal-programme-33e-festival-international-de-geographie-de-saint-die-vosges","status":"publish","type":"post","link":"https:\/\/vosgesinfo.fr\/remiremontinfo\/2022\/09\/fig-deserts-portugal-programme-33e-festival-international-de-geographie-de-saint-die-vosges\/","title":{"rendered":"FIG \u2013 D\u00e9serts et Portugal au programme du 33e Festival International de G\u00e9ographie de Saint-Di\u00e9-des-Vosges"},"content":{"rendered":"<h2><strong>Le 33e Festival International de G\u00e9ographie de Saint-Di\u00e9-des-Vosges s\u2019ouvrira dans maintenant un tout petit moins de 3 semaines, puisqu\u2019il se d\u00e9roulera les vendredi 30 septembre, samedi 1er et dimanche 2 octobre prochains. Un cru 2022 qui aura comme fils rouges les d\u00e9serts, th\u00e8me du festival cette ann\u00e9e, et le Portugal, le pays invit\u00e9 de cette 33e \u00e9dition. C\u2019est ce samedi matin, \u00e0 Saint-Di\u00e9-des-Vosges et non plus \u00e0 Paris, que les grandes lignes du prochain FIG ont \u00e9t\u00e9 pr\u00e9sent\u00e9es. En pr\u00e9ambule de la conf\u00e9rence de presse, le maire Bruno Toussaint a affirm\u00e9 que \u00ab\u00a0le festival continuera \u00e0 vivre avec un nouveau maire, car il appartient aux D\u00e9odatiens. Donc dans les 4 ans \u00e0 venir, il y aura bien un FIG dans notre ville.\u00a0\u00bb<\/strong><\/h2>\n<h3><strong>D\u00e9serts et Portugal<\/strong><\/h3>\n<p>Les 240 rendez-vous qui rythmeront le festival s\u2019articuleront autour de 2 grands axes, comme pr\u00e9cis\u00e9 dans l\u2019introduction de l\u2019article\u00a0: les d\u00e9serts et le Portugal. Les 200 intervenants attendus cette ann\u00e9e aborderont et d\u00e9velopperont ces 2 th\u00e9matiques lors de conf\u00e9rences, d\u00e9bats, tables-ron<\/p>\n","protected":false},"excerpt":{"rendered":"<p>Le 33e Festival International de G\u00e9ographie de Saint-Di\u00e9-des-Vosges s\u2019ouvrira dans maintenant un tout petit moins de 3 semaines, puisqu\u2019il se [&hellip;]<\/p>\n","protected":false},"author":407,"featured_media":61862,"comment_status":"open","ping_status":"open","sticky":false,"template":"","format":"standard","meta":{"footnotes":""},"categories":[26,18],"tags":[241,2601,32],"class_list":["post-61861","post","type-post","status-publish","format-standard","has-post-thumbnail","hentry","category-a-la-une","category-vosges","tag-fig","tag-geographie","tag-vosges"],"acf":[],"yoast_head":"<!-- This site is optimized with the Yoast SEO plugin v22.5 - https:\/\/yoast.com\/wordpress\/plugins\/seo\/ -->\n<title>FIG \u2013 D\u00e9serts et Portugal au programme du 33e Festival International de G\u00e9ographie de Saint-Di\u00e9-des-Vosges - Remiremont Info<\/title>\n<meta name=\"robots\" content=\"index, follow, max-snippet:-1, max-image-preview:large, max-video-preview:-1\" \/>\n<link rel=\"canonical\" href=\"https:\/\/vosgesinfo.fr\/remiremontinfo\/2022\/09\/fig-deserts-portugal-programme-33e-festival-international-de-geographie-de-saint-die-vosges\/\" \/>\n<meta name=\"twitter:card\" content=\"summary_large_image\" \/>\n<meta name=\"twitter:title\" content=\"FIG \u2013 D\u00e9serts et Portugal au programme du 33e Festival International de G\u00e9ographie de Saint-Di\u00e9-des-Vosges - Remiremont Info\" \/>\n<meta name=\"twitter:description\" content=\"Le 33e Festival International de G\u00e9ographie de Saint-Di\u00e9-des-Vosges s\u2019ouvrira dans maintenant un tout petit moins de 3 semaines, puisqu\u2019il se [&hellip;]\" \/>\n<meta name=\"twitter:image\" content=\"https:\/\/vosgesinfo.fr\/app\/uploads\/sites\/5\/2024\/09\/202209conference-presentation-33e-fig-4-1024x771-1.jpg\" \/>\n<meta name=\"twitter:creator\" content=\"@VosgesInfo88\" \/>\n<meta name=\"twitter:site\" content=\"@VosgesInfo88\" \/>\n<meta name=\"twitter:label1\" content=\"\u00c9crit par\" \/>\n\t<meta name=\"twitter:data1\" content=\"C D\" \/>\n\t<meta name=\"twitter:label2\" content=\"Dur\u00e9e de lecture estim\u00e9e\" \/>\n\t<meta name=\"twitter:data2\" content=\"1 minute\" \/>\n<script type=\"application\/ld+json\" class=\"yoast-schema-graph\">{\"@context\":\"https:\/\/schema.org\",\"@graph\":[{\"@type\":\"Article\",\"@id\":\"https:\/\/vosgesinfo.fr\/remiremontinfo\/2022\/09\/fig-deserts-portugal-programme-33e-festival-international-de-geographie-de-saint-die-vosges\/#article\",\"isPartOf\":{\"@id\":\"https:\/\/vosgesinfo.fr\/remiremontinfo\/2022\/09\/fig-deserts-portugal-programme-33e-festival-international-de-geographie-de-saint-die-vosges\/\"},\"author\":{\"name\":\"C D\",\"@id\":\"https:\/\/vosgesinfo.fr\/remiremontinfo\/#\/schema\/person\/3bfd164d5218a185b1db68655a265316\"},\"headline\":\"FIG \u2013 D\u00e9serts et Portugal au programme du 33e Festival International de G\u00e9ographie de Saint-Di\u00e9-des-Vosges\",\"datePublished\":\"2022-09-10T11:51:34+00:00\",\"dateModified\":\"2022-09-10T11:51:34+00:00\",\"mainEntityOfPage\":{\"@id\":\"https:\/\/vosgesinfo.fr\/remiremontinfo\/2022\/09\/fig-deserts-portugal-programme-33e-festival-international-de-geographie-de-saint-die-vosges\/\"},\"wordCount\":196,\"commentCount\":0,\"publisher\":{\"@id\":\"https:\/\/vosgesinfo.fr\/remiremontinfo\/#organization\"},\"image\":{\"@id\":\"https:\/\/vosgesinfo.fr\/remiremontinfo\/2022\/09\/fig-deserts-portugal-programme-33e-festival-international-de-geographie-de-saint-die-vosges\/#primaryimage\"},\"thumbnailUrl\":\"https:\/\/vosgesinfo.fr\/app\/uploads\/sites\/5\/2024\/09\/202209conference-presentation-33e-fig-4-1024x771-1.jpg\",\"keywords\":[\"FIG\",\"geographie\",\"Vosges\"],\"articleSection\":[\"A la Une\",\"Vosges\"],\"inLanguage\":\"fr-FR\",\"potentialAction\":[{\"@type\":\"CommentAction\",\"name\":\"Comment\",\"target\":[\"https:\/\/vosgesinfo.fr\/remiremontinfo\/2022\/09\/fig-deserts-portugal-programme-33e-festival-international-de-geographie-de-saint-die-vosges\/#respond\"]}]},{\"@type\":\"WebPage\",\"@id\":\"https:\/\/vosgesinfo.fr\/remiremontinfo\/2022\/09\/fig-deserts-portugal-programme-33e-festival-international-de-geographie-de-saint-die-vosges\/\",\"url\":\"https:\/\/vosgesinfo.fr\/remiremontinfo\/2022\/09\/fig-deserts-portugal-programme-33e-festival-international-de-geographie-de-saint-die-vosges\/\",\"name\":\"FIG \u2013 D\u00e9serts et Portugal au programme du 33e Festival International de G\u00e9ographie de Saint-Di\u00e9-des-Vosges - Remiremont Info\",\"isPartOf\":{\"@id\":\"https:\/\/vosgesinfo.fr\/remiremontinfo\/#website\"},\"primaryImageOfPage\":{\"@id\":\"https:\/\/vosgesinfo.fr\/remiremontinfo\/2022\/09\/fig-deserts-portugal-programme-33e-festival-international-de-geographie-de-saint-die-vosges\/#primaryimage\"},\"image\":{\"@id\":\"https:\/\/vosgesinfo.fr\/remiremontinfo\/2022\/09\/fig-deserts-portugal-programme-33e-festival-international-de-geographie-de-saint-die-vosges\/#primaryimage\"},\"thumbnailUrl\":\"https:\/\/vosgesinfo.fr\/app\/uploads\/sites\/5\/2024\/09\/202209conference-presentation-33e-fig-4-1024x771-1.jpg\",\"datePublished\":\"2022-09-10T11:51:34+00:00\",\"dateModified\":\"2022-09-10T11:51:34+00:00\",\"breadcrumb\":{\"@id\":\"https:\/\/vosgesinfo.fr\/remiremontinfo\/2022\/09\/fig-deserts-portugal-programme-33e-festival-international-de-geographie-de-saint-die-vosges\/#breadcrumb\"},\"inLanguage\":\"fr-FR\",\"potentialAction\":[{\"@type\":\"ReadAction\",\"target\":[\"https:\/\/vosgesinfo.fr\/remiremontinfo\/2022\/09\/fig-deserts-portugal-programme-33e-festival-international-de-geographie-de-saint-die-vosges\/\"]}]},{\"@type\":\"ImageObject\",\"inLanguage\":\"fr-FR\",\"@id\":\"https:\/\/vosgesinfo.fr\/remiremontinfo\/2022\/09\/fig-deserts-portugal-programme-33e-festival-international-de-geographie-de-saint-die-vosges\/#primaryimage\",\"url\":\"https:\/\/vosgesinfo.fr\/app\/uploads\/sites\/5\/2024\/09\/202209conference-presentation-33e-fig-4-1024x771-1.jpg\",\"contentUrl\":\"https:\/\/vosgesinfo.fr\/app\/uploads\/sites\/5\/2024\/09\/202209conference-presentation-33e-fig-4-1024x771-1.jpg\",\"width\":1024,\"height\":771},{\"@type\":\"BreadcrumbList\",\"@id\":\"https:\/\/vosgesinfo.fr\/remiremontinfo\/2022\/09\/fig-deserts-portugal-programme-33e-festival-international-de-geographie-de-saint-die-vosges\/#breadcrumb\",\"itemListElement\":[{\"@type\":\"ListItem\",\"position\":1,\"name\":\"Home\",\"item\":\"https:\/\/vosgesinfo.fr\/remiremontinfo\/\"},{\"@type\":\"ListItem\",\"position\":2,\"name\":\"FIG \u2013 D\u00e9serts et Portugal au programme du 33e Festival International de G\u00e9ographie de Saint-Di\u00e9-des-Vosges\"}]},{\"@type\":\"WebSite\",\"@id\":\"https:\/\/vosgesinfo.fr\/remiremontinfo\/#website\",\"url\":\"https:\/\/vosgesinfo.fr\/remiremontinfo\/\",\"name\":\"Remiremont Info\",\"description\":\"Toute l&#039;actualit\u00e9 de Remiremont\",\"publisher\":{\"@id\":\"https:\/\/vosgesinfo.fr\/remiremontinfo\/#organization\"},\"alternateName\":\"Toute l'actualit\u00e9 de Remiremont\",\"potentialAction\":[{\"@type\":\"SearchAction\",\"target\":{\"@type\":\"EntryPoint\",\"urlTemplate\":\"https:\/\/vosgesinfo.fr\/remiremontinfo\/?s={search_term_string}\"},\"query-input\":\"required name=search_term_string\"}],\"inLanguage\":\"fr-FR\"},{\"@type\":\"Organization\",\"@id\":\"https:\/\/vosgesinfo.fr\/remiremontinfo\/#organization\",\"name\":\"Remiremont Info\",\"url\":\"https:\/\/vosgesinfo.fr\/remiremontinfo\/\",\"logo\":{\"@type\":\"ImageObject\",\"inLanguage\":\"fr-FR\",\"@id\":\"https:\/\/vosgesinfo.fr\/remiremontinfo\/#\/schema\/logo\/image\/\",\"url\":\"https:\/\/vosgesinfo.fr\/app\/uploads\/sites\/5\/2023\/08\/favicon-remiremontinfo.png\",\"contentUrl\":\"https:\/\/vosgesinfo.fr\/app\/uploads\/sites\/5\/2023\/08\/favicon-remiremontinfo.png\",\"width\":512,\"height\":512,\"caption\":\"Remiremont Info\"},\"image\":{\"@id\":\"https:\/\/vosgesinfo.fr\/remiremontinfo\/#\/schema\/logo\/image\/\"},\"sameAs\":[\"https:\/\/www.facebook.com\/remiremontinfo\",\"https:\/\/x.com\/VosgesInfo88\",\"https:\/\/www.youtube.com\/@vosgesinfo\"]},{\"@type\":\"Person\",\"@id\":\"https:\/\/vosgesinfo.fr\/remiremontinfo\/#\/schema\/person\/3bfd164d5218a185b1db68655a265316\",\"name\":\"C D\",\"image\":{\"@type\":\"ImageObject\",\"inLanguage\":\"fr-FR\",\"@id\":\"https:\/\/vosgesinfo.fr\/remiremontinfo\/#\/schema\/person\/image\/\",\"url\":\"https:\/\/secure.gravatar.com\/avatar\/1f9a70007336511a47468b8f1c66f922b8b7cf617b02a31149ada43893a5d48f?s=96&d=mm&r=g\",\"contentUrl\":\"https:\/\/secure.gravatar.com\/avatar\/1f9a70007336511a47468b8f1c66f922b8b7cf617b02a31149ada43893a5d48f?s=96&d=mm&r=g\",\"caption\":\"C D\"},\"url\":\"https:\/\/vosgesinfo.fr\/remiremontinfo\/author\/cedric-drevet\/\"}]}<\/script>\n<!-- \/ Yoast SEO plugin. -->","yoast_head_json":{"title":"FIG \u2013 D\u00e9serts et Portugal au programme du 33e Festival International de G\u00e9ographie de Saint-Di\u00e9-des-Vosges - Remiremont Info","robots":{"index":"index","follow":"follow","max-snippet":"max-snippet:-1","max-image-preview":"max-image-preview:large","max-video-preview":"max-video-preview:-1"},"canonical":"https:\/\/vosgesinfo.fr\/remiremontinfo\/2022\/09\/fig-deserts-portugal-programme-33e-festival-international-de-geographie-de-saint-die-vosges\/","twitter_card":"summary_large_image","twitter_title":"FIG \u2013 D\u00e9serts et Portugal au programme du 33e Festival International de G\u00e9ographie de Saint-Di\u00e9-des-Vosges - Remiremont Info","twitter_description":"Le 33e Festival International de G\u00e9ographie de Saint-Di\u00e9-des-Vosges s\u2019ouvrira dans maintenant un tout petit moins de 3 semaines, puisqu\u2019il se [&hellip;]","twitter_image":"https:\/\/vosgesinfo.fr\/app\/uploads\/sites\/5\/2024\/09\/202209conference-presentation-33e-fig-4-1024x771-1.jpg","twitter_creator":"@VosgesInfo88","twitter_site":"@VosgesInfo88","twitter_misc":{"\u00c9crit par":"C D","Dur\u00e9e de lecture estim\u00e9e":"1 minute"},"schema":{"@context":"https:\/\/schema.org","@graph":[{"@type":"Article","@id":"https:\/\/vosgesinfo.fr\/remiremontinfo\/2022\/09\/fig-deserts-portugal-programme-33e-festival-international-de-geographie-de-saint-die-vosges\/#article","isPartOf":{"@id":"https:\/\/vosgesinfo.fr\/remiremontinfo\/2022\/09\/fig-deserts-portugal-programme-33e-festival-international-de-geographie-de-saint-die-vosges\/"},"author":{"name":"C D","@id":"https:\/\/vosgesinfo.fr\/remiremontinfo\/#\/schema\/person\/3bfd164d5218a185b1db68655a265316"},"headline":"FIG \u2013 D\u00e9serts et Portugal au programme du 33e Festival International de G\u00e9ographie de Saint-Di\u00e9-des-Vosges","datePublished":"2022-09-10T11:51:34+00:00","dateModified":"2022-09-10T11:51:34+00:00","mainEntityOfPage":{"@id":"https:\/\/vosgesinfo.fr\/remiremontinfo\/2022\/09\/fig-deserts-portugal-programme-33e-festival-international-de-geographie-de-saint-die-vosges\/"},"wordCount":196,"commentCount":0,"publisher":{"@id":"https:\/\/vosgesinfo.fr\/remiremontinfo\/#organization"},"image":{"@id":"https:\/\/vosgesinfo.fr\/remiremontinfo\/2022\/09\/fig-deserts-portugal-programme-33e-festival-international-de-geographie-de-saint-die-vosges\/#primaryimage"},"thumbnailUrl":"https:\/\/vosgesinfo.fr\/app\/uploads\/sites\/5\/2024\/09\/202209conference-presentation-33e-fig-4-1024x771-1.jpg","keywords":["FIG","geographie","Vosges"],"articleSection":["A la Une","Vosges"],"inLanguage":"fr-FR","potentialAction":[{"@type":"CommentAction","name":"Comment","target":["https:\/\/vosgesinfo.fr\/remiremontinfo\/2022\/09\/fig-deserts-portugal-programme-33e-festival-international-de-geographie-de-saint-die-vosges\/#respond"]}]},{"@type":"WebPage","@id":"https:\/\/vosgesinfo.fr\/remiremontinfo\/2022\/09\/fig-deserts-portugal-programme-33e-festival-international-de-geographie-de-saint-die-vosges\/","url":"https:\/\/vosgesinfo.fr\/remiremontinfo\/2022\/09\/fig-deserts-portugal-programme-33e-festival-international-de-geographie-de-saint-die-vosges\/","name":"FIG \u2013 D\u00e9serts et Portugal au programme du 33e Festival International de G\u00e9ographie de Saint-Di\u00e9-des-Vosges - Remiremont Info","isPartOf":{"@id":"https:\/\/vosgesinfo.fr\/remiremontinfo\/#website"},"primaryImageOfPage":{"@id":"https:\/\/vosgesinfo.fr\/remiremontinfo\/2022\/09\/fig-deserts-portugal-programme-33e-festival-international-de-geographie-de-saint-die-vosges\/#primaryimage"},"image":{"@id":"https:\/\/vosgesinfo.fr\/remiremontinfo\/2022\/09\/fig-deserts-portugal-programme-33e-festival-international-de-geographie-de-saint-die-vosges\/#primaryimage"},"thumbnailUrl":"https:\/\/vosgesinfo.fr\/app\/uploads\/sites\/5\/2024\/09\/202209conference-presentation-33e-fig-4-1024x771-1.jpg","datePublished":"2022-09-10T11:51:34+00:00","dateModified":"2022-09-10T11:51:34+00:00","breadcrumb":{"@id":"https:\/\/vosgesinfo.fr\/remiremontinfo\/2022\/09\/fig-deserts-portugal-programme-33e-festival-international-de-geographie-de-saint-die-vosges\/#breadcrumb"},"inLanguage":"fr-FR","potentialAction":[{"@type":"ReadAction","target":["https:\/\/vosgesinfo.fr\/remiremontinfo\/2022\/09\/fig-deserts-portugal-programme-33e-festival-international-de-geographie-de-saint-die-vosges\/"]}]},{"@type":"ImageObject","inLanguage":"fr-FR","@id":"https:\/\/vosgesinfo.fr\/remiremontinfo\/2022\/09\/fig-deserts-portugal-programme-33e-festival-international-de-geographie-de-saint-die-vosges\/#primaryimage","url":"https:\/\/vosgesinfo.fr\/app\/uploads\/sites\/5\/2024\/09\/202209conference-presentation-33e-fig-4-1024x771-1.jpg","contentUrl":"https:\/\/vosgesinfo.fr\/app\/uploads\/sites\/5\/2024\/09\/202209conference-presentation-33e-fig-4-1024x771-1.jpg","width":1024,"height":771},{"@type":"BreadcrumbList","@id":"https:\/\/vosgesinfo.fr\/remiremontinfo\/2022\/09\/fig-deserts-portugal-programme-33e-festival-international-de-geographie-de-saint-die-vosges\/#breadcrumb","itemListElement":[{"@type":"ListItem","position":1,"name":"Home","item":"https:\/\/vosgesinfo.fr\/remiremontinfo\/"},{"@type":"ListItem","position":2,"name":"FIG \u2013 D\u00e9serts et Portugal au programme du 33e Festival International de G\u00e9ographie de Saint-Di\u00e9-des-Vosges"}]},{"@type":"WebSite","@id":"https:\/\/vosgesinfo.fr\/remiremontinfo\/#website","url":"https:\/\/vosgesinfo.fr\/remiremontinfo\/","name":"Remiremont Info","description":"Toute l&#039;actualit\u00e9 de Remiremont","publisher":{"@id":"https:\/\/vosgesinfo.fr\/remiremontinfo\/#organization"},"alternateName":"Toute l'actualit\u00e9 de Remiremont","potentialAction":[{"@type":"SearchAction","target":{"@type":"EntryPoint","urlTemplate":"https:\/\/vosgesinfo.fr\/remiremontinfo\/?s={search_term_string}"},"query-input":"required name=search_term_string"}],"inLanguage":"fr-FR"},{"@type":"Organization","@id":"https:\/\/vosgesinfo.fr\/remiremontinfo\/#organization","name":"Remiremont Info","url":"https:\/\/vosgesinfo.fr\/remiremontinfo\/","logo":{"@type":"ImageObject","inLanguage":"fr-FR","@id":"https:\/\/vosgesinfo.fr\/remiremontinfo\/#\/schema\/logo\/image\/","url":"https:\/\/vosgesinfo.fr\/app\/uploads\/sites\/5\/2023\/08\/favicon-remiremontinfo.png","contentUrl":"https:\/\/vosgesinfo.fr\/app\/uploads\/sites\/5\/2023\/08\/favicon-remiremontinfo.png","width":512,"height":512,"caption":"Remiremont Info"},"image":{"@id":"https:\/\/vosgesinfo.fr\/remiremontinfo\/#\/schema\/logo\/image\/"},"sameAs":["https:\/\/www.facebook.com\/remiremontinfo","https:\/\/x.com\/VosgesInfo88","https:\/\/www.youtube.com\/@vosgesinfo"]},{"@type":"Person","@id":"https:\/\/vosgesinfo.fr\/remiremontinfo\/#\/schema\/person\/3bfd164d5218a185b1db68655a265316","name":"C D","image":{"@type":"ImageObject","inLanguage":"fr-FR","@id":"https:\/\/vosgesinfo.fr\/remiremontinfo\/#\/schema\/person\/image\/","url":"https:\/\/secure.gravatar.com\/avatar\/1f9a70007336511a47468b8f1c66f922b8b7cf617b02a31149ada43893a5d48f?s=96&d=mm&r=g","contentUrl":"https:\/\/secure.gravatar.com\/avatar\/1f9a70007336511a47468b8f1c66f922b8b7cf617b02a31149ada43893a5d48f?s=96&d=mm&r=g","caption":"C D"},"url":"https:\/\/vosgesinfo.fr\/remiremontinfo\/author\/cedric-drevet\/"}]}},"_links":{"self":[{"href":"https:\/\/vosgesinfo.fr\/remiremontinfo\/wp-json\/wp\/v2\/posts\/61861","targetHints":{"allow":["GET"]}}],"collection":[{"href":"https:\/\/vosgesinfo.fr\/remiremontinfo\/wp-json\/wp\/v2\/posts"}],"about":[{"href":"https:\/\/vosgesinfo.fr\/remiremontinfo\/wp-json\/wp\/v2\/types\/post"}],"author":[{"embeddable":true,"href":"https:\/\/vosgesinfo.fr\/remiremontinfo\/wp-json\/wp\/v2\/users\/407"}],"replies":[{"embeddable":true,"href":"https:\/\/vosgesinfo.fr\/remiremontinfo\/wp-json\/wp\/v2\/comments?post=61861"}],"version-history":[{"count":0,"href":"https:\/\/vosgesinfo.fr\/remiremontinfo\/wp-json\/wp\/v2\/posts\/61861\/revisions"}],"wp:featuredmedia":[{"embeddable":true,"href":"https:\/\/vosgesinfo.fr\/remiremontinfo\/wp-json\/wp\/v2\/media\/61862"}],"wp:attachment":[{"href":"https:\/\/vosgesinfo.fr\/remiremontinfo\/wp-json\/wp\/v2\/media?parent=61861"}],"wp:term":[{"taxonomy":"category","embeddable":true,"href":"https:\/\/vosgesinfo.fr\/remiremontinfo\/wp-json\/wp\/v2\/categories?post=61861"},{"taxonomy":"post_tag","embeddable":true,"href":"https:\/\/vosgesinfo.fr\/remiremontinfo\/wp-json\/wp\/v2\/tags?post=61861"}],"curies":[{"name":"wp","href":"https:\/\/api.w.org\/{rel}","templated":true}]}}