{"id":61865,"date":"2022-09-10T05:41:25","date_gmt":"2022-09-10T03:41:25","guid":{"rendered":"https:\/\/vosgesinfo.fr\/remiremontinfo\/2022\/09\/deuxieme-skate-contest-de-saint-die-vosges-lance\/"},"modified":"2022-09-10T05:41:25","modified_gmt":"2022-09-10T03:41:25","slug":"deuxieme-skate-contest-de-saint-die-vosges-lance","status":"publish","type":"post","link":"https:\/\/vosgesinfo.fr\/remiremontinfo\/2022\/09\/deuxieme-skate-contest-de-saint-die-vosges-lance\/","title":{"rendered":"Le deuxi\u00e8me skate contest de Saint-Di\u00e9-des-Vosges est lanc\u00e9 !"},"content":{"rendered":"<h2><strong>C\u2019est ce week-end qu\u2019a lieu la deuxi\u00e8me \u00e9dition du skate contest de Saint-Di\u00e9-des-Vosges, \u00ab\u00a0Big trouble in Saint-Di\u00e9\u00a0\u00bb, organis\u00e9 par l\u2019association Tomorrow is another day en partenariat avec la Ville (<a href=\"https:\/\/saintdieinfo.fr\/2022\/09\/skate-contest-de-saint-die-vosges-deuxieme-edition-week-end\/\" target=\"_blank\" rel=\"noopener\">lire notre article de pr\u00e9sentation<\/a>).<\/strong><\/h2>\n<p>Apr\u00e8s une phase d\u2019\u00e9chauffement, le contest \u2013 ou comp\u00e9tition \u2013 en lui m\u00eame a d\u00e9but\u00e9 ce samedi en milieu d\u2019apr\u00e8s-midi. R\u00e9partis selon des poules de 5, les skateurs doivent encha\u00eener leurs meilleurs tricks \u2013 ou figures \u2013 sur des modules du skate-park d\u00e9odatien d\u00e9finis au pr\u00e9alable. Malheureusement pour les organisateurs, les participants et le public, la pluie joue les troubles-f\u00eate par intermittence. Selon les derni\u00e8res pr\u00e9visions m\u00e9t\u00e9o, les averses devraient se poursuivre jusqu\u2019en toute fin de soir\u00e9e. Le concert gratuit de Thomas Schoeffler Jr. and the rutsy rifles, qui d\u00e9butera \u00e0 21h, se repliera donc \u00e0 l\u2019int\u00e9rieur de l\u2019Espace Fran\u00e7ois-Mitterrand. Les conditions m\u00e9t\u00e9o devraient \u00eatre plus cl\u00e9mentes demain, pour la deuxi\u00e8me et derni\u00e8re partie du skate contest. Rendez-vous \u00e0 partir de 14h pour un apr\u00e8s-midi sous le signe du skate et de sa culture.<\/p>\n<p>J.J.<\/p>\n<div class=\"tiled-gallery type-rectangular\" data-original-width=\"960\" data-carousel-extra=\"null\">\n<div class=\"gallery-row\" data-original-width=\"960\" data-original-height=\"483\">\n<div class=\"gallery-group images-1\" data-original-width=\"640\" data-original-height=\"483\">\n<div class=\"tiled-gallery-item tiled-gallery-item-large\"><a href=\"https:\/\/saintdieinfo.fr\/wp-content\/uploads\/2022\/09\/2e_Skate-Contest-1.jpg\" data-featherlight=\"image\"><img decoding=\"async\" title=\"2e_Skate-Contest (1)\" src=\"https:\/\/i1.wp.com\/saintdieinfo.fr\/wp-content\/uploads\/2022\/09\/2e_Skate-Contest-1.jpg?zoom=1.25&amp;resize=636%2C479&amp;ssl=1\" srcset=\"https:\/\/i1.wp.com\/saintdieinfo.fr\/wp-content\/uploads\/2022\/09\/2e_Skate-Contest-1.jpg?zoom=1.25&amp;resize=636%2C479&amp;ssl=1\" alt=\"2e_Skate-Contest (1)\" width=\"636\" height=\"479\" data-attachment-id=\"189524\" data-orig-file=\"https:\/\/saintdieinfo.fr\/wp-content\/uploads\/2022\/09\/2e_Skate-Contest-1.jpg\" data-orig-size=\"1600,1205\" data-comments-opened=\"1\" data-image-meta=\"{&quot;aperture&quot;:&quot;0&quot;,&quot;credit&quot;:&quot;&quot;,&quot;camera&quot;:&quot;&quot;,&quot;caption&quot;:&quot;&quot;,&quot;created_timestamp&quot;:&quot;0&quot;,&quot;copyright&quot;:&quot;&quot;,&quot;focal_length&quot;:&quot;0&quot;,&quot;iso&quot;:&quot;0&quot;,&quot;shutter_speed&quot;:&quot;0&quot;,&quot;title&quot;:&quot;&quot;,&quot;orientation&quot;:&quot;0&quot;}\" data-image-title=\"2e_Skate-Contest (1)\" data-image-description=\"\" data-medium-file=\"https:\/\/saintdieinfo.fr\/wp-content\/uploads\/2022\/09\/2e_Skate-Contest-1-339x255.jpg\" data-large-file=\"https:\/\/saintdieinfo.fr\/wp-content\/uploads\/2022\/09\/2e_Skate-Contest-1-1024x771.jpg\" data-original-width=\"636\" data-original-height=\"479\" data-recalc-dims=\"1\" \/><\/a><\/div>\n<\/div>\n<div class=\"gallery-group images-2\" data-original-width=\"320\" data-original-height=\"483\">\n<div class=\"tiled-gallery-item tiled-gallery-item-large\"><a href=\"https:\/\/saintdieinfo.fr\/wp-content\/uploads\/2022\/09\/2e_Skate-Contest-2.jpg\" data-featherlight=\"image\"><img decoding=\"async\" title=\"2e_Skate-Contest (2)\" src=\"https:\/\/i0.wp.com\/saintdieinfo.fr\/wp-content\/uploads\/2022\/09\/2e_Skate-Contest-2.jpg?zoom=1.25&amp;resize=316%2C238&amp;ssl=1\" srcset=\"https:\/\/i0.wp.com\/saintdieinfo.fr\/wp-content\/uploads\/2022\/09\/2e_Skate-Contest-2.jpg?zoom=1.25&amp;resize=316%2C238&amp;ssl=1\" alt=\"2e_Skate-Contest (2)\" width=\"316\" height=\"238\" data-attachment-id=\"189525\" data-orig-file=\"https:\/\/saintdieinfo.fr\/wp-content\/uploads\/2022\/09\/2e_Skate-Contest-2.jpg\" data-orig-size=\"1600,1205\" data-comments-opened=\"1\" data-image-meta=\"{&quot;aperture&quot;:&quot;0&quot;,&quot;credit&quot;:&quot;&quot;,&quot;camera&quot;:&quot;&quot;,&quot;caption&quot;:&quot;&quot;,&quot;created_timestamp&quot;:&quot;0&quot;,&quot;copyright&quot;:&quot;&quot;,&quot;focal_length&quot;:&quot;0&quot;,&quot;iso&quot;:&quot;0&quot;,&quot;shutter_speed&quot;:&quot;0&quot;,&quot;title&quot;:&quot;&quot;,&quot;orientation&quot;:&quot;0&quot;}\" data-image-title=\"2e_Skate-Contest (2)\" data-image-description=\"\" data-medium-file=\"https:\/\/saintdieinfo.fr\/wp-content\/uploads\/2022\/09\/2e_Skate-Contest-2-339x255.jpg\" data-large-file=\"https:\/\/saintdieinfo.fr\/wp-content\/uploads\/2022\/09\/2e_Skate-Contest-2-1024x771.jpg\" data-original-width=\"316\" data-original-height=\"238\" data-recalc-dims=\"1\" \/><\/a><\/div>\n<\/div>\n<\/div>\n<\/div>\n","protected":false},"excerpt":{"rendered":"<p>C\u2019est ce week-end qu\u2019a lieu la deuxi\u00e8me \u00e9dition du skate contest de Saint-Di\u00e9-des-Vosges, \u00ab\u00a0Big trouble in Saint-Di\u00e9\u00a0\u00bb, organis\u00e9 par l\u2019association [&hellip;]<\/p>\n","protected":false},"author":407,"featured_media":61866,"comment_status":"open","ping_status":"open","sticky":false,"template":"","format":"standard","meta":{"footnotes":""},"categories":[26,14,18],"tags":[2450,61,32],"class_list":["post-61865","post","type-post","status-publish","format-standard","has-post-thumbnail","hentry","category-a-la-une","category-sport","category-vosges","tag-skate","tag-sport","tag-vosges"],"acf":[],"yoast_head":"<!-- This site is optimized with the Yoast SEO plugin v22.5 - https:\/\/yoast.com\/wordpress\/plugins\/seo\/ -->\n<title>Le deuxi\u00e8me skate contest de Saint-Di\u00e9-des-Vosges est lanc\u00e9 ! - Remiremont Info<\/title>\n<meta name=\"robots\" content=\"index, follow, max-snippet:-1, max-image-preview:large, max-video-preview:-1\" \/>\n<link rel=\"canonical\" href=\"https:\/\/vosgesinfo.fr\/remiremontinfo\/2022\/09\/deuxieme-skate-contest-de-saint-die-vosges-lance\/\" \/>\n<meta name=\"twitter:card\" content=\"summary_large_image\" \/>\n<meta name=\"twitter:title\" content=\"Le deuxi\u00e8me skate contest de Saint-Di\u00e9-des-Vosges est lanc\u00e9 ! - Remiremont Info\" \/>\n<meta name=\"twitter:description\" content=\"C\u2019est ce week-end qu\u2019a lieu la deuxi\u00e8me \u00e9dition du skate contest de Saint-Di\u00e9-des-Vosges, \u00ab\u00a0Big trouble in Saint-Di\u00e9\u00a0\u00bb, organis\u00e9 par l\u2019association [&hellip;]\" \/>\n<meta name=\"twitter:image\" content=\"https:\/\/vosgesinfo.fr\/app\/uploads\/sites\/5\/2024\/09\/2022092e-skate-contest-20-1024x771-1.jpg\" \/>\n<meta name=\"twitter:creator\" content=\"@VosgesInfo88\" \/>\n<meta name=\"twitter:site\" content=\"@VosgesInfo88\" \/>\n<meta name=\"twitter:label1\" content=\"\u00c9crit par\" \/>\n\t<meta name=\"twitter:data1\" content=\"C D\" \/>\n\t<meta name=\"twitter:label2\" content=\"Dur\u00e9e de lecture estim\u00e9e\" \/>\n\t<meta name=\"twitter:data2\" content=\"1 minute\" \/>\n<script type=\"application\/ld+json\" class=\"yoast-schema-graph\">{\"@context\":\"https:\/\/schema.org\",\"@graph\":[{\"@type\":\"Article\",\"@id\":\"https:\/\/vosgesinfo.fr\/remiremontinfo\/2022\/09\/deuxieme-skate-contest-de-saint-die-vosges-lance\/#article\",\"isPartOf\":{\"@id\":\"https:\/\/vosgesinfo.fr\/remiremontinfo\/2022\/09\/deuxieme-skate-contest-de-saint-die-vosges-lance\/\"},\"author\":{\"name\":\"C D\",\"@id\":\"https:\/\/vosgesinfo.fr\/remiremontinfo\/#\/schema\/person\/3bfd164d5218a185b1db68655a265316\"},\"headline\":\"Le deuxi\u00e8me skate contest de Saint-Di\u00e9-des-Vosges est lanc\u00e9 !\",\"datePublished\":\"2022-09-10T03:41:25+00:00\",\"dateModified\":\"2022-09-10T03:41:25+00:00\",\"mainEntityOfPage\":{\"@id\":\"https:\/\/vosgesinfo.fr\/remiremontinfo\/2022\/09\/deuxieme-skate-contest-de-saint-die-vosges-lance\/\"},\"wordCount\":208,\"commentCount\":0,\"publisher\":{\"@id\":\"https:\/\/vosgesinfo.fr\/remiremontinfo\/#organization\"},\"image\":{\"@id\":\"https:\/\/vosgesinfo.fr\/remiremontinfo\/2022\/09\/deuxieme-skate-contest-de-saint-die-vosges-lance\/#primaryimage\"},\"thumbnailUrl\":\"https:\/\/vosgesinfo.fr\/app\/uploads\/sites\/5\/2024\/09\/2022092e-skate-contest-20-1024x771-1.jpg\",\"keywords\":[\"skate\",\"sport\",\"Vosges\"],\"articleSection\":[\"A la Une\",\"Sport\",\"Vosges\"],\"inLanguage\":\"fr-FR\",\"potentialAction\":[{\"@type\":\"CommentAction\",\"name\":\"Comment\",\"target\":[\"https:\/\/vosgesinfo.fr\/remiremontinfo\/2022\/09\/deuxieme-skate-contest-de-saint-die-vosges-lance\/#respond\"]}]},{\"@type\":\"WebPage\",\"@id\":\"https:\/\/vosgesinfo.fr\/remiremontinfo\/2022\/09\/deuxieme-skate-contest-de-saint-die-vosges-lance\/\",\"url\":\"https:\/\/vosgesinfo.fr\/remiremontinfo\/2022\/09\/deuxieme-skate-contest-de-saint-die-vosges-lance\/\",\"name\":\"Le deuxi\u00e8me skate contest de Saint-Di\u00e9-des-Vosges est lanc\u00e9 ! - Remiremont Info\",\"isPartOf\":{\"@id\":\"https:\/\/vosgesinfo.fr\/remiremontinfo\/#website\"},\"primaryImageOfPage\":{\"@id\":\"https:\/\/vosgesinfo.fr\/remiremontinfo\/2022\/09\/deuxieme-skate-contest-de-saint-die-vosges-lance\/#primaryimage\"},\"image\":{\"@id\":\"https:\/\/vosgesinfo.fr\/remiremontinfo\/2022\/09\/deuxieme-skate-contest-de-saint-die-vosges-lance\/#primaryimage\"},\"thumbnailUrl\":\"https:\/\/vosgesinfo.fr\/app\/uploads\/sites\/5\/2024\/09\/2022092e-skate-contest-20-1024x771-1.jpg\",\"datePublished\":\"2022-09-10T03:41:25+00:00\",\"dateModified\":\"2022-09-10T03:41:25+00:00\",\"breadcrumb\":{\"@id\":\"https:\/\/vosgesinfo.fr\/remiremontinfo\/2022\/09\/deuxieme-skate-contest-de-saint-die-vosges-lance\/#breadcrumb\"},\"inLanguage\":\"fr-FR\",\"potentialAction\":[{\"@type\":\"ReadAction\",\"target\":[\"https:\/\/vosgesinfo.fr\/remiremontinfo\/2022\/09\/deuxieme-skate-contest-de-saint-die-vosges-lance\/\"]}]},{\"@type\":\"ImageObject\",\"inLanguage\":\"fr-FR\",\"@id\":\"https:\/\/vosgesinfo.fr\/remiremontinfo\/2022\/09\/deuxieme-skate-contest-de-saint-die-vosges-lance\/#primaryimage\",\"url\":\"https:\/\/vosgesinfo.fr\/app\/uploads\/sites\/5\/2024\/09\/2022092e-skate-contest-20-1024x771-1.jpg\",\"contentUrl\":\"https:\/\/vosgesinfo.fr\/app\/uploads\/sites\/5\/2024\/09\/2022092e-skate-contest-20-1024x771-1.jpg\",\"width\":1024,\"height\":771},{\"@type\":\"BreadcrumbList\",\"@id\":\"https:\/\/vosgesinfo.fr\/remiremontinfo\/2022\/09\/deuxieme-skate-contest-de-saint-die-vosges-lance\/#breadcrumb\",\"itemListElement\":[{\"@type\":\"ListItem\",\"position\":1,\"name\":\"Home\",\"item\":\"https:\/\/vosgesinfo.fr\/remiremontinfo\/\"},{\"@type\":\"ListItem\",\"position\":2,\"name\":\"Le deuxi\u00e8me skate contest de Saint-Di\u00e9-des-Vosges est lanc\u00e9 !\"}]},{\"@type\":\"WebSite\",\"@id\":\"https:\/\/vosgesinfo.fr\/remiremontinfo\/#website\",\"url\":\"https:\/\/vosgesinfo.fr\/remiremontinfo\/\",\"name\":\"Remiremont Info\",\"description\":\"Toute l&#039;actualit\u00e9 de Remiremont\",\"publisher\":{\"@id\":\"https:\/\/vosgesinfo.fr\/remiremontinfo\/#organization\"},\"alternateName\":\"Toute l'actualit\u00e9 de Remiremont\",\"potentialAction\":[{\"@type\":\"SearchAction\",\"target\":{\"@type\":\"EntryPoint\",\"urlTemplate\":\"https:\/\/vosgesinfo.fr\/remiremontinfo\/?s={search_term_string}\"},\"query-input\":\"required name=search_term_string\"}],\"inLanguage\":\"fr-FR\"},{\"@type\":\"Organization\",\"@id\":\"https:\/\/vosgesinfo.fr\/remiremontinfo\/#organization\",\"name\":\"Remiremont Info\",\"url\":\"https:\/\/vosgesinfo.fr\/remiremontinfo\/\",\"logo\":{\"@type\":\"ImageObject\",\"inLanguage\":\"fr-FR\",\"@id\":\"https:\/\/vosgesinfo.fr\/remiremontinfo\/#\/schema\/logo\/image\/\",\"url\":\"https:\/\/vosgesinfo.fr\/app\/uploads\/sites\/5\/2023\/08\/favicon-remiremontinfo.png\",\"contentUrl\":\"https:\/\/vosgesinfo.fr\/app\/uploads\/sites\/5\/2023\/08\/favicon-remiremontinfo.png\",\"width\":512,\"height\":512,\"caption\":\"Remiremont Info\"},\"image\":{\"@id\":\"https:\/\/vosgesinfo.fr\/remiremontinfo\/#\/schema\/logo\/image\/\"},\"sameAs\":[\"https:\/\/www.facebook.com\/remiremontinfo\",\"https:\/\/x.com\/VosgesInfo88\",\"https:\/\/www.youtube.com\/@vosgesinfo\"]},{\"@type\":\"Person\",\"@id\":\"https:\/\/vosgesinfo.fr\/remiremontinfo\/#\/schema\/person\/3bfd164d5218a185b1db68655a265316\",\"name\":\"C D\",\"image\":{\"@type\":\"ImageObject\",\"inLanguage\":\"fr-FR\",\"@id\":\"https:\/\/vosgesinfo.fr\/remiremontinfo\/#\/schema\/person\/image\/\",\"url\":\"https:\/\/secure.gravatar.com\/avatar\/1f9a70007336511a47468b8f1c66f922b8b7cf617b02a31149ada43893a5d48f?s=96&d=mm&r=g\",\"contentUrl\":\"https:\/\/secure.gravatar.com\/avatar\/1f9a70007336511a47468b8f1c66f922b8b7cf617b02a31149ada43893a5d48f?s=96&d=mm&r=g\",\"caption\":\"C D\"},\"url\":\"https:\/\/vosgesinfo.fr\/remiremontinfo\/author\/cedric-drevet\/\"}]}<\/script>\n<!-- \/ Yoast SEO plugin. -->","yoast_head_json":{"title":"Le deuxi\u00e8me skate contest de Saint-Di\u00e9-des-Vosges est lanc\u00e9 ! - Remiremont Info","robots":{"index":"index","follow":"follow","max-snippet":"max-snippet:-1","max-image-preview":"max-image-preview:large","max-video-preview":"max-video-preview:-1"},"canonical":"https:\/\/vosgesinfo.fr\/remiremontinfo\/2022\/09\/deuxieme-skate-contest-de-saint-die-vosges-lance\/","twitter_card":"summary_large_image","twitter_title":"Le deuxi\u00e8me skate contest de Saint-Di\u00e9-des-Vosges est lanc\u00e9 ! - Remiremont Info","twitter_description":"C\u2019est ce week-end qu\u2019a lieu la deuxi\u00e8me \u00e9dition du skate contest de Saint-Di\u00e9-des-Vosges, \u00ab\u00a0Big trouble in Saint-Di\u00e9\u00a0\u00bb, organis\u00e9 par l\u2019association [&hellip;]","twitter_image":"https:\/\/vosgesinfo.fr\/app\/uploads\/sites\/5\/2024\/09\/2022092e-skate-contest-20-1024x771-1.jpg","twitter_creator":"@VosgesInfo88","twitter_site":"@VosgesInfo88","twitter_misc":{"\u00c9crit par":"C D","Dur\u00e9e de lecture estim\u00e9e":"1 minute"},"schema":{"@context":"https:\/\/schema.org","@graph":[{"@type":"Article","@id":"https:\/\/vosgesinfo.fr\/remiremontinfo\/2022\/09\/deuxieme-skate-contest-de-saint-die-vosges-lance\/#article","isPartOf":{"@id":"https:\/\/vosgesinfo.fr\/remiremontinfo\/2022\/09\/deuxieme-skate-contest-de-saint-die-vosges-lance\/"},"author":{"name":"C D","@id":"https:\/\/vosgesinfo.fr\/remiremontinfo\/#\/schema\/person\/3bfd164d5218a185b1db68655a265316"},"headline":"Le deuxi\u00e8me skate contest de Saint-Di\u00e9-des-Vosges est lanc\u00e9 !","datePublished":"2022-09-10T03:41:25+00:00","dateModified":"2022-09-10T03:41:25+00:00","mainEntityOfPage":{"@id":"https:\/\/vosgesinfo.fr\/remiremontinfo\/2022\/09\/deuxieme-skate-contest-de-saint-die-vosges-lance\/"},"wordCount":208,"commentCount":0,"publisher":{"@id":"https:\/\/vosgesinfo.fr\/remiremontinfo\/#organization"},"image":{"@id":"https:\/\/vosgesinfo.fr\/remiremontinfo\/2022\/09\/deuxieme-skate-contest-de-saint-die-vosges-lance\/#primaryimage"},"thumbnailUrl":"https:\/\/vosgesinfo.fr\/app\/uploads\/sites\/5\/2024\/09\/2022092e-skate-contest-20-1024x771-1.jpg","keywords":["skate","sport","Vosges"],"articleSection":["A la Une","Sport","Vosges"],"inLanguage":"fr-FR","potentialAction":[{"@type":"CommentAction","name":"Comment","target":["https:\/\/vosgesinfo.fr\/remiremontinfo\/2022\/09\/deuxieme-skate-contest-de-saint-die-vosges-lance\/#respond"]}]},{"@type":"WebPage","@id":"https:\/\/vosgesinfo.fr\/remiremontinfo\/2022\/09\/deuxieme-skate-contest-de-saint-die-vosges-lance\/","url":"https:\/\/vosgesinfo.fr\/remiremontinfo\/2022\/09\/deuxieme-skate-contest-de-saint-die-vosges-lance\/","name":"Le deuxi\u00e8me skate contest de Saint-Di\u00e9-des-Vosges est lanc\u00e9 ! - Remiremont Info","isPartOf":{"@id":"https:\/\/vosgesinfo.fr\/remiremontinfo\/#website"},"primaryImageOfPage":{"@id":"https:\/\/vosgesinfo.fr\/remiremontinfo\/2022\/09\/deuxieme-skate-contest-de-saint-die-vosges-lance\/#primaryimage"},"image":{"@id":"https:\/\/vosgesinfo.fr\/remiremontinfo\/2022\/09\/deuxieme-skate-contest-de-saint-die-vosges-lance\/#primaryimage"},"thumbnailUrl":"https:\/\/vosgesinfo.fr\/app\/uploads\/sites\/5\/2024\/09\/2022092e-skate-contest-20-1024x771-1.jpg","datePublished":"2022-09-10T03:41:25+00:00","dateModified":"2022-09-10T03:41:25+00:00","breadcrumb":{"@id":"https:\/\/vosgesinfo.fr\/remiremontinfo\/2022\/09\/deuxieme-skate-contest-de-saint-die-vosges-lance\/#breadcrumb"},"inLanguage":"fr-FR","potentialAction":[{"@type":"ReadAction","target":["https:\/\/vosgesinfo.fr\/remiremontinfo\/2022\/09\/deuxieme-skate-contest-de-saint-die-vosges-lance\/"]}]},{"@type":"ImageObject","inLanguage":"fr-FR","@id":"https:\/\/vosgesinfo.fr\/remiremontinfo\/2022\/09\/deuxieme-skate-contest-de-saint-die-vosges-lance\/#primaryimage","url":"https:\/\/vosgesinfo.fr\/app\/uploads\/sites\/5\/2024\/09\/2022092e-skate-contest-20-1024x771-1.jpg","contentUrl":"https:\/\/vosgesinfo.fr\/app\/uploads\/sites\/5\/2024\/09\/2022092e-skate-contest-20-1024x771-1.jpg","width":1024,"height":771},{"@type":"BreadcrumbList","@id":"https:\/\/vosgesinfo.fr\/remiremontinfo\/2022\/09\/deuxieme-skate-contest-de-saint-die-vosges-lance\/#breadcrumb","itemListElement":[{"@type":"ListItem","position":1,"name":"Home","item":"https:\/\/vosgesinfo.fr\/remiremontinfo\/"},{"@type":"ListItem","position":2,"name":"Le deuxi\u00e8me skate contest de Saint-Di\u00e9-des-Vosges est lanc\u00e9 !"}]},{"@type":"WebSite","@id":"https:\/\/vosgesinfo.fr\/remiremontinfo\/#website","url":"https:\/\/vosgesinfo.fr\/remiremontinfo\/","name":"Remiremont Info","description":"Toute l&#039;actualit\u00e9 de Remiremont","publisher":{"@id":"https:\/\/vosgesinfo.fr\/remiremontinfo\/#organization"},"alternateName":"Toute l'actualit\u00e9 de Remiremont","potentialAction":[{"@type":"SearchAction","target":{"@type":"EntryPoint","urlTemplate":"https:\/\/vosgesinfo.fr\/remiremontinfo\/?s={search_term_string}"},"query-input":"required name=search_term_string"}],"inLanguage":"fr-FR"},{"@type":"Organization","@id":"https:\/\/vosgesinfo.fr\/remiremontinfo\/#organization","name":"Remiremont Info","url":"https:\/\/vosgesinfo.fr\/remiremontinfo\/","logo":{"@type":"ImageObject","inLanguage":"fr-FR","@id":"https:\/\/vosgesinfo.fr\/remiremontinfo\/#\/schema\/logo\/image\/","url":"https:\/\/vosgesinfo.fr\/app\/uploads\/sites\/5\/2023\/08\/favicon-remiremontinfo.png","contentUrl":"https:\/\/vosgesinfo.fr\/app\/uploads\/sites\/5\/2023\/08\/favicon-remiremontinfo.png","width":512,"height":512,"caption":"Remiremont Info"},"image":{"@id":"https:\/\/vosgesinfo.fr\/remiremontinfo\/#\/schema\/logo\/image\/"},"sameAs":["https:\/\/www.facebook.com\/remiremontinfo","https:\/\/x.com\/VosgesInfo88","https:\/\/www.youtube.com\/@vosgesinfo"]},{"@type":"Person","@id":"https:\/\/vosgesinfo.fr\/remiremontinfo\/#\/schema\/person\/3bfd164d5218a185b1db68655a265316","name":"C D","image":{"@type":"ImageObject","inLanguage":"fr-FR","@id":"https:\/\/vosgesinfo.fr\/remiremontinfo\/#\/schema\/person\/image\/","url":"https:\/\/secure.gravatar.com\/avatar\/1f9a70007336511a47468b8f1c66f922b8b7cf617b02a31149ada43893a5d48f?s=96&d=mm&r=g","contentUrl":"https:\/\/secure.gravatar.com\/avatar\/1f9a70007336511a47468b8f1c66f922b8b7cf617b02a31149ada43893a5d48f?s=96&d=mm&r=g","caption":"C D"},"url":"https:\/\/vosgesinfo.fr\/remiremontinfo\/author\/cedric-drevet\/"}]}},"_links":{"self":[{"href":"https:\/\/vosgesinfo.fr\/remiremontinfo\/wp-json\/wp\/v2\/posts\/61865","targetHints":{"allow":["GET"]}}],"collection":[{"href":"https:\/\/vosgesinfo.fr\/remiremontinfo\/wp-json\/wp\/v2\/posts"}],"about":[{"href":"https:\/\/vosgesinfo.fr\/remiremontinfo\/wp-json\/wp\/v2\/types\/post"}],"author":[{"embeddable":true,"href":"https:\/\/vosgesinfo.fr\/remiremontinfo\/wp-json\/wp\/v2\/users\/407"}],"replies":[{"embeddable":true,"href":"https:\/\/vosgesinfo.fr\/remiremontinfo\/wp-json\/wp\/v2\/comments?post=61865"}],"version-history":[{"count":0,"href":"https:\/\/vosgesinfo.fr\/remiremontinfo\/wp-json\/wp\/v2\/posts\/61865\/revisions"}],"wp:featuredmedia":[{"embeddable":true,"href":"https:\/\/vosgesinfo.fr\/remiremontinfo\/wp-json\/wp\/v2\/media\/61866"}],"wp:attachment":[{"href":"https:\/\/vosgesinfo.fr\/remiremontinfo\/wp-json\/wp\/v2\/media?parent=61865"}],"wp:term":[{"taxonomy":"category","embeddable":true,"href":"https:\/\/vosgesinfo.fr\/remiremontinfo\/wp-json\/wp\/v2\/categories?post=61865"},{"taxonomy":"post_tag","embeddable":true,"href":"https:\/\/vosgesinfo.fr\/remiremontinfo\/wp-json\/wp\/v2\/tags?post=61865"}],"curies":[{"name":"wp","href":"https:\/\/api.w.org\/{rel}","templated":true}]}}