{"id":61920,"date":"2022-09-12T15:31:27","date_gmt":"2022-09-12T13:31:27","guid":{"rendered":"https:\/\/vosgesinfo.fr\/remiremontinfo\/2022\/09\/remiremont-large-programme-journees-patrimoine\/"},"modified":"2022-09-12T15:31:27","modified_gmt":"2022-09-12T13:31:27","slug":"remiremont-large-programme-journees-patrimoine","status":"publish","type":"post","link":"https:\/\/vosgesinfo.fr\/remiremontinfo\/2022\/09\/remiremont-large-programme-journees-patrimoine\/","title":{"rendered":"Remiremont : un large programme pour les Journ\u00e9es du Patrimoine"},"content":{"rendered":"<h2><a href=\"\/2021\/10\/119943170_1243280196057801_7058418655399245108_n1.jpg\"><img decoding=\"async\" class=\"alignnone size-full wp-image-328062\" src=\"\/2021\/10\/119943170_1243280196057801_7058418655399245108_n1.jpg\" alt=\"119943170_1243280196057801_7058418655399245108_n1\" width=\"800\" height=\"580\" \/><\/a><\/h2>\n<p><span style=\"font-size: 10pt;\"><em>Photo d&rsquo;archive, illustration\u00a0<\/em><\/span><\/p>\n<h2><span style=\"font-size: 12pt;\"><strong>Les deux mus\u00e9es romarimontains, les Archives municipales et l\u2019Office de Tourisme de Remiremont-Plombi\u00e8res proposent un programme complet pour faire d\u00e9couvrir les tr\u00e9sors du territoire les samedi 17 et dimanche 18 septembre prochains \u00e0 l\u2019occasion de la 39e \u00e9dition des Journ\u00e9es Europ\u00e9ennes du Patrimoine.<\/strong><\/span><\/h2>\n<p>Entre visites guid\u00e9es, ateliers, et autres jeux, ces deux journ\u00e9es d\u00e9di\u00e9es au patrimoine seront riches en animations pour tous publics.\u00a0Ce traditionnel rendez-vous culturel permettra notamment de d\u00e9couvrir ou red\u00e9couvrir les expositions temporaires : \u00ab Fragments \u00bb avec l\u2019artiste Isabelle Garnier-Luraschi dans les deux mus\u00e9es, ou encore \u00ab Des portraits, des figures \u00bb en avant-premi\u00e8re aux Archives municipales.<\/p>\n<p>La visite \u00ab l\u2019apr\u00e8s-vie \u00bb des objets au mus\u00e9e Charles de Bruy\u00e8res et l\u2019atelier compl\u00e9mentaire \u00ab Le recyclage c\u2019est de l\u2019art \u00bb au Mus\u00e9e Charles Friry, quant \u00e0 eux, illustreront le th\u00e8me de cette 39e \u00e9dition : le d\u00e9veloppement durable.<\/p>\n<p>Le programme complet des Journ\u00e9es Europ\u00e9ennes du Patrimoine \u00e0 Remiremont :<br \/>\nAnimations samedi 17 et dimanche 18 septembre :<\/p>\n<p>Mus\u00e9e Charles de Bruy\u00e8res<br \/>\n\u2022 10h-12h Visite guid\u00e9e sur mesure<br \/>\n\u2022 14h-16h Dialogue avec l\u2019artiste Isabelle GARNIER-LURASCHI autour de son exposition<\/p>\n<p>\u00ab Fragments \u00bb .<\/p>\n<p>\u2022 14h45-15h15 \u00ab L\u2019apr\u00e8s-vie \u00bb des objets \u00e0 partir des \u0153uvres du mus\u00e9e<\/p>\n<p>Us\u00e9s, cass\u00e9s, d\u00e9mod\u00e9s, que deviennent les objets une fois qu\u2019on en n\u2019a plus l\u2019utilit\u00e9 ?<br \/>\nAtelier compl\u00e9mentaire au Mus\u00e9e Charles Friry \u00e0 15h35<\/p>\n<p>\uf0eb Mus\u00e9e Charles Friry<br \/>\n\u2022 11h-12h Visite conf\u00e9rence \u00ab La restauration d\u2019\u0153uvres \u00bb<br \/>\n\u2022 15h35-17h Atelier \u00ab Le recyclage c\u2019est de l\u2019art \u00bb. Apportez un objet que vous destiniez \u00e0 la poubelle afin de l\u2019int\u00e9grer dans une cr\u00e9ation artistique<\/p>\n<p>\u2022 16h-18h Dialogue avec l\u2019artiste Isabelle GARNIER-LURASCHI autour de son exposition<\/p>\n<p>\u00ab Fragments \u00bb .<\/p>\n<p>Animations dimanche 18 septembre 2022<\/p>\n<p>Quartier abbatial \u2013 organisation Office de Tourisme<br \/>\n\u2022 14h-15h30 Visite guid\u00e9e \u00ab sur les pas des Dames Chanoinesses \u00bb : partez \u00e0 la d\u00e9couverte des \u00e9difices du c\u0153ur historique romarimontain : \u00c9glise abbatiale Saint-Pierre, H\u00f4tel de ville (Grand Salon, Salon des Mariages et Salle des Commissions) (r\u00e9servation obligatoire aupr\u00e8s de l\u2019Office de Tourisme)<\/p>\n<p>Archives municipales<br \/>\n\u2022 13h45-14h30 Visite guid\u00e9e des Archives municipales et de ses r\u00e9serves : d\u00e9couvrez des tr\u00e9sors<br \/>\n\u2022 14h30-18h Exposition \u00ab Des portraits, des figures \u00bb<\/p>\n<p>Mus\u00e9e Charles Friry<br \/>\n\u2022 18h30 Pique-nique dans le jardin du mus\u00e9e Friry. Chacun est invit\u00e9 \u00e0 amener un plat cuisin\u00e9 avec des aliments locaux et de saison. Jeux et r\u00e9cup\u00e9ration des cr\u00e9ations de l\u2019atelier.<\/p>\n<p>Informations pratiques :<\/p>\n<p>Mus\u00e9e Charles de Bruy\u00e8res \u2013 1 rue Paul Doumer \u2013 88200 REMIREMONT \u2013 03 29 62 59 14<br \/>\nMus\u00e9e Charles Friry \u2013 12 rue du G\u00e9n\u00e9ral Humbert \u2013 88200 REMIREMONT \u2013 03 29 62 59 13<br \/>\nArchives municipales \u2013 4 place Christian Poncelet \u2013 88200 REMIREMONT \u2013 03 29 62 59 04<br \/>\nOffice de Tourisme \u2013 6 place Christian Poncelet \u2013 88200 REMIREMONT \u2013 03 29 62 23 70<\/p>\n<p><span style=\"font-size: 10pt;\"><em>Source : Mairie\u00a0<\/em><\/span><\/p>\n","protected":false},"excerpt":{"rendered":"<p>Photo d&rsquo;archive, illustration\u00a0 Les deux mus\u00e9es romarimontains, les Archives municipales et l\u2019Office de Tourisme de Remiremont-Plombi\u00e8res proposent un programme complet [&hellip;]<\/p>\n","protected":false},"author":407,"featured_media":61921,"comment_status":"open","ping_status":"open","sticky":false,"template":"","format":"standard","meta":{"footnotes":""},"categories":[26,4,1556,35],"tags":[4669,2409,153,44,32],"class_list":["post-61920","post","type-post","status-publish","format-standard","has-post-thumbnail","hentry","category-a-la-une","category-culture","category-remiremont-remiremont-son-canton-2","category-remiremont-son-canton","tag-jounrees","tag-musees","tag-patrimoine","tag-remiremont","tag-vosges"],"acf":[],"yoast_head":"<!-- This site is optimized with the Yoast SEO plugin v22.5 - https:\/\/yoast.com\/wordpress\/plugins\/seo\/ -->\n<title>Remiremont : un large programme pour les Journ\u00e9es du Patrimoine - Remiremont Info<\/title>\n<meta name=\"robots\" content=\"index, follow, max-snippet:-1, max-image-preview:large, max-video-preview:-1\" \/>\n<link rel=\"canonical\" href=\"https:\/\/vosgesinfo.fr\/remiremontinfo\/2022\/09\/remiremont-large-programme-journees-patrimoine\/\" \/>\n<meta name=\"twitter:card\" content=\"summary_large_image\" \/>\n<meta name=\"twitter:title\" content=\"Remiremont : un large programme pour les Journ\u00e9es du Patrimoine - Remiremont Info\" \/>\n<meta name=\"twitter:description\" content=\"Photo d&rsquo;archive, illustration\u00a0 Les deux mus\u00e9es romarimontains, les Archives municipales et l\u2019Office de Tourisme de Remiremont-Plombi\u00e8res proposent un programme complet [&hellip;]\" \/>\n<meta name=\"twitter:image\" content=\"https:\/\/vosgesinfo.fr\/app\/uploads\/sites\/5\/2024\/09\/202110119943170-1243280196057801-7058418655399245108-n1-1.jpg\" \/>\n<meta name=\"twitter:creator\" content=\"@VosgesInfo88\" \/>\n<meta name=\"twitter:site\" content=\"@VosgesInfo88\" \/>\n<meta name=\"twitter:label1\" content=\"\u00c9crit par\" \/>\n\t<meta name=\"twitter:data1\" content=\"C D\" \/>\n\t<meta name=\"twitter:label2\" content=\"Dur\u00e9e de lecture estim\u00e9e\" \/>\n\t<meta name=\"twitter:data2\" content=\"2 minutes\" \/>\n<script type=\"application\/ld+json\" class=\"yoast-schema-graph\">{\"@context\":\"https:\/\/schema.org\",\"@graph\":[{\"@type\":\"Article\",\"@id\":\"https:\/\/vosgesinfo.fr\/remiremontinfo\/2022\/09\/remiremont-large-programme-journees-patrimoine\/#article\",\"isPartOf\":{\"@id\":\"https:\/\/vosgesinfo.fr\/remiremontinfo\/2022\/09\/remiremont-large-programme-journees-patrimoine\/\"},\"author\":{\"name\":\"C D\",\"@id\":\"https:\/\/vosgesinfo.fr\/remiremontinfo\/#\/schema\/person\/3bfd164d5218a185b1db68655a265316\"},\"headline\":\"Remiremont : un large programme pour les Journ\u00e9es du Patrimoine\",\"datePublished\":\"2022-09-12T13:31:27+00:00\",\"dateModified\":\"2022-09-12T13:31:27+00:00\",\"mainEntityOfPage\":{\"@id\":\"https:\/\/vosgesinfo.fr\/remiremontinfo\/2022\/09\/remiremont-large-programme-journees-patrimoine\/\"},\"wordCount\":472,\"commentCount\":0,\"publisher\":{\"@id\":\"https:\/\/vosgesinfo.fr\/remiremontinfo\/#organization\"},\"image\":{\"@id\":\"https:\/\/vosgesinfo.fr\/remiremontinfo\/2022\/09\/remiremont-large-programme-journees-patrimoine\/#primaryimage\"},\"thumbnailUrl\":\"https:\/\/vosgesinfo.fr\/app\/uploads\/sites\/5\/2024\/09\/202110119943170-1243280196057801-7058418655399245108-n1-1.jpg\",\"keywords\":[\"jounr\u00e9es\",\"mus\u00e9es\",\"Patrimoine\",\"remiremont\",\"Vosges\"],\"articleSection\":[\"A la Une\",\"Culture\",\"Remiremont\",\"Remiremont &amp; son canton\"],\"inLanguage\":\"fr-FR\",\"potentialAction\":[{\"@type\":\"CommentAction\",\"name\":\"Comment\",\"target\":[\"https:\/\/vosgesinfo.fr\/remiremontinfo\/2022\/09\/remiremont-large-programme-journees-patrimoine\/#respond\"]}]},{\"@type\":\"WebPage\",\"@id\":\"https:\/\/vosgesinfo.fr\/remiremontinfo\/2022\/09\/remiremont-large-programme-journees-patrimoine\/\",\"url\":\"https:\/\/vosgesinfo.fr\/remiremontinfo\/2022\/09\/remiremont-large-programme-journees-patrimoine\/\",\"name\":\"Remiremont : un large programme pour les Journ\u00e9es du Patrimoine - Remiremont Info\",\"isPartOf\":{\"@id\":\"https:\/\/vosgesinfo.fr\/remiremontinfo\/#website\"},\"primaryImageOfPage\":{\"@id\":\"https:\/\/vosgesinfo.fr\/remiremontinfo\/2022\/09\/remiremont-large-programme-journees-patrimoine\/#primaryimage\"},\"image\":{\"@id\":\"https:\/\/vosgesinfo.fr\/remiremontinfo\/2022\/09\/remiremont-large-programme-journees-patrimoine\/#primaryimage\"},\"thumbnailUrl\":\"https:\/\/vosgesinfo.fr\/app\/uploads\/sites\/5\/2024\/09\/202110119943170-1243280196057801-7058418655399245108-n1-1.jpg\",\"datePublished\":\"2022-09-12T13:31:27+00:00\",\"dateModified\":\"2022-09-12T13:31:27+00:00\",\"breadcrumb\":{\"@id\":\"https:\/\/vosgesinfo.fr\/remiremontinfo\/2022\/09\/remiremont-large-programme-journees-patrimoine\/#breadcrumb\"},\"inLanguage\":\"fr-FR\",\"potentialAction\":[{\"@type\":\"ReadAction\",\"target\":[\"https:\/\/vosgesinfo.fr\/remiremontinfo\/2022\/09\/remiremont-large-programme-journees-patrimoine\/\"]}]},{\"@type\":\"ImageObject\",\"inLanguage\":\"fr-FR\",\"@id\":\"https:\/\/vosgesinfo.fr\/remiremontinfo\/2022\/09\/remiremont-large-programme-journees-patrimoine\/#primaryimage\",\"url\":\"https:\/\/vosgesinfo.fr\/app\/uploads\/sites\/5\/2024\/09\/202110119943170-1243280196057801-7058418655399245108-n1-1.jpg\",\"contentUrl\":\"https:\/\/vosgesinfo.fr\/app\/uploads\/sites\/5\/2024\/09\/202110119943170-1243280196057801-7058418655399245108-n1-1.jpg\",\"width\":800,\"height\":580},{\"@type\":\"BreadcrumbList\",\"@id\":\"https:\/\/vosgesinfo.fr\/remiremontinfo\/2022\/09\/remiremont-large-programme-journees-patrimoine\/#breadcrumb\",\"itemListElement\":[{\"@type\":\"ListItem\",\"position\":1,\"name\":\"Home\",\"item\":\"https:\/\/vosgesinfo.fr\/remiremontinfo\/\"},{\"@type\":\"ListItem\",\"position\":2,\"name\":\"Remiremont : un large programme pour les Journ\u00e9es du Patrimoine\"}]},{\"@type\":\"WebSite\",\"@id\":\"https:\/\/vosgesinfo.fr\/remiremontinfo\/#website\",\"url\":\"https:\/\/vosgesinfo.fr\/remiremontinfo\/\",\"name\":\"Remiremont Info\",\"description\":\"Toute l&#039;actualit\u00e9 de Remiremont\",\"publisher\":{\"@id\":\"https:\/\/vosgesinfo.fr\/remiremontinfo\/#organization\"},\"alternateName\":\"Toute l'actualit\u00e9 de Remiremont\",\"potentialAction\":[{\"@type\":\"SearchAction\",\"target\":{\"@type\":\"EntryPoint\",\"urlTemplate\":\"https:\/\/vosgesinfo.fr\/remiremontinfo\/?s={search_term_string}\"},\"query-input\":\"required name=search_term_string\"}],\"inLanguage\":\"fr-FR\"},{\"@type\":\"Organization\",\"@id\":\"https:\/\/vosgesinfo.fr\/remiremontinfo\/#organization\",\"name\":\"Remiremont Info\",\"url\":\"https:\/\/vosgesinfo.fr\/remiremontinfo\/\",\"logo\":{\"@type\":\"ImageObject\",\"inLanguage\":\"fr-FR\",\"@id\":\"https:\/\/vosgesinfo.fr\/remiremontinfo\/#\/schema\/logo\/image\/\",\"url\":\"https:\/\/vosgesinfo.fr\/app\/uploads\/sites\/5\/2023\/08\/favicon-remiremontinfo.png\",\"contentUrl\":\"https:\/\/vosgesinfo.fr\/app\/uploads\/sites\/5\/2023\/08\/favicon-remiremontinfo.png\",\"width\":512,\"height\":512,\"caption\":\"Remiremont Info\"},\"image\":{\"@id\":\"https:\/\/vosgesinfo.fr\/remiremontinfo\/#\/schema\/logo\/image\/\"},\"sameAs\":[\"https:\/\/www.facebook.com\/remiremontinfo\",\"https:\/\/x.com\/VosgesInfo88\",\"https:\/\/www.youtube.com\/@vosgesinfo\"]},{\"@type\":\"Person\",\"@id\":\"https:\/\/vosgesinfo.fr\/remiremontinfo\/#\/schema\/person\/3bfd164d5218a185b1db68655a265316\",\"name\":\"C D\",\"image\":{\"@type\":\"ImageObject\",\"inLanguage\":\"fr-FR\",\"@id\":\"https:\/\/vosgesinfo.fr\/remiremontinfo\/#\/schema\/person\/image\/\",\"url\":\"https:\/\/secure.gravatar.com\/avatar\/1f9a70007336511a47468b8f1c66f922b8b7cf617b02a31149ada43893a5d48f?s=96&d=mm&r=g\",\"contentUrl\":\"https:\/\/secure.gravatar.com\/avatar\/1f9a70007336511a47468b8f1c66f922b8b7cf617b02a31149ada43893a5d48f?s=96&d=mm&r=g\",\"caption\":\"C D\"},\"url\":\"https:\/\/vosgesinfo.fr\/remiremontinfo\/author\/cedric-drevet\/\"}]}<\/script>\n<!-- \/ Yoast SEO plugin. -->","yoast_head_json":{"title":"Remiremont : un large programme pour les Journ\u00e9es du Patrimoine - Remiremont Info","robots":{"index":"index","follow":"follow","max-snippet":"max-snippet:-1","max-image-preview":"max-image-preview:large","max-video-preview":"max-video-preview:-1"},"canonical":"https:\/\/vosgesinfo.fr\/remiremontinfo\/2022\/09\/remiremont-large-programme-journees-patrimoine\/","twitter_card":"summary_large_image","twitter_title":"Remiremont : un large programme pour les Journ\u00e9es du Patrimoine - Remiremont Info","twitter_description":"Photo d&rsquo;archive, illustration\u00a0 Les deux mus\u00e9es romarimontains, les Archives municipales et l\u2019Office de Tourisme de Remiremont-Plombi\u00e8res proposent un programme complet [&hellip;]","twitter_image":"https:\/\/vosgesinfo.fr\/app\/uploads\/sites\/5\/2024\/09\/202110119943170-1243280196057801-7058418655399245108-n1-1.jpg","twitter_creator":"@VosgesInfo88","twitter_site":"@VosgesInfo88","twitter_misc":{"\u00c9crit par":"C D","Dur\u00e9e de lecture estim\u00e9e":"2 minutes"},"schema":{"@context":"https:\/\/schema.org","@graph":[{"@type":"Article","@id":"https:\/\/vosgesinfo.fr\/remiremontinfo\/2022\/09\/remiremont-large-programme-journees-patrimoine\/#article","isPartOf":{"@id":"https:\/\/vosgesinfo.fr\/remiremontinfo\/2022\/09\/remiremont-large-programme-journees-patrimoine\/"},"author":{"name":"C D","@id":"https:\/\/vosgesinfo.fr\/remiremontinfo\/#\/schema\/person\/3bfd164d5218a185b1db68655a265316"},"headline":"Remiremont : un large programme pour les Journ\u00e9es du Patrimoine","datePublished":"2022-09-12T13:31:27+00:00","dateModified":"2022-09-12T13:31:27+00:00","mainEntityOfPage":{"@id":"https:\/\/vosgesinfo.fr\/remiremontinfo\/2022\/09\/remiremont-large-programme-journees-patrimoine\/"},"wordCount":472,"commentCount":0,"publisher":{"@id":"https:\/\/vosgesinfo.fr\/remiremontinfo\/#organization"},"image":{"@id":"https:\/\/vosgesinfo.fr\/remiremontinfo\/2022\/09\/remiremont-large-programme-journees-patrimoine\/#primaryimage"},"thumbnailUrl":"https:\/\/vosgesinfo.fr\/app\/uploads\/sites\/5\/2024\/09\/202110119943170-1243280196057801-7058418655399245108-n1-1.jpg","keywords":["jounr\u00e9es","mus\u00e9es","Patrimoine","remiremont","Vosges"],"articleSection":["A la Une","Culture","Remiremont","Remiremont &amp; son canton"],"inLanguage":"fr-FR","potentialAction":[{"@type":"CommentAction","name":"Comment","target":["https:\/\/vosgesinfo.fr\/remiremontinfo\/2022\/09\/remiremont-large-programme-journees-patrimoine\/#respond"]}]},{"@type":"WebPage","@id":"https:\/\/vosgesinfo.fr\/remiremontinfo\/2022\/09\/remiremont-large-programme-journees-patrimoine\/","url":"https:\/\/vosgesinfo.fr\/remiremontinfo\/2022\/09\/remiremont-large-programme-journees-patrimoine\/","name":"Remiremont : un large programme pour les Journ\u00e9es du Patrimoine - Remiremont Info","isPartOf":{"@id":"https:\/\/vosgesinfo.fr\/remiremontinfo\/#website"},"primaryImageOfPage":{"@id":"https:\/\/vosgesinfo.fr\/remiremontinfo\/2022\/09\/remiremont-large-programme-journees-patrimoine\/#primaryimage"},"image":{"@id":"https:\/\/vosgesinfo.fr\/remiremontinfo\/2022\/09\/remiremont-large-programme-journees-patrimoine\/#primaryimage"},"thumbnailUrl":"https:\/\/vosgesinfo.fr\/app\/uploads\/sites\/5\/2024\/09\/202110119943170-1243280196057801-7058418655399245108-n1-1.jpg","datePublished":"2022-09-12T13:31:27+00:00","dateModified":"2022-09-12T13:31:27+00:00","breadcrumb":{"@id":"https:\/\/vosgesinfo.fr\/remiremontinfo\/2022\/09\/remiremont-large-programme-journees-patrimoine\/#breadcrumb"},"inLanguage":"fr-FR","potentialAction":[{"@type":"ReadAction","target":["https:\/\/vosgesinfo.fr\/remiremontinfo\/2022\/09\/remiremont-large-programme-journees-patrimoine\/"]}]},{"@type":"ImageObject","inLanguage":"fr-FR","@id":"https:\/\/vosgesinfo.fr\/remiremontinfo\/2022\/09\/remiremont-large-programme-journees-patrimoine\/#primaryimage","url":"https:\/\/vosgesinfo.fr\/app\/uploads\/sites\/5\/2024\/09\/202110119943170-1243280196057801-7058418655399245108-n1-1.jpg","contentUrl":"https:\/\/vosgesinfo.fr\/app\/uploads\/sites\/5\/2024\/09\/202110119943170-1243280196057801-7058418655399245108-n1-1.jpg","width":800,"height":580},{"@type":"BreadcrumbList","@id":"https:\/\/vosgesinfo.fr\/remiremontinfo\/2022\/09\/remiremont-large-programme-journees-patrimoine\/#breadcrumb","itemListElement":[{"@type":"ListItem","position":1,"name":"Home","item":"https:\/\/vosgesinfo.fr\/remiremontinfo\/"},{"@type":"ListItem","position":2,"name":"Remiremont : un large programme pour les Journ\u00e9es du Patrimoine"}]},{"@type":"WebSite","@id":"https:\/\/vosgesinfo.fr\/remiremontinfo\/#website","url":"https:\/\/vosgesinfo.fr\/remiremontinfo\/","name":"Remiremont Info","description":"Toute l&#039;actualit\u00e9 de Remiremont","publisher":{"@id":"https:\/\/vosgesinfo.fr\/remiremontinfo\/#organization"},"alternateName":"Toute l'actualit\u00e9 de Remiremont","potentialAction":[{"@type":"SearchAction","target":{"@type":"EntryPoint","urlTemplate":"https:\/\/vosgesinfo.fr\/remiremontinfo\/?s={search_term_string}"},"query-input":"required name=search_term_string"}],"inLanguage":"fr-FR"},{"@type":"Organization","@id":"https:\/\/vosgesinfo.fr\/remiremontinfo\/#organization","name":"Remiremont Info","url":"https:\/\/vosgesinfo.fr\/remiremontinfo\/","logo":{"@type":"ImageObject","inLanguage":"fr-FR","@id":"https:\/\/vosgesinfo.fr\/remiremontinfo\/#\/schema\/logo\/image\/","url":"https:\/\/vosgesinfo.fr\/app\/uploads\/sites\/5\/2023\/08\/favicon-remiremontinfo.png","contentUrl":"https:\/\/vosgesinfo.fr\/app\/uploads\/sites\/5\/2023\/08\/favicon-remiremontinfo.png","width":512,"height":512,"caption":"Remiremont Info"},"image":{"@id":"https:\/\/vosgesinfo.fr\/remiremontinfo\/#\/schema\/logo\/image\/"},"sameAs":["https:\/\/www.facebook.com\/remiremontinfo","https:\/\/x.com\/VosgesInfo88","https:\/\/www.youtube.com\/@vosgesinfo"]},{"@type":"Person","@id":"https:\/\/vosgesinfo.fr\/remiremontinfo\/#\/schema\/person\/3bfd164d5218a185b1db68655a265316","name":"C D","image":{"@type":"ImageObject","inLanguage":"fr-FR","@id":"https:\/\/vosgesinfo.fr\/remiremontinfo\/#\/schema\/person\/image\/","url":"https:\/\/secure.gravatar.com\/avatar\/1f9a70007336511a47468b8f1c66f922b8b7cf617b02a31149ada43893a5d48f?s=96&d=mm&r=g","contentUrl":"https:\/\/secure.gravatar.com\/avatar\/1f9a70007336511a47468b8f1c66f922b8b7cf617b02a31149ada43893a5d48f?s=96&d=mm&r=g","caption":"C D"},"url":"https:\/\/vosgesinfo.fr\/remiremontinfo\/author\/cedric-drevet\/"}]}},"_links":{"self":[{"href":"https:\/\/vosgesinfo.fr\/remiremontinfo\/wp-json\/wp\/v2\/posts\/61920","targetHints":{"allow":["GET"]}}],"collection":[{"href":"https:\/\/vosgesinfo.fr\/remiremontinfo\/wp-json\/wp\/v2\/posts"}],"about":[{"href":"https:\/\/vosgesinfo.fr\/remiremontinfo\/wp-json\/wp\/v2\/types\/post"}],"author":[{"embeddable":true,"href":"https:\/\/vosgesinfo.fr\/remiremontinfo\/wp-json\/wp\/v2\/users\/407"}],"replies":[{"embeddable":true,"href":"https:\/\/vosgesinfo.fr\/remiremontinfo\/wp-json\/wp\/v2\/comments?post=61920"}],"version-history":[{"count":0,"href":"https:\/\/vosgesinfo.fr\/remiremontinfo\/wp-json\/wp\/v2\/posts\/61920\/revisions"}],"wp:featuredmedia":[{"embeddable":true,"href":"https:\/\/vosgesinfo.fr\/remiremontinfo\/wp-json\/wp\/v2\/media\/61921"}],"wp:attachment":[{"href":"https:\/\/vosgesinfo.fr\/remiremontinfo\/wp-json\/wp\/v2\/media?parent=61920"}],"wp:term":[{"taxonomy":"category","embeddable":true,"href":"https:\/\/vosgesinfo.fr\/remiremontinfo\/wp-json\/wp\/v2\/categories?post=61920"},{"taxonomy":"post_tag","embeddable":true,"href":"https:\/\/vosgesinfo.fr\/remiremontinfo\/wp-json\/wp\/v2\/tags?post=61920"}],"curies":[{"name":"wp","href":"https:\/\/api.w.org\/{rel}","templated":true}]}}