{"id":61935,"date":"2022-09-13T08:16:00","date_gmt":"2022-09-13T06:16:00","guid":{"rendered":"https:\/\/vosgesinfo.fr\/remiremontinfo\/2022\/09\/saint-maurice-cest-bientot-fete-patronale\/"},"modified":"2022-09-13T08:16:00","modified_gmt":"2022-09-13T06:16:00","slug":"saint-maurice-cest-bientot-fete-patronale","status":"publish","type":"post","link":"https:\/\/vosgesinfo.fr\/remiremontinfo\/2022\/09\/saint-maurice-cest-bientot-fete-patronale\/","title":{"rendered":"Saint-Maurice : c&rsquo;est bient\u00f4t la f\u00eate patronale !"},"content":{"rendered":"<p><a href=\"\/2022\/09\/11.png\"><img decoding=\"async\" class=\"alignnone size-full wp-image-353599\" src=\"\/2022\/09\/11.png\" alt=\"1\" width=\"940\" height=\"788\" \/><\/a><\/p>\n<h2 style=\"font-weight: 400;\"><span style=\"font-size: 12pt;\"><strong>A l\u2019occasion de la St-Maurice, la municipalit\u00e9, les associations \u00ab\u00a0La Farandole\u00a0\u00bb et \u00ab\u00a0La Fourmili\u00e8re\u00a0\u00bb organisent plusieurs animations pour rendre cette f\u00eate patronale encore plus joyeuse et festive. Le choix de proposer plusieurs animations le m\u00eame jour et sur la place de l\u2019\u00e9glise et en p\u00e9riph\u00e9rie et un choix strat\u00e9gique. \u00ab\u00a0Le monde appel le mode\u00a0\u00bb\u00a0! Cet emplacement s\u2019y porte tr\u00e8s bien et apporte, le temps d\u2019un week-end une ambiance festive et joyeuse sur la place du village\u00a0!<\/strong><\/span><\/h2>\n<p style=\"font-weight: 400;\">La f\u00eate foraine sera ouverte le samedi 24 \u00e0 14h, le dimanche 25 \u00e0 10h ainsi que le mercredi 28 \u00e0 14h. De nombreuses attractions seront propos\u00e9es comme\u00a0: auto-tamponneuse, train fant\u00f4me, man\u00e8ges pour enfants, stand de confiserie, p\u00eache aux canards, barbe \u00e0 papa, a\u00e9ro ball avec une belle piscine, tir aux ballons, whell of box &amp; win sexy gift, \u00a0&#8230; le tout dans une ambiance familiale\u00a0!<\/p>\n<p style=\"font-weight: 400;\">Une bourse aux jouets et pu\u00e9riculture est \u00e9galement propos\u00e9e par La Farandole qui aura lieu dans la cantine scolaire ou de nombreux articles pour enfants seront mis en vente \u00e0 des prix imbattables. Les usagers peuvent d\u00e9poser leurs jouets, articles de pu\u00e9riculture et v\u00eatements, le samedi 24 Septembre 2022 de 16h \u00e0 18h dans la salle de la cantine. Ils devront \u00eatre \u00e9tiquet\u00e9s avec le prix de l\u2019article (attention pas de prix en-dessous de 0.50 cts). La vente aura lieu le dimanche 25 Septembre de 09h \u00e0 17h. A partir de 18h, les invendus pourront \u00eatre recherch\u00e9s et les b\u00e9n\u00e9voles effectueront le remboursement du montant des ventes (sous d\u00e9duction d\u2019une commission de 20%).<\/p>\n<p style=\"font-weight: 400;\">La Fourmili\u00e8re organisera un vide grenier qui sera dans la Rue des Ecoles et dans la cour de r\u00e9cr\u00e9ation sur la journ\u00e9e du dimanche 25 septembre de 9h \u00e0 17h. Parall\u00e8lement, un March\u00e9 des Producteurs locaux sur toute la journ\u00e9e du dimanche prendra place ainsi qu\u2019une buvette et restauration et une animation musicale le dimanche apr\u00e8s-midi.\u00a0L\u2019ouverture aux exposants est fix\u00e9e \u00e0 7h et l\u2019ouverture aux publics du vide grenier est de 9h-18h<\/p>\n<p style=\"font-weight: 400;\">Le prix est de 2\u20ac par m\u00e8tre lin\u00e9aire et les r\u00e9servations et informations diverses s\u2019effectuent via le mail\u00a0<a href=\"mailto:assoc.lafourmiliere@gmail.com\">assoc.lafourmiliere@gmail.com<\/a>\u00a0ou par t\u00e9l\u00e9phone au 0631314312<\/p>\n<p style=\"font-weight: 400;\"><em>Communiqu\u00e9\u00a0<\/em><\/p>\n","protected":false},"excerpt":{"rendered":"<p>A l\u2019occasion de la St-Maurice, la municipalit\u00e9, les associations \u00ab\u00a0La Farandole\u00a0\u00bb et \u00ab\u00a0La Fourmili\u00e8re\u00a0\u00bb organisent plusieurs animations pour rendre cette [&hellip;]<\/p>\n","protected":false},"author":407,"featured_media":61936,"comment_status":"open","ping_status":"open","sticky":false,"template":"","format":"standard","meta":{"footnotes":""},"categories":[26,124,37,39],"tags":[4606,73,32],"class_list":["post-61935","post","type-post","status-publish","format-standard","has-post-thumbnail","hentry","category-a-la-une","category-fetes","category-le-thillot-son-canton","category-saint-maurice-moselle","tag-fete-patronale","tag-saint-maurice","tag-vosges"],"acf":[],"yoast_head":"<!-- This site is optimized with the Yoast SEO plugin v22.5 - https:\/\/yoast.com\/wordpress\/plugins\/seo\/ -->\n<title>Saint-Maurice : c&#039;est bient\u00f4t la f\u00eate patronale ! - Remiremont Info<\/title>\n<meta name=\"robots\" content=\"index, follow, max-snippet:-1, max-image-preview:large, max-video-preview:-1\" \/>\n<link rel=\"canonical\" href=\"https:\/\/vosgesinfo.fr\/remiremontinfo\/2022\/09\/saint-maurice-cest-bientot-fete-patronale\/\" \/>\n<meta name=\"twitter:card\" content=\"summary_large_image\" \/>\n<meta name=\"twitter:title\" content=\"Saint-Maurice : c&#039;est bient\u00f4t la f\u00eate patronale ! - Remiremont Info\" \/>\n<meta name=\"twitter:description\" content=\"A l\u2019occasion de la St-Maurice, la municipalit\u00e9, les associations \u00ab\u00a0La Farandole\u00a0\u00bb et \u00ab\u00a0La Fourmili\u00e8re\u00a0\u00bb organisent plusieurs animations pour rendre cette [&hellip;]\" \/>\n<meta name=\"twitter:image\" content=\"https:\/\/vosgesinfo.fr\/app\/uploads\/sites\/5\/2024\/09\/202209capture-decran-2022-09-13-101540.png\" \/>\n<meta name=\"twitter:creator\" content=\"@VosgesInfo88\" \/>\n<meta name=\"twitter:site\" content=\"@VosgesInfo88\" \/>\n<meta name=\"twitter:label1\" content=\"\u00c9crit par\" \/>\n\t<meta name=\"twitter:data1\" content=\"C D\" \/>\n\t<meta name=\"twitter:label2\" content=\"Dur\u00e9e de lecture estim\u00e9e\" \/>\n\t<meta name=\"twitter:data2\" content=\"2 minutes\" \/>\n<script type=\"application\/ld+json\" class=\"yoast-schema-graph\">{\"@context\":\"https:\/\/schema.org\",\"@graph\":[{\"@type\":\"Article\",\"@id\":\"https:\/\/vosgesinfo.fr\/remiremontinfo\/2022\/09\/saint-maurice-cest-bientot-fete-patronale\/#article\",\"isPartOf\":{\"@id\":\"https:\/\/vosgesinfo.fr\/remiremontinfo\/2022\/09\/saint-maurice-cest-bientot-fete-patronale\/\"},\"author\":{\"name\":\"C D\",\"@id\":\"https:\/\/vosgesinfo.fr\/remiremontinfo\/#\/schema\/person\/3bfd164d5218a185b1db68655a265316\"},\"headline\":\"Saint-Maurice : c&rsquo;est bient\u00f4t la f\u00eate patronale !\",\"datePublished\":\"2022-09-13T06:16:00+00:00\",\"dateModified\":\"2022-09-13T06:16:00+00:00\",\"mainEntityOfPage\":{\"@id\":\"https:\/\/vosgesinfo.fr\/remiremontinfo\/2022\/09\/saint-maurice-cest-bientot-fete-patronale\/\"},\"wordCount\":391,\"commentCount\":0,\"publisher\":{\"@id\":\"https:\/\/vosgesinfo.fr\/remiremontinfo\/#organization\"},\"image\":{\"@id\":\"https:\/\/vosgesinfo.fr\/remiremontinfo\/2022\/09\/saint-maurice-cest-bientot-fete-patronale\/#primaryimage\"},\"thumbnailUrl\":\"https:\/\/vosgesinfo.fr\/app\/uploads\/sites\/5\/2024\/09\/202209capture-decran-2022-09-13-101540.png\",\"keywords\":[\"f\u00eate patronale\",\"Saint-Maurice\",\"Vosges\"],\"articleSection\":[\"A la Une\",\"F\u00eates\",\"Le Thillot &amp; son canton\",\"Saint-Maurice\/Moselle\"],\"inLanguage\":\"fr-FR\",\"potentialAction\":[{\"@type\":\"CommentAction\",\"name\":\"Comment\",\"target\":[\"https:\/\/vosgesinfo.fr\/remiremontinfo\/2022\/09\/saint-maurice-cest-bientot-fete-patronale\/#respond\"]}]},{\"@type\":\"WebPage\",\"@id\":\"https:\/\/vosgesinfo.fr\/remiremontinfo\/2022\/09\/saint-maurice-cest-bientot-fete-patronale\/\",\"url\":\"https:\/\/vosgesinfo.fr\/remiremontinfo\/2022\/09\/saint-maurice-cest-bientot-fete-patronale\/\",\"name\":\"Saint-Maurice : c'est bient\u00f4t la f\u00eate patronale ! - Remiremont Info\",\"isPartOf\":{\"@id\":\"https:\/\/vosgesinfo.fr\/remiremontinfo\/#website\"},\"primaryImageOfPage\":{\"@id\":\"https:\/\/vosgesinfo.fr\/remiremontinfo\/2022\/09\/saint-maurice-cest-bientot-fete-patronale\/#primaryimage\"},\"image\":{\"@id\":\"https:\/\/vosgesinfo.fr\/remiremontinfo\/2022\/09\/saint-maurice-cest-bientot-fete-patronale\/#primaryimage\"},\"thumbnailUrl\":\"https:\/\/vosgesinfo.fr\/app\/uploads\/sites\/5\/2024\/09\/202209capture-decran-2022-09-13-101540.png\",\"datePublished\":\"2022-09-13T06:16:00+00:00\",\"dateModified\":\"2022-09-13T06:16:00+00:00\",\"breadcrumb\":{\"@id\":\"https:\/\/vosgesinfo.fr\/remiremontinfo\/2022\/09\/saint-maurice-cest-bientot-fete-patronale\/#breadcrumb\"},\"inLanguage\":\"fr-FR\",\"potentialAction\":[{\"@type\":\"ReadAction\",\"target\":[\"https:\/\/vosgesinfo.fr\/remiremontinfo\/2022\/09\/saint-maurice-cest-bientot-fete-patronale\/\"]}]},{\"@type\":\"ImageObject\",\"inLanguage\":\"fr-FR\",\"@id\":\"https:\/\/vosgesinfo.fr\/remiremontinfo\/2022\/09\/saint-maurice-cest-bientot-fete-patronale\/#primaryimage\",\"url\":\"https:\/\/vosgesinfo.fr\/app\/uploads\/sites\/5\/2024\/09\/202209capture-decran-2022-09-13-101540.png\",\"contentUrl\":\"https:\/\/vosgesinfo.fr\/app\/uploads\/sites\/5\/2024\/09\/202209capture-decran-2022-09-13-101540.png\",\"width\":1066,\"height\":807},{\"@type\":\"BreadcrumbList\",\"@id\":\"https:\/\/vosgesinfo.fr\/remiremontinfo\/2022\/09\/saint-maurice-cest-bientot-fete-patronale\/#breadcrumb\",\"itemListElement\":[{\"@type\":\"ListItem\",\"position\":1,\"name\":\"Home\",\"item\":\"https:\/\/vosgesinfo.fr\/remiremontinfo\/\"},{\"@type\":\"ListItem\",\"position\":2,\"name\":\"Saint-Maurice : c&rsquo;est bient\u00f4t la f\u00eate patronale !\"}]},{\"@type\":\"WebSite\",\"@id\":\"https:\/\/vosgesinfo.fr\/remiremontinfo\/#website\",\"url\":\"https:\/\/vosgesinfo.fr\/remiremontinfo\/\",\"name\":\"Remiremont Info\",\"description\":\"Toute l&#039;actualit\u00e9 de Remiremont\",\"publisher\":{\"@id\":\"https:\/\/vosgesinfo.fr\/remiremontinfo\/#organization\"},\"alternateName\":\"Toute l'actualit\u00e9 de Remiremont\",\"potentialAction\":[{\"@type\":\"SearchAction\",\"target\":{\"@type\":\"EntryPoint\",\"urlTemplate\":\"https:\/\/vosgesinfo.fr\/remiremontinfo\/?s={search_term_string}\"},\"query-input\":\"required name=search_term_string\"}],\"inLanguage\":\"fr-FR\"},{\"@type\":\"Organization\",\"@id\":\"https:\/\/vosgesinfo.fr\/remiremontinfo\/#organization\",\"name\":\"Remiremont Info\",\"url\":\"https:\/\/vosgesinfo.fr\/remiremontinfo\/\",\"logo\":{\"@type\":\"ImageObject\",\"inLanguage\":\"fr-FR\",\"@id\":\"https:\/\/vosgesinfo.fr\/remiremontinfo\/#\/schema\/logo\/image\/\",\"url\":\"https:\/\/vosgesinfo.fr\/app\/uploads\/sites\/5\/2023\/08\/favicon-remiremontinfo.png\",\"contentUrl\":\"https:\/\/vosgesinfo.fr\/app\/uploads\/sites\/5\/2023\/08\/favicon-remiremontinfo.png\",\"width\":512,\"height\":512,\"caption\":\"Remiremont Info\"},\"image\":{\"@id\":\"https:\/\/vosgesinfo.fr\/remiremontinfo\/#\/schema\/logo\/image\/\"},\"sameAs\":[\"https:\/\/www.facebook.com\/remiremontinfo\",\"https:\/\/x.com\/VosgesInfo88\",\"https:\/\/www.youtube.com\/@vosgesinfo\"]},{\"@type\":\"Person\",\"@id\":\"https:\/\/vosgesinfo.fr\/remiremontinfo\/#\/schema\/person\/3bfd164d5218a185b1db68655a265316\",\"name\":\"C D\",\"image\":{\"@type\":\"ImageObject\",\"inLanguage\":\"fr-FR\",\"@id\":\"https:\/\/vosgesinfo.fr\/remiremontinfo\/#\/schema\/person\/image\/\",\"url\":\"https:\/\/secure.gravatar.com\/avatar\/1f9a70007336511a47468b8f1c66f922b8b7cf617b02a31149ada43893a5d48f?s=96&d=mm&r=g\",\"contentUrl\":\"https:\/\/secure.gravatar.com\/avatar\/1f9a70007336511a47468b8f1c66f922b8b7cf617b02a31149ada43893a5d48f?s=96&d=mm&r=g\",\"caption\":\"C D\"},\"url\":\"https:\/\/vosgesinfo.fr\/remiremontinfo\/author\/cedric-drevet\/\"}]}<\/script>\n<!-- \/ Yoast SEO plugin. -->","yoast_head_json":{"title":"Saint-Maurice : c'est bient\u00f4t la f\u00eate patronale ! - Remiremont Info","robots":{"index":"index","follow":"follow","max-snippet":"max-snippet:-1","max-image-preview":"max-image-preview:large","max-video-preview":"max-video-preview:-1"},"canonical":"https:\/\/vosgesinfo.fr\/remiremontinfo\/2022\/09\/saint-maurice-cest-bientot-fete-patronale\/","twitter_card":"summary_large_image","twitter_title":"Saint-Maurice : c'est bient\u00f4t la f\u00eate patronale ! - Remiremont Info","twitter_description":"A l\u2019occasion de la St-Maurice, la municipalit\u00e9, les associations \u00ab\u00a0La Farandole\u00a0\u00bb et \u00ab\u00a0La Fourmili\u00e8re\u00a0\u00bb organisent plusieurs animations pour rendre cette [&hellip;]","twitter_image":"https:\/\/vosgesinfo.fr\/app\/uploads\/sites\/5\/2024\/09\/202209capture-decran-2022-09-13-101540.png","twitter_creator":"@VosgesInfo88","twitter_site":"@VosgesInfo88","twitter_misc":{"\u00c9crit par":"C D","Dur\u00e9e de lecture estim\u00e9e":"2 minutes"},"schema":{"@context":"https:\/\/schema.org","@graph":[{"@type":"Article","@id":"https:\/\/vosgesinfo.fr\/remiremontinfo\/2022\/09\/saint-maurice-cest-bientot-fete-patronale\/#article","isPartOf":{"@id":"https:\/\/vosgesinfo.fr\/remiremontinfo\/2022\/09\/saint-maurice-cest-bientot-fete-patronale\/"},"author":{"name":"C D","@id":"https:\/\/vosgesinfo.fr\/remiremontinfo\/#\/schema\/person\/3bfd164d5218a185b1db68655a265316"},"headline":"Saint-Maurice : c&rsquo;est bient\u00f4t la f\u00eate patronale !","datePublished":"2022-09-13T06:16:00+00:00","dateModified":"2022-09-13T06:16:00+00:00","mainEntityOfPage":{"@id":"https:\/\/vosgesinfo.fr\/remiremontinfo\/2022\/09\/saint-maurice-cest-bientot-fete-patronale\/"},"wordCount":391,"commentCount":0,"publisher":{"@id":"https:\/\/vosgesinfo.fr\/remiremontinfo\/#organization"},"image":{"@id":"https:\/\/vosgesinfo.fr\/remiremontinfo\/2022\/09\/saint-maurice-cest-bientot-fete-patronale\/#primaryimage"},"thumbnailUrl":"https:\/\/vosgesinfo.fr\/app\/uploads\/sites\/5\/2024\/09\/202209capture-decran-2022-09-13-101540.png","keywords":["f\u00eate patronale","Saint-Maurice","Vosges"],"articleSection":["A la Une","F\u00eates","Le Thillot &amp; son canton","Saint-Maurice\/Moselle"],"inLanguage":"fr-FR","potentialAction":[{"@type":"CommentAction","name":"Comment","target":["https:\/\/vosgesinfo.fr\/remiremontinfo\/2022\/09\/saint-maurice-cest-bientot-fete-patronale\/#respond"]}]},{"@type":"WebPage","@id":"https:\/\/vosgesinfo.fr\/remiremontinfo\/2022\/09\/saint-maurice-cest-bientot-fete-patronale\/","url":"https:\/\/vosgesinfo.fr\/remiremontinfo\/2022\/09\/saint-maurice-cest-bientot-fete-patronale\/","name":"Saint-Maurice : c'est bient\u00f4t la f\u00eate patronale ! - Remiremont Info","isPartOf":{"@id":"https:\/\/vosgesinfo.fr\/remiremontinfo\/#website"},"primaryImageOfPage":{"@id":"https:\/\/vosgesinfo.fr\/remiremontinfo\/2022\/09\/saint-maurice-cest-bientot-fete-patronale\/#primaryimage"},"image":{"@id":"https:\/\/vosgesinfo.fr\/remiremontinfo\/2022\/09\/saint-maurice-cest-bientot-fete-patronale\/#primaryimage"},"thumbnailUrl":"https:\/\/vosgesinfo.fr\/app\/uploads\/sites\/5\/2024\/09\/202209capture-decran-2022-09-13-101540.png","datePublished":"2022-09-13T06:16:00+00:00","dateModified":"2022-09-13T06:16:00+00:00","breadcrumb":{"@id":"https:\/\/vosgesinfo.fr\/remiremontinfo\/2022\/09\/saint-maurice-cest-bientot-fete-patronale\/#breadcrumb"},"inLanguage":"fr-FR","potentialAction":[{"@type":"ReadAction","target":["https:\/\/vosgesinfo.fr\/remiremontinfo\/2022\/09\/saint-maurice-cest-bientot-fete-patronale\/"]}]},{"@type":"ImageObject","inLanguage":"fr-FR","@id":"https:\/\/vosgesinfo.fr\/remiremontinfo\/2022\/09\/saint-maurice-cest-bientot-fete-patronale\/#primaryimage","url":"https:\/\/vosgesinfo.fr\/app\/uploads\/sites\/5\/2024\/09\/202209capture-decran-2022-09-13-101540.png","contentUrl":"https:\/\/vosgesinfo.fr\/app\/uploads\/sites\/5\/2024\/09\/202209capture-decran-2022-09-13-101540.png","width":1066,"height":807},{"@type":"BreadcrumbList","@id":"https:\/\/vosgesinfo.fr\/remiremontinfo\/2022\/09\/saint-maurice-cest-bientot-fete-patronale\/#breadcrumb","itemListElement":[{"@type":"ListItem","position":1,"name":"Home","item":"https:\/\/vosgesinfo.fr\/remiremontinfo\/"},{"@type":"ListItem","position":2,"name":"Saint-Maurice : c&rsquo;est bient\u00f4t la f\u00eate patronale !"}]},{"@type":"WebSite","@id":"https:\/\/vosgesinfo.fr\/remiremontinfo\/#website","url":"https:\/\/vosgesinfo.fr\/remiremontinfo\/","name":"Remiremont Info","description":"Toute l&#039;actualit\u00e9 de Remiremont","publisher":{"@id":"https:\/\/vosgesinfo.fr\/remiremontinfo\/#organization"},"alternateName":"Toute l'actualit\u00e9 de Remiremont","potentialAction":[{"@type":"SearchAction","target":{"@type":"EntryPoint","urlTemplate":"https:\/\/vosgesinfo.fr\/remiremontinfo\/?s={search_term_string}"},"query-input":"required name=search_term_string"}],"inLanguage":"fr-FR"},{"@type":"Organization","@id":"https:\/\/vosgesinfo.fr\/remiremontinfo\/#organization","name":"Remiremont Info","url":"https:\/\/vosgesinfo.fr\/remiremontinfo\/","logo":{"@type":"ImageObject","inLanguage":"fr-FR","@id":"https:\/\/vosgesinfo.fr\/remiremontinfo\/#\/schema\/logo\/image\/","url":"https:\/\/vosgesinfo.fr\/app\/uploads\/sites\/5\/2023\/08\/favicon-remiremontinfo.png","contentUrl":"https:\/\/vosgesinfo.fr\/app\/uploads\/sites\/5\/2023\/08\/favicon-remiremontinfo.png","width":512,"height":512,"caption":"Remiremont Info"},"image":{"@id":"https:\/\/vosgesinfo.fr\/remiremontinfo\/#\/schema\/logo\/image\/"},"sameAs":["https:\/\/www.facebook.com\/remiremontinfo","https:\/\/x.com\/VosgesInfo88","https:\/\/www.youtube.com\/@vosgesinfo"]},{"@type":"Person","@id":"https:\/\/vosgesinfo.fr\/remiremontinfo\/#\/schema\/person\/3bfd164d5218a185b1db68655a265316","name":"C D","image":{"@type":"ImageObject","inLanguage":"fr-FR","@id":"https:\/\/vosgesinfo.fr\/remiremontinfo\/#\/schema\/person\/image\/","url":"https:\/\/secure.gravatar.com\/avatar\/1f9a70007336511a47468b8f1c66f922b8b7cf617b02a31149ada43893a5d48f?s=96&d=mm&r=g","contentUrl":"https:\/\/secure.gravatar.com\/avatar\/1f9a70007336511a47468b8f1c66f922b8b7cf617b02a31149ada43893a5d48f?s=96&d=mm&r=g","caption":"C D"},"url":"https:\/\/vosgesinfo.fr\/remiremontinfo\/author\/cedric-drevet\/"}]}},"_links":{"self":[{"href":"https:\/\/vosgesinfo.fr\/remiremontinfo\/wp-json\/wp\/v2\/posts\/61935","targetHints":{"allow":["GET"]}}],"collection":[{"href":"https:\/\/vosgesinfo.fr\/remiremontinfo\/wp-json\/wp\/v2\/posts"}],"about":[{"href":"https:\/\/vosgesinfo.fr\/remiremontinfo\/wp-json\/wp\/v2\/types\/post"}],"author":[{"embeddable":true,"href":"https:\/\/vosgesinfo.fr\/remiremontinfo\/wp-json\/wp\/v2\/users\/407"}],"replies":[{"embeddable":true,"href":"https:\/\/vosgesinfo.fr\/remiremontinfo\/wp-json\/wp\/v2\/comments?post=61935"}],"version-history":[{"count":0,"href":"https:\/\/vosgesinfo.fr\/remiremontinfo\/wp-json\/wp\/v2\/posts\/61935\/revisions"}],"wp:featuredmedia":[{"embeddable":true,"href":"https:\/\/vosgesinfo.fr\/remiremontinfo\/wp-json\/wp\/v2\/media\/61936"}],"wp:attachment":[{"href":"https:\/\/vosgesinfo.fr\/remiremontinfo\/wp-json\/wp\/v2\/media?parent=61935"}],"wp:term":[{"taxonomy":"category","embeddable":true,"href":"https:\/\/vosgesinfo.fr\/remiremontinfo\/wp-json\/wp\/v2\/categories?post=61935"},{"taxonomy":"post_tag","embeddable":true,"href":"https:\/\/vosgesinfo.fr\/remiremontinfo\/wp-json\/wp\/v2\/tags?post=61935"}],"curies":[{"name":"wp","href":"https:\/\/api.w.org\/{rel}","templated":true}]}}