{"id":61940,"date":"2022-09-13T10:02:35","date_gmt":"2022-09-13T08:02:35","guid":{"rendered":"https:\/\/vosgesinfo.fr\/remiremontinfo\/2022\/09\/val-dajol-mobilisation-continue-maintien-dun-college\/"},"modified":"2022-09-13T10:02:35","modified_gmt":"2022-09-13T08:02:35","slug":"val-dajol-mobilisation-continue-maintien-dun-college","status":"publish","type":"post","link":"https:\/\/vosgesinfo.fr\/remiremontinfo\/2022\/09\/val-dajol-mobilisation-continue-maintien-dun-college\/","title":{"rendered":"Le Val d\u2019Ajol\u00a0: la mobilisation continue pour le maintien d\u2019un coll\u00e8ge"},"content":{"rendered":"<p><a href=\"\/2022\/09\/306511836_10159254332268143_3174712043463894632_n.jpg\"><img decoding=\"async\" class=\"alignnone size-large wp-image-353612\" src=\"\/2022\/09\/306511836_10159254332268143_3174712043463894632_n-1024x768.jpg\" alt=\"306511836_10159254332268143_3174712043463894632_n\" width=\"960\" height=\"720\" \/><\/a><\/p>\n<h2><span style=\"font-size: 12pt;\"><strong>Depuis l\u2019annonce par le Conseil D\u00e9partemental de la fermeture du Coll\u00e8ge du Val d&rsquo;Ajol, une forte mobilisation de parents et d\u2019ajolais a lieu pour garantir le maintien d\u2019un coll\u00e8ge dans le village. La matin\u00e9e \u201cclasse dehors\u201d organis\u00e9e le vendredi 2 septembre a rassembl\u00e9 de nombreux habitants. Une p\u00e9tition a r\u00e9uni quelque 5 000 signatures. Et le combat continue.<\/strong><\/span><\/h2>\n<p>Pour maintenir la tradition de signature des \u00e9l\u00e8ves sur le mur du CDI du coll\u00e8ge ferm\u00e9, un tableau blanc est mis \u00e0 leur disposition pour qu\u2019ils puissent signer durant cette r\u00e9union ce \u201cmur ext\u00e9rieur\u201d r\u00e9alis\u00e9 en bois par les parents d\u2019\u00e9l\u00e8ves. Par ailleurs, la vente de T-shirts \u00ab\u00a0# Je vois la vie au Val d\u2019Ajol\u00a0\u00bb au profit du collectif se poursuit. \u00ab\u00a0Les grumes sont d\u00e9plac\u00e9es afin de d\u00e9gager 3 acc\u00e8s sur 4 du coll\u00e8ge Fleurot d\u2019H\u00e9rival, permettant ainsi aux \u00e9l\u00e8ves d\u2019acc\u00e9der en toute s\u00e9curit\u00e9 au parc \u00e0 v\u00e9los couvert situ\u00e9 dans l\u2019enceinte du coll\u00e8ge\u00a0\u00bb, expliquent les organisateur du mouvement dans un compte rendu de r\u00e9union. Un projet alternatif et transitoire a \u00e9t\u00e9 pr\u00e9par\u00e9. Le pr\u00e9sident du Conseil D\u00e9partemental, Fran\u00e7ois Vannson, doit rencontrer ce mercredi des repr\u00e9sentants du collectif \u00ab\u00a0Tous unis pour un coll\u00e8ge au Val d\u2019Ajol\u00a0\u00bb. Il est invit\u00e9, ainsi que plusieurs autres \u00e9lus et personnalit\u00e9s li\u00e9es \u00e0 l\u2019enseignement, \u00e0 visiter les locaux envisag\u00e9s pour l\u2019installation du coll\u00e8ge. Pour l\u2019instant donc, rien n\u2019est tranch\u00e9, et la mobilisation continue.<\/p>\n","protected":false},"excerpt":{"rendered":"<p>Depuis l\u2019annonce par le Conseil D\u00e9partemental de la fermeture du Coll\u00e8ge du Val d&rsquo;Ajol, une forte mobilisation de parents et [&hellip;]<\/p>\n","protected":false},"author":407,"featured_media":61941,"comment_status":"open","ping_status":"open","sticky":false,"template":"","format":"standard","meta":{"footnotes":""},"categories":[26,165,121,82],"tags":[468,455,4520,3278,123],"class_list":["post-61940","post","type-post","status-publish","format-standard","has-post-thumbnail","hentry","category-a-la-une","category-enseignement","category-le-val-dajol-le-val-dajol-son-canton","category-le-val-dajol-son-canton","tag-college","tag-fermeture","tag-maintien","tag-mobilisation","tag-val-dajol"],"acf":[],"yoast_head":"<!-- This site is optimized with the Yoast SEO plugin v22.5 - https:\/\/yoast.com\/wordpress\/plugins\/seo\/ -->\n<title>Le Val d\u2019Ajol\u00a0: la mobilisation continue pour le maintien d\u2019un coll\u00e8ge - Remiremont Info<\/title>\n<meta name=\"robots\" content=\"index, follow, max-snippet:-1, max-image-preview:large, max-video-preview:-1\" \/>\n<link rel=\"canonical\" href=\"https:\/\/vosgesinfo.fr\/remiremontinfo\/2022\/09\/val-dajol-mobilisation-continue-maintien-dun-college\/\" \/>\n<meta name=\"twitter:card\" content=\"summary_large_image\" \/>\n<meta name=\"twitter:title\" content=\"Le Val d\u2019Ajol\u00a0: la mobilisation continue pour le maintien d\u2019un coll\u00e8ge - Remiremont Info\" \/>\n<meta name=\"twitter:description\" content=\"Depuis l\u2019annonce par le Conseil D\u00e9partemental de la fermeture du Coll\u00e8ge du Val d&rsquo;Ajol, une forte mobilisation de parents et [&hellip;]\" \/>\n<meta name=\"twitter:image\" content=\"https:\/\/vosgesinfo.fr\/app\/uploads\/sites\/5\/2024\/09\/202209306511836-10159254332268143-3174712043463894632-n.jpg\" \/>\n<meta name=\"twitter:creator\" content=\"@VosgesInfo88\" \/>\n<meta name=\"twitter:site\" content=\"@VosgesInfo88\" \/>\n<meta name=\"twitter:label1\" content=\"\u00c9crit par\" \/>\n\t<meta name=\"twitter:data1\" content=\"C D\" \/>\n\t<meta name=\"twitter:label2\" content=\"Dur\u00e9e de lecture estim\u00e9e\" \/>\n\t<meta name=\"twitter:data2\" content=\"1 minute\" \/>\n<script type=\"application\/ld+json\" class=\"yoast-schema-graph\">{\"@context\":\"https:\/\/schema.org\",\"@graph\":[{\"@type\":\"Article\",\"@id\":\"https:\/\/vosgesinfo.fr\/remiremontinfo\/2022\/09\/val-dajol-mobilisation-continue-maintien-dun-college\/#article\",\"isPartOf\":{\"@id\":\"https:\/\/vosgesinfo.fr\/remiremontinfo\/2022\/09\/val-dajol-mobilisation-continue-maintien-dun-college\/\"},\"author\":{\"name\":\"C D\",\"@id\":\"https:\/\/vosgesinfo.fr\/remiremontinfo\/#\/schema\/person\/3bfd164d5218a185b1db68655a265316\"},\"headline\":\"Le Val d\u2019Ajol\u00a0: la mobilisation continue pour le maintien d\u2019un coll\u00e8ge\",\"datePublished\":\"2022-09-13T08:02:35+00:00\",\"dateModified\":\"2022-09-13T08:02:35+00:00\",\"mainEntityOfPage\":{\"@id\":\"https:\/\/vosgesinfo.fr\/remiremontinfo\/2022\/09\/val-dajol-mobilisation-continue-maintien-dun-college\/\"},\"wordCount\":280,\"commentCount\":0,\"publisher\":{\"@id\":\"https:\/\/vosgesinfo.fr\/remiremontinfo\/#organization\"},\"image\":{\"@id\":\"https:\/\/vosgesinfo.fr\/remiremontinfo\/2022\/09\/val-dajol-mobilisation-continue-maintien-dun-college\/#primaryimage\"},\"thumbnailUrl\":\"https:\/\/vosgesinfo.fr\/app\/uploads\/sites\/5\/2024\/09\/202209306511836-10159254332268143-3174712043463894632-n.jpg\",\"keywords\":[\"coll\u00e8ge\",\"fermeture\",\"maintien\",\"mobilisation\",\"val d'ajol\"],\"articleSection\":[\"A la Une\",\"Enseignement\",\"Le Val d'Ajol\",\"Le Val-d'Ajol &amp; son canton\"],\"inLanguage\":\"fr-FR\",\"potentialAction\":[{\"@type\":\"CommentAction\",\"name\":\"Comment\",\"target\":[\"https:\/\/vosgesinfo.fr\/remiremontinfo\/2022\/09\/val-dajol-mobilisation-continue-maintien-dun-college\/#respond\"]}]},{\"@type\":\"WebPage\",\"@id\":\"https:\/\/vosgesinfo.fr\/remiremontinfo\/2022\/09\/val-dajol-mobilisation-continue-maintien-dun-college\/\",\"url\":\"https:\/\/vosgesinfo.fr\/remiremontinfo\/2022\/09\/val-dajol-mobilisation-continue-maintien-dun-college\/\",\"name\":\"Le Val d\u2019Ajol\u00a0: la mobilisation continue pour le maintien d\u2019un coll\u00e8ge - Remiremont Info\",\"isPartOf\":{\"@id\":\"https:\/\/vosgesinfo.fr\/remiremontinfo\/#website\"},\"primaryImageOfPage\":{\"@id\":\"https:\/\/vosgesinfo.fr\/remiremontinfo\/2022\/09\/val-dajol-mobilisation-continue-maintien-dun-college\/#primaryimage\"},\"image\":{\"@id\":\"https:\/\/vosgesinfo.fr\/remiremontinfo\/2022\/09\/val-dajol-mobilisation-continue-maintien-dun-college\/#primaryimage\"},\"thumbnailUrl\":\"https:\/\/vosgesinfo.fr\/app\/uploads\/sites\/5\/2024\/09\/202209306511836-10159254332268143-3174712043463894632-n.jpg\",\"datePublished\":\"2022-09-13T08:02:35+00:00\",\"dateModified\":\"2022-09-13T08:02:35+00:00\",\"breadcrumb\":{\"@id\":\"https:\/\/vosgesinfo.fr\/remiremontinfo\/2022\/09\/val-dajol-mobilisation-continue-maintien-dun-college\/#breadcrumb\"},\"inLanguage\":\"fr-FR\",\"potentialAction\":[{\"@type\":\"ReadAction\",\"target\":[\"https:\/\/vosgesinfo.fr\/remiremontinfo\/2022\/09\/val-dajol-mobilisation-continue-maintien-dun-college\/\"]}]},{\"@type\":\"ImageObject\",\"inLanguage\":\"fr-FR\",\"@id\":\"https:\/\/vosgesinfo.fr\/remiremontinfo\/2022\/09\/val-dajol-mobilisation-continue-maintien-dun-college\/#primaryimage\",\"url\":\"https:\/\/vosgesinfo.fr\/app\/uploads\/sites\/5\/2024\/09\/202209306511836-10159254332268143-3174712043463894632-n.jpg\",\"contentUrl\":\"https:\/\/vosgesinfo.fr\/app\/uploads\/sites\/5\/2024\/09\/202209306511836-10159254332268143-3174712043463894632-n.jpg\",\"width\":2048,\"height\":1536},{\"@type\":\"BreadcrumbList\",\"@id\":\"https:\/\/vosgesinfo.fr\/remiremontinfo\/2022\/09\/val-dajol-mobilisation-continue-maintien-dun-college\/#breadcrumb\",\"itemListElement\":[{\"@type\":\"ListItem\",\"position\":1,\"name\":\"Home\",\"item\":\"https:\/\/vosgesinfo.fr\/remiremontinfo\/\"},{\"@type\":\"ListItem\",\"position\":2,\"name\":\"Le Val d\u2019Ajol\u00a0: la mobilisation continue pour le maintien d\u2019un coll\u00e8ge\"}]},{\"@type\":\"WebSite\",\"@id\":\"https:\/\/vosgesinfo.fr\/remiremontinfo\/#website\",\"url\":\"https:\/\/vosgesinfo.fr\/remiremontinfo\/\",\"name\":\"Remiremont Info\",\"description\":\"Toute l&#039;actualit\u00e9 de Remiremont\",\"publisher\":{\"@id\":\"https:\/\/vosgesinfo.fr\/remiremontinfo\/#organization\"},\"alternateName\":\"Toute l'actualit\u00e9 de Remiremont\",\"potentialAction\":[{\"@type\":\"SearchAction\",\"target\":{\"@type\":\"EntryPoint\",\"urlTemplate\":\"https:\/\/vosgesinfo.fr\/remiremontinfo\/?s={search_term_string}\"},\"query-input\":\"required name=search_term_string\"}],\"inLanguage\":\"fr-FR\"},{\"@type\":\"Organization\",\"@id\":\"https:\/\/vosgesinfo.fr\/remiremontinfo\/#organization\",\"name\":\"Remiremont Info\",\"url\":\"https:\/\/vosgesinfo.fr\/remiremontinfo\/\",\"logo\":{\"@type\":\"ImageObject\",\"inLanguage\":\"fr-FR\",\"@id\":\"https:\/\/vosgesinfo.fr\/remiremontinfo\/#\/schema\/logo\/image\/\",\"url\":\"https:\/\/vosgesinfo.fr\/app\/uploads\/sites\/5\/2023\/08\/favicon-remiremontinfo.png\",\"contentUrl\":\"https:\/\/vosgesinfo.fr\/app\/uploads\/sites\/5\/2023\/08\/favicon-remiremontinfo.png\",\"width\":512,\"height\":512,\"caption\":\"Remiremont Info\"},\"image\":{\"@id\":\"https:\/\/vosgesinfo.fr\/remiremontinfo\/#\/schema\/logo\/image\/\"},\"sameAs\":[\"https:\/\/www.facebook.com\/remiremontinfo\",\"https:\/\/x.com\/VosgesInfo88\",\"https:\/\/www.youtube.com\/@vosgesinfo\"]},{\"@type\":\"Person\",\"@id\":\"https:\/\/vosgesinfo.fr\/remiremontinfo\/#\/schema\/person\/3bfd164d5218a185b1db68655a265316\",\"name\":\"C D\",\"image\":{\"@type\":\"ImageObject\",\"inLanguage\":\"fr-FR\",\"@id\":\"https:\/\/vosgesinfo.fr\/remiremontinfo\/#\/schema\/person\/image\/\",\"url\":\"https:\/\/secure.gravatar.com\/avatar\/1f9a70007336511a47468b8f1c66f922b8b7cf617b02a31149ada43893a5d48f?s=96&d=mm&r=g\",\"contentUrl\":\"https:\/\/secure.gravatar.com\/avatar\/1f9a70007336511a47468b8f1c66f922b8b7cf617b02a31149ada43893a5d48f?s=96&d=mm&r=g\",\"caption\":\"C D\"},\"url\":\"https:\/\/vosgesinfo.fr\/remiremontinfo\/author\/cedric-drevet\/\"}]}<\/script>\n<!-- \/ Yoast SEO plugin. -->","yoast_head_json":{"title":"Le Val d\u2019Ajol\u00a0: la mobilisation continue pour le maintien d\u2019un coll\u00e8ge - Remiremont Info","robots":{"index":"index","follow":"follow","max-snippet":"max-snippet:-1","max-image-preview":"max-image-preview:large","max-video-preview":"max-video-preview:-1"},"canonical":"https:\/\/vosgesinfo.fr\/remiremontinfo\/2022\/09\/val-dajol-mobilisation-continue-maintien-dun-college\/","twitter_card":"summary_large_image","twitter_title":"Le Val d\u2019Ajol\u00a0: la mobilisation continue pour le maintien d\u2019un coll\u00e8ge - Remiremont Info","twitter_description":"Depuis l\u2019annonce par le Conseil D\u00e9partemental de la fermeture du Coll\u00e8ge du Val d&rsquo;Ajol, une forte mobilisation de parents et [&hellip;]","twitter_image":"https:\/\/vosgesinfo.fr\/app\/uploads\/sites\/5\/2024\/09\/202209306511836-10159254332268143-3174712043463894632-n.jpg","twitter_creator":"@VosgesInfo88","twitter_site":"@VosgesInfo88","twitter_misc":{"\u00c9crit par":"C D","Dur\u00e9e de lecture estim\u00e9e":"1 minute"},"schema":{"@context":"https:\/\/schema.org","@graph":[{"@type":"Article","@id":"https:\/\/vosgesinfo.fr\/remiremontinfo\/2022\/09\/val-dajol-mobilisation-continue-maintien-dun-college\/#article","isPartOf":{"@id":"https:\/\/vosgesinfo.fr\/remiremontinfo\/2022\/09\/val-dajol-mobilisation-continue-maintien-dun-college\/"},"author":{"name":"C D","@id":"https:\/\/vosgesinfo.fr\/remiremontinfo\/#\/schema\/person\/3bfd164d5218a185b1db68655a265316"},"headline":"Le Val d\u2019Ajol\u00a0: la mobilisation continue pour le maintien d\u2019un coll\u00e8ge","datePublished":"2022-09-13T08:02:35+00:00","dateModified":"2022-09-13T08:02:35+00:00","mainEntityOfPage":{"@id":"https:\/\/vosgesinfo.fr\/remiremontinfo\/2022\/09\/val-dajol-mobilisation-continue-maintien-dun-college\/"},"wordCount":280,"commentCount":0,"publisher":{"@id":"https:\/\/vosgesinfo.fr\/remiremontinfo\/#organization"},"image":{"@id":"https:\/\/vosgesinfo.fr\/remiremontinfo\/2022\/09\/val-dajol-mobilisation-continue-maintien-dun-college\/#primaryimage"},"thumbnailUrl":"https:\/\/vosgesinfo.fr\/app\/uploads\/sites\/5\/2024\/09\/202209306511836-10159254332268143-3174712043463894632-n.jpg","keywords":["coll\u00e8ge","fermeture","maintien","mobilisation","val d'ajol"],"articleSection":["A la Une","Enseignement","Le Val d'Ajol","Le Val-d'Ajol &amp; son canton"],"inLanguage":"fr-FR","potentialAction":[{"@type":"CommentAction","name":"Comment","target":["https:\/\/vosgesinfo.fr\/remiremontinfo\/2022\/09\/val-dajol-mobilisation-continue-maintien-dun-college\/#respond"]}]},{"@type":"WebPage","@id":"https:\/\/vosgesinfo.fr\/remiremontinfo\/2022\/09\/val-dajol-mobilisation-continue-maintien-dun-college\/","url":"https:\/\/vosgesinfo.fr\/remiremontinfo\/2022\/09\/val-dajol-mobilisation-continue-maintien-dun-college\/","name":"Le Val d\u2019Ajol\u00a0: la mobilisation continue pour le maintien d\u2019un coll\u00e8ge - Remiremont Info","isPartOf":{"@id":"https:\/\/vosgesinfo.fr\/remiremontinfo\/#website"},"primaryImageOfPage":{"@id":"https:\/\/vosgesinfo.fr\/remiremontinfo\/2022\/09\/val-dajol-mobilisation-continue-maintien-dun-college\/#primaryimage"},"image":{"@id":"https:\/\/vosgesinfo.fr\/remiremontinfo\/2022\/09\/val-dajol-mobilisation-continue-maintien-dun-college\/#primaryimage"},"thumbnailUrl":"https:\/\/vosgesinfo.fr\/app\/uploads\/sites\/5\/2024\/09\/202209306511836-10159254332268143-3174712043463894632-n.jpg","datePublished":"2022-09-13T08:02:35+00:00","dateModified":"2022-09-13T08:02:35+00:00","breadcrumb":{"@id":"https:\/\/vosgesinfo.fr\/remiremontinfo\/2022\/09\/val-dajol-mobilisation-continue-maintien-dun-college\/#breadcrumb"},"inLanguage":"fr-FR","potentialAction":[{"@type":"ReadAction","target":["https:\/\/vosgesinfo.fr\/remiremontinfo\/2022\/09\/val-dajol-mobilisation-continue-maintien-dun-college\/"]}]},{"@type":"ImageObject","inLanguage":"fr-FR","@id":"https:\/\/vosgesinfo.fr\/remiremontinfo\/2022\/09\/val-dajol-mobilisation-continue-maintien-dun-college\/#primaryimage","url":"https:\/\/vosgesinfo.fr\/app\/uploads\/sites\/5\/2024\/09\/202209306511836-10159254332268143-3174712043463894632-n.jpg","contentUrl":"https:\/\/vosgesinfo.fr\/app\/uploads\/sites\/5\/2024\/09\/202209306511836-10159254332268143-3174712043463894632-n.jpg","width":2048,"height":1536},{"@type":"BreadcrumbList","@id":"https:\/\/vosgesinfo.fr\/remiremontinfo\/2022\/09\/val-dajol-mobilisation-continue-maintien-dun-college\/#breadcrumb","itemListElement":[{"@type":"ListItem","position":1,"name":"Home","item":"https:\/\/vosgesinfo.fr\/remiremontinfo\/"},{"@type":"ListItem","position":2,"name":"Le Val d\u2019Ajol\u00a0: la mobilisation continue pour le maintien d\u2019un coll\u00e8ge"}]},{"@type":"WebSite","@id":"https:\/\/vosgesinfo.fr\/remiremontinfo\/#website","url":"https:\/\/vosgesinfo.fr\/remiremontinfo\/","name":"Remiremont Info","description":"Toute l&#039;actualit\u00e9 de Remiremont","publisher":{"@id":"https:\/\/vosgesinfo.fr\/remiremontinfo\/#organization"},"alternateName":"Toute l'actualit\u00e9 de Remiremont","potentialAction":[{"@type":"SearchAction","target":{"@type":"EntryPoint","urlTemplate":"https:\/\/vosgesinfo.fr\/remiremontinfo\/?s={search_term_string}"},"query-input":"required name=search_term_string"}],"inLanguage":"fr-FR"},{"@type":"Organization","@id":"https:\/\/vosgesinfo.fr\/remiremontinfo\/#organization","name":"Remiremont Info","url":"https:\/\/vosgesinfo.fr\/remiremontinfo\/","logo":{"@type":"ImageObject","inLanguage":"fr-FR","@id":"https:\/\/vosgesinfo.fr\/remiremontinfo\/#\/schema\/logo\/image\/","url":"https:\/\/vosgesinfo.fr\/app\/uploads\/sites\/5\/2023\/08\/favicon-remiremontinfo.png","contentUrl":"https:\/\/vosgesinfo.fr\/app\/uploads\/sites\/5\/2023\/08\/favicon-remiremontinfo.png","width":512,"height":512,"caption":"Remiremont Info"},"image":{"@id":"https:\/\/vosgesinfo.fr\/remiremontinfo\/#\/schema\/logo\/image\/"},"sameAs":["https:\/\/www.facebook.com\/remiremontinfo","https:\/\/x.com\/VosgesInfo88","https:\/\/www.youtube.com\/@vosgesinfo"]},{"@type":"Person","@id":"https:\/\/vosgesinfo.fr\/remiremontinfo\/#\/schema\/person\/3bfd164d5218a185b1db68655a265316","name":"C D","image":{"@type":"ImageObject","inLanguage":"fr-FR","@id":"https:\/\/vosgesinfo.fr\/remiremontinfo\/#\/schema\/person\/image\/","url":"https:\/\/secure.gravatar.com\/avatar\/1f9a70007336511a47468b8f1c66f922b8b7cf617b02a31149ada43893a5d48f?s=96&d=mm&r=g","contentUrl":"https:\/\/secure.gravatar.com\/avatar\/1f9a70007336511a47468b8f1c66f922b8b7cf617b02a31149ada43893a5d48f?s=96&d=mm&r=g","caption":"C D"},"url":"https:\/\/vosgesinfo.fr\/remiremontinfo\/author\/cedric-drevet\/"}]}},"_links":{"self":[{"href":"https:\/\/vosgesinfo.fr\/remiremontinfo\/wp-json\/wp\/v2\/posts\/61940","targetHints":{"allow":["GET"]}}],"collection":[{"href":"https:\/\/vosgesinfo.fr\/remiremontinfo\/wp-json\/wp\/v2\/posts"}],"about":[{"href":"https:\/\/vosgesinfo.fr\/remiremontinfo\/wp-json\/wp\/v2\/types\/post"}],"author":[{"embeddable":true,"href":"https:\/\/vosgesinfo.fr\/remiremontinfo\/wp-json\/wp\/v2\/users\/407"}],"replies":[{"embeddable":true,"href":"https:\/\/vosgesinfo.fr\/remiremontinfo\/wp-json\/wp\/v2\/comments?post=61940"}],"version-history":[{"count":0,"href":"https:\/\/vosgesinfo.fr\/remiremontinfo\/wp-json\/wp\/v2\/posts\/61940\/revisions"}],"wp:featuredmedia":[{"embeddable":true,"href":"https:\/\/vosgesinfo.fr\/remiremontinfo\/wp-json\/wp\/v2\/media\/61941"}],"wp:attachment":[{"href":"https:\/\/vosgesinfo.fr\/remiremontinfo\/wp-json\/wp\/v2\/media?parent=61940"}],"wp:term":[{"taxonomy":"category","embeddable":true,"href":"https:\/\/vosgesinfo.fr\/remiremontinfo\/wp-json\/wp\/v2\/categories?post=61940"},{"taxonomy":"post_tag","embeddable":true,"href":"https:\/\/vosgesinfo.fr\/remiremontinfo\/wp-json\/wp\/v2\/tags?post=61940"}],"curies":[{"name":"wp","href":"https:\/\/api.w.org\/{rel}","templated":true}]}}