{"id":61942,"date":"2022-09-13T07:54:48","date_gmt":"2022-09-13T05:54:48","guid":{"rendered":"https:\/\/vosgesinfo.fr\/remiremontinfo\/2022\/09\/college-val-dajol-transport-scolaire-vers-plombieres-question\/"},"modified":"2022-09-13T07:54:48","modified_gmt":"2022-09-13T05:54:48","slug":"college-val-dajol-transport-scolaire-vers-plombieres-question","status":"publish","type":"post","link":"https:\/\/vosgesinfo.fr\/remiremontinfo\/2022\/09\/college-val-dajol-transport-scolaire-vers-plombieres-question\/","title":{"rendered":"Coll\u00e8ge du Val d\u2019Ajol\u00a0: le transport scolaire vers Plombi\u00e8res en question"},"content":{"rendered":"<p><a href=\"\/2022\/09\/306516763_10159254327973143_745030205298178459_n.jpg\"><img decoding=\"async\" class=\"alignnone size-large wp-image-353613\" src=\"\/2022\/09\/306516763_10159254327973143_745030205298178459_n-1024x676.jpg\" alt=\"306516763_10159254327973143_745030205298178459_n\" width=\"960\" height=\"634\" \/><\/a><\/p>\n<h2><span style=\"font-size: 12pt;\"><strong>Depuis l\u2019annonce de la fermeture du coll\u00e8ge du Val d\u2019Ajol par le Conseil D\u00e9partemental, une importante mobilisation a lieu pour s\u2019opposer au d\u00e9part des \u00e9l\u00e8ves vers le site de Plombi\u00e8res. Parmi les sujets de pr\u00e9occupation\u00a0: le transport scolaire. La dur\u00e9e du trajet, la ponctualit\u00e9 des bus et les dangers sur la route entre les communes du Val d\u2019Ajol et de Plombi\u00e8res sont en question.<\/strong><\/span><\/h2>\n<p>Suite \u00e0 des accidents de voiture survenus sur la route emprunt\u00e9e par les transports scolaires entre le Val d\u2019Ajol et Plombi\u00e8re-les-Bains, des parents \u00e9voquent un probl\u00e8me de s\u00e9curit\u00e9. Par ailleurs, le temps de trajet pose probl\u00e8me. Un post Facebook sur la page du collectif \u00ab\u00a0Tous unis pour un coll\u00e8ge au Val d\u2019Ajol\u00a0\u00bb r\u00e9unit le t\u00e9moignage des parents concernant la longueur des temps de transport scolaire v\u00e9cues par leurs enfants : <a href=\"https:\/\/www.facebook.com\/groups\/tousunispouruncollegeauvaldajol\/permalink\/1062059714473309\">Tous unis pour un coll\u00e8ge au Val d\u2019Ajol<\/a>. \u00ab\u00a0Au-del\u00e0 des difficult\u00e9s de r\u00e9partition des lignes, les retours d\u00e9montrent que de nombreux coll\u00e9giens et coll\u00e9giennes accumulent 2h de transport scolaire par jour, parfois plus (jusqu\u2019\u00e0 3h !)\u00a0\u00bb, affirme un membre du collectif.<\/p>\n","protected":false},"excerpt":{"rendered":"<p>Depuis l\u2019annonce de la fermeture du coll\u00e8ge du Val d\u2019Ajol par le Conseil D\u00e9partemental, une importante mobilisation a lieu pour [&hellip;]<\/p>\n","protected":false},"author":407,"featured_media":61943,"comment_status":"open","ping_status":"open","sticky":false,"template":"","format":"standard","meta":{"footnotes":""},"categories":[26,165,121,82],"tags":[468,415,4678,145,4520,2957,32],"class_list":["post-61942","post","type-post","status-publish","format-standard","has-post-thumbnail","hentry","category-a-la-une","category-enseignement","category-le-val-dajol-le-val-dajol-son-canton","category-le-val-dajol-son-canton","tag-college","tag-ecole","tag-fermature","tag-le-val-dajol","tag-maintien","tag-transport-scolaire","tag-vosges"],"acf":[],"yoast_head":"<!-- This site is optimized with the Yoast SEO plugin v22.5 - https:\/\/yoast.com\/wordpress\/plugins\/seo\/ -->\n<title>Coll\u00e8ge du Val d\u2019Ajol\u00a0: le transport scolaire vers Plombi\u00e8res en question - Remiremont Info<\/title>\n<meta name=\"robots\" content=\"index, follow, max-snippet:-1, max-image-preview:large, max-video-preview:-1\" \/>\n<link rel=\"canonical\" href=\"https:\/\/vosgesinfo.fr\/remiremontinfo\/2022\/09\/college-val-dajol-transport-scolaire-vers-plombieres-question\/\" \/>\n<meta name=\"twitter:card\" content=\"summary_large_image\" \/>\n<meta name=\"twitter:title\" content=\"Coll\u00e8ge du Val d\u2019Ajol\u00a0: le transport scolaire vers Plombi\u00e8res en question - Remiremont Info\" \/>\n<meta name=\"twitter:description\" content=\"Depuis l\u2019annonce de la fermeture du coll\u00e8ge du Val d\u2019Ajol par le Conseil D\u00e9partemental, une importante mobilisation a lieu pour [&hellip;]\" \/>\n<meta name=\"twitter:image\" content=\"https:\/\/vosgesinfo.fr\/app\/uploads\/sites\/5\/2024\/09\/202209306516763-10159254327973143-745030205298178459-n.jpg\" \/>\n<meta name=\"twitter:creator\" content=\"@VosgesInfo88\" \/>\n<meta name=\"twitter:site\" content=\"@VosgesInfo88\" \/>\n<meta name=\"twitter:label1\" content=\"\u00c9crit par\" \/>\n\t<meta name=\"twitter:data1\" content=\"C D\" \/>\n\t<meta name=\"twitter:label2\" content=\"Dur\u00e9e de lecture estim\u00e9e\" \/>\n\t<meta name=\"twitter:data2\" content=\"1 minute\" \/>\n<script type=\"application\/ld+json\" class=\"yoast-schema-graph\">{\"@context\":\"https:\/\/schema.org\",\"@graph\":[{\"@type\":\"Article\",\"@id\":\"https:\/\/vosgesinfo.fr\/remiremontinfo\/2022\/09\/college-val-dajol-transport-scolaire-vers-plombieres-question\/#article\",\"isPartOf\":{\"@id\":\"https:\/\/vosgesinfo.fr\/remiremontinfo\/2022\/09\/college-val-dajol-transport-scolaire-vers-plombieres-question\/\"},\"author\":{\"name\":\"C D\",\"@id\":\"https:\/\/vosgesinfo.fr\/remiremontinfo\/#\/schema\/person\/3bfd164d5218a185b1db68655a265316\"},\"headline\":\"Coll\u00e8ge du Val d\u2019Ajol\u00a0: le transport scolaire vers Plombi\u00e8res en question\",\"datePublished\":\"2022-09-13T05:54:48+00:00\",\"dateModified\":\"2022-09-13T05:54:48+00:00\",\"mainEntityOfPage\":{\"@id\":\"https:\/\/vosgesinfo.fr\/remiremontinfo\/2022\/09\/college-val-dajol-transport-scolaire-vers-plombieres-question\/\"},\"wordCount\":216,\"commentCount\":0,\"publisher\":{\"@id\":\"https:\/\/vosgesinfo.fr\/remiremontinfo\/#organization\"},\"image\":{\"@id\":\"https:\/\/vosgesinfo.fr\/remiremontinfo\/2022\/09\/college-val-dajol-transport-scolaire-vers-plombieres-question\/#primaryimage\"},\"thumbnailUrl\":\"https:\/\/vosgesinfo.fr\/app\/uploads\/sites\/5\/2024\/09\/202209306516763-10159254327973143-745030205298178459-n.jpg\",\"keywords\":[\"coll\u00e8ge\",\"ecole\",\"fermature\",\"Le Val-d'Ajol\",\"maintien\",\"transport scolaire\",\"Vosges\"],\"articleSection\":[\"A la Une\",\"Enseignement\",\"Le Val d'Ajol\",\"Le Val-d'Ajol &amp; son canton\"],\"inLanguage\":\"fr-FR\",\"potentialAction\":[{\"@type\":\"CommentAction\",\"name\":\"Comment\",\"target\":[\"https:\/\/vosgesinfo.fr\/remiremontinfo\/2022\/09\/college-val-dajol-transport-scolaire-vers-plombieres-question\/#respond\"]}]},{\"@type\":\"WebPage\",\"@id\":\"https:\/\/vosgesinfo.fr\/remiremontinfo\/2022\/09\/college-val-dajol-transport-scolaire-vers-plombieres-question\/\",\"url\":\"https:\/\/vosgesinfo.fr\/remiremontinfo\/2022\/09\/college-val-dajol-transport-scolaire-vers-plombieres-question\/\",\"name\":\"Coll\u00e8ge du Val d\u2019Ajol\u00a0: le transport scolaire vers Plombi\u00e8res en question - Remiremont Info\",\"isPartOf\":{\"@id\":\"https:\/\/vosgesinfo.fr\/remiremontinfo\/#website\"},\"primaryImageOfPage\":{\"@id\":\"https:\/\/vosgesinfo.fr\/remiremontinfo\/2022\/09\/college-val-dajol-transport-scolaire-vers-plombieres-question\/#primaryimage\"},\"image\":{\"@id\":\"https:\/\/vosgesinfo.fr\/remiremontinfo\/2022\/09\/college-val-dajol-transport-scolaire-vers-plombieres-question\/#primaryimage\"},\"thumbnailUrl\":\"https:\/\/vosgesinfo.fr\/app\/uploads\/sites\/5\/2024\/09\/202209306516763-10159254327973143-745030205298178459-n.jpg\",\"datePublished\":\"2022-09-13T05:54:48+00:00\",\"dateModified\":\"2022-09-13T05:54:48+00:00\",\"breadcrumb\":{\"@id\":\"https:\/\/vosgesinfo.fr\/remiremontinfo\/2022\/09\/college-val-dajol-transport-scolaire-vers-plombieres-question\/#breadcrumb\"},\"inLanguage\":\"fr-FR\",\"potentialAction\":[{\"@type\":\"ReadAction\",\"target\":[\"https:\/\/vosgesinfo.fr\/remiremontinfo\/2022\/09\/college-val-dajol-transport-scolaire-vers-plombieres-question\/\"]}]},{\"@type\":\"ImageObject\",\"inLanguage\":\"fr-FR\",\"@id\":\"https:\/\/vosgesinfo.fr\/remiremontinfo\/2022\/09\/college-val-dajol-transport-scolaire-vers-plombieres-question\/#primaryimage\",\"url\":\"https:\/\/vosgesinfo.fr\/app\/uploads\/sites\/5\/2024\/09\/202209306516763-10159254327973143-745030205298178459-n.jpg\",\"contentUrl\":\"https:\/\/vosgesinfo.fr\/app\/uploads\/sites\/5\/2024\/09\/202209306516763-10159254327973143-745030205298178459-n.jpg\",\"width\":2048,\"height\":1351},{\"@type\":\"BreadcrumbList\",\"@id\":\"https:\/\/vosgesinfo.fr\/remiremontinfo\/2022\/09\/college-val-dajol-transport-scolaire-vers-plombieres-question\/#breadcrumb\",\"itemListElement\":[{\"@type\":\"ListItem\",\"position\":1,\"name\":\"Home\",\"item\":\"https:\/\/vosgesinfo.fr\/remiremontinfo\/\"},{\"@type\":\"ListItem\",\"position\":2,\"name\":\"Coll\u00e8ge du Val d\u2019Ajol\u00a0: le transport scolaire vers Plombi\u00e8res en question\"}]},{\"@type\":\"WebSite\",\"@id\":\"https:\/\/vosgesinfo.fr\/remiremontinfo\/#website\",\"url\":\"https:\/\/vosgesinfo.fr\/remiremontinfo\/\",\"name\":\"Remiremont Info\",\"description\":\"Toute l&#039;actualit\u00e9 de Remiremont\",\"publisher\":{\"@id\":\"https:\/\/vosgesinfo.fr\/remiremontinfo\/#organization\"},\"alternateName\":\"Toute l'actualit\u00e9 de Remiremont\",\"potentialAction\":[{\"@type\":\"SearchAction\",\"target\":{\"@type\":\"EntryPoint\",\"urlTemplate\":\"https:\/\/vosgesinfo.fr\/remiremontinfo\/?s={search_term_string}\"},\"query-input\":\"required name=search_term_string\"}],\"inLanguage\":\"fr-FR\"},{\"@type\":\"Organization\",\"@id\":\"https:\/\/vosgesinfo.fr\/remiremontinfo\/#organization\",\"name\":\"Remiremont Info\",\"url\":\"https:\/\/vosgesinfo.fr\/remiremontinfo\/\",\"logo\":{\"@type\":\"ImageObject\",\"inLanguage\":\"fr-FR\",\"@id\":\"https:\/\/vosgesinfo.fr\/remiremontinfo\/#\/schema\/logo\/image\/\",\"url\":\"https:\/\/vosgesinfo.fr\/app\/uploads\/sites\/5\/2023\/08\/favicon-remiremontinfo.png\",\"contentUrl\":\"https:\/\/vosgesinfo.fr\/app\/uploads\/sites\/5\/2023\/08\/favicon-remiremontinfo.png\",\"width\":512,\"height\":512,\"caption\":\"Remiremont Info\"},\"image\":{\"@id\":\"https:\/\/vosgesinfo.fr\/remiremontinfo\/#\/schema\/logo\/image\/\"},\"sameAs\":[\"https:\/\/www.facebook.com\/remiremontinfo\",\"https:\/\/x.com\/VosgesInfo88\",\"https:\/\/www.youtube.com\/@vosgesinfo\"]},{\"@type\":\"Person\",\"@id\":\"https:\/\/vosgesinfo.fr\/remiremontinfo\/#\/schema\/person\/3bfd164d5218a185b1db68655a265316\",\"name\":\"C D\",\"image\":{\"@type\":\"ImageObject\",\"inLanguage\":\"fr-FR\",\"@id\":\"https:\/\/vosgesinfo.fr\/remiremontinfo\/#\/schema\/person\/image\/\",\"url\":\"https:\/\/secure.gravatar.com\/avatar\/1f9a70007336511a47468b8f1c66f922b8b7cf617b02a31149ada43893a5d48f?s=96&d=mm&r=g\",\"contentUrl\":\"https:\/\/secure.gravatar.com\/avatar\/1f9a70007336511a47468b8f1c66f922b8b7cf617b02a31149ada43893a5d48f?s=96&d=mm&r=g\",\"caption\":\"C D\"},\"url\":\"https:\/\/vosgesinfo.fr\/remiremontinfo\/author\/cedric-drevet\/\"}]}<\/script>\n<!-- \/ Yoast SEO plugin. -->","yoast_head_json":{"title":"Coll\u00e8ge du Val d\u2019Ajol\u00a0: le transport scolaire vers Plombi\u00e8res en question - Remiremont Info","robots":{"index":"index","follow":"follow","max-snippet":"max-snippet:-1","max-image-preview":"max-image-preview:large","max-video-preview":"max-video-preview:-1"},"canonical":"https:\/\/vosgesinfo.fr\/remiremontinfo\/2022\/09\/college-val-dajol-transport-scolaire-vers-plombieres-question\/","twitter_card":"summary_large_image","twitter_title":"Coll\u00e8ge du Val d\u2019Ajol\u00a0: le transport scolaire vers Plombi\u00e8res en question - Remiremont Info","twitter_description":"Depuis l\u2019annonce de la fermeture du coll\u00e8ge du Val d\u2019Ajol par le Conseil D\u00e9partemental, une importante mobilisation a lieu pour [&hellip;]","twitter_image":"https:\/\/vosgesinfo.fr\/app\/uploads\/sites\/5\/2024\/09\/202209306516763-10159254327973143-745030205298178459-n.jpg","twitter_creator":"@VosgesInfo88","twitter_site":"@VosgesInfo88","twitter_misc":{"\u00c9crit par":"C D","Dur\u00e9e de lecture estim\u00e9e":"1 minute"},"schema":{"@context":"https:\/\/schema.org","@graph":[{"@type":"Article","@id":"https:\/\/vosgesinfo.fr\/remiremontinfo\/2022\/09\/college-val-dajol-transport-scolaire-vers-plombieres-question\/#article","isPartOf":{"@id":"https:\/\/vosgesinfo.fr\/remiremontinfo\/2022\/09\/college-val-dajol-transport-scolaire-vers-plombieres-question\/"},"author":{"name":"C D","@id":"https:\/\/vosgesinfo.fr\/remiremontinfo\/#\/schema\/person\/3bfd164d5218a185b1db68655a265316"},"headline":"Coll\u00e8ge du Val d\u2019Ajol\u00a0: le transport scolaire vers Plombi\u00e8res en question","datePublished":"2022-09-13T05:54:48+00:00","dateModified":"2022-09-13T05:54:48+00:00","mainEntityOfPage":{"@id":"https:\/\/vosgesinfo.fr\/remiremontinfo\/2022\/09\/college-val-dajol-transport-scolaire-vers-plombieres-question\/"},"wordCount":216,"commentCount":0,"publisher":{"@id":"https:\/\/vosgesinfo.fr\/remiremontinfo\/#organization"},"image":{"@id":"https:\/\/vosgesinfo.fr\/remiremontinfo\/2022\/09\/college-val-dajol-transport-scolaire-vers-plombieres-question\/#primaryimage"},"thumbnailUrl":"https:\/\/vosgesinfo.fr\/app\/uploads\/sites\/5\/2024\/09\/202209306516763-10159254327973143-745030205298178459-n.jpg","keywords":["coll\u00e8ge","ecole","fermature","Le Val-d'Ajol","maintien","transport scolaire","Vosges"],"articleSection":["A la Une","Enseignement","Le Val d'Ajol","Le Val-d'Ajol &amp; son canton"],"inLanguage":"fr-FR","potentialAction":[{"@type":"CommentAction","name":"Comment","target":["https:\/\/vosgesinfo.fr\/remiremontinfo\/2022\/09\/college-val-dajol-transport-scolaire-vers-plombieres-question\/#respond"]}]},{"@type":"WebPage","@id":"https:\/\/vosgesinfo.fr\/remiremontinfo\/2022\/09\/college-val-dajol-transport-scolaire-vers-plombieres-question\/","url":"https:\/\/vosgesinfo.fr\/remiremontinfo\/2022\/09\/college-val-dajol-transport-scolaire-vers-plombieres-question\/","name":"Coll\u00e8ge du Val d\u2019Ajol\u00a0: le transport scolaire vers Plombi\u00e8res en question - Remiremont Info","isPartOf":{"@id":"https:\/\/vosgesinfo.fr\/remiremontinfo\/#website"},"primaryImageOfPage":{"@id":"https:\/\/vosgesinfo.fr\/remiremontinfo\/2022\/09\/college-val-dajol-transport-scolaire-vers-plombieres-question\/#primaryimage"},"image":{"@id":"https:\/\/vosgesinfo.fr\/remiremontinfo\/2022\/09\/college-val-dajol-transport-scolaire-vers-plombieres-question\/#primaryimage"},"thumbnailUrl":"https:\/\/vosgesinfo.fr\/app\/uploads\/sites\/5\/2024\/09\/202209306516763-10159254327973143-745030205298178459-n.jpg","datePublished":"2022-09-13T05:54:48+00:00","dateModified":"2022-09-13T05:54:48+00:00","breadcrumb":{"@id":"https:\/\/vosgesinfo.fr\/remiremontinfo\/2022\/09\/college-val-dajol-transport-scolaire-vers-plombieres-question\/#breadcrumb"},"inLanguage":"fr-FR","potentialAction":[{"@type":"ReadAction","target":["https:\/\/vosgesinfo.fr\/remiremontinfo\/2022\/09\/college-val-dajol-transport-scolaire-vers-plombieres-question\/"]}]},{"@type":"ImageObject","inLanguage":"fr-FR","@id":"https:\/\/vosgesinfo.fr\/remiremontinfo\/2022\/09\/college-val-dajol-transport-scolaire-vers-plombieres-question\/#primaryimage","url":"https:\/\/vosgesinfo.fr\/app\/uploads\/sites\/5\/2024\/09\/202209306516763-10159254327973143-745030205298178459-n.jpg","contentUrl":"https:\/\/vosgesinfo.fr\/app\/uploads\/sites\/5\/2024\/09\/202209306516763-10159254327973143-745030205298178459-n.jpg","width":2048,"height":1351},{"@type":"BreadcrumbList","@id":"https:\/\/vosgesinfo.fr\/remiremontinfo\/2022\/09\/college-val-dajol-transport-scolaire-vers-plombieres-question\/#breadcrumb","itemListElement":[{"@type":"ListItem","position":1,"name":"Home","item":"https:\/\/vosgesinfo.fr\/remiremontinfo\/"},{"@type":"ListItem","position":2,"name":"Coll\u00e8ge du Val d\u2019Ajol\u00a0: le transport scolaire vers Plombi\u00e8res en question"}]},{"@type":"WebSite","@id":"https:\/\/vosgesinfo.fr\/remiremontinfo\/#website","url":"https:\/\/vosgesinfo.fr\/remiremontinfo\/","name":"Remiremont Info","description":"Toute l&#039;actualit\u00e9 de Remiremont","publisher":{"@id":"https:\/\/vosgesinfo.fr\/remiremontinfo\/#organization"},"alternateName":"Toute l'actualit\u00e9 de Remiremont","potentialAction":[{"@type":"SearchAction","target":{"@type":"EntryPoint","urlTemplate":"https:\/\/vosgesinfo.fr\/remiremontinfo\/?s={search_term_string}"},"query-input":"required name=search_term_string"}],"inLanguage":"fr-FR"},{"@type":"Organization","@id":"https:\/\/vosgesinfo.fr\/remiremontinfo\/#organization","name":"Remiremont Info","url":"https:\/\/vosgesinfo.fr\/remiremontinfo\/","logo":{"@type":"ImageObject","inLanguage":"fr-FR","@id":"https:\/\/vosgesinfo.fr\/remiremontinfo\/#\/schema\/logo\/image\/","url":"https:\/\/vosgesinfo.fr\/app\/uploads\/sites\/5\/2023\/08\/favicon-remiremontinfo.png","contentUrl":"https:\/\/vosgesinfo.fr\/app\/uploads\/sites\/5\/2023\/08\/favicon-remiremontinfo.png","width":512,"height":512,"caption":"Remiremont Info"},"image":{"@id":"https:\/\/vosgesinfo.fr\/remiremontinfo\/#\/schema\/logo\/image\/"},"sameAs":["https:\/\/www.facebook.com\/remiremontinfo","https:\/\/x.com\/VosgesInfo88","https:\/\/www.youtube.com\/@vosgesinfo"]},{"@type":"Person","@id":"https:\/\/vosgesinfo.fr\/remiremontinfo\/#\/schema\/person\/3bfd164d5218a185b1db68655a265316","name":"C D","image":{"@type":"ImageObject","inLanguage":"fr-FR","@id":"https:\/\/vosgesinfo.fr\/remiremontinfo\/#\/schema\/person\/image\/","url":"https:\/\/secure.gravatar.com\/avatar\/1f9a70007336511a47468b8f1c66f922b8b7cf617b02a31149ada43893a5d48f?s=96&d=mm&r=g","contentUrl":"https:\/\/secure.gravatar.com\/avatar\/1f9a70007336511a47468b8f1c66f922b8b7cf617b02a31149ada43893a5d48f?s=96&d=mm&r=g","caption":"C D"},"url":"https:\/\/vosgesinfo.fr\/remiremontinfo\/author\/cedric-drevet\/"}]}},"_links":{"self":[{"href":"https:\/\/vosgesinfo.fr\/remiremontinfo\/wp-json\/wp\/v2\/posts\/61942","targetHints":{"allow":["GET"]}}],"collection":[{"href":"https:\/\/vosgesinfo.fr\/remiremontinfo\/wp-json\/wp\/v2\/posts"}],"about":[{"href":"https:\/\/vosgesinfo.fr\/remiremontinfo\/wp-json\/wp\/v2\/types\/post"}],"author":[{"embeddable":true,"href":"https:\/\/vosgesinfo.fr\/remiremontinfo\/wp-json\/wp\/v2\/users\/407"}],"replies":[{"embeddable":true,"href":"https:\/\/vosgesinfo.fr\/remiremontinfo\/wp-json\/wp\/v2\/comments?post=61942"}],"version-history":[{"count":0,"href":"https:\/\/vosgesinfo.fr\/remiremontinfo\/wp-json\/wp\/v2\/posts\/61942\/revisions"}],"wp:featuredmedia":[{"embeddable":true,"href":"https:\/\/vosgesinfo.fr\/remiremontinfo\/wp-json\/wp\/v2\/media\/61943"}],"wp:attachment":[{"href":"https:\/\/vosgesinfo.fr\/remiremontinfo\/wp-json\/wp\/v2\/media?parent=61942"}],"wp:term":[{"taxonomy":"category","embeddable":true,"href":"https:\/\/vosgesinfo.fr\/remiremontinfo\/wp-json\/wp\/v2\/categories?post=61942"},{"taxonomy":"post_tag","embeddable":true,"href":"https:\/\/vosgesinfo.fr\/remiremontinfo\/wp-json\/wp\/v2\/tags?post=61942"}],"curies":[{"name":"wp","href":"https:\/\/api.w.org\/{rel}","templated":true}]}}