{"id":61949,"date":"2022-09-13T05:57:34","date_gmt":"2022-09-13T03:57:34","guid":{"rendered":"https:\/\/vosgesinfo.fr\/remiremontinfo\/2022\/09\/stop-linky-5g-88-engage-recours-contre-deliberation-de-commission-de-regulation-de-lenergie\/"},"modified":"2022-09-13T05:57:34","modified_gmt":"2022-09-13T03:57:34","slug":"stop-linky-5g-88-engage-recours-contre-deliberation-de-commission-de-regulation-de-lenergie","status":"publish","type":"post","link":"https:\/\/vosgesinfo.fr\/remiremontinfo\/2022\/09\/stop-linky-5g-88-engage-recours-contre-deliberation-de-commission-de-regulation-de-lenergie\/","title":{"rendered":"Stop linky-5G 88 engage un recours contre la d\u00e9lib\u00e9ration de la Commission de R\u00e9gulation de l\u2019Energie"},"content":{"rendered":"<h2>La Commission de r\u00e9gulation de l\u2019\u00e9nergie souhaite instaurer une facturation \u00e0 partir de 2023 pour inciter\u00a0chaque usager pour lequel le dispositif n\u2019est pas pos\u00e9, \u00e0 franchir le pas de l\u2019installation. Stop linky-5G 88 a d\u00e9cid\u00e9 d\u2019engager un recours contre la d\u00e9lib\u00e9ration de la Commission de R\u00e9gulation de l\u2019Energie\u00a0du 17 mars 2022.\u00a0Dominique Humbert, pr\u00e9sident de Stop linky-5G 88, a souhait\u00e9 s\u2019exprimer via un communiqu\u00e9.<\/h2>\n<p>Communiqu\u00e9<br \/>\n<em>\u00ab\u00a0Apr\u00e8s avoir utilis\u00e9 tous les moyens, de la menace aux mensonges, en passant\u00a0<\/em><em>par l\u2019intimidation pour convaincre les usagers du service public de la<\/em><br \/>\n<em>distribution d\u2019\u00e9lectricit\u00e9, d\u2019accepter le remplacement de leur compteur\u00a0<\/em><em>\u00e9lectrique par le compteur linky, la soci\u00e9t\u00e9 Enedis est dans l\u2019obligation de<\/em><br \/>\n<em>constater que plus de 3,5 millions de foyers ont refus\u00e9 de se soumettre \u00e0 son\u00a0<\/em><em>diktat.<\/em><\/p>\n<p><em>C\u2019est dans ce contexte que la Commission de R\u00e9gulation de l\u2019\u00c9nergie\u00a0<\/em><em>(CRE) a adopt\u00e9 une d\u00e9lib\u00e9ration le 17 mars 2022, laquelle a<\/em><\/p>\n","protected":false},"excerpt":{"rendered":"<p>La Commission de r\u00e9gulation de l\u2019\u00e9nergie souhaite instaurer une facturation \u00e0 partir de 2023 pour inciter\u00a0chaque usager pour lequel le [&hellip;]<\/p>\n","protected":false},"author":407,"featured_media":61950,"comment_status":"open","ping_status":"open","sticky":false,"template":"","format":"standard","meta":{"footnotes":""},"categories":[26,18],"tags":[3225,4681,32],"class_list":["post-61949","post","type-post","status-publish","format-standard","has-post-thumbnail","hentry","category-a-la-une","category-vosges","tag-linky","tag-stop","tag-vosges"],"acf":[],"yoast_head":"<!-- This site is optimized with the Yoast SEO plugin v22.5 - https:\/\/yoast.com\/wordpress\/plugins\/seo\/ -->\n<title>Stop linky-5G 88 engage un recours contre la d\u00e9lib\u00e9ration de la Commission de R\u00e9gulation de l\u2019Energie - Remiremont Info<\/title>\n<meta name=\"robots\" content=\"index, follow, max-snippet:-1, max-image-preview:large, max-video-preview:-1\" \/>\n<link rel=\"canonical\" href=\"https:\/\/vosgesinfo.fr\/remiremontinfo\/2022\/09\/stop-linky-5g-88-engage-recours-contre-deliberation-de-commission-de-regulation-de-lenergie\/\" \/>\n<meta name=\"twitter:card\" content=\"summary_large_image\" \/>\n<meta name=\"twitter:title\" content=\"Stop linky-5G 88 engage un recours contre la d\u00e9lib\u00e9ration de la Commission de R\u00e9gulation de l\u2019Energie - Remiremont Info\" \/>\n<meta name=\"twitter:description\" content=\"La Commission de r\u00e9gulation de l\u2019\u00e9nergie souhaite instaurer une facturation \u00e0 partir de 2023 pour inciter\u00a0chaque usager pour lequel le [&hellip;]\" \/>\n<meta name=\"twitter:image\" content=\"https:\/\/vosgesinfo.fr\/app\/uploads\/sites\/5\/2024\/09\/202209compteur-linky-edf-1200-681x510-1.jpg\" \/>\n<meta name=\"twitter:creator\" content=\"@VosgesInfo88\" \/>\n<meta name=\"twitter:site\" content=\"@VosgesInfo88\" \/>\n<meta name=\"twitter:label1\" content=\"\u00c9crit par\" \/>\n\t<meta name=\"twitter:data1\" content=\"C D\" \/>\n\t<meta name=\"twitter:label2\" content=\"Dur\u00e9e de lecture estim\u00e9e\" \/>\n\t<meta name=\"twitter:data2\" content=\"1 minute\" \/>\n<script type=\"application\/ld+json\" class=\"yoast-schema-graph\">{\"@context\":\"https:\/\/schema.org\",\"@graph\":[{\"@type\":\"Article\",\"@id\":\"https:\/\/vosgesinfo.fr\/remiremontinfo\/2022\/09\/stop-linky-5g-88-engage-recours-contre-deliberation-de-commission-de-regulation-de-lenergie\/#article\",\"isPartOf\":{\"@id\":\"https:\/\/vosgesinfo.fr\/remiremontinfo\/2022\/09\/stop-linky-5g-88-engage-recours-contre-deliberation-de-commission-de-regulation-de-lenergie\/\"},\"author\":{\"name\":\"C D\",\"@id\":\"https:\/\/vosgesinfo.fr\/remiremontinfo\/#\/schema\/person\/3bfd164d5218a185b1db68655a265316\"},\"headline\":\"Stop linky-5G 88 engage un recours contre la d\u00e9lib\u00e9ration de la Commission de R\u00e9gulation de l\u2019Energie\",\"datePublished\":\"2022-09-13T03:57:34+00:00\",\"dateModified\":\"2022-09-13T03:57:34+00:00\",\"mainEntityOfPage\":{\"@id\":\"https:\/\/vosgesinfo.fr\/remiremontinfo\/2022\/09\/stop-linky-5g-88-engage-recours-contre-deliberation-de-commission-de-regulation-de-lenergie\/\"},\"wordCount\":183,\"commentCount\":0,\"publisher\":{\"@id\":\"https:\/\/vosgesinfo.fr\/remiremontinfo\/#organization\"},\"image\":{\"@id\":\"https:\/\/vosgesinfo.fr\/remiremontinfo\/2022\/09\/stop-linky-5g-88-engage-recours-contre-deliberation-de-commission-de-regulation-de-lenergie\/#primaryimage\"},\"thumbnailUrl\":\"https:\/\/vosgesinfo.fr\/app\/uploads\/sites\/5\/2024\/09\/202209compteur-linky-edf-1200-681x510-1.jpg\",\"keywords\":[\"linky\",\"stop\",\"Vosges\"],\"articleSection\":[\"A la Une\",\"Vosges\"],\"inLanguage\":\"fr-FR\",\"potentialAction\":[{\"@type\":\"CommentAction\",\"name\":\"Comment\",\"target\":[\"https:\/\/vosgesinfo.fr\/remiremontinfo\/2022\/09\/stop-linky-5g-88-engage-recours-contre-deliberation-de-commission-de-regulation-de-lenergie\/#respond\"]}]},{\"@type\":\"WebPage\",\"@id\":\"https:\/\/vosgesinfo.fr\/remiremontinfo\/2022\/09\/stop-linky-5g-88-engage-recours-contre-deliberation-de-commission-de-regulation-de-lenergie\/\",\"url\":\"https:\/\/vosgesinfo.fr\/remiremontinfo\/2022\/09\/stop-linky-5g-88-engage-recours-contre-deliberation-de-commission-de-regulation-de-lenergie\/\",\"name\":\"Stop linky-5G 88 engage un recours contre la d\u00e9lib\u00e9ration de la Commission de R\u00e9gulation de l\u2019Energie - Remiremont Info\",\"isPartOf\":{\"@id\":\"https:\/\/vosgesinfo.fr\/remiremontinfo\/#website\"},\"primaryImageOfPage\":{\"@id\":\"https:\/\/vosgesinfo.fr\/remiremontinfo\/2022\/09\/stop-linky-5g-88-engage-recours-contre-deliberation-de-commission-de-regulation-de-lenergie\/#primaryimage\"},\"image\":{\"@id\":\"https:\/\/vosgesinfo.fr\/remiremontinfo\/2022\/09\/stop-linky-5g-88-engage-recours-contre-deliberation-de-commission-de-regulation-de-lenergie\/#primaryimage\"},\"thumbnailUrl\":\"https:\/\/vosgesinfo.fr\/app\/uploads\/sites\/5\/2024\/09\/202209compteur-linky-edf-1200-681x510-1.jpg\",\"datePublished\":\"2022-09-13T03:57:34+00:00\",\"dateModified\":\"2022-09-13T03:57:34+00:00\",\"breadcrumb\":{\"@id\":\"https:\/\/vosgesinfo.fr\/remiremontinfo\/2022\/09\/stop-linky-5g-88-engage-recours-contre-deliberation-de-commission-de-regulation-de-lenergie\/#breadcrumb\"},\"inLanguage\":\"fr-FR\",\"potentialAction\":[{\"@type\":\"ReadAction\",\"target\":[\"https:\/\/vosgesinfo.fr\/remiremontinfo\/2022\/09\/stop-linky-5g-88-engage-recours-contre-deliberation-de-commission-de-regulation-de-lenergie\/\"]}]},{\"@type\":\"ImageObject\",\"inLanguage\":\"fr-FR\",\"@id\":\"https:\/\/vosgesinfo.fr\/remiremontinfo\/2022\/09\/stop-linky-5g-88-engage-recours-contre-deliberation-de-commission-de-regulation-de-lenergie\/#primaryimage\",\"url\":\"https:\/\/vosgesinfo.fr\/app\/uploads\/sites\/5\/2024\/09\/202209compteur-linky-edf-1200-681x510-1.jpg\",\"contentUrl\":\"https:\/\/vosgesinfo.fr\/app\/uploads\/sites\/5\/2024\/09\/202209compteur-linky-edf-1200-681x510-1.jpg\",\"width\":681,\"height\":510},{\"@type\":\"BreadcrumbList\",\"@id\":\"https:\/\/vosgesinfo.fr\/remiremontinfo\/2022\/09\/stop-linky-5g-88-engage-recours-contre-deliberation-de-commission-de-regulation-de-lenergie\/#breadcrumb\",\"itemListElement\":[{\"@type\":\"ListItem\",\"position\":1,\"name\":\"Home\",\"item\":\"https:\/\/vosgesinfo.fr\/remiremontinfo\/\"},{\"@type\":\"ListItem\",\"position\":2,\"name\":\"Stop linky-5G 88 engage un recours contre la d\u00e9lib\u00e9ration de la Commission de R\u00e9gulation de l\u2019Energie\"}]},{\"@type\":\"WebSite\",\"@id\":\"https:\/\/vosgesinfo.fr\/remiremontinfo\/#website\",\"url\":\"https:\/\/vosgesinfo.fr\/remiremontinfo\/\",\"name\":\"Remiremont Info\",\"description\":\"Toute l&#039;actualit\u00e9 de Remiremont\",\"publisher\":{\"@id\":\"https:\/\/vosgesinfo.fr\/remiremontinfo\/#organization\"},\"alternateName\":\"Toute l'actualit\u00e9 de Remiremont\",\"potentialAction\":[{\"@type\":\"SearchAction\",\"target\":{\"@type\":\"EntryPoint\",\"urlTemplate\":\"https:\/\/vosgesinfo.fr\/remiremontinfo\/?s={search_term_string}\"},\"query-input\":\"required name=search_term_string\"}],\"inLanguage\":\"fr-FR\"},{\"@type\":\"Organization\",\"@id\":\"https:\/\/vosgesinfo.fr\/remiremontinfo\/#organization\",\"name\":\"Remiremont Info\",\"url\":\"https:\/\/vosgesinfo.fr\/remiremontinfo\/\",\"logo\":{\"@type\":\"ImageObject\",\"inLanguage\":\"fr-FR\",\"@id\":\"https:\/\/vosgesinfo.fr\/remiremontinfo\/#\/schema\/logo\/image\/\",\"url\":\"https:\/\/vosgesinfo.fr\/app\/uploads\/sites\/5\/2023\/08\/favicon-remiremontinfo.png\",\"contentUrl\":\"https:\/\/vosgesinfo.fr\/app\/uploads\/sites\/5\/2023\/08\/favicon-remiremontinfo.png\",\"width\":512,\"height\":512,\"caption\":\"Remiremont Info\"},\"image\":{\"@id\":\"https:\/\/vosgesinfo.fr\/remiremontinfo\/#\/schema\/logo\/image\/\"},\"sameAs\":[\"https:\/\/www.facebook.com\/remiremontinfo\",\"https:\/\/x.com\/VosgesInfo88\",\"https:\/\/www.youtube.com\/@vosgesinfo\"]},{\"@type\":\"Person\",\"@id\":\"https:\/\/vosgesinfo.fr\/remiremontinfo\/#\/schema\/person\/3bfd164d5218a185b1db68655a265316\",\"name\":\"C D\",\"image\":{\"@type\":\"ImageObject\",\"inLanguage\":\"fr-FR\",\"@id\":\"https:\/\/vosgesinfo.fr\/remiremontinfo\/#\/schema\/person\/image\/\",\"url\":\"https:\/\/secure.gravatar.com\/avatar\/1f9a70007336511a47468b8f1c66f922b8b7cf617b02a31149ada43893a5d48f?s=96&d=mm&r=g\",\"contentUrl\":\"https:\/\/secure.gravatar.com\/avatar\/1f9a70007336511a47468b8f1c66f922b8b7cf617b02a31149ada43893a5d48f?s=96&d=mm&r=g\",\"caption\":\"C D\"},\"url\":\"https:\/\/vosgesinfo.fr\/remiremontinfo\/author\/cedric-drevet\/\"}]}<\/script>\n<!-- \/ Yoast SEO plugin. -->","yoast_head_json":{"title":"Stop linky-5G 88 engage un recours contre la d\u00e9lib\u00e9ration de la Commission de R\u00e9gulation de l\u2019Energie - Remiremont Info","robots":{"index":"index","follow":"follow","max-snippet":"max-snippet:-1","max-image-preview":"max-image-preview:large","max-video-preview":"max-video-preview:-1"},"canonical":"https:\/\/vosgesinfo.fr\/remiremontinfo\/2022\/09\/stop-linky-5g-88-engage-recours-contre-deliberation-de-commission-de-regulation-de-lenergie\/","twitter_card":"summary_large_image","twitter_title":"Stop linky-5G 88 engage un recours contre la d\u00e9lib\u00e9ration de la Commission de R\u00e9gulation de l\u2019Energie - Remiremont Info","twitter_description":"La Commission de r\u00e9gulation de l\u2019\u00e9nergie souhaite instaurer une facturation \u00e0 partir de 2023 pour inciter\u00a0chaque usager pour lequel le [&hellip;]","twitter_image":"https:\/\/vosgesinfo.fr\/app\/uploads\/sites\/5\/2024\/09\/202209compteur-linky-edf-1200-681x510-1.jpg","twitter_creator":"@VosgesInfo88","twitter_site":"@VosgesInfo88","twitter_misc":{"\u00c9crit par":"C D","Dur\u00e9e de lecture estim\u00e9e":"1 minute"},"schema":{"@context":"https:\/\/schema.org","@graph":[{"@type":"Article","@id":"https:\/\/vosgesinfo.fr\/remiremontinfo\/2022\/09\/stop-linky-5g-88-engage-recours-contre-deliberation-de-commission-de-regulation-de-lenergie\/#article","isPartOf":{"@id":"https:\/\/vosgesinfo.fr\/remiremontinfo\/2022\/09\/stop-linky-5g-88-engage-recours-contre-deliberation-de-commission-de-regulation-de-lenergie\/"},"author":{"name":"C D","@id":"https:\/\/vosgesinfo.fr\/remiremontinfo\/#\/schema\/person\/3bfd164d5218a185b1db68655a265316"},"headline":"Stop linky-5G 88 engage un recours contre la d\u00e9lib\u00e9ration de la Commission de R\u00e9gulation de l\u2019Energie","datePublished":"2022-09-13T03:57:34+00:00","dateModified":"2022-09-13T03:57:34+00:00","mainEntityOfPage":{"@id":"https:\/\/vosgesinfo.fr\/remiremontinfo\/2022\/09\/stop-linky-5g-88-engage-recours-contre-deliberation-de-commission-de-regulation-de-lenergie\/"},"wordCount":183,"commentCount":0,"publisher":{"@id":"https:\/\/vosgesinfo.fr\/remiremontinfo\/#organization"},"image":{"@id":"https:\/\/vosgesinfo.fr\/remiremontinfo\/2022\/09\/stop-linky-5g-88-engage-recours-contre-deliberation-de-commission-de-regulation-de-lenergie\/#primaryimage"},"thumbnailUrl":"https:\/\/vosgesinfo.fr\/app\/uploads\/sites\/5\/2024\/09\/202209compteur-linky-edf-1200-681x510-1.jpg","keywords":["linky","stop","Vosges"],"articleSection":["A la Une","Vosges"],"inLanguage":"fr-FR","potentialAction":[{"@type":"CommentAction","name":"Comment","target":["https:\/\/vosgesinfo.fr\/remiremontinfo\/2022\/09\/stop-linky-5g-88-engage-recours-contre-deliberation-de-commission-de-regulation-de-lenergie\/#respond"]}]},{"@type":"WebPage","@id":"https:\/\/vosgesinfo.fr\/remiremontinfo\/2022\/09\/stop-linky-5g-88-engage-recours-contre-deliberation-de-commission-de-regulation-de-lenergie\/","url":"https:\/\/vosgesinfo.fr\/remiremontinfo\/2022\/09\/stop-linky-5g-88-engage-recours-contre-deliberation-de-commission-de-regulation-de-lenergie\/","name":"Stop linky-5G 88 engage un recours contre la d\u00e9lib\u00e9ration de la Commission de R\u00e9gulation de l\u2019Energie - Remiremont Info","isPartOf":{"@id":"https:\/\/vosgesinfo.fr\/remiremontinfo\/#website"},"primaryImageOfPage":{"@id":"https:\/\/vosgesinfo.fr\/remiremontinfo\/2022\/09\/stop-linky-5g-88-engage-recours-contre-deliberation-de-commission-de-regulation-de-lenergie\/#primaryimage"},"image":{"@id":"https:\/\/vosgesinfo.fr\/remiremontinfo\/2022\/09\/stop-linky-5g-88-engage-recours-contre-deliberation-de-commission-de-regulation-de-lenergie\/#primaryimage"},"thumbnailUrl":"https:\/\/vosgesinfo.fr\/app\/uploads\/sites\/5\/2024\/09\/202209compteur-linky-edf-1200-681x510-1.jpg","datePublished":"2022-09-13T03:57:34+00:00","dateModified":"2022-09-13T03:57:34+00:00","breadcrumb":{"@id":"https:\/\/vosgesinfo.fr\/remiremontinfo\/2022\/09\/stop-linky-5g-88-engage-recours-contre-deliberation-de-commission-de-regulation-de-lenergie\/#breadcrumb"},"inLanguage":"fr-FR","potentialAction":[{"@type":"ReadAction","target":["https:\/\/vosgesinfo.fr\/remiremontinfo\/2022\/09\/stop-linky-5g-88-engage-recours-contre-deliberation-de-commission-de-regulation-de-lenergie\/"]}]},{"@type":"ImageObject","inLanguage":"fr-FR","@id":"https:\/\/vosgesinfo.fr\/remiremontinfo\/2022\/09\/stop-linky-5g-88-engage-recours-contre-deliberation-de-commission-de-regulation-de-lenergie\/#primaryimage","url":"https:\/\/vosgesinfo.fr\/app\/uploads\/sites\/5\/2024\/09\/202209compteur-linky-edf-1200-681x510-1.jpg","contentUrl":"https:\/\/vosgesinfo.fr\/app\/uploads\/sites\/5\/2024\/09\/202209compteur-linky-edf-1200-681x510-1.jpg","width":681,"height":510},{"@type":"BreadcrumbList","@id":"https:\/\/vosgesinfo.fr\/remiremontinfo\/2022\/09\/stop-linky-5g-88-engage-recours-contre-deliberation-de-commission-de-regulation-de-lenergie\/#breadcrumb","itemListElement":[{"@type":"ListItem","position":1,"name":"Home","item":"https:\/\/vosgesinfo.fr\/remiremontinfo\/"},{"@type":"ListItem","position":2,"name":"Stop linky-5G 88 engage un recours contre la d\u00e9lib\u00e9ration de la Commission de R\u00e9gulation de l\u2019Energie"}]},{"@type":"WebSite","@id":"https:\/\/vosgesinfo.fr\/remiremontinfo\/#website","url":"https:\/\/vosgesinfo.fr\/remiremontinfo\/","name":"Remiremont Info","description":"Toute l&#039;actualit\u00e9 de Remiremont","publisher":{"@id":"https:\/\/vosgesinfo.fr\/remiremontinfo\/#organization"},"alternateName":"Toute l'actualit\u00e9 de Remiremont","potentialAction":[{"@type":"SearchAction","target":{"@type":"EntryPoint","urlTemplate":"https:\/\/vosgesinfo.fr\/remiremontinfo\/?s={search_term_string}"},"query-input":"required name=search_term_string"}],"inLanguage":"fr-FR"},{"@type":"Organization","@id":"https:\/\/vosgesinfo.fr\/remiremontinfo\/#organization","name":"Remiremont Info","url":"https:\/\/vosgesinfo.fr\/remiremontinfo\/","logo":{"@type":"ImageObject","inLanguage":"fr-FR","@id":"https:\/\/vosgesinfo.fr\/remiremontinfo\/#\/schema\/logo\/image\/","url":"https:\/\/vosgesinfo.fr\/app\/uploads\/sites\/5\/2023\/08\/favicon-remiremontinfo.png","contentUrl":"https:\/\/vosgesinfo.fr\/app\/uploads\/sites\/5\/2023\/08\/favicon-remiremontinfo.png","width":512,"height":512,"caption":"Remiremont Info"},"image":{"@id":"https:\/\/vosgesinfo.fr\/remiremontinfo\/#\/schema\/logo\/image\/"},"sameAs":["https:\/\/www.facebook.com\/remiremontinfo","https:\/\/x.com\/VosgesInfo88","https:\/\/www.youtube.com\/@vosgesinfo"]},{"@type":"Person","@id":"https:\/\/vosgesinfo.fr\/remiremontinfo\/#\/schema\/person\/3bfd164d5218a185b1db68655a265316","name":"C D","image":{"@type":"ImageObject","inLanguage":"fr-FR","@id":"https:\/\/vosgesinfo.fr\/remiremontinfo\/#\/schema\/person\/image\/","url":"https:\/\/secure.gravatar.com\/avatar\/1f9a70007336511a47468b8f1c66f922b8b7cf617b02a31149ada43893a5d48f?s=96&d=mm&r=g","contentUrl":"https:\/\/secure.gravatar.com\/avatar\/1f9a70007336511a47468b8f1c66f922b8b7cf617b02a31149ada43893a5d48f?s=96&d=mm&r=g","caption":"C D"},"url":"https:\/\/vosgesinfo.fr\/remiremontinfo\/author\/cedric-drevet\/"}]}},"_links":{"self":[{"href":"https:\/\/vosgesinfo.fr\/remiremontinfo\/wp-json\/wp\/v2\/posts\/61949","targetHints":{"allow":["GET"]}}],"collection":[{"href":"https:\/\/vosgesinfo.fr\/remiremontinfo\/wp-json\/wp\/v2\/posts"}],"about":[{"href":"https:\/\/vosgesinfo.fr\/remiremontinfo\/wp-json\/wp\/v2\/types\/post"}],"author":[{"embeddable":true,"href":"https:\/\/vosgesinfo.fr\/remiremontinfo\/wp-json\/wp\/v2\/users\/407"}],"replies":[{"embeddable":true,"href":"https:\/\/vosgesinfo.fr\/remiremontinfo\/wp-json\/wp\/v2\/comments?post=61949"}],"version-history":[{"count":0,"href":"https:\/\/vosgesinfo.fr\/remiremontinfo\/wp-json\/wp\/v2\/posts\/61949\/revisions"}],"wp:featuredmedia":[{"embeddable":true,"href":"https:\/\/vosgesinfo.fr\/remiremontinfo\/wp-json\/wp\/v2\/media\/61950"}],"wp:attachment":[{"href":"https:\/\/vosgesinfo.fr\/remiremontinfo\/wp-json\/wp\/v2\/media?parent=61949"}],"wp:term":[{"taxonomy":"category","embeddable":true,"href":"https:\/\/vosgesinfo.fr\/remiremontinfo\/wp-json\/wp\/v2\/categories?post=61949"},{"taxonomy":"post_tag","embeddable":true,"href":"https:\/\/vosgesinfo.fr\/remiremontinfo\/wp-json\/wp\/v2\/tags?post=61949"}],"curies":[{"name":"wp","href":"https:\/\/api.w.org\/{rel}","templated":true}]}}