{"id":62331,"date":"2022-09-22T11:15:37","date_gmt":"2022-09-22T09:15:37","guid":{"rendered":"https:\/\/vosgesinfo.fr\/remiremontinfo\/2022\/09\/val-dajol-mois-apres-lannonce-de-fermeture-college-lheure-dun-premier-bilan\/"},"modified":"2022-09-22T11:15:37","modified_gmt":"2022-09-22T09:15:37","slug":"val-dajol-mois-apres-lannonce-de-fermeture-college-lheure-dun-premier-bilan","status":"publish","type":"post","link":"https:\/\/vosgesinfo.fr\/remiremontinfo\/2022\/09\/val-dajol-mois-apres-lannonce-de-fermeture-college-lheure-dun-premier-bilan\/","title":{"rendered":"Le Val d\u2019Ajol\u00a0: un mois apr\u00e8s l\u2019annonce de la fermeture du coll\u00e8ge, l\u2019heure d\u2019un premier bilan"},"content":{"rendered":"\n<p><span style=\"font-size: 10pt;\"><em>Photos d&rsquo;archives\u00a0<\/em><\/span><\/p>\n<h2><span style=\"font-size: 12pt;\"><strong><span style=\"color: #000000;\">Il y a un mois jour pour jour, le Conseil D\u00e9partemental des Vosges a annonc\u00e9 sa d\u00e9cision de fermer le coll\u00e8ge du Val d\u2019Ajol. L\u2019annonce n\u2019a pas \u00e9t\u00e9 accueillie avec un enthousiasme total par de nombreux parents, c\u2019est le moins que l\u2019on puisse dire. De nombreux habitants se sont mobilis\u00e9s pour le maintien d\u2019un \u00e9tablissement sur le village. L\u2019heure est venue de faire un premier bilan. <\/span><\/strong><\/span><\/h2>\n<p><span style=\"color: #000000;\">\u00ab\u00a0Nous constatons que le dossier \u00ab\u00a0Coll\u00e8ge\u00a0\u00bb \u00e0 court terme pour un retour rapide des \u00e9l\u00e8ves au Val d&rsquo;Ajol via une solution de coll\u00e8ge transitoire n&rsquo;a pas avanc\u00e9\u00a0\u00bb, affirme un membre du collectif \u00ab\u00a0Tous unis pour un coll\u00e8ge au Val d\u2019Ajol\u00a0\u00bb. Par ailleurs, \u00ab\u00a0Nous constatons que le dossier \u00ab\u00a0Coll\u00e8ge\u00a0\u00bb \u00e0 long terme via un projet de coll\u00e8ge p\u00e9renne n&rsquo;a pas avanc\u00e9. Nous constatons que depuis 1 mois le service public \u00ab\u00a0Coll\u00e8ge\u00a0\u00bb n&rsquo;est plus assur\u00e9 au Val d&rsquo;Ajol\u00a0\u00bb. <\/span><span style=\"color: #000000;\">Le collectif a d\u00e9cid\u00e9 de lancer une nouvelle p\u00e9tition afin de recueillir des signatures concernant l&rsquo;application de \u00ab\u00a0la loi Montagne qui garantit le maintien des services publics dans les communes de montagnes\u00a0\u00bb. Voici le lien de la p\u00e9tition : <a href=\"https:\/\/www.leslignesbougent.org\/petitions\/pour-lapplication-de-la-loi-montagne-qui-garantit-le-maintien-des-services-publics-9516\/?fbclid=IwAR1Ptn1RPJwGkWavHUfCA_qHfWsweENdp-sPIfbgPKAxsw8JMHemRYYaaTE\">[P\u00e9tition] POUR l&rsquo;application de la loi Montagne qui garantit le maintien des services publics (leslignesbougent.org)<\/a>. Une premi\u00e8re p\u00e9tition, pour le maintien d\u2019un coll\u00e8ge, avait rassembl\u00e9 plusieurs milliers de signatures. Et ce n\u2019est pas la seule action men\u00e9e par des parents d\u2019\u00e9l\u00e8ves et habitants\u00a0: classe symbolique devant l\u2019entr\u00e9e du coll\u00e8ge \u00e0 la rentr\u00e9e, pr\u00e9paration d\u2019un projet alternatif, rencontre au Conseil D\u00e9partemental. Plusieurs sujets reviennent fr\u00e9quemment dans les discussions : le temps de transport scolaire, la s\u00e9cutit\u00e9 du trajet, l&rsquo;\u00e9loignement du service et son impact. En attendant, ce d\u00e9but d&rsquo;ann\u00e9e scolaire continue. Une affaire \u00e0 suivre.\u00a0<\/span><\/p>\n","protected":false},"excerpt":{"rendered":"<p>Photos d&rsquo;archives\u00a0 Il y a un mois jour pour jour, le Conseil D\u00e9partemental des Vosges a annonc\u00e9 sa d\u00e9cision de [&hellip;]<\/p>\n","protected":false},"author":407,"featured_media":62332,"comment_status":"open","ping_status":"open","sticky":false,"template":"","format":"standard","meta":{"footnotes":""},"categories":[26,165,121,82],"tags":[468,274,682,455,4734,4520,3287,1637,4735,123,32],"class_list":["post-62331","post","type-post","status-publish","format-standard","has-post-thumbnail","hentry","category-a-la-une","category-enseignement","category-le-val-dajol-le-val-dajol-son-canton","category-le-val-dajol-son-canton","tag-college","tag-conseil-departemental","tag-eleves","tag-fermeture","tag-loi-montagne","tag-maintien","tag-parents","tag-petition","tag-un-mois","tag-val-dajol","tag-vosges"],"acf":[],"yoast_head":"<!-- This site is optimized with the Yoast SEO plugin v22.5 - https:\/\/yoast.com\/wordpress\/plugins\/seo\/ -->\n<title>Le Val d\u2019Ajol\u00a0: un mois apr\u00e8s l\u2019annonce de la fermeture du coll\u00e8ge, l\u2019heure d\u2019un premier bilan - Remiremont Info<\/title>\n<meta name=\"robots\" content=\"index, follow, max-snippet:-1, max-image-preview:large, max-video-preview:-1\" \/>\n<link rel=\"canonical\" href=\"https:\/\/vosgesinfo.fr\/remiremontinfo\/2022\/09\/val-dajol-mois-apres-lannonce-de-fermeture-college-lheure-dun-premier-bilan\/\" \/>\n<meta name=\"twitter:card\" content=\"summary_large_image\" \/>\n<meta name=\"twitter:title\" content=\"Le Val d\u2019Ajol\u00a0: un mois apr\u00e8s l\u2019annonce de la fermeture du coll\u00e8ge, l\u2019heure d\u2019un premier bilan - Remiremont Info\" \/>\n<meta name=\"twitter:description\" content=\"Photos d&rsquo;archives\u00a0 Il y a un mois jour pour jour, le Conseil D\u00e9partemental des Vosges a annonc\u00e9 sa d\u00e9cision de [&hellip;]\" \/>\n<meta name=\"twitter:image\" content=\"https:\/\/vosgesinfo.fr\/app\/uploads\/sites\/5\/2024\/09\/202209dsc-35901-1.jpg\" \/>\n<meta name=\"twitter:creator\" content=\"@VosgesInfo88\" \/>\n<meta name=\"twitter:site\" content=\"@VosgesInfo88\" \/>\n<meta name=\"twitter:label1\" content=\"\u00c9crit par\" \/>\n\t<meta name=\"twitter:data1\" content=\"C D\" \/>\n\t<meta name=\"twitter:label2\" content=\"Dur\u00e9e de lecture estim\u00e9e\" \/>\n\t<meta name=\"twitter:data2\" content=\"2 minutes\" \/>\n<script type=\"application\/ld+json\" class=\"yoast-schema-graph\">{\"@context\":\"https:\/\/schema.org\",\"@graph\":[{\"@type\":\"Article\",\"@id\":\"https:\/\/vosgesinfo.fr\/remiremontinfo\/2022\/09\/val-dajol-mois-apres-lannonce-de-fermeture-college-lheure-dun-premier-bilan\/#article\",\"isPartOf\":{\"@id\":\"https:\/\/vosgesinfo.fr\/remiremontinfo\/2022\/09\/val-dajol-mois-apres-lannonce-de-fermeture-college-lheure-dun-premier-bilan\/\"},\"author\":{\"name\":\"C D\",\"@id\":\"https:\/\/vosgesinfo.fr\/remiremontinfo\/#\/schema\/person\/3bfd164d5218a185b1db68655a265316\"},\"headline\":\"Le Val d\u2019Ajol\u00a0: un mois apr\u00e8s l\u2019annonce de la fermeture du coll\u00e8ge, l\u2019heure d\u2019un premier bilan\",\"datePublished\":\"2022-09-22T09:15:37+00:00\",\"dateModified\":\"2022-09-22T09:15:37+00:00\",\"mainEntityOfPage\":{\"@id\":\"https:\/\/vosgesinfo.fr\/remiremontinfo\/2022\/09\/val-dajol-mois-apres-lannonce-de-fermeture-college-lheure-dun-premier-bilan\/\"},\"wordCount\":354,\"commentCount\":0,\"publisher\":{\"@id\":\"https:\/\/vosgesinfo.fr\/remiremontinfo\/#organization\"},\"image\":{\"@id\":\"https:\/\/vosgesinfo.fr\/remiremontinfo\/2022\/09\/val-dajol-mois-apres-lannonce-de-fermeture-college-lheure-dun-premier-bilan\/#primaryimage\"},\"thumbnailUrl\":\"https:\/\/vosgesinfo.fr\/app\/uploads\/sites\/5\/2024\/09\/202209dsc-35901-1.jpg\",\"keywords\":[\"coll\u00e8ge\",\"Conseil d\u00e9partemental\",\"\u00e9l\u00e8ves\",\"fermeture\",\"loi montagne\",\"maintien\",\"parents\",\"p\u00e9tition\",\"un mois\",\"val d'ajol\",\"Vosges\"],\"articleSection\":[\"A la Une\",\"Enseignement\",\"Le Val d'Ajol\",\"Le Val-d'Ajol &amp; son canton\"],\"inLanguage\":\"fr-FR\",\"potentialAction\":[{\"@type\":\"CommentAction\",\"name\":\"Comment\",\"target\":[\"https:\/\/vosgesinfo.fr\/remiremontinfo\/2022\/09\/val-dajol-mois-apres-lannonce-de-fermeture-college-lheure-dun-premier-bilan\/#respond\"]}]},{\"@type\":\"WebPage\",\"@id\":\"https:\/\/vosgesinfo.fr\/remiremontinfo\/2022\/09\/val-dajol-mois-apres-lannonce-de-fermeture-college-lheure-dun-premier-bilan\/\",\"url\":\"https:\/\/vosgesinfo.fr\/remiremontinfo\/2022\/09\/val-dajol-mois-apres-lannonce-de-fermeture-college-lheure-dun-premier-bilan\/\",\"name\":\"Le Val d\u2019Ajol\u00a0: un mois apr\u00e8s l\u2019annonce de la fermeture du coll\u00e8ge, l\u2019heure d\u2019un premier bilan - Remiremont Info\",\"isPartOf\":{\"@id\":\"https:\/\/vosgesinfo.fr\/remiremontinfo\/#website\"},\"primaryImageOfPage\":{\"@id\":\"https:\/\/vosgesinfo.fr\/remiremontinfo\/2022\/09\/val-dajol-mois-apres-lannonce-de-fermeture-college-lheure-dun-premier-bilan\/#primaryimage\"},\"image\":{\"@id\":\"https:\/\/vosgesinfo.fr\/remiremontinfo\/2022\/09\/val-dajol-mois-apres-lannonce-de-fermeture-college-lheure-dun-premier-bilan\/#primaryimage\"},\"thumbnailUrl\":\"https:\/\/vosgesinfo.fr\/app\/uploads\/sites\/5\/2024\/09\/202209dsc-35901-1.jpg\",\"datePublished\":\"2022-09-22T09:15:37+00:00\",\"dateModified\":\"2022-09-22T09:15:37+00:00\",\"breadcrumb\":{\"@id\":\"https:\/\/vosgesinfo.fr\/remiremontinfo\/2022\/09\/val-dajol-mois-apres-lannonce-de-fermeture-college-lheure-dun-premier-bilan\/#breadcrumb\"},\"inLanguage\":\"fr-FR\",\"potentialAction\":[{\"@type\":\"ReadAction\",\"target\":[\"https:\/\/vosgesinfo.fr\/remiremontinfo\/2022\/09\/val-dajol-mois-apres-lannonce-de-fermeture-college-lheure-dun-premier-bilan\/\"]}]},{\"@type\":\"ImageObject\",\"inLanguage\":\"fr-FR\",\"@id\":\"https:\/\/vosgesinfo.fr\/remiremontinfo\/2022\/09\/val-dajol-mois-apres-lannonce-de-fermeture-college-lheure-dun-premier-bilan\/#primaryimage\",\"url\":\"https:\/\/vosgesinfo.fr\/app\/uploads\/sites\/5\/2024\/09\/202209dsc-35901-1.jpg\",\"contentUrl\":\"https:\/\/vosgesinfo.fr\/app\/uploads\/sites\/5\/2024\/09\/202209dsc-35901-1.jpg\",\"width\":1600,\"height\":1064},{\"@type\":\"BreadcrumbList\",\"@id\":\"https:\/\/vosgesinfo.fr\/remiremontinfo\/2022\/09\/val-dajol-mois-apres-lannonce-de-fermeture-college-lheure-dun-premier-bilan\/#breadcrumb\",\"itemListElement\":[{\"@type\":\"ListItem\",\"position\":1,\"name\":\"Home\",\"item\":\"https:\/\/vosgesinfo.fr\/remiremontinfo\/\"},{\"@type\":\"ListItem\",\"position\":2,\"name\":\"Le Val d\u2019Ajol\u00a0: un mois apr\u00e8s l\u2019annonce de la fermeture du coll\u00e8ge, l\u2019heure d\u2019un premier bilan\"}]},{\"@type\":\"WebSite\",\"@id\":\"https:\/\/vosgesinfo.fr\/remiremontinfo\/#website\",\"url\":\"https:\/\/vosgesinfo.fr\/remiremontinfo\/\",\"name\":\"Remiremont Info\",\"description\":\"Toute l&#039;actualit\u00e9 de Remiremont\",\"publisher\":{\"@id\":\"https:\/\/vosgesinfo.fr\/remiremontinfo\/#organization\"},\"alternateName\":\"Toute l'actualit\u00e9 de Remiremont\",\"potentialAction\":[{\"@type\":\"SearchAction\",\"target\":{\"@type\":\"EntryPoint\",\"urlTemplate\":\"https:\/\/vosgesinfo.fr\/remiremontinfo\/?s={search_term_string}\"},\"query-input\":\"required name=search_term_string\"}],\"inLanguage\":\"fr-FR\"},{\"@type\":\"Organization\",\"@id\":\"https:\/\/vosgesinfo.fr\/remiremontinfo\/#organization\",\"name\":\"Remiremont Info\",\"url\":\"https:\/\/vosgesinfo.fr\/remiremontinfo\/\",\"logo\":{\"@type\":\"ImageObject\",\"inLanguage\":\"fr-FR\",\"@id\":\"https:\/\/vosgesinfo.fr\/remiremontinfo\/#\/schema\/logo\/image\/\",\"url\":\"https:\/\/vosgesinfo.fr\/app\/uploads\/sites\/5\/2023\/08\/favicon-remiremontinfo.png\",\"contentUrl\":\"https:\/\/vosgesinfo.fr\/app\/uploads\/sites\/5\/2023\/08\/favicon-remiremontinfo.png\",\"width\":512,\"height\":512,\"caption\":\"Remiremont Info\"},\"image\":{\"@id\":\"https:\/\/vosgesinfo.fr\/remiremontinfo\/#\/schema\/logo\/image\/\"},\"sameAs\":[\"https:\/\/www.facebook.com\/remiremontinfo\",\"https:\/\/x.com\/VosgesInfo88\",\"https:\/\/www.youtube.com\/@vosgesinfo\"]},{\"@type\":\"Person\",\"@id\":\"https:\/\/vosgesinfo.fr\/remiremontinfo\/#\/schema\/person\/3bfd164d5218a185b1db68655a265316\",\"name\":\"C D\",\"image\":{\"@type\":\"ImageObject\",\"inLanguage\":\"fr-FR\",\"@id\":\"https:\/\/vosgesinfo.fr\/remiremontinfo\/#\/schema\/person\/image\/\",\"url\":\"https:\/\/secure.gravatar.com\/avatar\/1f9a70007336511a47468b8f1c66f922b8b7cf617b02a31149ada43893a5d48f?s=96&d=mm&r=g\",\"contentUrl\":\"https:\/\/secure.gravatar.com\/avatar\/1f9a70007336511a47468b8f1c66f922b8b7cf617b02a31149ada43893a5d48f?s=96&d=mm&r=g\",\"caption\":\"C D\"},\"url\":\"https:\/\/vosgesinfo.fr\/remiremontinfo\/author\/cedric-drevet\/\"}]}<\/script>\n<!-- \/ Yoast SEO plugin. -->","yoast_head_json":{"title":"Le Val d\u2019Ajol\u00a0: un mois apr\u00e8s l\u2019annonce de la fermeture du coll\u00e8ge, l\u2019heure d\u2019un premier bilan - Remiremont Info","robots":{"index":"index","follow":"follow","max-snippet":"max-snippet:-1","max-image-preview":"max-image-preview:large","max-video-preview":"max-video-preview:-1"},"canonical":"https:\/\/vosgesinfo.fr\/remiremontinfo\/2022\/09\/val-dajol-mois-apres-lannonce-de-fermeture-college-lheure-dun-premier-bilan\/","twitter_card":"summary_large_image","twitter_title":"Le Val d\u2019Ajol\u00a0: un mois apr\u00e8s l\u2019annonce de la fermeture du coll\u00e8ge, l\u2019heure d\u2019un premier bilan - Remiremont Info","twitter_description":"Photos d&rsquo;archives\u00a0 Il y a un mois jour pour jour, le Conseil D\u00e9partemental des Vosges a annonc\u00e9 sa d\u00e9cision de [&hellip;]","twitter_image":"https:\/\/vosgesinfo.fr\/app\/uploads\/sites\/5\/2024\/09\/202209dsc-35901-1.jpg","twitter_creator":"@VosgesInfo88","twitter_site":"@VosgesInfo88","twitter_misc":{"\u00c9crit par":"C D","Dur\u00e9e de lecture estim\u00e9e":"2 minutes"},"schema":{"@context":"https:\/\/schema.org","@graph":[{"@type":"Article","@id":"https:\/\/vosgesinfo.fr\/remiremontinfo\/2022\/09\/val-dajol-mois-apres-lannonce-de-fermeture-college-lheure-dun-premier-bilan\/#article","isPartOf":{"@id":"https:\/\/vosgesinfo.fr\/remiremontinfo\/2022\/09\/val-dajol-mois-apres-lannonce-de-fermeture-college-lheure-dun-premier-bilan\/"},"author":{"name":"C D","@id":"https:\/\/vosgesinfo.fr\/remiremontinfo\/#\/schema\/person\/3bfd164d5218a185b1db68655a265316"},"headline":"Le Val d\u2019Ajol\u00a0: un mois apr\u00e8s l\u2019annonce de la fermeture du coll\u00e8ge, l\u2019heure d\u2019un premier bilan","datePublished":"2022-09-22T09:15:37+00:00","dateModified":"2022-09-22T09:15:37+00:00","mainEntityOfPage":{"@id":"https:\/\/vosgesinfo.fr\/remiremontinfo\/2022\/09\/val-dajol-mois-apres-lannonce-de-fermeture-college-lheure-dun-premier-bilan\/"},"wordCount":354,"commentCount":0,"publisher":{"@id":"https:\/\/vosgesinfo.fr\/remiremontinfo\/#organization"},"image":{"@id":"https:\/\/vosgesinfo.fr\/remiremontinfo\/2022\/09\/val-dajol-mois-apres-lannonce-de-fermeture-college-lheure-dun-premier-bilan\/#primaryimage"},"thumbnailUrl":"https:\/\/vosgesinfo.fr\/app\/uploads\/sites\/5\/2024\/09\/202209dsc-35901-1.jpg","keywords":["coll\u00e8ge","Conseil d\u00e9partemental","\u00e9l\u00e8ves","fermeture","loi montagne","maintien","parents","p\u00e9tition","un mois","val d'ajol","Vosges"],"articleSection":["A la Une","Enseignement","Le Val d'Ajol","Le Val-d'Ajol &amp; son canton"],"inLanguage":"fr-FR","potentialAction":[{"@type":"CommentAction","name":"Comment","target":["https:\/\/vosgesinfo.fr\/remiremontinfo\/2022\/09\/val-dajol-mois-apres-lannonce-de-fermeture-college-lheure-dun-premier-bilan\/#respond"]}]},{"@type":"WebPage","@id":"https:\/\/vosgesinfo.fr\/remiremontinfo\/2022\/09\/val-dajol-mois-apres-lannonce-de-fermeture-college-lheure-dun-premier-bilan\/","url":"https:\/\/vosgesinfo.fr\/remiremontinfo\/2022\/09\/val-dajol-mois-apres-lannonce-de-fermeture-college-lheure-dun-premier-bilan\/","name":"Le Val d\u2019Ajol\u00a0: un mois apr\u00e8s l\u2019annonce de la fermeture du coll\u00e8ge, l\u2019heure d\u2019un premier bilan - Remiremont Info","isPartOf":{"@id":"https:\/\/vosgesinfo.fr\/remiremontinfo\/#website"},"primaryImageOfPage":{"@id":"https:\/\/vosgesinfo.fr\/remiremontinfo\/2022\/09\/val-dajol-mois-apres-lannonce-de-fermeture-college-lheure-dun-premier-bilan\/#primaryimage"},"image":{"@id":"https:\/\/vosgesinfo.fr\/remiremontinfo\/2022\/09\/val-dajol-mois-apres-lannonce-de-fermeture-college-lheure-dun-premier-bilan\/#primaryimage"},"thumbnailUrl":"https:\/\/vosgesinfo.fr\/app\/uploads\/sites\/5\/2024\/09\/202209dsc-35901-1.jpg","datePublished":"2022-09-22T09:15:37+00:00","dateModified":"2022-09-22T09:15:37+00:00","breadcrumb":{"@id":"https:\/\/vosgesinfo.fr\/remiremontinfo\/2022\/09\/val-dajol-mois-apres-lannonce-de-fermeture-college-lheure-dun-premier-bilan\/#breadcrumb"},"inLanguage":"fr-FR","potentialAction":[{"@type":"ReadAction","target":["https:\/\/vosgesinfo.fr\/remiremontinfo\/2022\/09\/val-dajol-mois-apres-lannonce-de-fermeture-college-lheure-dun-premier-bilan\/"]}]},{"@type":"ImageObject","inLanguage":"fr-FR","@id":"https:\/\/vosgesinfo.fr\/remiremontinfo\/2022\/09\/val-dajol-mois-apres-lannonce-de-fermeture-college-lheure-dun-premier-bilan\/#primaryimage","url":"https:\/\/vosgesinfo.fr\/app\/uploads\/sites\/5\/2024\/09\/202209dsc-35901-1.jpg","contentUrl":"https:\/\/vosgesinfo.fr\/app\/uploads\/sites\/5\/2024\/09\/202209dsc-35901-1.jpg","width":1600,"height":1064},{"@type":"BreadcrumbList","@id":"https:\/\/vosgesinfo.fr\/remiremontinfo\/2022\/09\/val-dajol-mois-apres-lannonce-de-fermeture-college-lheure-dun-premier-bilan\/#breadcrumb","itemListElement":[{"@type":"ListItem","position":1,"name":"Home","item":"https:\/\/vosgesinfo.fr\/remiremontinfo\/"},{"@type":"ListItem","position":2,"name":"Le Val d\u2019Ajol\u00a0: un mois apr\u00e8s l\u2019annonce de la fermeture du coll\u00e8ge, l\u2019heure d\u2019un premier bilan"}]},{"@type":"WebSite","@id":"https:\/\/vosgesinfo.fr\/remiremontinfo\/#website","url":"https:\/\/vosgesinfo.fr\/remiremontinfo\/","name":"Remiremont Info","description":"Toute l&#039;actualit\u00e9 de Remiremont","publisher":{"@id":"https:\/\/vosgesinfo.fr\/remiremontinfo\/#organization"},"alternateName":"Toute l'actualit\u00e9 de Remiremont","potentialAction":[{"@type":"SearchAction","target":{"@type":"EntryPoint","urlTemplate":"https:\/\/vosgesinfo.fr\/remiremontinfo\/?s={search_term_string}"},"query-input":"required name=search_term_string"}],"inLanguage":"fr-FR"},{"@type":"Organization","@id":"https:\/\/vosgesinfo.fr\/remiremontinfo\/#organization","name":"Remiremont Info","url":"https:\/\/vosgesinfo.fr\/remiremontinfo\/","logo":{"@type":"ImageObject","inLanguage":"fr-FR","@id":"https:\/\/vosgesinfo.fr\/remiremontinfo\/#\/schema\/logo\/image\/","url":"https:\/\/vosgesinfo.fr\/app\/uploads\/sites\/5\/2023\/08\/favicon-remiremontinfo.png","contentUrl":"https:\/\/vosgesinfo.fr\/app\/uploads\/sites\/5\/2023\/08\/favicon-remiremontinfo.png","width":512,"height":512,"caption":"Remiremont Info"},"image":{"@id":"https:\/\/vosgesinfo.fr\/remiremontinfo\/#\/schema\/logo\/image\/"},"sameAs":["https:\/\/www.facebook.com\/remiremontinfo","https:\/\/x.com\/VosgesInfo88","https:\/\/www.youtube.com\/@vosgesinfo"]},{"@type":"Person","@id":"https:\/\/vosgesinfo.fr\/remiremontinfo\/#\/schema\/person\/3bfd164d5218a185b1db68655a265316","name":"C D","image":{"@type":"ImageObject","inLanguage":"fr-FR","@id":"https:\/\/vosgesinfo.fr\/remiremontinfo\/#\/schema\/person\/image\/","url":"https:\/\/secure.gravatar.com\/avatar\/1f9a70007336511a47468b8f1c66f922b8b7cf617b02a31149ada43893a5d48f?s=96&d=mm&r=g","contentUrl":"https:\/\/secure.gravatar.com\/avatar\/1f9a70007336511a47468b8f1c66f922b8b7cf617b02a31149ada43893a5d48f?s=96&d=mm&r=g","caption":"C D"},"url":"https:\/\/vosgesinfo.fr\/remiremontinfo\/author\/cedric-drevet\/"}]}},"_links":{"self":[{"href":"https:\/\/vosgesinfo.fr\/remiremontinfo\/wp-json\/wp\/v2\/posts\/62331","targetHints":{"allow":["GET"]}}],"collection":[{"href":"https:\/\/vosgesinfo.fr\/remiremontinfo\/wp-json\/wp\/v2\/posts"}],"about":[{"href":"https:\/\/vosgesinfo.fr\/remiremontinfo\/wp-json\/wp\/v2\/types\/post"}],"author":[{"embeddable":true,"href":"https:\/\/vosgesinfo.fr\/remiremontinfo\/wp-json\/wp\/v2\/users\/407"}],"replies":[{"embeddable":true,"href":"https:\/\/vosgesinfo.fr\/remiremontinfo\/wp-json\/wp\/v2\/comments?post=62331"}],"version-history":[{"count":0,"href":"https:\/\/vosgesinfo.fr\/remiremontinfo\/wp-json\/wp\/v2\/posts\/62331\/revisions"}],"wp:featuredmedia":[{"embeddable":true,"href":"https:\/\/vosgesinfo.fr\/remiremontinfo\/wp-json\/wp\/v2\/media\/62332"}],"wp:attachment":[{"href":"https:\/\/vosgesinfo.fr\/remiremontinfo\/wp-json\/wp\/v2\/media?parent=62331"}],"wp:term":[{"taxonomy":"category","embeddable":true,"href":"https:\/\/vosgesinfo.fr\/remiremontinfo\/wp-json\/wp\/v2\/categories?post=62331"},{"taxonomy":"post_tag","embeddable":true,"href":"https:\/\/vosgesinfo.fr\/remiremontinfo\/wp-json\/wp\/v2\/tags?post=62331"}],"curies":[{"name":"wp","href":"https:\/\/api.w.org\/{rel}","templated":true}]}}