{"id":62371,"date":"2022-09-23T07:34:26","date_gmt":"2022-09-23T05:34:26","guid":{"rendered":"https:\/\/vosgesinfo.fr\/remiremontinfo\/2022\/09\/saint-nabord-labri-organise-destockage-dautomne\/"},"modified":"2022-09-23T07:34:26","modified_gmt":"2022-09-23T05:34:26","slug":"saint-nabord-labri-organise-destockage-dautomne","status":"publish","type":"post","link":"https:\/\/vosgesinfo.fr\/remiremontinfo\/2022\/09\/saint-nabord-labri-organise-destockage-dautomne\/","title":{"rendered":"Saint-Nabord : l&rsquo;Abri organise son d\u00e9stockage d&rsquo;automne"},"content":{"rendered":"<p style=\"text-align: left;\"><a href=\"\/2022\/05\/InkedDSC_0654_LI.jpg\"><img decoding=\"async\" class=\"alignnone size-full wp-image-343274\" src=\"\/2022\/05\/InkedDSC_0654_LI.jpg\" alt=\"InkedDSC_0654_LI\" width=\"800\" height=\"532\" \/><\/a><\/p>\n<p style=\"text-align: left;\"><span style=\"font-size: 10pt;\"><em>Photo d&rsquo;archives<\/em><\/span><\/p>\n<p style=\"text-align: center;\"><span style=\"font-size: 10pt;\"><em>Communiqu\u00e9\u00a0<\/em><\/span><\/p>\n<h3><span style=\"font-size: 12pt;\"><strong>L\u2019association L\u2019ABRI organise samedi 1 er octobre \u00e0 St Nabord son traditionnel<\/strong><\/span><br \/>\n<span style=\"font-size: 12pt;\"><strong>d\u00e9stockage d\u2019automne auquel tous les amateurs de bonnes affaires sont convi\u00e9s.<\/strong><\/span><br \/>\n<span style=\"font-size: 12pt;\"><strong>Mobilier, vaisselle, brocante, jouets, sanitaire, \u00e9lectro, v\u00e9los\u2026 tout doit dispara\u00eetre !\u00a0<\/strong><\/span><span style=\"font-size: 12pt;\"><strong>Rendez-vous de 9h \u00e0 16h au d\u00e9p\u00f4t de L\u2019ABRI, ZA de Ranfaing, 3 route de Raon.<\/strong><\/span><\/h3>\n<h4><span style=\"font-size: 12pt;\"><strong><em>Acheter des objets \u00e0 petit prix<\/em><\/strong><\/span><\/h4>\n<p>Cette ann\u00e9e encore il vous sera possible d\u2019acheter une multitude d\u2019objets \u00e0 prix<br \/>\ncass\u00e9s. Que vous soyez \u00e0 la recherche de mobilier, de vaisselle, d\u2019\u00e9lectrom\u00e9nager<br \/>\nd\u2019\u00e9quipement sanitaire pour vous \u00e9quiper, d\u2019objets vintage ou de brocante pour<br \/>\nd\u00e9corer avec go\u00fbt votre int\u00e9rieur ou encore de v\u00e9los d\u2019occasion pour petits et<br \/>\ngrands, vous devriez trouver votre bonheur. Les prix seront accessibles \u00e0 toutes les<br \/>\nbourses pour permettre \u00e0 chacun de faire des achats malgr\u00e9 la p\u00e9riode d\u2019inflation.<\/p>\n<h4><span style=\"font-size: 12pt;\"><strong><em>Favoriser le r\u00e9emploi et l\u2019inclusion<\/em><\/strong><\/span><\/h4>\n<p>En plus de r\u00e9aliser une bonne affaire, ce d\u00e9stockage sera pour vous l\u2019occasion de<br \/>\nsoutenir les activit\u00e9s de l\u2019association. L\u2019ABRI \u0153uvre en effet depuis plus de 40 ans \u00e0<br \/>\nla r\u00e9insertion sociale et \u00e0 la transition professionnelle de personnes sans domicile ou<br \/>\n\u00e9loign\u00e9es de l\u2019emploi sur le secteur de Remiremont et les Hautes Vosges. La<br \/>\nmeilleure fa\u00e7on de soutenir l\u2019engagement de l\u2019ABRI pour une transition solidaire est<br \/>\ndonc de vous rendre \u00e0 son d\u00e9stockage d\u2019automne ou dans ses recycleries. Par<br \/>\nl\u2019interm\u00e9diaire de vos achats, vous offrirez ainsi une seconde vie aux objets et<br \/>\ndonnerez une seconde chance \u00e0 plus d\u2019une centaine de femmes et hommes.<\/p>\n<h4><span style=\"font-size: 12pt;\"><strong><em>Permettre \u00e0 tout le monde de participer<\/em><\/strong><\/span><\/h4>\n<p>A l\u2019image des activit\u00e9s men\u00e9es par l\u2019association, le d\u00e9stockage de l\u2019Abri sera un<br \/>\n\u00e9v\u00e9nement accessible et inclusif auquel chacune et chacun pourra librement<br \/>\nparticiper. Une buvette proposera une offre de restauration tout au long de la journ\u00e9e<br \/>\n(boissons, sal\u00e9, sucr\u00e9) avec la possibilit\u00e9, nouveaut\u00e9 de cette \u00e9dition, de d\u00e9jeuner<br \/>\nsur place. Enfin, une dizaine d\u2019\u0153uvres d\u2019art r\u00e9alis\u00e9es \u00e0 partir de mat\u00e9riaux de<br \/>\nr\u00e9cup\u00e9ration seront expos\u00e9es de part et d\u2019autre de l\u2019espace d\u00e9tente afin d\u2019\u00e9veiller<br \/>\nnotre r\u00e9flexion sur le devenir de nos emballages et de la n\u00e9cessaire r\u00e9duction de nos<br \/>\nd\u00e9chets ; il s\u2019agit de l\u2019exposition \u201cDernier Tri\u201d gracieusement pr\u00eat\u00e9e par EVODIA.<\/p>\n<h2><span style=\"font-size: 12pt;\"><strong><em>A propos de L\u2019ABRI<\/em><\/strong><\/span><\/h2>\n<p>L\u2019ABRI est une association loi 1901 \u00e0 but non lucratif cr\u00e9\u00e9e en 1977 \u00e0 Remiremont,<br \/>\nreconnue d\u2019int\u00e9r\u00eat g\u00e9n\u00e9ral \u00e0 vocation sociale. L\u2019association \u0153uvre principalement dans deux<br \/>\ndomaines\u00a0: l\u2019h\u00e9bergement de personnes sans domicile et l\u2019insertion sociale et<br \/>\nprofessionnelle de personnes \u00e9loign\u00e9es de l\u2019emploi.<\/p>\n<p>Pour ce faire, ses supports d\u2019activit\u00e9 sont des chantiers d\u2019insertion tous tourn\u00e9s vers le<br \/>\nd\u00e9veloppement durable par la collecte, le r\u00e9emploi et la revalorisation de d\u00e9chets issus du<br \/>\nterritoire. L\u2019ABRI est implant\u00e9 sur six sites (Pouxeux, Saint Nabord, Saint Etienne-l\u00e8s-<br \/>\nRemiremont, Remiremont, G\u00e9rardmer et Cornimont), emploie 28 salari\u00e9s permanents,<br \/>\ndispose de 40 places d\u2019h\u00e9bergement (tous dispositifs confondus) et est agr\u00e9\u00e9e pour l\u2019accueil<br \/>\nde 55 \u00e9quivalents temps plein en contrat d\u2019insertion (soit 75 postes). Une trentaine de<br \/>\nb\u00e9n\u00e9voles actif intervient \u00e9galement au quotidien.<\/p>\n<p>Page Facebook\u00a0: <a href=\"https:\/\/www.facebook.com\/labri88\/\">https:\/\/www.facebook.com\/labri88\/<\/a><br \/>\nBoutique en ligne : <a href=\"https:\/\/www.label-emmaus.co\/fr\/nos-boutiques\/l-abri88\/\">https:\/\/www.label-emmaus.co\/fr\/nos-boutiques\/l-abri88\/<\/a><\/p>\n","protected":false},"excerpt":{"rendered":"<p>Photo d&rsquo;archives Communiqu\u00e9\u00a0 L\u2019association L\u2019ABRI organise samedi 1 er octobre \u00e0 St Nabord son traditionnel d\u00e9stockage d\u2019automne auquel tous les [&hellip;]<\/p>\n","protected":false},"author":407,"featured_media":62372,"comment_status":"open","ping_status":"open","sticky":false,"template":"","format":"standard","meta":{"footnotes":""},"categories":[26,35,100,17],"tags":[3388,2540,2541,2542,42,32],"class_list":["post-62371","post","type-post","status-publish","format-standard","has-post-thumbnail","hentry","category-a-la-une","category-remiremont-son-canton","category-saint-nabord","category-vie-associative","tag-abri","tag-destockage","tag-meubles","tag-objets","tag-saint-nabord","tag-vosges"],"acf":[],"yoast_head":"<!-- This site is optimized with the Yoast SEO plugin v22.5 - https:\/\/yoast.com\/wordpress\/plugins\/seo\/ -->\n<title>Saint-Nabord : l&#039;Abri organise son d\u00e9stockage d&#039;automne - Remiremont Info<\/title>\n<meta name=\"robots\" content=\"index, follow, max-snippet:-1, max-image-preview:large, max-video-preview:-1\" \/>\n<link rel=\"canonical\" href=\"https:\/\/vosgesinfo.fr\/remiremontinfo\/2022\/09\/saint-nabord-labri-organise-destockage-dautomne\/\" \/>\n<meta name=\"twitter:card\" content=\"summary_large_image\" \/>\n<meta name=\"twitter:title\" content=\"Saint-Nabord : l&#039;Abri organise son d\u00e9stockage d&#039;automne - Remiremont Info\" \/>\n<meta name=\"twitter:description\" content=\"Photo d&rsquo;archives Communiqu\u00e9\u00a0 L\u2019association L\u2019ABRI organise samedi 1 er octobre \u00e0 St Nabord son traditionnel d\u00e9stockage d\u2019automne auquel tous les [&hellip;]\" \/>\n<meta name=\"twitter:image\" content=\"https:\/\/vosgesinfo.fr\/app\/uploads\/sites\/5\/2024\/09\/202205inkeddsc-0654-li-2.jpg\" \/>\n<meta name=\"twitter:creator\" content=\"@VosgesInfo88\" \/>\n<meta name=\"twitter:site\" content=\"@VosgesInfo88\" \/>\n<meta name=\"twitter:label1\" content=\"\u00c9crit par\" \/>\n\t<meta name=\"twitter:data1\" content=\"C D\" \/>\n\t<meta name=\"twitter:label2\" content=\"Dur\u00e9e de lecture estim\u00e9e\" \/>\n\t<meta name=\"twitter:data2\" content=\"3 minutes\" \/>\n<script type=\"application\/ld+json\" class=\"yoast-schema-graph\">{\"@context\":\"https:\/\/schema.org\",\"@graph\":[{\"@type\":\"Article\",\"@id\":\"https:\/\/vosgesinfo.fr\/remiremontinfo\/2022\/09\/saint-nabord-labri-organise-destockage-dautomne\/#article\",\"isPartOf\":{\"@id\":\"https:\/\/vosgesinfo.fr\/remiremontinfo\/2022\/09\/saint-nabord-labri-organise-destockage-dautomne\/\"},\"author\":{\"name\":\"C D\",\"@id\":\"https:\/\/vosgesinfo.fr\/remiremontinfo\/#\/schema\/person\/3bfd164d5218a185b1db68655a265316\"},\"headline\":\"Saint-Nabord : l&rsquo;Abri organise son d\u00e9stockage d&rsquo;automne\",\"datePublished\":\"2022-09-23T05:34:26+00:00\",\"dateModified\":\"2022-09-23T05:34:26+00:00\",\"mainEntityOfPage\":{\"@id\":\"https:\/\/vosgesinfo.fr\/remiremontinfo\/2022\/09\/saint-nabord-labri-organise-destockage-dautomne\/\"},\"wordCount\":584,\"commentCount\":0,\"publisher\":{\"@id\":\"https:\/\/vosgesinfo.fr\/remiremontinfo\/#organization\"},\"image\":{\"@id\":\"https:\/\/vosgesinfo.fr\/remiremontinfo\/2022\/09\/saint-nabord-labri-organise-destockage-dautomne\/#primaryimage\"},\"thumbnailUrl\":\"https:\/\/vosgesinfo.fr\/app\/uploads\/sites\/5\/2024\/09\/202205inkeddsc-0654-li-2.jpg\",\"keywords\":[\"ABRI\",\"destockage\",\"meubles\",\"objets\",\"saint-nabord\",\"Vosges\"],\"articleSection\":[\"A la Une\",\"Remiremont &amp; son canton\",\"Saint-Nabord\",\"Vie associative\"],\"inLanguage\":\"fr-FR\",\"potentialAction\":[{\"@type\":\"CommentAction\",\"name\":\"Comment\",\"target\":[\"https:\/\/vosgesinfo.fr\/remiremontinfo\/2022\/09\/saint-nabord-labri-organise-destockage-dautomne\/#respond\"]}]},{\"@type\":\"WebPage\",\"@id\":\"https:\/\/vosgesinfo.fr\/remiremontinfo\/2022\/09\/saint-nabord-labri-organise-destockage-dautomne\/\",\"url\":\"https:\/\/vosgesinfo.fr\/remiremontinfo\/2022\/09\/saint-nabord-labri-organise-destockage-dautomne\/\",\"name\":\"Saint-Nabord : l'Abri organise son d\u00e9stockage d'automne - Remiremont Info\",\"isPartOf\":{\"@id\":\"https:\/\/vosgesinfo.fr\/remiremontinfo\/#website\"},\"primaryImageOfPage\":{\"@id\":\"https:\/\/vosgesinfo.fr\/remiremontinfo\/2022\/09\/saint-nabord-labri-organise-destockage-dautomne\/#primaryimage\"},\"image\":{\"@id\":\"https:\/\/vosgesinfo.fr\/remiremontinfo\/2022\/09\/saint-nabord-labri-organise-destockage-dautomne\/#primaryimage\"},\"thumbnailUrl\":\"https:\/\/vosgesinfo.fr\/app\/uploads\/sites\/5\/2024\/09\/202205inkeddsc-0654-li-2.jpg\",\"datePublished\":\"2022-09-23T05:34:26+00:00\",\"dateModified\":\"2022-09-23T05:34:26+00:00\",\"breadcrumb\":{\"@id\":\"https:\/\/vosgesinfo.fr\/remiremontinfo\/2022\/09\/saint-nabord-labri-organise-destockage-dautomne\/#breadcrumb\"},\"inLanguage\":\"fr-FR\",\"potentialAction\":[{\"@type\":\"ReadAction\",\"target\":[\"https:\/\/vosgesinfo.fr\/remiremontinfo\/2022\/09\/saint-nabord-labri-organise-destockage-dautomne\/\"]}]},{\"@type\":\"ImageObject\",\"inLanguage\":\"fr-FR\",\"@id\":\"https:\/\/vosgesinfo.fr\/remiremontinfo\/2022\/09\/saint-nabord-labri-organise-destockage-dautomne\/#primaryimage\",\"url\":\"https:\/\/vosgesinfo.fr\/app\/uploads\/sites\/5\/2024\/09\/202205inkeddsc-0654-li-2.jpg\",\"contentUrl\":\"https:\/\/vosgesinfo.fr\/app\/uploads\/sites\/5\/2024\/09\/202205inkeddsc-0654-li-2.jpg\",\"width\":800,\"height\":532},{\"@type\":\"BreadcrumbList\",\"@id\":\"https:\/\/vosgesinfo.fr\/remiremontinfo\/2022\/09\/saint-nabord-labri-organise-destockage-dautomne\/#breadcrumb\",\"itemListElement\":[{\"@type\":\"ListItem\",\"position\":1,\"name\":\"Home\",\"item\":\"https:\/\/vosgesinfo.fr\/remiremontinfo\/\"},{\"@type\":\"ListItem\",\"position\":2,\"name\":\"Saint-Nabord : l&rsquo;Abri organise son d\u00e9stockage d&rsquo;automne\"}]},{\"@type\":\"WebSite\",\"@id\":\"https:\/\/vosgesinfo.fr\/remiremontinfo\/#website\",\"url\":\"https:\/\/vosgesinfo.fr\/remiremontinfo\/\",\"name\":\"Remiremont Info\",\"description\":\"Toute l&#039;actualit\u00e9 de Remiremont\",\"publisher\":{\"@id\":\"https:\/\/vosgesinfo.fr\/remiremontinfo\/#organization\"},\"alternateName\":\"Toute l'actualit\u00e9 de Remiremont\",\"potentialAction\":[{\"@type\":\"SearchAction\",\"target\":{\"@type\":\"EntryPoint\",\"urlTemplate\":\"https:\/\/vosgesinfo.fr\/remiremontinfo\/?s={search_term_string}\"},\"query-input\":\"required name=search_term_string\"}],\"inLanguage\":\"fr-FR\"},{\"@type\":\"Organization\",\"@id\":\"https:\/\/vosgesinfo.fr\/remiremontinfo\/#organization\",\"name\":\"Remiremont Info\",\"url\":\"https:\/\/vosgesinfo.fr\/remiremontinfo\/\",\"logo\":{\"@type\":\"ImageObject\",\"inLanguage\":\"fr-FR\",\"@id\":\"https:\/\/vosgesinfo.fr\/remiremontinfo\/#\/schema\/logo\/image\/\",\"url\":\"https:\/\/vosgesinfo.fr\/app\/uploads\/sites\/5\/2023\/08\/favicon-remiremontinfo.png\",\"contentUrl\":\"https:\/\/vosgesinfo.fr\/app\/uploads\/sites\/5\/2023\/08\/favicon-remiremontinfo.png\",\"width\":512,\"height\":512,\"caption\":\"Remiremont Info\"},\"image\":{\"@id\":\"https:\/\/vosgesinfo.fr\/remiremontinfo\/#\/schema\/logo\/image\/\"},\"sameAs\":[\"https:\/\/www.facebook.com\/remiremontinfo\",\"https:\/\/x.com\/VosgesInfo88\",\"https:\/\/www.youtube.com\/@vosgesinfo\"]},{\"@type\":\"Person\",\"@id\":\"https:\/\/vosgesinfo.fr\/remiremontinfo\/#\/schema\/person\/3bfd164d5218a185b1db68655a265316\",\"name\":\"C D\",\"image\":{\"@type\":\"ImageObject\",\"inLanguage\":\"fr-FR\",\"@id\":\"https:\/\/vosgesinfo.fr\/remiremontinfo\/#\/schema\/person\/image\/\",\"url\":\"https:\/\/secure.gravatar.com\/avatar\/1f9a70007336511a47468b8f1c66f922b8b7cf617b02a31149ada43893a5d48f?s=96&d=mm&r=g\",\"contentUrl\":\"https:\/\/secure.gravatar.com\/avatar\/1f9a70007336511a47468b8f1c66f922b8b7cf617b02a31149ada43893a5d48f?s=96&d=mm&r=g\",\"caption\":\"C D\"},\"url\":\"https:\/\/vosgesinfo.fr\/remiremontinfo\/author\/cedric-drevet\/\"}]}<\/script>\n<!-- \/ Yoast SEO plugin. -->","yoast_head_json":{"title":"Saint-Nabord : l'Abri organise son d\u00e9stockage d'automne - Remiremont Info","robots":{"index":"index","follow":"follow","max-snippet":"max-snippet:-1","max-image-preview":"max-image-preview:large","max-video-preview":"max-video-preview:-1"},"canonical":"https:\/\/vosgesinfo.fr\/remiremontinfo\/2022\/09\/saint-nabord-labri-organise-destockage-dautomne\/","twitter_card":"summary_large_image","twitter_title":"Saint-Nabord : l'Abri organise son d\u00e9stockage d'automne - Remiremont Info","twitter_description":"Photo d&rsquo;archives Communiqu\u00e9\u00a0 L\u2019association L\u2019ABRI organise samedi 1 er octobre \u00e0 St Nabord son traditionnel d\u00e9stockage d\u2019automne auquel tous les [&hellip;]","twitter_image":"https:\/\/vosgesinfo.fr\/app\/uploads\/sites\/5\/2024\/09\/202205inkeddsc-0654-li-2.jpg","twitter_creator":"@VosgesInfo88","twitter_site":"@VosgesInfo88","twitter_misc":{"\u00c9crit par":"C D","Dur\u00e9e de lecture estim\u00e9e":"3 minutes"},"schema":{"@context":"https:\/\/schema.org","@graph":[{"@type":"Article","@id":"https:\/\/vosgesinfo.fr\/remiremontinfo\/2022\/09\/saint-nabord-labri-organise-destockage-dautomne\/#article","isPartOf":{"@id":"https:\/\/vosgesinfo.fr\/remiremontinfo\/2022\/09\/saint-nabord-labri-organise-destockage-dautomne\/"},"author":{"name":"C D","@id":"https:\/\/vosgesinfo.fr\/remiremontinfo\/#\/schema\/person\/3bfd164d5218a185b1db68655a265316"},"headline":"Saint-Nabord : l&rsquo;Abri organise son d\u00e9stockage d&rsquo;automne","datePublished":"2022-09-23T05:34:26+00:00","dateModified":"2022-09-23T05:34:26+00:00","mainEntityOfPage":{"@id":"https:\/\/vosgesinfo.fr\/remiremontinfo\/2022\/09\/saint-nabord-labri-organise-destockage-dautomne\/"},"wordCount":584,"commentCount":0,"publisher":{"@id":"https:\/\/vosgesinfo.fr\/remiremontinfo\/#organization"},"image":{"@id":"https:\/\/vosgesinfo.fr\/remiremontinfo\/2022\/09\/saint-nabord-labri-organise-destockage-dautomne\/#primaryimage"},"thumbnailUrl":"https:\/\/vosgesinfo.fr\/app\/uploads\/sites\/5\/2024\/09\/202205inkeddsc-0654-li-2.jpg","keywords":["ABRI","destockage","meubles","objets","saint-nabord","Vosges"],"articleSection":["A la Une","Remiremont &amp; son canton","Saint-Nabord","Vie associative"],"inLanguage":"fr-FR","potentialAction":[{"@type":"CommentAction","name":"Comment","target":["https:\/\/vosgesinfo.fr\/remiremontinfo\/2022\/09\/saint-nabord-labri-organise-destockage-dautomne\/#respond"]}]},{"@type":"WebPage","@id":"https:\/\/vosgesinfo.fr\/remiremontinfo\/2022\/09\/saint-nabord-labri-organise-destockage-dautomne\/","url":"https:\/\/vosgesinfo.fr\/remiremontinfo\/2022\/09\/saint-nabord-labri-organise-destockage-dautomne\/","name":"Saint-Nabord : l'Abri organise son d\u00e9stockage d'automne - Remiremont Info","isPartOf":{"@id":"https:\/\/vosgesinfo.fr\/remiremontinfo\/#website"},"primaryImageOfPage":{"@id":"https:\/\/vosgesinfo.fr\/remiremontinfo\/2022\/09\/saint-nabord-labri-organise-destockage-dautomne\/#primaryimage"},"image":{"@id":"https:\/\/vosgesinfo.fr\/remiremontinfo\/2022\/09\/saint-nabord-labri-organise-destockage-dautomne\/#primaryimage"},"thumbnailUrl":"https:\/\/vosgesinfo.fr\/app\/uploads\/sites\/5\/2024\/09\/202205inkeddsc-0654-li-2.jpg","datePublished":"2022-09-23T05:34:26+00:00","dateModified":"2022-09-23T05:34:26+00:00","breadcrumb":{"@id":"https:\/\/vosgesinfo.fr\/remiremontinfo\/2022\/09\/saint-nabord-labri-organise-destockage-dautomne\/#breadcrumb"},"inLanguage":"fr-FR","potentialAction":[{"@type":"ReadAction","target":["https:\/\/vosgesinfo.fr\/remiremontinfo\/2022\/09\/saint-nabord-labri-organise-destockage-dautomne\/"]}]},{"@type":"ImageObject","inLanguage":"fr-FR","@id":"https:\/\/vosgesinfo.fr\/remiremontinfo\/2022\/09\/saint-nabord-labri-organise-destockage-dautomne\/#primaryimage","url":"https:\/\/vosgesinfo.fr\/app\/uploads\/sites\/5\/2024\/09\/202205inkeddsc-0654-li-2.jpg","contentUrl":"https:\/\/vosgesinfo.fr\/app\/uploads\/sites\/5\/2024\/09\/202205inkeddsc-0654-li-2.jpg","width":800,"height":532},{"@type":"BreadcrumbList","@id":"https:\/\/vosgesinfo.fr\/remiremontinfo\/2022\/09\/saint-nabord-labri-organise-destockage-dautomne\/#breadcrumb","itemListElement":[{"@type":"ListItem","position":1,"name":"Home","item":"https:\/\/vosgesinfo.fr\/remiremontinfo\/"},{"@type":"ListItem","position":2,"name":"Saint-Nabord : l&rsquo;Abri organise son d\u00e9stockage d&rsquo;automne"}]},{"@type":"WebSite","@id":"https:\/\/vosgesinfo.fr\/remiremontinfo\/#website","url":"https:\/\/vosgesinfo.fr\/remiremontinfo\/","name":"Remiremont Info","description":"Toute l&#039;actualit\u00e9 de Remiremont","publisher":{"@id":"https:\/\/vosgesinfo.fr\/remiremontinfo\/#organization"},"alternateName":"Toute l'actualit\u00e9 de Remiremont","potentialAction":[{"@type":"SearchAction","target":{"@type":"EntryPoint","urlTemplate":"https:\/\/vosgesinfo.fr\/remiremontinfo\/?s={search_term_string}"},"query-input":"required name=search_term_string"}],"inLanguage":"fr-FR"},{"@type":"Organization","@id":"https:\/\/vosgesinfo.fr\/remiremontinfo\/#organization","name":"Remiremont Info","url":"https:\/\/vosgesinfo.fr\/remiremontinfo\/","logo":{"@type":"ImageObject","inLanguage":"fr-FR","@id":"https:\/\/vosgesinfo.fr\/remiremontinfo\/#\/schema\/logo\/image\/","url":"https:\/\/vosgesinfo.fr\/app\/uploads\/sites\/5\/2023\/08\/favicon-remiremontinfo.png","contentUrl":"https:\/\/vosgesinfo.fr\/app\/uploads\/sites\/5\/2023\/08\/favicon-remiremontinfo.png","width":512,"height":512,"caption":"Remiremont Info"},"image":{"@id":"https:\/\/vosgesinfo.fr\/remiremontinfo\/#\/schema\/logo\/image\/"},"sameAs":["https:\/\/www.facebook.com\/remiremontinfo","https:\/\/x.com\/VosgesInfo88","https:\/\/www.youtube.com\/@vosgesinfo"]},{"@type":"Person","@id":"https:\/\/vosgesinfo.fr\/remiremontinfo\/#\/schema\/person\/3bfd164d5218a185b1db68655a265316","name":"C D","image":{"@type":"ImageObject","inLanguage":"fr-FR","@id":"https:\/\/vosgesinfo.fr\/remiremontinfo\/#\/schema\/person\/image\/","url":"https:\/\/secure.gravatar.com\/avatar\/1f9a70007336511a47468b8f1c66f922b8b7cf617b02a31149ada43893a5d48f?s=96&d=mm&r=g","contentUrl":"https:\/\/secure.gravatar.com\/avatar\/1f9a70007336511a47468b8f1c66f922b8b7cf617b02a31149ada43893a5d48f?s=96&d=mm&r=g","caption":"C D"},"url":"https:\/\/vosgesinfo.fr\/remiremontinfo\/author\/cedric-drevet\/"}]}},"_links":{"self":[{"href":"https:\/\/vosgesinfo.fr\/remiremontinfo\/wp-json\/wp\/v2\/posts\/62371","targetHints":{"allow":["GET"]}}],"collection":[{"href":"https:\/\/vosgesinfo.fr\/remiremontinfo\/wp-json\/wp\/v2\/posts"}],"about":[{"href":"https:\/\/vosgesinfo.fr\/remiremontinfo\/wp-json\/wp\/v2\/types\/post"}],"author":[{"embeddable":true,"href":"https:\/\/vosgesinfo.fr\/remiremontinfo\/wp-json\/wp\/v2\/users\/407"}],"replies":[{"embeddable":true,"href":"https:\/\/vosgesinfo.fr\/remiremontinfo\/wp-json\/wp\/v2\/comments?post=62371"}],"version-history":[{"count":0,"href":"https:\/\/vosgesinfo.fr\/remiremontinfo\/wp-json\/wp\/v2\/posts\/62371\/revisions"}],"wp:featuredmedia":[{"embeddable":true,"href":"https:\/\/vosgesinfo.fr\/remiremontinfo\/wp-json\/wp\/v2\/media\/62372"}],"wp:attachment":[{"href":"https:\/\/vosgesinfo.fr\/remiremontinfo\/wp-json\/wp\/v2\/media?parent=62371"}],"wp:term":[{"taxonomy":"category","embeddable":true,"href":"https:\/\/vosgesinfo.fr\/remiremontinfo\/wp-json\/wp\/v2\/categories?post=62371"},{"taxonomy":"post_tag","embeddable":true,"href":"https:\/\/vosgesinfo.fr\/remiremontinfo\/wp-json\/wp\/v2\/tags?post=62371"}],"curies":[{"name":"wp","href":"https:\/\/api.w.org\/{rel}","templated":true}]}}