{"id":62373,"date":"2022-09-23T07:20:57","date_gmt":"2022-09-23T05:20:57","guid":{"rendered":"https:\/\/vosgesinfo.fr\/remiremontinfo\/2022\/09\/saint-nabord-caillebotis-installe-tourbiere-de-demoiselle\/"},"modified":"2022-09-23T07:20:57","modified_gmt":"2022-09-23T05:20:57","slug":"saint-nabord-caillebotis-installe-tourbiere-de-demoiselle","status":"publish","type":"post","link":"https:\/\/vosgesinfo.fr\/remiremontinfo\/2022\/09\/saint-nabord-caillebotis-installe-tourbiere-de-demoiselle\/","title":{"rendered":"Saint-Nabord : un caillebotis install\u00e9 sur la tourbi\u00e8re de la Demoiselle"},"content":{"rendered":"<div class=\"m8h3af8h l7ghb35v kjdc1dyq kmwttqpk gh25dzvf n3t5jt4f\">\n<p dir=\"auto\"><a href=\"\/2022\/09\/308669819_660181942297526_8170572412159266141_n1.jpg\"><img decoding=\"async\" class=\"alignnone size-large wp-image-354347\" src=\"\/2022\/09\/308669819_660181942297526_8170572412159266141_n1-1024x761.jpg\" alt=\"308669819_660181942297526_8170572412159266141_n\" width=\"960\" height=\"713\" \/><\/a><\/p>\n<p dir=\"auto\"><span style=\"font-size: 10pt;\"><em>Source : Mairie de Saint-Nabord\u00a0<\/em><\/span><\/p>\n<\/div>\n<div class=\"l7ghb35v kjdc1dyq kmwttqpk gh25dzvf jikcssrz n3t5jt4f\">\n<h2 dir=\"auto\"><span style=\"font-size: 12pt;\"><strong>Catherine Louis, Pr\u00e9sidente de la CCPVM (Communaut\u00e9 de Communes de la Porte des Vosges M\u00e9ridionales) et Jean-Paul Miclo, Vice-Pr\u00e9sident \u00e0 l\u2019Environnement et Pr\u00e9sident du Comit\u00e9 de pilotage du site Natura 2000 de la Demoiselle ont convi\u00e9 les \u00e9lus, membres de l&rsquo;association de p\u00eache, repr\u00e9sentants de l&rsquo;ONF, \u00e0 l\u2019inauguration d\u2019un caillebotis install\u00e9 sur la tourbi\u00e8re de la Demoiselle. <\/strong><\/span><\/h2>\n<div dir=\"auto\">Une visite sur site anim\u00e9e par Thomas Proquez, charg\u00e9 de mission \u00e0 la CCPVM et des membres du CEN de Lorraine (Conservatoire des espaces naturels). Class\u00e9 Espace Naturel Sensible* depuis 1994 et Natura 2000 ** depuis 2008, l\u2019\u00e9tang et la tourbi\u00e8re b\u00e9n\u00e9ficient d\u2019un programme de pr\u00e9servation et de mise en valeur de nos sites remarquables. La tourbi\u00e8re de la Demoiselle a subi par le pass\u00e9 une exploitation et un drainage qui ont perturb\u00e9 son fonctionnement et fragilis\u00e9 son milieu naturel, plus vuln\u00e9rable face au r\u00e9chauffement climatique. Ce d\u00e9s\u00e9quilibre pourrait \u00e0 terme conduire \u00e0 la disparition de certaines esp\u00e8ces prot\u00e9g\u00e9es.<\/div>\n<\/div>\n<div class=\"l7ghb35v kjdc1dyq kmwttqpk gh25dzvf jikcssrz n3t5jt4f\">\n<div dir=\"auto\"><\/div>\n<div dir=\"auto\">En collaboration avec le Conservatoire des Espaces Naturels, la communaut\u00e9 de communes s\u2019est donn\u00e9 pour mission de restaurer l\u2019\u00e9quilibre \u00e9cologique de la tourbi\u00e8re. Pour comprendre son fonctionnement, une premi\u00e8re phase de pr\u00e9l\u00e8vements des donn\u00e9es topographiques par drone (Lidar) a \u00e9t\u00e9 r\u00e9alis\u00e9e en 2021 sur l\u2019ensemble du site. Elle sera suivie prochainement de la cr\u00e9ation de d\u00e9pressions pour maintenir l\u2019eau dans les petites mares et d\u2019interventions pour limiter le drainage.<\/div>\n<\/div>\n<div class=\"l7ghb35v kjdc1dyq kmwttqpk gh25dzvf jikcssrz n3t5jt4f\">\n<div dir=\"auto\"><\/div>\n<div dir=\"auto\">Parall\u00e8lement \u00e0 sa pr\u00e9servation, un am\u00e9nagement du site est en cours pour rendre cette richesse environnementale accessible au plus grand nombre. Pour ce faire, un caillebotis en bois local (m\u00e9l\u00e8ze et acacia) vient d\u2019\u00eatre install\u00e9 sur la tourbi\u00e8re. Les travaux ont \u00e9t\u00e9 en grande partie (80%) pris en charge par l\u2019Agence de l\u2019eau et le programme LEADER (20% par la CCPVM et les communes concern\u00e9es). Des panneaux p\u00e9dagogiques viendront compl\u00e9ter cet am\u00e9nagement qui permettra d\u2018organiser des animations aupr\u00e8s des \u00e9coles et d\u2019informer le grand public.<\/div>\n<\/div>\n<div class=\"l7ghb35v kjdc1dyq kmwttqpk gh25dzvf jikcssrz n3t5jt4f\">\n<div dir=\"auto\"><\/div>\n<div dir=\"auto\">*Sous l\u2019\u00e9gide les D\u00e9partements, les \u00ab Espaces naturels sensibles \u00bb (ENS) visent \u00e0 pr\u00e9server la qualit\u00e9 des sites, des paysages, des milieux et habitats naturels et les champs naturels d\u2019expansion des crues<\/div>\n<div dir=\"auto\">** Le r\u00e9seau Natura 2000, constitu\u00e9 d\u2019un ensemble de sites naturels, terrestres et marins, vise \u00e0 assurer la survie \u00e0 long terme des esp\u00e8ces et des habitats particuli\u00e8rement menac\u00e9s, \u00e0 forts enjeux de conservation en Europe.<\/div>\n<\/div>\n<div dir=\"auto\"><\/div>\n<div dir=\"auto\"><span style=\"font-size: 10pt;\"><em>Source : Mairie de Saint-Nabord\u00a0\u00a0<\/em><\/span><\/div>\n<div dir=\"auto\"><\/div>\n<div dir=\"auto\">\n\n<\/div>\n","protected":false},"excerpt":{"rendered":"<p>Source : Mairie de Saint-Nabord\u00a0 Catherine Louis, Pr\u00e9sidente de la CCPVM (Communaut\u00e9 de Communes de la Porte des Vosges M\u00e9ridionales) [&hellip;]<\/p>\n","protected":false},"author":407,"featured_media":62374,"comment_status":"open","ping_status":"open","sticky":false,"template":"","format":"standard","meta":{"footnotes":""},"categories":[26,35,100],"tags":[4736,4737,42,4738,32],"class_list":["post-62373","post","type-post","status-publish","format-standard","has-post-thumbnail","hentry","category-a-la-une","category-remiremont-son-canton","category-saint-nabord","tag-caillebotis","tag-demoiselle","tag-saint-nabord","tag-tourbiere","tag-vosges"],"acf":[],"yoast_head":"<!-- This site is optimized with the Yoast SEO plugin v22.5 - https:\/\/yoast.com\/wordpress\/plugins\/seo\/ -->\n<title>Saint-Nabord : un caillebotis install\u00e9 sur la tourbi\u00e8re de la Demoiselle - Remiremont Info<\/title>\n<meta name=\"robots\" content=\"index, follow, max-snippet:-1, max-image-preview:large, max-video-preview:-1\" \/>\n<link rel=\"canonical\" href=\"https:\/\/vosgesinfo.fr\/remiremontinfo\/2022\/09\/saint-nabord-caillebotis-installe-tourbiere-de-demoiselle\/\" \/>\n<meta name=\"twitter:card\" content=\"summary_large_image\" \/>\n<meta name=\"twitter:title\" content=\"Saint-Nabord : un caillebotis install\u00e9 sur la tourbi\u00e8re de la Demoiselle - Remiremont Info\" \/>\n<meta name=\"twitter:description\" content=\"Source : Mairie de Saint-Nabord\u00a0 Catherine Louis, Pr\u00e9sidente de la CCPVM (Communaut\u00e9 de Communes de la Porte des Vosges M\u00e9ridionales) [&hellip;]\" \/>\n<meta name=\"twitter:image\" content=\"https:\/\/vosgesinfo.fr\/app\/uploads\/sites\/5\/2024\/09\/202209308360483-660182365630817-7147128105699859157-n1.jpg\" \/>\n<meta name=\"twitter:creator\" content=\"@VosgesInfo88\" \/>\n<meta name=\"twitter:site\" content=\"@VosgesInfo88\" \/>\n<meta name=\"twitter:label1\" content=\"\u00c9crit par\" \/>\n\t<meta name=\"twitter:data1\" content=\"C D\" \/>\n\t<meta name=\"twitter:label2\" content=\"Dur\u00e9e de lecture estim\u00e9e\" \/>\n\t<meta name=\"twitter:data2\" content=\"2 minutes\" \/>\n<script type=\"application\/ld+json\" class=\"yoast-schema-graph\">{\"@context\":\"https:\/\/schema.org\",\"@graph\":[{\"@type\":\"Article\",\"@id\":\"https:\/\/vosgesinfo.fr\/remiremontinfo\/2022\/09\/saint-nabord-caillebotis-installe-tourbiere-de-demoiselle\/#article\",\"isPartOf\":{\"@id\":\"https:\/\/vosgesinfo.fr\/remiremontinfo\/2022\/09\/saint-nabord-caillebotis-installe-tourbiere-de-demoiselle\/\"},\"author\":{\"name\":\"C D\",\"@id\":\"https:\/\/vosgesinfo.fr\/remiremontinfo\/#\/schema\/person\/3bfd164d5218a185b1db68655a265316\"},\"headline\":\"Saint-Nabord : un caillebotis install\u00e9 sur la tourbi\u00e8re de la Demoiselle\",\"datePublished\":\"2022-09-23T05:20:57+00:00\",\"dateModified\":\"2022-09-23T05:20:57+00:00\",\"mainEntityOfPage\":{\"@id\":\"https:\/\/vosgesinfo.fr\/remiremontinfo\/2022\/09\/saint-nabord-caillebotis-installe-tourbiere-de-demoiselle\/\"},\"wordCount\":449,\"commentCount\":0,\"publisher\":{\"@id\":\"https:\/\/vosgesinfo.fr\/remiremontinfo\/#organization\"},\"image\":{\"@id\":\"https:\/\/vosgesinfo.fr\/remiremontinfo\/2022\/09\/saint-nabord-caillebotis-installe-tourbiere-de-demoiselle\/#primaryimage\"},\"thumbnailUrl\":\"https:\/\/vosgesinfo.fr\/app\/uploads\/sites\/5\/2024\/09\/202209308360483-660182365630817-7147128105699859157-n1.jpg\",\"keywords\":[\"caillebotis\",\"demoiselle\",\"saint-nabord\",\"tourbi\u00e8re\",\"Vosges\"],\"articleSection\":[\"A la Une\",\"Remiremont &amp; son canton\",\"Saint-Nabord\"],\"inLanguage\":\"fr-FR\",\"potentialAction\":[{\"@type\":\"CommentAction\",\"name\":\"Comment\",\"target\":[\"https:\/\/vosgesinfo.fr\/remiremontinfo\/2022\/09\/saint-nabord-caillebotis-installe-tourbiere-de-demoiselle\/#respond\"]}]},{\"@type\":\"WebPage\",\"@id\":\"https:\/\/vosgesinfo.fr\/remiremontinfo\/2022\/09\/saint-nabord-caillebotis-installe-tourbiere-de-demoiselle\/\",\"url\":\"https:\/\/vosgesinfo.fr\/remiremontinfo\/2022\/09\/saint-nabord-caillebotis-installe-tourbiere-de-demoiselle\/\",\"name\":\"Saint-Nabord : un caillebotis install\u00e9 sur la tourbi\u00e8re de la Demoiselle - Remiremont Info\",\"isPartOf\":{\"@id\":\"https:\/\/vosgesinfo.fr\/remiremontinfo\/#website\"},\"primaryImageOfPage\":{\"@id\":\"https:\/\/vosgesinfo.fr\/remiremontinfo\/2022\/09\/saint-nabord-caillebotis-installe-tourbiere-de-demoiselle\/#primaryimage\"},\"image\":{\"@id\":\"https:\/\/vosgesinfo.fr\/remiremontinfo\/2022\/09\/saint-nabord-caillebotis-installe-tourbiere-de-demoiselle\/#primaryimage\"},\"thumbnailUrl\":\"https:\/\/vosgesinfo.fr\/app\/uploads\/sites\/5\/2024\/09\/202209308360483-660182365630817-7147128105699859157-n1.jpg\",\"datePublished\":\"2022-09-23T05:20:57+00:00\",\"dateModified\":\"2022-09-23T05:20:57+00:00\",\"breadcrumb\":{\"@id\":\"https:\/\/vosgesinfo.fr\/remiremontinfo\/2022\/09\/saint-nabord-caillebotis-installe-tourbiere-de-demoiselle\/#breadcrumb\"},\"inLanguage\":\"fr-FR\",\"potentialAction\":[{\"@type\":\"ReadAction\",\"target\":[\"https:\/\/vosgesinfo.fr\/remiremontinfo\/2022\/09\/saint-nabord-caillebotis-installe-tourbiere-de-demoiselle\/\"]}]},{\"@type\":\"ImageObject\",\"inLanguage\":\"fr-FR\",\"@id\":\"https:\/\/vosgesinfo.fr\/remiremontinfo\/2022\/09\/saint-nabord-caillebotis-installe-tourbiere-de-demoiselle\/#primaryimage\",\"url\":\"https:\/\/vosgesinfo.fr\/app\/uploads\/sites\/5\/2024\/09\/202209308360483-660182365630817-7147128105699859157-n1.jpg\",\"contentUrl\":\"https:\/\/vosgesinfo.fr\/app\/uploads\/sites\/5\/2024\/09\/202209308360483-660182365630817-7147128105699859157-n1.jpg\",\"width\":1536,\"height\":1231},{\"@type\":\"BreadcrumbList\",\"@id\":\"https:\/\/vosgesinfo.fr\/remiremontinfo\/2022\/09\/saint-nabord-caillebotis-installe-tourbiere-de-demoiselle\/#breadcrumb\",\"itemListElement\":[{\"@type\":\"ListItem\",\"position\":1,\"name\":\"Home\",\"item\":\"https:\/\/vosgesinfo.fr\/remiremontinfo\/\"},{\"@type\":\"ListItem\",\"position\":2,\"name\":\"Saint-Nabord : un caillebotis install\u00e9 sur la tourbi\u00e8re de la Demoiselle\"}]},{\"@type\":\"WebSite\",\"@id\":\"https:\/\/vosgesinfo.fr\/remiremontinfo\/#website\",\"url\":\"https:\/\/vosgesinfo.fr\/remiremontinfo\/\",\"name\":\"Remiremont Info\",\"description\":\"Toute l&#039;actualit\u00e9 de Remiremont\",\"publisher\":{\"@id\":\"https:\/\/vosgesinfo.fr\/remiremontinfo\/#organization\"},\"alternateName\":\"Toute l'actualit\u00e9 de Remiremont\",\"potentialAction\":[{\"@type\":\"SearchAction\",\"target\":{\"@type\":\"EntryPoint\",\"urlTemplate\":\"https:\/\/vosgesinfo.fr\/remiremontinfo\/?s={search_term_string}\"},\"query-input\":\"required name=search_term_string\"}],\"inLanguage\":\"fr-FR\"},{\"@type\":\"Organization\",\"@id\":\"https:\/\/vosgesinfo.fr\/remiremontinfo\/#organization\",\"name\":\"Remiremont Info\",\"url\":\"https:\/\/vosgesinfo.fr\/remiremontinfo\/\",\"logo\":{\"@type\":\"ImageObject\",\"inLanguage\":\"fr-FR\",\"@id\":\"https:\/\/vosgesinfo.fr\/remiremontinfo\/#\/schema\/logo\/image\/\",\"url\":\"https:\/\/vosgesinfo.fr\/app\/uploads\/sites\/5\/2023\/08\/favicon-remiremontinfo.png\",\"contentUrl\":\"https:\/\/vosgesinfo.fr\/app\/uploads\/sites\/5\/2023\/08\/favicon-remiremontinfo.png\",\"width\":512,\"height\":512,\"caption\":\"Remiremont Info\"},\"image\":{\"@id\":\"https:\/\/vosgesinfo.fr\/remiremontinfo\/#\/schema\/logo\/image\/\"},\"sameAs\":[\"https:\/\/www.facebook.com\/remiremontinfo\",\"https:\/\/x.com\/VosgesInfo88\",\"https:\/\/www.youtube.com\/@vosgesinfo\"]},{\"@type\":\"Person\",\"@id\":\"https:\/\/vosgesinfo.fr\/remiremontinfo\/#\/schema\/person\/3bfd164d5218a185b1db68655a265316\",\"name\":\"C D\",\"image\":{\"@type\":\"ImageObject\",\"inLanguage\":\"fr-FR\",\"@id\":\"https:\/\/vosgesinfo.fr\/remiremontinfo\/#\/schema\/person\/image\/\",\"url\":\"https:\/\/secure.gravatar.com\/avatar\/1f9a70007336511a47468b8f1c66f922b8b7cf617b02a31149ada43893a5d48f?s=96&d=mm&r=g\",\"contentUrl\":\"https:\/\/secure.gravatar.com\/avatar\/1f9a70007336511a47468b8f1c66f922b8b7cf617b02a31149ada43893a5d48f?s=96&d=mm&r=g\",\"caption\":\"C D\"},\"url\":\"https:\/\/vosgesinfo.fr\/remiremontinfo\/author\/cedric-drevet\/\"}]}<\/script>\n<!-- \/ Yoast SEO plugin. -->","yoast_head_json":{"title":"Saint-Nabord : un caillebotis install\u00e9 sur la tourbi\u00e8re de la Demoiselle - Remiremont Info","robots":{"index":"index","follow":"follow","max-snippet":"max-snippet:-1","max-image-preview":"max-image-preview:large","max-video-preview":"max-video-preview:-1"},"canonical":"https:\/\/vosgesinfo.fr\/remiremontinfo\/2022\/09\/saint-nabord-caillebotis-installe-tourbiere-de-demoiselle\/","twitter_card":"summary_large_image","twitter_title":"Saint-Nabord : un caillebotis install\u00e9 sur la tourbi\u00e8re de la Demoiselle - Remiremont Info","twitter_description":"Source : Mairie de Saint-Nabord\u00a0 Catherine Louis, Pr\u00e9sidente de la CCPVM (Communaut\u00e9 de Communes de la Porte des Vosges M\u00e9ridionales) [&hellip;]","twitter_image":"https:\/\/vosgesinfo.fr\/app\/uploads\/sites\/5\/2024\/09\/202209308360483-660182365630817-7147128105699859157-n1.jpg","twitter_creator":"@VosgesInfo88","twitter_site":"@VosgesInfo88","twitter_misc":{"\u00c9crit par":"C D","Dur\u00e9e de lecture estim\u00e9e":"2 minutes"},"schema":{"@context":"https:\/\/schema.org","@graph":[{"@type":"Article","@id":"https:\/\/vosgesinfo.fr\/remiremontinfo\/2022\/09\/saint-nabord-caillebotis-installe-tourbiere-de-demoiselle\/#article","isPartOf":{"@id":"https:\/\/vosgesinfo.fr\/remiremontinfo\/2022\/09\/saint-nabord-caillebotis-installe-tourbiere-de-demoiselle\/"},"author":{"name":"C D","@id":"https:\/\/vosgesinfo.fr\/remiremontinfo\/#\/schema\/person\/3bfd164d5218a185b1db68655a265316"},"headline":"Saint-Nabord : un caillebotis install\u00e9 sur la tourbi\u00e8re de la Demoiselle","datePublished":"2022-09-23T05:20:57+00:00","dateModified":"2022-09-23T05:20:57+00:00","mainEntityOfPage":{"@id":"https:\/\/vosgesinfo.fr\/remiremontinfo\/2022\/09\/saint-nabord-caillebotis-installe-tourbiere-de-demoiselle\/"},"wordCount":449,"commentCount":0,"publisher":{"@id":"https:\/\/vosgesinfo.fr\/remiremontinfo\/#organization"},"image":{"@id":"https:\/\/vosgesinfo.fr\/remiremontinfo\/2022\/09\/saint-nabord-caillebotis-installe-tourbiere-de-demoiselle\/#primaryimage"},"thumbnailUrl":"https:\/\/vosgesinfo.fr\/app\/uploads\/sites\/5\/2024\/09\/202209308360483-660182365630817-7147128105699859157-n1.jpg","keywords":["caillebotis","demoiselle","saint-nabord","tourbi\u00e8re","Vosges"],"articleSection":["A la Une","Remiremont &amp; son canton","Saint-Nabord"],"inLanguage":"fr-FR","potentialAction":[{"@type":"CommentAction","name":"Comment","target":["https:\/\/vosgesinfo.fr\/remiremontinfo\/2022\/09\/saint-nabord-caillebotis-installe-tourbiere-de-demoiselle\/#respond"]}]},{"@type":"WebPage","@id":"https:\/\/vosgesinfo.fr\/remiremontinfo\/2022\/09\/saint-nabord-caillebotis-installe-tourbiere-de-demoiselle\/","url":"https:\/\/vosgesinfo.fr\/remiremontinfo\/2022\/09\/saint-nabord-caillebotis-installe-tourbiere-de-demoiselle\/","name":"Saint-Nabord : un caillebotis install\u00e9 sur la tourbi\u00e8re de la Demoiselle - Remiremont Info","isPartOf":{"@id":"https:\/\/vosgesinfo.fr\/remiremontinfo\/#website"},"primaryImageOfPage":{"@id":"https:\/\/vosgesinfo.fr\/remiremontinfo\/2022\/09\/saint-nabord-caillebotis-installe-tourbiere-de-demoiselle\/#primaryimage"},"image":{"@id":"https:\/\/vosgesinfo.fr\/remiremontinfo\/2022\/09\/saint-nabord-caillebotis-installe-tourbiere-de-demoiselle\/#primaryimage"},"thumbnailUrl":"https:\/\/vosgesinfo.fr\/app\/uploads\/sites\/5\/2024\/09\/202209308360483-660182365630817-7147128105699859157-n1.jpg","datePublished":"2022-09-23T05:20:57+00:00","dateModified":"2022-09-23T05:20:57+00:00","breadcrumb":{"@id":"https:\/\/vosgesinfo.fr\/remiremontinfo\/2022\/09\/saint-nabord-caillebotis-installe-tourbiere-de-demoiselle\/#breadcrumb"},"inLanguage":"fr-FR","potentialAction":[{"@type":"ReadAction","target":["https:\/\/vosgesinfo.fr\/remiremontinfo\/2022\/09\/saint-nabord-caillebotis-installe-tourbiere-de-demoiselle\/"]}]},{"@type":"ImageObject","inLanguage":"fr-FR","@id":"https:\/\/vosgesinfo.fr\/remiremontinfo\/2022\/09\/saint-nabord-caillebotis-installe-tourbiere-de-demoiselle\/#primaryimage","url":"https:\/\/vosgesinfo.fr\/app\/uploads\/sites\/5\/2024\/09\/202209308360483-660182365630817-7147128105699859157-n1.jpg","contentUrl":"https:\/\/vosgesinfo.fr\/app\/uploads\/sites\/5\/2024\/09\/202209308360483-660182365630817-7147128105699859157-n1.jpg","width":1536,"height":1231},{"@type":"BreadcrumbList","@id":"https:\/\/vosgesinfo.fr\/remiremontinfo\/2022\/09\/saint-nabord-caillebotis-installe-tourbiere-de-demoiselle\/#breadcrumb","itemListElement":[{"@type":"ListItem","position":1,"name":"Home","item":"https:\/\/vosgesinfo.fr\/remiremontinfo\/"},{"@type":"ListItem","position":2,"name":"Saint-Nabord : un caillebotis install\u00e9 sur la tourbi\u00e8re de la Demoiselle"}]},{"@type":"WebSite","@id":"https:\/\/vosgesinfo.fr\/remiremontinfo\/#website","url":"https:\/\/vosgesinfo.fr\/remiremontinfo\/","name":"Remiremont Info","description":"Toute l&#039;actualit\u00e9 de Remiremont","publisher":{"@id":"https:\/\/vosgesinfo.fr\/remiremontinfo\/#organization"},"alternateName":"Toute l'actualit\u00e9 de Remiremont","potentialAction":[{"@type":"SearchAction","target":{"@type":"EntryPoint","urlTemplate":"https:\/\/vosgesinfo.fr\/remiremontinfo\/?s={search_term_string}"},"query-input":"required name=search_term_string"}],"inLanguage":"fr-FR"},{"@type":"Organization","@id":"https:\/\/vosgesinfo.fr\/remiremontinfo\/#organization","name":"Remiremont Info","url":"https:\/\/vosgesinfo.fr\/remiremontinfo\/","logo":{"@type":"ImageObject","inLanguage":"fr-FR","@id":"https:\/\/vosgesinfo.fr\/remiremontinfo\/#\/schema\/logo\/image\/","url":"https:\/\/vosgesinfo.fr\/app\/uploads\/sites\/5\/2023\/08\/favicon-remiremontinfo.png","contentUrl":"https:\/\/vosgesinfo.fr\/app\/uploads\/sites\/5\/2023\/08\/favicon-remiremontinfo.png","width":512,"height":512,"caption":"Remiremont Info"},"image":{"@id":"https:\/\/vosgesinfo.fr\/remiremontinfo\/#\/schema\/logo\/image\/"},"sameAs":["https:\/\/www.facebook.com\/remiremontinfo","https:\/\/x.com\/VosgesInfo88","https:\/\/www.youtube.com\/@vosgesinfo"]},{"@type":"Person","@id":"https:\/\/vosgesinfo.fr\/remiremontinfo\/#\/schema\/person\/3bfd164d5218a185b1db68655a265316","name":"C D","image":{"@type":"ImageObject","inLanguage":"fr-FR","@id":"https:\/\/vosgesinfo.fr\/remiremontinfo\/#\/schema\/person\/image\/","url":"https:\/\/secure.gravatar.com\/avatar\/1f9a70007336511a47468b8f1c66f922b8b7cf617b02a31149ada43893a5d48f?s=96&d=mm&r=g","contentUrl":"https:\/\/secure.gravatar.com\/avatar\/1f9a70007336511a47468b8f1c66f922b8b7cf617b02a31149ada43893a5d48f?s=96&d=mm&r=g","caption":"C D"},"url":"https:\/\/vosgesinfo.fr\/remiremontinfo\/author\/cedric-drevet\/"}]}},"_links":{"self":[{"href":"https:\/\/vosgesinfo.fr\/remiremontinfo\/wp-json\/wp\/v2\/posts\/62373","targetHints":{"allow":["GET"]}}],"collection":[{"href":"https:\/\/vosgesinfo.fr\/remiremontinfo\/wp-json\/wp\/v2\/posts"}],"about":[{"href":"https:\/\/vosgesinfo.fr\/remiremontinfo\/wp-json\/wp\/v2\/types\/post"}],"author":[{"embeddable":true,"href":"https:\/\/vosgesinfo.fr\/remiremontinfo\/wp-json\/wp\/v2\/users\/407"}],"replies":[{"embeddable":true,"href":"https:\/\/vosgesinfo.fr\/remiremontinfo\/wp-json\/wp\/v2\/comments?post=62373"}],"version-history":[{"count":0,"href":"https:\/\/vosgesinfo.fr\/remiremontinfo\/wp-json\/wp\/v2\/posts\/62373\/revisions"}],"wp:featuredmedia":[{"embeddable":true,"href":"https:\/\/vosgesinfo.fr\/remiremontinfo\/wp-json\/wp\/v2\/media\/62374"}],"wp:attachment":[{"href":"https:\/\/vosgesinfo.fr\/remiremontinfo\/wp-json\/wp\/v2\/media?parent=62373"}],"wp:term":[{"taxonomy":"category","embeddable":true,"href":"https:\/\/vosgesinfo.fr\/remiremontinfo\/wp-json\/wp\/v2\/categories?post=62373"},{"taxonomy":"post_tag","embeddable":true,"href":"https:\/\/vosgesinfo.fr\/remiremontinfo\/wp-json\/wp\/v2\/tags?post=62373"}],"curies":[{"name":"wp","href":"https:\/\/api.w.org\/{rel}","templated":true}]}}