{"id":62403,"date":"2022-09-23T06:18:31","date_gmt":"2022-09-23T04:18:31","guid":{"rendered":"https:\/\/vosgesinfo.fr\/remiremontinfo\/2022\/09\/vosges-liberer-sapeurs-pompiers-volontaires-grdf-repond-a-lappel\/"},"modified":"2022-09-23T06:18:31","modified_gmt":"2022-09-23T04:18:31","slug":"vosges-liberer-sapeurs-pompiers-volontaires-grdf-repond-a-lappel","status":"publish","type":"post","link":"https:\/\/vosgesinfo.fr\/remiremontinfo\/2022\/09\/vosges-liberer-sapeurs-pompiers-volontaires-grdf-repond-a-lappel\/","title":{"rendered":"Vosges \u2013 Lib\u00e9rer les sapeurs-pompiers volontaires : GRDF r\u00e9pond \u00e0 l\u2019appel"},"content":{"rendered":"<p class=\"x_MsoNormal\">Aujourd\u2019hui ce sont 3 conventions de partenariat avec les Services D\u00e9partementaux d\u2019Incendie et de Secours (SDIS) du 57, 88 et du 52, qui ont \u00e9t\u00e9 sign\u00e9s \u00e0 l\u2019occasion du Congr\u00e8s National des Sapeurs-Pompiers de France qui se tient jusqu\u2019au 24 septembre \u00e0 Nancy.<\/p>\n<p class=\"x_MsoNormal\">Ces conventions ont pour objectif de pr\u00e9ciser les disponibilit\u00e9s des sapeurs-pompiers volontaires et salari\u00e9s de GRDF. Cela leur permet de disposer de temps (15 jours \/ an) pour se former (minimum 7 jours sur ces 15 attribu\u00e9s) et \u00eatre exceptionnellement sollicit\u00e9s en cas d\u2019\u00e9v\u00e9nement op\u00e9rationnel important, comme ce fut le cas cet \u00e9t\u00e9 avec les incendies.<\/p>\n<p class=\"x_MsoNormal\">Depuis plus de 10 ans, GRDF favorise la disponibilit<\/p>\n","protected":false},"excerpt":{"rendered":"<p>Aujourd\u2019hui ce sont 3 conventions de partenariat avec les Services D\u00e9partementaux d\u2019Incendie et de Secours (SDIS) du 57, 88 et [&hellip;]<\/p>\n","protected":false},"author":407,"featured_media":62404,"comment_status":"open","ping_status":"open","sticky":false,"template":"","format":"standard","meta":{"footnotes":""},"categories":[26,18],"tags":[2960,1963,32],"class_list":["post-62403","post","type-post","status-publish","format-standard","has-post-thumbnail","hentry","category-a-la-une","category-vosges","tag-grdf","tag-sapeurs-pompiers","tag-vosges"],"acf":[],"yoast_head":"<!-- This site is optimized with the Yoast SEO plugin v22.5 - https:\/\/yoast.com\/wordpress\/plugins\/seo\/ -->\n<title>Vosges \u2013 Lib\u00e9rer les sapeurs-pompiers volontaires : GRDF r\u00e9pond \u00e0 l\u2019appel - Remiremont Info<\/title>\n<meta name=\"robots\" content=\"index, follow, max-snippet:-1, max-image-preview:large, max-video-preview:-1\" \/>\n<link rel=\"canonical\" href=\"https:\/\/vosgesinfo.fr\/remiremontinfo\/2022\/09\/vosges-liberer-sapeurs-pompiers-volontaires-grdf-repond-a-lappel\/\" \/>\n<meta name=\"twitter:card\" content=\"summary_large_image\" \/>\n<meta name=\"twitter:title\" content=\"Vosges \u2013 Lib\u00e9rer les sapeurs-pompiers volontaires : GRDF r\u00e9pond \u00e0 l\u2019appel - Remiremont Info\" \/>\n<meta name=\"twitter:description\" content=\"Aujourd\u2019hui ce sont 3 conventions de partenariat avec les Services D\u00e9partementaux d\u2019Incendie et de Secours (SDIS) du 57, 88 et [&hellip;]\" \/>\n<meta name=\"twitter:image\" content=\"https:\/\/vosgesinfo.fr\/app\/uploads\/sites\/5\/2024\/09\/202209thumbnail-grdf-sdis-88-800x600-1.jpg\" \/>\n<meta name=\"twitter:creator\" content=\"@VosgesInfo88\" \/>\n<meta name=\"twitter:site\" content=\"@VosgesInfo88\" \/>\n<meta name=\"twitter:label1\" content=\"\u00c9crit par\" \/>\n\t<meta name=\"twitter:data1\" content=\"C D\" \/>\n\t<meta name=\"twitter:label2\" content=\"Dur\u00e9e de lecture estim\u00e9e\" \/>\n\t<meta name=\"twitter:data2\" content=\"1 minute\" \/>\n<script type=\"application\/ld+json\" class=\"yoast-schema-graph\">{\"@context\":\"https:\/\/schema.org\",\"@graph\":[{\"@type\":\"Article\",\"@id\":\"https:\/\/vosgesinfo.fr\/remiremontinfo\/2022\/09\/vosges-liberer-sapeurs-pompiers-volontaires-grdf-repond-a-lappel\/#article\",\"isPartOf\":{\"@id\":\"https:\/\/vosgesinfo.fr\/remiremontinfo\/2022\/09\/vosges-liberer-sapeurs-pompiers-volontaires-grdf-repond-a-lappel\/\"},\"author\":{\"name\":\"C D\",\"@id\":\"https:\/\/vosgesinfo.fr\/remiremontinfo\/#\/schema\/person\/3bfd164d5218a185b1db68655a265316\"},\"headline\":\"Vosges \u2013 Lib\u00e9rer les sapeurs-pompiers volontaires : GRDF r\u00e9pond \u00e0 l\u2019appel\",\"datePublished\":\"2022-09-23T04:18:31+00:00\",\"dateModified\":\"2022-09-23T04:18:31+00:00\",\"mainEntityOfPage\":{\"@id\":\"https:\/\/vosgesinfo.fr\/remiremontinfo\/2022\/09\/vosges-liberer-sapeurs-pompiers-volontaires-grdf-repond-a-lappel\/\"},\"wordCount\":122,\"commentCount\":0,\"publisher\":{\"@id\":\"https:\/\/vosgesinfo.fr\/remiremontinfo\/#organization\"},\"image\":{\"@id\":\"https:\/\/vosgesinfo.fr\/remiremontinfo\/2022\/09\/vosges-liberer-sapeurs-pompiers-volontaires-grdf-repond-a-lappel\/#primaryimage\"},\"thumbnailUrl\":\"https:\/\/vosgesinfo.fr\/app\/uploads\/sites\/5\/2024\/09\/202209thumbnail-grdf-sdis-88-800x600-1.jpg\",\"keywords\":[\"grdf\",\"sapeurs-pompiers\",\"Vosges\"],\"articleSection\":[\"A la Une\",\"Vosges\"],\"inLanguage\":\"fr-FR\",\"potentialAction\":[{\"@type\":\"CommentAction\",\"name\":\"Comment\",\"target\":[\"https:\/\/vosgesinfo.fr\/remiremontinfo\/2022\/09\/vosges-liberer-sapeurs-pompiers-volontaires-grdf-repond-a-lappel\/#respond\"]}]},{\"@type\":\"WebPage\",\"@id\":\"https:\/\/vosgesinfo.fr\/remiremontinfo\/2022\/09\/vosges-liberer-sapeurs-pompiers-volontaires-grdf-repond-a-lappel\/\",\"url\":\"https:\/\/vosgesinfo.fr\/remiremontinfo\/2022\/09\/vosges-liberer-sapeurs-pompiers-volontaires-grdf-repond-a-lappel\/\",\"name\":\"Vosges \u2013 Lib\u00e9rer les sapeurs-pompiers volontaires : GRDF r\u00e9pond \u00e0 l\u2019appel - Remiremont Info\",\"isPartOf\":{\"@id\":\"https:\/\/vosgesinfo.fr\/remiremontinfo\/#website\"},\"primaryImageOfPage\":{\"@id\":\"https:\/\/vosgesinfo.fr\/remiremontinfo\/2022\/09\/vosges-liberer-sapeurs-pompiers-volontaires-grdf-repond-a-lappel\/#primaryimage\"},\"image\":{\"@id\":\"https:\/\/vosgesinfo.fr\/remiremontinfo\/2022\/09\/vosges-liberer-sapeurs-pompiers-volontaires-grdf-repond-a-lappel\/#primaryimage\"},\"thumbnailUrl\":\"https:\/\/vosgesinfo.fr\/app\/uploads\/sites\/5\/2024\/09\/202209thumbnail-grdf-sdis-88-800x600-1.jpg\",\"datePublished\":\"2022-09-23T04:18:31+00:00\",\"dateModified\":\"2022-09-23T04:18:31+00:00\",\"breadcrumb\":{\"@id\":\"https:\/\/vosgesinfo.fr\/remiremontinfo\/2022\/09\/vosges-liberer-sapeurs-pompiers-volontaires-grdf-repond-a-lappel\/#breadcrumb\"},\"inLanguage\":\"fr-FR\",\"potentialAction\":[{\"@type\":\"ReadAction\",\"target\":[\"https:\/\/vosgesinfo.fr\/remiremontinfo\/2022\/09\/vosges-liberer-sapeurs-pompiers-volontaires-grdf-repond-a-lappel\/\"]}]},{\"@type\":\"ImageObject\",\"inLanguage\":\"fr-FR\",\"@id\":\"https:\/\/vosgesinfo.fr\/remiremontinfo\/2022\/09\/vosges-liberer-sapeurs-pompiers-volontaires-grdf-repond-a-lappel\/#primaryimage\",\"url\":\"https:\/\/vosgesinfo.fr\/app\/uploads\/sites\/5\/2024\/09\/202209thumbnail-grdf-sdis-88-800x600-1.jpg\",\"contentUrl\":\"https:\/\/vosgesinfo.fr\/app\/uploads\/sites\/5\/2024\/09\/202209thumbnail-grdf-sdis-88-800x600-1.jpg\",\"width\":800,\"height\":600},{\"@type\":\"BreadcrumbList\",\"@id\":\"https:\/\/vosgesinfo.fr\/remiremontinfo\/2022\/09\/vosges-liberer-sapeurs-pompiers-volontaires-grdf-repond-a-lappel\/#breadcrumb\",\"itemListElement\":[{\"@type\":\"ListItem\",\"position\":1,\"name\":\"Home\",\"item\":\"https:\/\/vosgesinfo.fr\/remiremontinfo\/\"},{\"@type\":\"ListItem\",\"position\":2,\"name\":\"Vosges \u2013 Lib\u00e9rer les sapeurs-pompiers volontaires : GRDF r\u00e9pond \u00e0 l\u2019appel\"}]},{\"@type\":\"WebSite\",\"@id\":\"https:\/\/vosgesinfo.fr\/remiremontinfo\/#website\",\"url\":\"https:\/\/vosgesinfo.fr\/remiremontinfo\/\",\"name\":\"Remiremont Info\",\"description\":\"Toute l&#039;actualit\u00e9 de Remiremont\",\"publisher\":{\"@id\":\"https:\/\/vosgesinfo.fr\/remiremontinfo\/#organization\"},\"alternateName\":\"Toute l'actualit\u00e9 de Remiremont\",\"potentialAction\":[{\"@type\":\"SearchAction\",\"target\":{\"@type\":\"EntryPoint\",\"urlTemplate\":\"https:\/\/vosgesinfo.fr\/remiremontinfo\/?s={search_term_string}\"},\"query-input\":\"required name=search_term_string\"}],\"inLanguage\":\"fr-FR\"},{\"@type\":\"Organization\",\"@id\":\"https:\/\/vosgesinfo.fr\/remiremontinfo\/#organization\",\"name\":\"Remiremont Info\",\"url\":\"https:\/\/vosgesinfo.fr\/remiremontinfo\/\",\"logo\":{\"@type\":\"ImageObject\",\"inLanguage\":\"fr-FR\",\"@id\":\"https:\/\/vosgesinfo.fr\/remiremontinfo\/#\/schema\/logo\/image\/\",\"url\":\"https:\/\/vosgesinfo.fr\/app\/uploads\/sites\/5\/2023\/08\/favicon-remiremontinfo.png\",\"contentUrl\":\"https:\/\/vosgesinfo.fr\/app\/uploads\/sites\/5\/2023\/08\/favicon-remiremontinfo.png\",\"width\":512,\"height\":512,\"caption\":\"Remiremont Info\"},\"image\":{\"@id\":\"https:\/\/vosgesinfo.fr\/remiremontinfo\/#\/schema\/logo\/image\/\"},\"sameAs\":[\"https:\/\/www.facebook.com\/remiremontinfo\",\"https:\/\/x.com\/VosgesInfo88\",\"https:\/\/www.youtube.com\/@vosgesinfo\"]},{\"@type\":\"Person\",\"@id\":\"https:\/\/vosgesinfo.fr\/remiremontinfo\/#\/schema\/person\/3bfd164d5218a185b1db68655a265316\",\"name\":\"C D\",\"image\":{\"@type\":\"ImageObject\",\"inLanguage\":\"fr-FR\",\"@id\":\"https:\/\/vosgesinfo.fr\/remiremontinfo\/#\/schema\/person\/image\/\",\"url\":\"https:\/\/secure.gravatar.com\/avatar\/1f9a70007336511a47468b8f1c66f922b8b7cf617b02a31149ada43893a5d48f?s=96&d=mm&r=g\",\"contentUrl\":\"https:\/\/secure.gravatar.com\/avatar\/1f9a70007336511a47468b8f1c66f922b8b7cf617b02a31149ada43893a5d48f?s=96&d=mm&r=g\",\"caption\":\"C D\"},\"url\":\"https:\/\/vosgesinfo.fr\/remiremontinfo\/author\/cedric-drevet\/\"}]}<\/script>\n<!-- \/ Yoast SEO plugin. -->","yoast_head_json":{"title":"Vosges \u2013 Lib\u00e9rer les sapeurs-pompiers volontaires : GRDF r\u00e9pond \u00e0 l\u2019appel - Remiremont Info","robots":{"index":"index","follow":"follow","max-snippet":"max-snippet:-1","max-image-preview":"max-image-preview:large","max-video-preview":"max-video-preview:-1"},"canonical":"https:\/\/vosgesinfo.fr\/remiremontinfo\/2022\/09\/vosges-liberer-sapeurs-pompiers-volontaires-grdf-repond-a-lappel\/","twitter_card":"summary_large_image","twitter_title":"Vosges \u2013 Lib\u00e9rer les sapeurs-pompiers volontaires : GRDF r\u00e9pond \u00e0 l\u2019appel - Remiremont Info","twitter_description":"Aujourd\u2019hui ce sont 3 conventions de partenariat avec les Services D\u00e9partementaux d\u2019Incendie et de Secours (SDIS) du 57, 88 et [&hellip;]","twitter_image":"https:\/\/vosgesinfo.fr\/app\/uploads\/sites\/5\/2024\/09\/202209thumbnail-grdf-sdis-88-800x600-1.jpg","twitter_creator":"@VosgesInfo88","twitter_site":"@VosgesInfo88","twitter_misc":{"\u00c9crit par":"C D","Dur\u00e9e de lecture estim\u00e9e":"1 minute"},"schema":{"@context":"https:\/\/schema.org","@graph":[{"@type":"Article","@id":"https:\/\/vosgesinfo.fr\/remiremontinfo\/2022\/09\/vosges-liberer-sapeurs-pompiers-volontaires-grdf-repond-a-lappel\/#article","isPartOf":{"@id":"https:\/\/vosgesinfo.fr\/remiremontinfo\/2022\/09\/vosges-liberer-sapeurs-pompiers-volontaires-grdf-repond-a-lappel\/"},"author":{"name":"C D","@id":"https:\/\/vosgesinfo.fr\/remiremontinfo\/#\/schema\/person\/3bfd164d5218a185b1db68655a265316"},"headline":"Vosges \u2013 Lib\u00e9rer les sapeurs-pompiers volontaires : GRDF r\u00e9pond \u00e0 l\u2019appel","datePublished":"2022-09-23T04:18:31+00:00","dateModified":"2022-09-23T04:18:31+00:00","mainEntityOfPage":{"@id":"https:\/\/vosgesinfo.fr\/remiremontinfo\/2022\/09\/vosges-liberer-sapeurs-pompiers-volontaires-grdf-repond-a-lappel\/"},"wordCount":122,"commentCount":0,"publisher":{"@id":"https:\/\/vosgesinfo.fr\/remiremontinfo\/#organization"},"image":{"@id":"https:\/\/vosgesinfo.fr\/remiremontinfo\/2022\/09\/vosges-liberer-sapeurs-pompiers-volontaires-grdf-repond-a-lappel\/#primaryimage"},"thumbnailUrl":"https:\/\/vosgesinfo.fr\/app\/uploads\/sites\/5\/2024\/09\/202209thumbnail-grdf-sdis-88-800x600-1.jpg","keywords":["grdf","sapeurs-pompiers","Vosges"],"articleSection":["A la Une","Vosges"],"inLanguage":"fr-FR","potentialAction":[{"@type":"CommentAction","name":"Comment","target":["https:\/\/vosgesinfo.fr\/remiremontinfo\/2022\/09\/vosges-liberer-sapeurs-pompiers-volontaires-grdf-repond-a-lappel\/#respond"]}]},{"@type":"WebPage","@id":"https:\/\/vosgesinfo.fr\/remiremontinfo\/2022\/09\/vosges-liberer-sapeurs-pompiers-volontaires-grdf-repond-a-lappel\/","url":"https:\/\/vosgesinfo.fr\/remiremontinfo\/2022\/09\/vosges-liberer-sapeurs-pompiers-volontaires-grdf-repond-a-lappel\/","name":"Vosges \u2013 Lib\u00e9rer les sapeurs-pompiers volontaires : GRDF r\u00e9pond \u00e0 l\u2019appel - Remiremont Info","isPartOf":{"@id":"https:\/\/vosgesinfo.fr\/remiremontinfo\/#website"},"primaryImageOfPage":{"@id":"https:\/\/vosgesinfo.fr\/remiremontinfo\/2022\/09\/vosges-liberer-sapeurs-pompiers-volontaires-grdf-repond-a-lappel\/#primaryimage"},"image":{"@id":"https:\/\/vosgesinfo.fr\/remiremontinfo\/2022\/09\/vosges-liberer-sapeurs-pompiers-volontaires-grdf-repond-a-lappel\/#primaryimage"},"thumbnailUrl":"https:\/\/vosgesinfo.fr\/app\/uploads\/sites\/5\/2024\/09\/202209thumbnail-grdf-sdis-88-800x600-1.jpg","datePublished":"2022-09-23T04:18:31+00:00","dateModified":"2022-09-23T04:18:31+00:00","breadcrumb":{"@id":"https:\/\/vosgesinfo.fr\/remiremontinfo\/2022\/09\/vosges-liberer-sapeurs-pompiers-volontaires-grdf-repond-a-lappel\/#breadcrumb"},"inLanguage":"fr-FR","potentialAction":[{"@type":"ReadAction","target":["https:\/\/vosgesinfo.fr\/remiremontinfo\/2022\/09\/vosges-liberer-sapeurs-pompiers-volontaires-grdf-repond-a-lappel\/"]}]},{"@type":"ImageObject","inLanguage":"fr-FR","@id":"https:\/\/vosgesinfo.fr\/remiremontinfo\/2022\/09\/vosges-liberer-sapeurs-pompiers-volontaires-grdf-repond-a-lappel\/#primaryimage","url":"https:\/\/vosgesinfo.fr\/app\/uploads\/sites\/5\/2024\/09\/202209thumbnail-grdf-sdis-88-800x600-1.jpg","contentUrl":"https:\/\/vosgesinfo.fr\/app\/uploads\/sites\/5\/2024\/09\/202209thumbnail-grdf-sdis-88-800x600-1.jpg","width":800,"height":600},{"@type":"BreadcrumbList","@id":"https:\/\/vosgesinfo.fr\/remiremontinfo\/2022\/09\/vosges-liberer-sapeurs-pompiers-volontaires-grdf-repond-a-lappel\/#breadcrumb","itemListElement":[{"@type":"ListItem","position":1,"name":"Home","item":"https:\/\/vosgesinfo.fr\/remiremontinfo\/"},{"@type":"ListItem","position":2,"name":"Vosges \u2013 Lib\u00e9rer les sapeurs-pompiers volontaires : GRDF r\u00e9pond \u00e0 l\u2019appel"}]},{"@type":"WebSite","@id":"https:\/\/vosgesinfo.fr\/remiremontinfo\/#website","url":"https:\/\/vosgesinfo.fr\/remiremontinfo\/","name":"Remiremont Info","description":"Toute l&#039;actualit\u00e9 de Remiremont","publisher":{"@id":"https:\/\/vosgesinfo.fr\/remiremontinfo\/#organization"},"alternateName":"Toute l'actualit\u00e9 de Remiremont","potentialAction":[{"@type":"SearchAction","target":{"@type":"EntryPoint","urlTemplate":"https:\/\/vosgesinfo.fr\/remiremontinfo\/?s={search_term_string}"},"query-input":"required name=search_term_string"}],"inLanguage":"fr-FR"},{"@type":"Organization","@id":"https:\/\/vosgesinfo.fr\/remiremontinfo\/#organization","name":"Remiremont Info","url":"https:\/\/vosgesinfo.fr\/remiremontinfo\/","logo":{"@type":"ImageObject","inLanguage":"fr-FR","@id":"https:\/\/vosgesinfo.fr\/remiremontinfo\/#\/schema\/logo\/image\/","url":"https:\/\/vosgesinfo.fr\/app\/uploads\/sites\/5\/2023\/08\/favicon-remiremontinfo.png","contentUrl":"https:\/\/vosgesinfo.fr\/app\/uploads\/sites\/5\/2023\/08\/favicon-remiremontinfo.png","width":512,"height":512,"caption":"Remiremont Info"},"image":{"@id":"https:\/\/vosgesinfo.fr\/remiremontinfo\/#\/schema\/logo\/image\/"},"sameAs":["https:\/\/www.facebook.com\/remiremontinfo","https:\/\/x.com\/VosgesInfo88","https:\/\/www.youtube.com\/@vosgesinfo"]},{"@type":"Person","@id":"https:\/\/vosgesinfo.fr\/remiremontinfo\/#\/schema\/person\/3bfd164d5218a185b1db68655a265316","name":"C D","image":{"@type":"ImageObject","inLanguage":"fr-FR","@id":"https:\/\/vosgesinfo.fr\/remiremontinfo\/#\/schema\/person\/image\/","url":"https:\/\/secure.gravatar.com\/avatar\/1f9a70007336511a47468b8f1c66f922b8b7cf617b02a31149ada43893a5d48f?s=96&d=mm&r=g","contentUrl":"https:\/\/secure.gravatar.com\/avatar\/1f9a70007336511a47468b8f1c66f922b8b7cf617b02a31149ada43893a5d48f?s=96&d=mm&r=g","caption":"C D"},"url":"https:\/\/vosgesinfo.fr\/remiremontinfo\/author\/cedric-drevet\/"}]}},"_links":{"self":[{"href":"https:\/\/vosgesinfo.fr\/remiremontinfo\/wp-json\/wp\/v2\/posts\/62403","targetHints":{"allow":["GET"]}}],"collection":[{"href":"https:\/\/vosgesinfo.fr\/remiremontinfo\/wp-json\/wp\/v2\/posts"}],"about":[{"href":"https:\/\/vosgesinfo.fr\/remiremontinfo\/wp-json\/wp\/v2\/types\/post"}],"author":[{"embeddable":true,"href":"https:\/\/vosgesinfo.fr\/remiremontinfo\/wp-json\/wp\/v2\/users\/407"}],"replies":[{"embeddable":true,"href":"https:\/\/vosgesinfo.fr\/remiremontinfo\/wp-json\/wp\/v2\/comments?post=62403"}],"version-history":[{"count":0,"href":"https:\/\/vosgesinfo.fr\/remiremontinfo\/wp-json\/wp\/v2\/posts\/62403\/revisions"}],"wp:featuredmedia":[{"embeddable":true,"href":"https:\/\/vosgesinfo.fr\/remiremontinfo\/wp-json\/wp\/v2\/media\/62404"}],"wp:attachment":[{"href":"https:\/\/vosgesinfo.fr\/remiremontinfo\/wp-json\/wp\/v2\/media?parent=62403"}],"wp:term":[{"taxonomy":"category","embeddable":true,"href":"https:\/\/vosgesinfo.fr\/remiremontinfo\/wp-json\/wp\/v2\/categories?post=62403"},{"taxonomy":"post_tag","embeddable":true,"href":"https:\/\/vosgesinfo.fr\/remiremontinfo\/wp-json\/wp\/v2\/tags?post=62403"}],"curies":[{"name":"wp","href":"https:\/\/api.w.org\/{rel}","templated":true}]}}