{"id":62478,"date":"2022-09-25T11:10:18","date_gmt":"2022-09-25T09:10:18","guid":{"rendered":"https:\/\/vosgesinfo.fr\/remiremontinfo\/2022\/09\/gerardmer-patrimoine-nature-quest-quon\/"},"modified":"2022-09-25T11:10:18","modified_gmt":"2022-09-25T09:10:18","slug":"gerardmer-patrimoine-nature-quest-quon","status":"publish","type":"post","link":"https:\/\/vosgesinfo.fr\/remiremontinfo\/2022\/09\/gerardmer-patrimoine-nature-quest-quon\/","title":{"rendered":"G\u00e9rardmer Patrimoine Nature : \u00ab Qu\u2019est-ce qu\u2019on fait maintenant ? \u00bb"},"content":{"rendered":"<h3>L\u2019assembl\u00e9e g\u00e9n\u00e9rale de G\u00e9rardmer Patrimoine Nature (r\u00e9union qui sera trait\u00e9e en 2 parties) avait lieu ce vendredi soir \u00e0 la salle des Armes de l\u2019H\u00f4tel de Ville. De nombreux dossiers ont \u00e9t\u00e9 abord\u00e9s \u00e0 l\u2019occasion de cette r\u00e9union au cours de laquelle Anne Huart a \u00e9galement fait part de son cas personnel avec le projet dit des Quais du Lac qui a finalement avort\u00e9\u2026<\/h3>\n<p><a href=\"https:\/\/gerardmerinfo.fr\/wp-content\/uploads\/2022\/09\/AG-Gpn-3.jpg\" data-featherlight=\"image\"><img decoding=\"async\" class=\"alignright size-medium wp-image-195425\" src=\"https:\/\/vosgesinfo.fr\/app\/uploads\/sites\/5\/2022\/09\/ag-gpn-3-340x255-1.jpg\" alt=\"AG Gpn (3)\" width=\"340\" height=\"255\" \/><\/a>En effet, Anne Huart souhaitait partager cette nouvelle avec les nombreuses personnes pr\u00e9sentes dans la salle hier soir : \u00ab\u00a0<em>C\u2019est une victoire personnelle et, je vous rassure, vos cotisations n\u2019auront pas servi \u00e0 alimenter cette bataille. Ce sont ma pugnacit\u00e9 ainsi que la comp\u00e9tence de mon avocate qui ont permis d\u2019en arriver l\u00e0 \u00e0 travers une bataille juridique avec les promoteurs qui durait depuis 3 ans. (\u2026) J\u2019ai eu l\u2019occasion de le racheter et je l\u2019ai saisie. \u00a0J\u2019ai eu deux mois pour trouver l\u2019argent pour le rachat et finalement la petite maison qui devait \u00eatre d\u00e9molie sera reconstruite et les arbres seront sauvegard\u00e9s, \u00e0 jamais\u2026<\/em>\u00a0\u00bb<\/p>\n<p>Un sc\u00e9nario un peu improbable mais une note d\u2019espoir pour les G\u00e9r\u00f4mois qui se trouvent dans des situations similaires, de pr\u00e8s ou de loin : \u00ab\u00a0<em>Il faut se battre, car pour les promoteurs, quand l\u2019argent ne rentre plus, que le prix des mat\u00e9riaux augmente, qu\u2019il y a une proc\u00e9dure qui s\u2019\u00e9ternise et qu\u2019ils perdent de l\u2019argent, alors on peut commencer \u00e0 discuter.<\/em>..\u00a0\u00bb poursuit Anne Huart, soulag\u00e9e mais qui ne compte pas stopper le mouvement : \u00ab\u00a0<em>Je vais continuer au sein de GPN m\u00eame si ce projet des Quais du Lac ne se fait pas, ce n\u2019est surtout pas une fin en soi et ce n\u2019est pas le moment de capituler, il y a encore beaucoup \u00e0 faire<\/em>\u00ab\u00a0. De nouveaux projets immobiliers sont d<\/p>\n","protected":false},"excerpt":{"rendered":"<p>L\u2019assembl\u00e9e g\u00e9n\u00e9rale de G\u00e9rardmer Patrimoine Nature (r\u00e9union qui sera trait\u00e9e en 2 parties) avait lieu ce vendredi soir \u00e0 la [&hellip;]<\/p>\n","protected":false},"author":407,"featured_media":62479,"comment_status":"open","ping_status":"open","sticky":false,"template":"","format":"standard","meta":{"footnotes":""},"categories":[26,7,18],"tags":[63,142,32],"class_list":["post-62478","post","type-post","status-publish","format-standard","has-post-thumbnail","hentry","category-a-la-une","category-environnement","category-vosges","tag-gerardmer","tag-urbanisme","tag-vosges"],"acf":[],"yoast_head":"<!-- This site is optimized with the Yoast SEO plugin v22.5 - https:\/\/yoast.com\/wordpress\/plugins\/seo\/ -->\n<title>G\u00e9rardmer Patrimoine Nature : \u00ab Qu\u2019est-ce qu\u2019on fait maintenant ? \u00bb - Remiremont Info<\/title>\n<meta name=\"robots\" content=\"index, follow, max-snippet:-1, max-image-preview:large, max-video-preview:-1\" \/>\n<link rel=\"canonical\" href=\"https:\/\/vosgesinfo.fr\/remiremontinfo\/2022\/09\/gerardmer-patrimoine-nature-quest-quon\/\" \/>\n<meta name=\"twitter:card\" content=\"summary_large_image\" \/>\n<meta name=\"twitter:title\" content=\"G\u00e9rardmer Patrimoine Nature : \u00ab Qu\u2019est-ce qu\u2019on fait maintenant ? \u00bb - Remiremont Info\" \/>\n<meta name=\"twitter:description\" content=\"L\u2019assembl\u00e9e g\u00e9n\u00e9rale de G\u00e9rardmer Patrimoine Nature (r\u00e9union qui sera trait\u00e9e en 2 parties) avait lieu ce vendredi soir \u00e0 la [&hellip;]\" \/>\n<meta name=\"twitter:image\" content=\"https:\/\/vosgesinfo.fr\/app\/uploads\/sites\/5\/2024\/09\/202209ag-gpn-3.jpg\" \/>\n<meta name=\"twitter:creator\" content=\"@VosgesInfo88\" \/>\n<meta name=\"twitter:site\" content=\"@VosgesInfo88\" \/>\n<meta name=\"twitter:label1\" content=\"\u00c9crit par\" \/>\n\t<meta name=\"twitter:data1\" content=\"C D\" \/>\n\t<meta name=\"twitter:label2\" content=\"Dur\u00e9e de lecture estim\u00e9e\" \/>\n\t<meta name=\"twitter:data2\" content=\"2 minutes\" \/>\n<script type=\"application\/ld+json\" class=\"yoast-schema-graph\">{\"@context\":\"https:\/\/schema.org\",\"@graph\":[{\"@type\":\"Article\",\"@id\":\"https:\/\/vosgesinfo.fr\/remiremontinfo\/2022\/09\/gerardmer-patrimoine-nature-quest-quon\/#article\",\"isPartOf\":{\"@id\":\"https:\/\/vosgesinfo.fr\/remiremontinfo\/2022\/09\/gerardmer-patrimoine-nature-quest-quon\/\"},\"author\":{\"name\":\"C D\",\"@id\":\"https:\/\/vosgesinfo.fr\/remiremontinfo\/#\/schema\/person\/3bfd164d5218a185b1db68655a265316\"},\"headline\":\"G\u00e9rardmer Patrimoine Nature : \u00ab Qu\u2019est-ce qu\u2019on fait maintenant ? \u00bb\",\"datePublished\":\"2022-09-25T09:10:18+00:00\",\"dateModified\":\"2022-09-25T09:10:18+00:00\",\"mainEntityOfPage\":{\"@id\":\"https:\/\/vosgesinfo.fr\/remiremontinfo\/2022\/09\/gerardmer-patrimoine-nature-quest-quon\/\"},\"wordCount\":329,\"commentCount\":0,\"publisher\":{\"@id\":\"https:\/\/vosgesinfo.fr\/remiremontinfo\/#organization\"},\"image\":{\"@id\":\"https:\/\/vosgesinfo.fr\/remiremontinfo\/2022\/09\/gerardmer-patrimoine-nature-quest-quon\/#primaryimage\"},\"thumbnailUrl\":\"https:\/\/vosgesinfo.fr\/app\/uploads\/sites\/5\/2024\/09\/202209ag-gpn-3.jpg\",\"keywords\":[\"g\u00e9rardmer\",\"urbanisme\",\"Vosges\"],\"articleSection\":[\"A la Une\",\"Environnement\",\"Vosges\"],\"inLanguage\":\"fr-FR\",\"potentialAction\":[{\"@type\":\"CommentAction\",\"name\":\"Comment\",\"target\":[\"https:\/\/vosgesinfo.fr\/remiremontinfo\/2022\/09\/gerardmer-patrimoine-nature-quest-quon\/#respond\"]}]},{\"@type\":\"WebPage\",\"@id\":\"https:\/\/vosgesinfo.fr\/remiremontinfo\/2022\/09\/gerardmer-patrimoine-nature-quest-quon\/\",\"url\":\"https:\/\/vosgesinfo.fr\/remiremontinfo\/2022\/09\/gerardmer-patrimoine-nature-quest-quon\/\",\"name\":\"G\u00e9rardmer Patrimoine Nature : \u00ab Qu\u2019est-ce qu\u2019on fait maintenant ? \u00bb - Remiremont Info\",\"isPartOf\":{\"@id\":\"https:\/\/vosgesinfo.fr\/remiremontinfo\/#website\"},\"primaryImageOfPage\":{\"@id\":\"https:\/\/vosgesinfo.fr\/remiremontinfo\/2022\/09\/gerardmer-patrimoine-nature-quest-quon\/#primaryimage\"},\"image\":{\"@id\":\"https:\/\/vosgesinfo.fr\/remiremontinfo\/2022\/09\/gerardmer-patrimoine-nature-quest-quon\/#primaryimage\"},\"thumbnailUrl\":\"https:\/\/vosgesinfo.fr\/app\/uploads\/sites\/5\/2024\/09\/202209ag-gpn-3.jpg\",\"datePublished\":\"2022-09-25T09:10:18+00:00\",\"dateModified\":\"2022-09-25T09:10:18+00:00\",\"breadcrumb\":{\"@id\":\"https:\/\/vosgesinfo.fr\/remiremontinfo\/2022\/09\/gerardmer-patrimoine-nature-quest-quon\/#breadcrumb\"},\"inLanguage\":\"fr-FR\",\"potentialAction\":[{\"@type\":\"ReadAction\",\"target\":[\"https:\/\/vosgesinfo.fr\/remiremontinfo\/2022\/09\/gerardmer-patrimoine-nature-quest-quon\/\"]}]},{\"@type\":\"ImageObject\",\"inLanguage\":\"fr-FR\",\"@id\":\"https:\/\/vosgesinfo.fr\/remiremontinfo\/2022\/09\/gerardmer-patrimoine-nature-quest-quon\/#primaryimage\",\"url\":\"https:\/\/vosgesinfo.fr\/app\/uploads\/sites\/5\/2024\/09\/202209ag-gpn-3.jpg\",\"contentUrl\":\"https:\/\/vosgesinfo.fr\/app\/uploads\/sites\/5\/2024\/09\/202209ag-gpn-3.jpg\",\"width\":1600,\"height\":1200},{\"@type\":\"BreadcrumbList\",\"@id\":\"https:\/\/vosgesinfo.fr\/remiremontinfo\/2022\/09\/gerardmer-patrimoine-nature-quest-quon\/#breadcrumb\",\"itemListElement\":[{\"@type\":\"ListItem\",\"position\":1,\"name\":\"Home\",\"item\":\"https:\/\/vosgesinfo.fr\/remiremontinfo\/\"},{\"@type\":\"ListItem\",\"position\":2,\"name\":\"G\u00e9rardmer Patrimoine Nature : \u00ab Qu\u2019est-ce qu\u2019on fait maintenant ? \u00bb\"}]},{\"@type\":\"WebSite\",\"@id\":\"https:\/\/vosgesinfo.fr\/remiremontinfo\/#website\",\"url\":\"https:\/\/vosgesinfo.fr\/remiremontinfo\/\",\"name\":\"Remiremont Info\",\"description\":\"Toute l&#039;actualit\u00e9 de Remiremont\",\"publisher\":{\"@id\":\"https:\/\/vosgesinfo.fr\/remiremontinfo\/#organization\"},\"alternateName\":\"Toute l'actualit\u00e9 de Remiremont\",\"potentialAction\":[{\"@type\":\"SearchAction\",\"target\":{\"@type\":\"EntryPoint\",\"urlTemplate\":\"https:\/\/vosgesinfo.fr\/remiremontinfo\/?s={search_term_string}\"},\"query-input\":\"required name=search_term_string\"}],\"inLanguage\":\"fr-FR\"},{\"@type\":\"Organization\",\"@id\":\"https:\/\/vosgesinfo.fr\/remiremontinfo\/#organization\",\"name\":\"Remiremont Info\",\"url\":\"https:\/\/vosgesinfo.fr\/remiremontinfo\/\",\"logo\":{\"@type\":\"ImageObject\",\"inLanguage\":\"fr-FR\",\"@id\":\"https:\/\/vosgesinfo.fr\/remiremontinfo\/#\/schema\/logo\/image\/\",\"url\":\"https:\/\/vosgesinfo.fr\/app\/uploads\/sites\/5\/2023\/08\/favicon-remiremontinfo.png\",\"contentUrl\":\"https:\/\/vosgesinfo.fr\/app\/uploads\/sites\/5\/2023\/08\/favicon-remiremontinfo.png\",\"width\":512,\"height\":512,\"caption\":\"Remiremont Info\"},\"image\":{\"@id\":\"https:\/\/vosgesinfo.fr\/remiremontinfo\/#\/schema\/logo\/image\/\"},\"sameAs\":[\"https:\/\/www.facebook.com\/remiremontinfo\",\"https:\/\/x.com\/VosgesInfo88\",\"https:\/\/www.youtube.com\/@vosgesinfo\"]},{\"@type\":\"Person\",\"@id\":\"https:\/\/vosgesinfo.fr\/remiremontinfo\/#\/schema\/person\/3bfd164d5218a185b1db68655a265316\",\"name\":\"C D\",\"image\":{\"@type\":\"ImageObject\",\"inLanguage\":\"fr-FR\",\"@id\":\"https:\/\/vosgesinfo.fr\/remiremontinfo\/#\/schema\/person\/image\/\",\"url\":\"https:\/\/secure.gravatar.com\/avatar\/1f9a70007336511a47468b8f1c66f922b8b7cf617b02a31149ada43893a5d48f?s=96&d=mm&r=g\",\"contentUrl\":\"https:\/\/secure.gravatar.com\/avatar\/1f9a70007336511a47468b8f1c66f922b8b7cf617b02a31149ada43893a5d48f?s=96&d=mm&r=g\",\"caption\":\"C D\"},\"url\":\"https:\/\/vosgesinfo.fr\/remiremontinfo\/author\/cedric-drevet\/\"}]}<\/script>\n<!-- \/ Yoast SEO plugin. -->","yoast_head_json":{"title":"G\u00e9rardmer Patrimoine Nature : \u00ab Qu\u2019est-ce qu\u2019on fait maintenant ? \u00bb - Remiremont Info","robots":{"index":"index","follow":"follow","max-snippet":"max-snippet:-1","max-image-preview":"max-image-preview:large","max-video-preview":"max-video-preview:-1"},"canonical":"https:\/\/vosgesinfo.fr\/remiremontinfo\/2022\/09\/gerardmer-patrimoine-nature-quest-quon\/","twitter_card":"summary_large_image","twitter_title":"G\u00e9rardmer Patrimoine Nature : \u00ab Qu\u2019est-ce qu\u2019on fait maintenant ? \u00bb - Remiremont Info","twitter_description":"L\u2019assembl\u00e9e g\u00e9n\u00e9rale de G\u00e9rardmer Patrimoine Nature (r\u00e9union qui sera trait\u00e9e en 2 parties) avait lieu ce vendredi soir \u00e0 la [&hellip;]","twitter_image":"https:\/\/vosgesinfo.fr\/app\/uploads\/sites\/5\/2024\/09\/202209ag-gpn-3.jpg","twitter_creator":"@VosgesInfo88","twitter_site":"@VosgesInfo88","twitter_misc":{"\u00c9crit par":"C D","Dur\u00e9e de lecture estim\u00e9e":"2 minutes"},"schema":{"@context":"https:\/\/schema.org","@graph":[{"@type":"Article","@id":"https:\/\/vosgesinfo.fr\/remiremontinfo\/2022\/09\/gerardmer-patrimoine-nature-quest-quon\/#article","isPartOf":{"@id":"https:\/\/vosgesinfo.fr\/remiremontinfo\/2022\/09\/gerardmer-patrimoine-nature-quest-quon\/"},"author":{"name":"C D","@id":"https:\/\/vosgesinfo.fr\/remiremontinfo\/#\/schema\/person\/3bfd164d5218a185b1db68655a265316"},"headline":"G\u00e9rardmer Patrimoine Nature : \u00ab Qu\u2019est-ce qu\u2019on fait maintenant ? \u00bb","datePublished":"2022-09-25T09:10:18+00:00","dateModified":"2022-09-25T09:10:18+00:00","mainEntityOfPage":{"@id":"https:\/\/vosgesinfo.fr\/remiremontinfo\/2022\/09\/gerardmer-patrimoine-nature-quest-quon\/"},"wordCount":329,"commentCount":0,"publisher":{"@id":"https:\/\/vosgesinfo.fr\/remiremontinfo\/#organization"},"image":{"@id":"https:\/\/vosgesinfo.fr\/remiremontinfo\/2022\/09\/gerardmer-patrimoine-nature-quest-quon\/#primaryimage"},"thumbnailUrl":"https:\/\/vosgesinfo.fr\/app\/uploads\/sites\/5\/2024\/09\/202209ag-gpn-3.jpg","keywords":["g\u00e9rardmer","urbanisme","Vosges"],"articleSection":["A la Une","Environnement","Vosges"],"inLanguage":"fr-FR","potentialAction":[{"@type":"CommentAction","name":"Comment","target":["https:\/\/vosgesinfo.fr\/remiremontinfo\/2022\/09\/gerardmer-patrimoine-nature-quest-quon\/#respond"]}]},{"@type":"WebPage","@id":"https:\/\/vosgesinfo.fr\/remiremontinfo\/2022\/09\/gerardmer-patrimoine-nature-quest-quon\/","url":"https:\/\/vosgesinfo.fr\/remiremontinfo\/2022\/09\/gerardmer-patrimoine-nature-quest-quon\/","name":"G\u00e9rardmer Patrimoine Nature : \u00ab Qu\u2019est-ce qu\u2019on fait maintenant ? \u00bb - Remiremont Info","isPartOf":{"@id":"https:\/\/vosgesinfo.fr\/remiremontinfo\/#website"},"primaryImageOfPage":{"@id":"https:\/\/vosgesinfo.fr\/remiremontinfo\/2022\/09\/gerardmer-patrimoine-nature-quest-quon\/#primaryimage"},"image":{"@id":"https:\/\/vosgesinfo.fr\/remiremontinfo\/2022\/09\/gerardmer-patrimoine-nature-quest-quon\/#primaryimage"},"thumbnailUrl":"https:\/\/vosgesinfo.fr\/app\/uploads\/sites\/5\/2024\/09\/202209ag-gpn-3.jpg","datePublished":"2022-09-25T09:10:18+00:00","dateModified":"2022-09-25T09:10:18+00:00","breadcrumb":{"@id":"https:\/\/vosgesinfo.fr\/remiremontinfo\/2022\/09\/gerardmer-patrimoine-nature-quest-quon\/#breadcrumb"},"inLanguage":"fr-FR","potentialAction":[{"@type":"ReadAction","target":["https:\/\/vosgesinfo.fr\/remiremontinfo\/2022\/09\/gerardmer-patrimoine-nature-quest-quon\/"]}]},{"@type":"ImageObject","inLanguage":"fr-FR","@id":"https:\/\/vosgesinfo.fr\/remiremontinfo\/2022\/09\/gerardmer-patrimoine-nature-quest-quon\/#primaryimage","url":"https:\/\/vosgesinfo.fr\/app\/uploads\/sites\/5\/2024\/09\/202209ag-gpn-3.jpg","contentUrl":"https:\/\/vosgesinfo.fr\/app\/uploads\/sites\/5\/2024\/09\/202209ag-gpn-3.jpg","width":1600,"height":1200},{"@type":"BreadcrumbList","@id":"https:\/\/vosgesinfo.fr\/remiremontinfo\/2022\/09\/gerardmer-patrimoine-nature-quest-quon\/#breadcrumb","itemListElement":[{"@type":"ListItem","position":1,"name":"Home","item":"https:\/\/vosgesinfo.fr\/remiremontinfo\/"},{"@type":"ListItem","position":2,"name":"G\u00e9rardmer Patrimoine Nature : \u00ab Qu\u2019est-ce qu\u2019on fait maintenant ? \u00bb"}]},{"@type":"WebSite","@id":"https:\/\/vosgesinfo.fr\/remiremontinfo\/#website","url":"https:\/\/vosgesinfo.fr\/remiremontinfo\/","name":"Remiremont Info","description":"Toute l&#039;actualit\u00e9 de Remiremont","publisher":{"@id":"https:\/\/vosgesinfo.fr\/remiremontinfo\/#organization"},"alternateName":"Toute l'actualit\u00e9 de Remiremont","potentialAction":[{"@type":"SearchAction","target":{"@type":"EntryPoint","urlTemplate":"https:\/\/vosgesinfo.fr\/remiremontinfo\/?s={search_term_string}"},"query-input":"required name=search_term_string"}],"inLanguage":"fr-FR"},{"@type":"Organization","@id":"https:\/\/vosgesinfo.fr\/remiremontinfo\/#organization","name":"Remiremont Info","url":"https:\/\/vosgesinfo.fr\/remiremontinfo\/","logo":{"@type":"ImageObject","inLanguage":"fr-FR","@id":"https:\/\/vosgesinfo.fr\/remiremontinfo\/#\/schema\/logo\/image\/","url":"https:\/\/vosgesinfo.fr\/app\/uploads\/sites\/5\/2023\/08\/favicon-remiremontinfo.png","contentUrl":"https:\/\/vosgesinfo.fr\/app\/uploads\/sites\/5\/2023\/08\/favicon-remiremontinfo.png","width":512,"height":512,"caption":"Remiremont Info"},"image":{"@id":"https:\/\/vosgesinfo.fr\/remiremontinfo\/#\/schema\/logo\/image\/"},"sameAs":["https:\/\/www.facebook.com\/remiremontinfo","https:\/\/x.com\/VosgesInfo88","https:\/\/www.youtube.com\/@vosgesinfo"]},{"@type":"Person","@id":"https:\/\/vosgesinfo.fr\/remiremontinfo\/#\/schema\/person\/3bfd164d5218a185b1db68655a265316","name":"C D","image":{"@type":"ImageObject","inLanguage":"fr-FR","@id":"https:\/\/vosgesinfo.fr\/remiremontinfo\/#\/schema\/person\/image\/","url":"https:\/\/secure.gravatar.com\/avatar\/1f9a70007336511a47468b8f1c66f922b8b7cf617b02a31149ada43893a5d48f?s=96&d=mm&r=g","contentUrl":"https:\/\/secure.gravatar.com\/avatar\/1f9a70007336511a47468b8f1c66f922b8b7cf617b02a31149ada43893a5d48f?s=96&d=mm&r=g","caption":"C D"},"url":"https:\/\/vosgesinfo.fr\/remiremontinfo\/author\/cedric-drevet\/"}]}},"_links":{"self":[{"href":"https:\/\/vosgesinfo.fr\/remiremontinfo\/wp-json\/wp\/v2\/posts\/62478","targetHints":{"allow":["GET"]}}],"collection":[{"href":"https:\/\/vosgesinfo.fr\/remiremontinfo\/wp-json\/wp\/v2\/posts"}],"about":[{"href":"https:\/\/vosgesinfo.fr\/remiremontinfo\/wp-json\/wp\/v2\/types\/post"}],"author":[{"embeddable":true,"href":"https:\/\/vosgesinfo.fr\/remiremontinfo\/wp-json\/wp\/v2\/users\/407"}],"replies":[{"embeddable":true,"href":"https:\/\/vosgesinfo.fr\/remiremontinfo\/wp-json\/wp\/v2\/comments?post=62478"}],"version-history":[{"count":0,"href":"https:\/\/vosgesinfo.fr\/remiremontinfo\/wp-json\/wp\/v2\/posts\/62478\/revisions"}],"wp:featuredmedia":[{"embeddable":true,"href":"https:\/\/vosgesinfo.fr\/remiremontinfo\/wp-json\/wp\/v2\/media\/62479"}],"wp:attachment":[{"href":"https:\/\/vosgesinfo.fr\/remiremontinfo\/wp-json\/wp\/v2\/media?parent=62478"}],"wp:term":[{"taxonomy":"category","embeddable":true,"href":"https:\/\/vosgesinfo.fr\/remiremontinfo\/wp-json\/wp\/v2\/categories?post=62478"},{"taxonomy":"post_tag","embeddable":true,"href":"https:\/\/vosgesinfo.fr\/remiremontinfo\/wp-json\/wp\/v2\/tags?post=62478"}],"curies":[{"name":"wp","href":"https:\/\/api.w.org\/{rel}","templated":true}]}}