{"id":62480,"date":"2022-09-26T08:23:26","date_gmt":"2022-09-26T06:23:26","guid":{"rendered":"https:\/\/vosgesinfo.fr\/remiremontinfo\/2022\/09\/saint-nabord-jacky-petitgenet-a-pris-depart-de-2eme-tour-vosges-a-velo\/"},"modified":"2022-09-26T08:23:26","modified_gmt":"2022-09-26T06:23:26","slug":"saint-nabord-jacky-petitgenet-a-pris-depart-de-2eme-tour-vosges-a-velo","status":"publish","type":"post","link":"https:\/\/vosgesinfo.fr\/remiremontinfo\/2022\/09\/saint-nabord-jacky-petitgenet-a-pris-depart-de-2eme-tour-vosges-a-velo\/","title":{"rendered":"Saint-Nabord : Jacky Petitgenet a pris le d\u00e9part de son 2\u00e8me tour des Vosges \u00e0 v\u00e9lo"},"content":{"rendered":"<h2><a href=\"\/2022\/09\/308836944_662574855391568_3387955575357113559_n1.jpg\"><img decoding=\"async\" class=\"alignnone size-large wp-image-354526\" src=\"\/2022\/09\/308836944_662574855391568_3387955575357113559_n1-1024x807.jpg\" alt=\"308836944_662574855391568_3387955575357113559_n\" width=\"960\" height=\"757\" \/><\/a><\/h2>\n<h2><span style=\"font-size: 12pt;\"><strong><span style=\"color: #000000;\">Accompagn\u00e9, durant quelques kilom\u00e8tres, par une poign\u00e9e de v\u00e9t\u00e9tistes, dont les membres du SLEC et <\/span><span style=\"color: #000000;\">l\u2019<\/span><span style=\"color: #000000;\">adjoint \u00e0 l\u2019urbanisme de la commune de Sai<\/span><span style=\"color: #000000;\">nt-Nabord,<\/span><span style=\"color: #000000;\"> St\u00e9phane G<\/span><span style=\"color: #000000;\">randjean<\/span><span style=\"color: #000000;\">, Jacky Petitgenet est parti ce <\/span><span style=\"color: #000000;\">dimanche<\/span><span style=\"color: #000000;\"> aux alentours de <\/span><span style=\"color: #000000;\">midi<\/span><span style=\"color: #000000;\"> pour vivre un <\/span><span style=\"color: #000000;\">nouveau<\/span><span style=\"color: #000000;\"> tour des Vosges \u00e0 v\u00e9lo. Son but : capter l\u2019attention du public et soutenir les actions de la Ligue contre le cancer en r\u00e9coltant des dons.<\/span><\/strong><\/span><\/h2>\n<p><span style=\"color: #000000;\">Un p\u00e9riple de 4 jours et quelque 700 kilom\u00e8tres ponctu\u00e9 d\u2019\u00e9tapes au cours desquelles il rejoindra les g\u00e9n\u00e9reux donateurs sensibilis\u00e9s \u00e0 la lutte contre cette coriace maladie. La secr\u00e9taire g\u00e9n\u00e9rale de la Ligue Contre le Cancer Comit\u00e9 des Vosges, Brigitte R<\/span><span style=\"color: #000000;\">omary<\/span><span style=\"color: #000000;\"> \u00e9tait pr\u00e9sente pour saluer et remercier <\/span><span style=\"color: #000000;\">le cycliste<\/span><span style=\"color: #000000;\"> de sa courageuse entreprise. Un stand d\u2019informations avait \u00e9t\u00e9 dress\u00e9 sous la Halle de la gare, pour l\u2019occasion, pr\u00e9sentant les actions et l\u2019agenda des manifestations programm\u00e9es par la ligue, \u00e0 l\u2019image des \u00ab\u00a0<\/span><span style=\"color: #000000;\">Foul\u00e9es roses spinaliennes\u00a0\u00bb<\/span><span style=\"color: #000000;\"> qui se d\u00e9rouleront le 2 octobre prochain.<\/span><\/p>\n<p><span style=\"color: #000000;\">Une petite animation avait \u00e9t\u00e9 organis\u00e9e avec le concours de Julien B<\/span><span style=\"color: #000000;\">alland<\/span><span style=\"color: #000000;\">, 1er adjoint de la commune, pour marquer comme il se doit le d\u00e9but de l\u2019aventure de notre sportif au grand c\u0153ur. C\u2019est donc en musique et port\u00e9 par des mots empreints de respect et gestes d\u2019encouragements de Christophe N<\/span><span style=\"color: #000000;\">aegelen<\/span><span style=\"color: #000000;\">, <\/span><span style=\"color: #000000;\">d<\/span><span style=\"color: #000000;\">\u00e9put\u00e9 de <\/span><span style=\"color: #000000;\">la<\/span><span style=\"color: #000000;\"> circonscription, Fran\u00e7ois V<\/span><span style=\"color: #000000;\">annson<\/span><span style=\"color: #000000;\">, <\/span><span style=\"color: #000000;\">p<\/span><span style=\"color: #000000;\">r\u00e9sident du Conseil d\u00e9partemental, Jean-Pierre C<\/span><span style=\"color: #000000;\">almels, maire de la commune,<\/span><span style=\"color: #000000;\"> et du public pr\u00e9sent que le h\u00e9ros du jour a pris la route, pour une premi\u00e8re \u00e9tape de 118 kms jusqu\u2019\u00e0 Neufch\u00e2teau.<\/span><\/p>\n<p><span style=\"font-size: 10pt;\"><em><span style=\"color: #000000;\">Source\u00a0: Mairie de Saint-Nabord\u00a0<\/span><\/em><\/span><\/p>\n\n","protected":false},"excerpt":{"rendered":"<p>Accompagn\u00e9, durant quelques kilom\u00e8tres, par une poign\u00e9e de v\u00e9t\u00e9tistes, dont les membres du SLEC et l\u2019adjoint \u00e0 l\u2019urbanisme de la [&hellip;]<\/p>\n","protected":false},"author":407,"featured_media":62481,"comment_status":"open","ping_status":"open","sticky":false,"template":"","format":"standard","meta":{"footnotes":""},"categories":[26,35,100,14],"tags":[416,42,61,1413,32],"class_list":["post-62480","post","type-post","status-publish","format-standard","has-post-thumbnail","hentry","category-a-la-une","category-remiremont-son-canton","category-saint-nabord","category-sport","tag-ligue-contre-le-cancer","tag-saint-nabord","tag-sport","tag-velo","tag-vosges"],"acf":[],"yoast_head":"<!-- This site is optimized with the Yoast SEO plugin v22.5 - https:\/\/yoast.com\/wordpress\/plugins\/seo\/ -->\n<title>Saint-Nabord : Jacky Petitgenet a pris le d\u00e9part de son 2\u00e8me tour des Vosges \u00e0 v\u00e9lo - Remiremont Info<\/title>\n<meta name=\"robots\" content=\"index, follow, max-snippet:-1, max-image-preview:large, max-video-preview:-1\" \/>\n<link rel=\"canonical\" href=\"https:\/\/vosgesinfo.fr\/remiremontinfo\/2022\/09\/saint-nabord-jacky-petitgenet-a-pris-depart-de-2eme-tour-vosges-a-velo\/\" \/>\n<meta name=\"twitter:card\" content=\"summary_large_image\" \/>\n<meta name=\"twitter:title\" content=\"Saint-Nabord : Jacky Petitgenet a pris le d\u00e9part de son 2\u00e8me tour des Vosges \u00e0 v\u00e9lo - Remiremont Info\" \/>\n<meta name=\"twitter:description\" content=\"Accompagn\u00e9, durant quelques kilom\u00e8tres, par une poign\u00e9e de v\u00e9t\u00e9tistes, dont les membres du SLEC et l\u2019adjoint \u00e0 l\u2019urbanisme de la [&hellip;]\" \/>\n<meta name=\"twitter:image\" content=\"https:\/\/vosgesinfo.fr\/app\/uploads\/sites\/5\/2024\/09\/202209308836944-662574855391568-3387955575357113559-n1.jpg\" \/>\n<meta name=\"twitter:creator\" content=\"@VosgesInfo88\" \/>\n<meta name=\"twitter:site\" content=\"@VosgesInfo88\" \/>\n<meta name=\"twitter:label1\" content=\"\u00c9crit par\" \/>\n\t<meta name=\"twitter:data1\" content=\"C D\" \/>\n\t<meta name=\"twitter:label2\" content=\"Dur\u00e9e de lecture estim\u00e9e\" \/>\n\t<meta name=\"twitter:data2\" content=\"1 minute\" \/>\n<script type=\"application\/ld+json\" class=\"yoast-schema-graph\">{\"@context\":\"https:\/\/schema.org\",\"@graph\":[{\"@type\":\"Article\",\"@id\":\"https:\/\/vosgesinfo.fr\/remiremontinfo\/2022\/09\/saint-nabord-jacky-petitgenet-a-pris-depart-de-2eme-tour-vosges-a-velo\/#article\",\"isPartOf\":{\"@id\":\"https:\/\/vosgesinfo.fr\/remiremontinfo\/2022\/09\/saint-nabord-jacky-petitgenet-a-pris-depart-de-2eme-tour-vosges-a-velo\/\"},\"author\":{\"name\":\"C D\",\"@id\":\"https:\/\/vosgesinfo.fr\/remiremontinfo\/#\/schema\/person\/3bfd164d5218a185b1db68655a265316\"},\"headline\":\"Saint-Nabord : Jacky Petitgenet a pris le d\u00e9part de son 2\u00e8me tour des Vosges \u00e0 v\u00e9lo\",\"datePublished\":\"2022-09-26T06:23:26+00:00\",\"dateModified\":\"2022-09-26T06:23:26+00:00\",\"mainEntityOfPage\":{\"@id\":\"https:\/\/vosgesinfo.fr\/remiremontinfo\/2022\/09\/saint-nabord-jacky-petitgenet-a-pris-depart-de-2eme-tour-vosges-a-velo\/\"},\"wordCount\":314,\"commentCount\":0,\"publisher\":{\"@id\":\"https:\/\/vosgesinfo.fr\/remiremontinfo\/#organization\"},\"image\":{\"@id\":\"https:\/\/vosgesinfo.fr\/remiremontinfo\/2022\/09\/saint-nabord-jacky-petitgenet-a-pris-depart-de-2eme-tour-vosges-a-velo\/#primaryimage\"},\"thumbnailUrl\":\"https:\/\/vosgesinfo.fr\/app\/uploads\/sites\/5\/2024\/09\/202209308836944-662574855391568-3387955575357113559-n1.jpg\",\"keywords\":[\"Ligue contre le cancer\",\"saint-nabord\",\"sport\",\"V\u00e9lo\",\"Vosges\"],\"articleSection\":[\"A la Une\",\"Remiremont &amp; son canton\",\"Saint-Nabord\",\"Sport\"],\"inLanguage\":\"fr-FR\",\"potentialAction\":[{\"@type\":\"CommentAction\",\"name\":\"Comment\",\"target\":[\"https:\/\/vosgesinfo.fr\/remiremontinfo\/2022\/09\/saint-nabord-jacky-petitgenet-a-pris-depart-de-2eme-tour-vosges-a-velo\/#respond\"]}]},{\"@type\":\"WebPage\",\"@id\":\"https:\/\/vosgesinfo.fr\/remiremontinfo\/2022\/09\/saint-nabord-jacky-petitgenet-a-pris-depart-de-2eme-tour-vosges-a-velo\/\",\"url\":\"https:\/\/vosgesinfo.fr\/remiremontinfo\/2022\/09\/saint-nabord-jacky-petitgenet-a-pris-depart-de-2eme-tour-vosges-a-velo\/\",\"name\":\"Saint-Nabord : Jacky Petitgenet a pris le d\u00e9part de son 2\u00e8me tour des Vosges \u00e0 v\u00e9lo - Remiremont Info\",\"isPartOf\":{\"@id\":\"https:\/\/vosgesinfo.fr\/remiremontinfo\/#website\"},\"primaryImageOfPage\":{\"@id\":\"https:\/\/vosgesinfo.fr\/remiremontinfo\/2022\/09\/saint-nabord-jacky-petitgenet-a-pris-depart-de-2eme-tour-vosges-a-velo\/#primaryimage\"},\"image\":{\"@id\":\"https:\/\/vosgesinfo.fr\/remiremontinfo\/2022\/09\/saint-nabord-jacky-petitgenet-a-pris-depart-de-2eme-tour-vosges-a-velo\/#primaryimage\"},\"thumbnailUrl\":\"https:\/\/vosgesinfo.fr\/app\/uploads\/sites\/5\/2024\/09\/202209308836944-662574855391568-3387955575357113559-n1.jpg\",\"datePublished\":\"2022-09-26T06:23:26+00:00\",\"dateModified\":\"2022-09-26T06:23:26+00:00\",\"breadcrumb\":{\"@id\":\"https:\/\/vosgesinfo.fr\/remiremontinfo\/2022\/09\/saint-nabord-jacky-petitgenet-a-pris-depart-de-2eme-tour-vosges-a-velo\/#breadcrumb\"},\"inLanguage\":\"fr-FR\",\"potentialAction\":[{\"@type\":\"ReadAction\",\"target\":[\"https:\/\/vosgesinfo.fr\/remiremontinfo\/2022\/09\/saint-nabord-jacky-petitgenet-a-pris-depart-de-2eme-tour-vosges-a-velo\/\"]}]},{\"@type\":\"ImageObject\",\"inLanguage\":\"fr-FR\",\"@id\":\"https:\/\/vosgesinfo.fr\/remiremontinfo\/2022\/09\/saint-nabord-jacky-petitgenet-a-pris-depart-de-2eme-tour-vosges-a-velo\/#primaryimage\",\"url\":\"https:\/\/vosgesinfo.fr\/app\/uploads\/sites\/5\/2024\/09\/202209308836944-662574855391568-3387955575357113559-n1.jpg\",\"contentUrl\":\"https:\/\/vosgesinfo.fr\/app\/uploads\/sites\/5\/2024\/09\/202209308836944-662574855391568-3387955575357113559-n1.jpg\",\"width\":1144,\"height\":902},{\"@type\":\"BreadcrumbList\",\"@id\":\"https:\/\/vosgesinfo.fr\/remiremontinfo\/2022\/09\/saint-nabord-jacky-petitgenet-a-pris-depart-de-2eme-tour-vosges-a-velo\/#breadcrumb\",\"itemListElement\":[{\"@type\":\"ListItem\",\"position\":1,\"name\":\"Home\",\"item\":\"https:\/\/vosgesinfo.fr\/remiremontinfo\/\"},{\"@type\":\"ListItem\",\"position\":2,\"name\":\"Saint-Nabord : Jacky Petitgenet a pris le d\u00e9part de son 2\u00e8me tour des Vosges \u00e0 v\u00e9lo\"}]},{\"@type\":\"WebSite\",\"@id\":\"https:\/\/vosgesinfo.fr\/remiremontinfo\/#website\",\"url\":\"https:\/\/vosgesinfo.fr\/remiremontinfo\/\",\"name\":\"Remiremont Info\",\"description\":\"Toute l&#039;actualit\u00e9 de Remiremont\",\"publisher\":{\"@id\":\"https:\/\/vosgesinfo.fr\/remiremontinfo\/#organization\"},\"alternateName\":\"Toute l'actualit\u00e9 de Remiremont\",\"potentialAction\":[{\"@type\":\"SearchAction\",\"target\":{\"@type\":\"EntryPoint\",\"urlTemplate\":\"https:\/\/vosgesinfo.fr\/remiremontinfo\/?s={search_term_string}\"},\"query-input\":\"required name=search_term_string\"}],\"inLanguage\":\"fr-FR\"},{\"@type\":\"Organization\",\"@id\":\"https:\/\/vosgesinfo.fr\/remiremontinfo\/#organization\",\"name\":\"Remiremont Info\",\"url\":\"https:\/\/vosgesinfo.fr\/remiremontinfo\/\",\"logo\":{\"@type\":\"ImageObject\",\"inLanguage\":\"fr-FR\",\"@id\":\"https:\/\/vosgesinfo.fr\/remiremontinfo\/#\/schema\/logo\/image\/\",\"url\":\"https:\/\/vosgesinfo.fr\/app\/uploads\/sites\/5\/2023\/08\/favicon-remiremontinfo.png\",\"contentUrl\":\"https:\/\/vosgesinfo.fr\/app\/uploads\/sites\/5\/2023\/08\/favicon-remiremontinfo.png\",\"width\":512,\"height\":512,\"caption\":\"Remiremont Info\"},\"image\":{\"@id\":\"https:\/\/vosgesinfo.fr\/remiremontinfo\/#\/schema\/logo\/image\/\"},\"sameAs\":[\"https:\/\/www.facebook.com\/remiremontinfo\",\"https:\/\/x.com\/VosgesInfo88\",\"https:\/\/www.youtube.com\/@vosgesinfo\"]},{\"@type\":\"Person\",\"@id\":\"https:\/\/vosgesinfo.fr\/remiremontinfo\/#\/schema\/person\/3bfd164d5218a185b1db68655a265316\",\"name\":\"C D\",\"image\":{\"@type\":\"ImageObject\",\"inLanguage\":\"fr-FR\",\"@id\":\"https:\/\/vosgesinfo.fr\/remiremontinfo\/#\/schema\/person\/image\/\",\"url\":\"https:\/\/secure.gravatar.com\/avatar\/1f9a70007336511a47468b8f1c66f922b8b7cf617b02a31149ada43893a5d48f?s=96&d=mm&r=g\",\"contentUrl\":\"https:\/\/secure.gravatar.com\/avatar\/1f9a70007336511a47468b8f1c66f922b8b7cf617b02a31149ada43893a5d48f?s=96&d=mm&r=g\",\"caption\":\"C D\"},\"url\":\"https:\/\/vosgesinfo.fr\/remiremontinfo\/author\/cedric-drevet\/\"}]}<\/script>\n<!-- \/ Yoast SEO plugin. -->","yoast_head_json":{"title":"Saint-Nabord : Jacky Petitgenet a pris le d\u00e9part de son 2\u00e8me tour des Vosges \u00e0 v\u00e9lo - Remiremont Info","robots":{"index":"index","follow":"follow","max-snippet":"max-snippet:-1","max-image-preview":"max-image-preview:large","max-video-preview":"max-video-preview:-1"},"canonical":"https:\/\/vosgesinfo.fr\/remiremontinfo\/2022\/09\/saint-nabord-jacky-petitgenet-a-pris-depart-de-2eme-tour-vosges-a-velo\/","twitter_card":"summary_large_image","twitter_title":"Saint-Nabord : Jacky Petitgenet a pris le d\u00e9part de son 2\u00e8me tour des Vosges \u00e0 v\u00e9lo - Remiremont Info","twitter_description":"Accompagn\u00e9, durant quelques kilom\u00e8tres, par une poign\u00e9e de v\u00e9t\u00e9tistes, dont les membres du SLEC et l\u2019adjoint \u00e0 l\u2019urbanisme de la [&hellip;]","twitter_image":"https:\/\/vosgesinfo.fr\/app\/uploads\/sites\/5\/2024\/09\/202209308836944-662574855391568-3387955575357113559-n1.jpg","twitter_creator":"@VosgesInfo88","twitter_site":"@VosgesInfo88","twitter_misc":{"\u00c9crit par":"C D","Dur\u00e9e de lecture estim\u00e9e":"1 minute"},"schema":{"@context":"https:\/\/schema.org","@graph":[{"@type":"Article","@id":"https:\/\/vosgesinfo.fr\/remiremontinfo\/2022\/09\/saint-nabord-jacky-petitgenet-a-pris-depart-de-2eme-tour-vosges-a-velo\/#article","isPartOf":{"@id":"https:\/\/vosgesinfo.fr\/remiremontinfo\/2022\/09\/saint-nabord-jacky-petitgenet-a-pris-depart-de-2eme-tour-vosges-a-velo\/"},"author":{"name":"C D","@id":"https:\/\/vosgesinfo.fr\/remiremontinfo\/#\/schema\/person\/3bfd164d5218a185b1db68655a265316"},"headline":"Saint-Nabord : Jacky Petitgenet a pris le d\u00e9part de son 2\u00e8me tour des Vosges \u00e0 v\u00e9lo","datePublished":"2022-09-26T06:23:26+00:00","dateModified":"2022-09-26T06:23:26+00:00","mainEntityOfPage":{"@id":"https:\/\/vosgesinfo.fr\/remiremontinfo\/2022\/09\/saint-nabord-jacky-petitgenet-a-pris-depart-de-2eme-tour-vosges-a-velo\/"},"wordCount":314,"commentCount":0,"publisher":{"@id":"https:\/\/vosgesinfo.fr\/remiremontinfo\/#organization"},"image":{"@id":"https:\/\/vosgesinfo.fr\/remiremontinfo\/2022\/09\/saint-nabord-jacky-petitgenet-a-pris-depart-de-2eme-tour-vosges-a-velo\/#primaryimage"},"thumbnailUrl":"https:\/\/vosgesinfo.fr\/app\/uploads\/sites\/5\/2024\/09\/202209308836944-662574855391568-3387955575357113559-n1.jpg","keywords":["Ligue contre le cancer","saint-nabord","sport","V\u00e9lo","Vosges"],"articleSection":["A la Une","Remiremont &amp; son canton","Saint-Nabord","Sport"],"inLanguage":"fr-FR","potentialAction":[{"@type":"CommentAction","name":"Comment","target":["https:\/\/vosgesinfo.fr\/remiremontinfo\/2022\/09\/saint-nabord-jacky-petitgenet-a-pris-depart-de-2eme-tour-vosges-a-velo\/#respond"]}]},{"@type":"WebPage","@id":"https:\/\/vosgesinfo.fr\/remiremontinfo\/2022\/09\/saint-nabord-jacky-petitgenet-a-pris-depart-de-2eme-tour-vosges-a-velo\/","url":"https:\/\/vosgesinfo.fr\/remiremontinfo\/2022\/09\/saint-nabord-jacky-petitgenet-a-pris-depart-de-2eme-tour-vosges-a-velo\/","name":"Saint-Nabord : Jacky Petitgenet a pris le d\u00e9part de son 2\u00e8me tour des Vosges \u00e0 v\u00e9lo - Remiremont Info","isPartOf":{"@id":"https:\/\/vosgesinfo.fr\/remiremontinfo\/#website"},"primaryImageOfPage":{"@id":"https:\/\/vosgesinfo.fr\/remiremontinfo\/2022\/09\/saint-nabord-jacky-petitgenet-a-pris-depart-de-2eme-tour-vosges-a-velo\/#primaryimage"},"image":{"@id":"https:\/\/vosgesinfo.fr\/remiremontinfo\/2022\/09\/saint-nabord-jacky-petitgenet-a-pris-depart-de-2eme-tour-vosges-a-velo\/#primaryimage"},"thumbnailUrl":"https:\/\/vosgesinfo.fr\/app\/uploads\/sites\/5\/2024\/09\/202209308836944-662574855391568-3387955575357113559-n1.jpg","datePublished":"2022-09-26T06:23:26+00:00","dateModified":"2022-09-26T06:23:26+00:00","breadcrumb":{"@id":"https:\/\/vosgesinfo.fr\/remiremontinfo\/2022\/09\/saint-nabord-jacky-petitgenet-a-pris-depart-de-2eme-tour-vosges-a-velo\/#breadcrumb"},"inLanguage":"fr-FR","potentialAction":[{"@type":"ReadAction","target":["https:\/\/vosgesinfo.fr\/remiremontinfo\/2022\/09\/saint-nabord-jacky-petitgenet-a-pris-depart-de-2eme-tour-vosges-a-velo\/"]}]},{"@type":"ImageObject","inLanguage":"fr-FR","@id":"https:\/\/vosgesinfo.fr\/remiremontinfo\/2022\/09\/saint-nabord-jacky-petitgenet-a-pris-depart-de-2eme-tour-vosges-a-velo\/#primaryimage","url":"https:\/\/vosgesinfo.fr\/app\/uploads\/sites\/5\/2024\/09\/202209308836944-662574855391568-3387955575357113559-n1.jpg","contentUrl":"https:\/\/vosgesinfo.fr\/app\/uploads\/sites\/5\/2024\/09\/202209308836944-662574855391568-3387955575357113559-n1.jpg","width":1144,"height":902},{"@type":"BreadcrumbList","@id":"https:\/\/vosgesinfo.fr\/remiremontinfo\/2022\/09\/saint-nabord-jacky-petitgenet-a-pris-depart-de-2eme-tour-vosges-a-velo\/#breadcrumb","itemListElement":[{"@type":"ListItem","position":1,"name":"Home","item":"https:\/\/vosgesinfo.fr\/remiremontinfo\/"},{"@type":"ListItem","position":2,"name":"Saint-Nabord : Jacky Petitgenet a pris le d\u00e9part de son 2\u00e8me tour des Vosges \u00e0 v\u00e9lo"}]},{"@type":"WebSite","@id":"https:\/\/vosgesinfo.fr\/remiremontinfo\/#website","url":"https:\/\/vosgesinfo.fr\/remiremontinfo\/","name":"Remiremont Info","description":"Toute l&#039;actualit\u00e9 de Remiremont","publisher":{"@id":"https:\/\/vosgesinfo.fr\/remiremontinfo\/#organization"},"alternateName":"Toute l'actualit\u00e9 de Remiremont","potentialAction":[{"@type":"SearchAction","target":{"@type":"EntryPoint","urlTemplate":"https:\/\/vosgesinfo.fr\/remiremontinfo\/?s={search_term_string}"},"query-input":"required name=search_term_string"}],"inLanguage":"fr-FR"},{"@type":"Organization","@id":"https:\/\/vosgesinfo.fr\/remiremontinfo\/#organization","name":"Remiremont Info","url":"https:\/\/vosgesinfo.fr\/remiremontinfo\/","logo":{"@type":"ImageObject","inLanguage":"fr-FR","@id":"https:\/\/vosgesinfo.fr\/remiremontinfo\/#\/schema\/logo\/image\/","url":"https:\/\/vosgesinfo.fr\/app\/uploads\/sites\/5\/2023\/08\/favicon-remiremontinfo.png","contentUrl":"https:\/\/vosgesinfo.fr\/app\/uploads\/sites\/5\/2023\/08\/favicon-remiremontinfo.png","width":512,"height":512,"caption":"Remiremont Info"},"image":{"@id":"https:\/\/vosgesinfo.fr\/remiremontinfo\/#\/schema\/logo\/image\/"},"sameAs":["https:\/\/www.facebook.com\/remiremontinfo","https:\/\/x.com\/VosgesInfo88","https:\/\/www.youtube.com\/@vosgesinfo"]},{"@type":"Person","@id":"https:\/\/vosgesinfo.fr\/remiremontinfo\/#\/schema\/person\/3bfd164d5218a185b1db68655a265316","name":"C D","image":{"@type":"ImageObject","inLanguage":"fr-FR","@id":"https:\/\/vosgesinfo.fr\/remiremontinfo\/#\/schema\/person\/image\/","url":"https:\/\/secure.gravatar.com\/avatar\/1f9a70007336511a47468b8f1c66f922b8b7cf617b02a31149ada43893a5d48f?s=96&d=mm&r=g","contentUrl":"https:\/\/secure.gravatar.com\/avatar\/1f9a70007336511a47468b8f1c66f922b8b7cf617b02a31149ada43893a5d48f?s=96&d=mm&r=g","caption":"C D"},"url":"https:\/\/vosgesinfo.fr\/remiremontinfo\/author\/cedric-drevet\/"}]}},"_links":{"self":[{"href":"https:\/\/vosgesinfo.fr\/remiremontinfo\/wp-json\/wp\/v2\/posts\/62480","targetHints":{"allow":["GET"]}}],"collection":[{"href":"https:\/\/vosgesinfo.fr\/remiremontinfo\/wp-json\/wp\/v2\/posts"}],"about":[{"href":"https:\/\/vosgesinfo.fr\/remiremontinfo\/wp-json\/wp\/v2\/types\/post"}],"author":[{"embeddable":true,"href":"https:\/\/vosgesinfo.fr\/remiremontinfo\/wp-json\/wp\/v2\/users\/407"}],"replies":[{"embeddable":true,"href":"https:\/\/vosgesinfo.fr\/remiremontinfo\/wp-json\/wp\/v2\/comments?post=62480"}],"version-history":[{"count":0,"href":"https:\/\/vosgesinfo.fr\/remiremontinfo\/wp-json\/wp\/v2\/posts\/62480\/revisions"}],"wp:featuredmedia":[{"embeddable":true,"href":"https:\/\/vosgesinfo.fr\/remiremontinfo\/wp-json\/wp\/v2\/media\/62481"}],"wp:attachment":[{"href":"https:\/\/vosgesinfo.fr\/remiremontinfo\/wp-json\/wp\/v2\/media?parent=62480"}],"wp:term":[{"taxonomy":"category","embeddable":true,"href":"https:\/\/vosgesinfo.fr\/remiremontinfo\/wp-json\/wp\/v2\/categories?post=62480"},{"taxonomy":"post_tag","embeddable":true,"href":"https:\/\/vosgesinfo.fr\/remiremontinfo\/wp-json\/wp\/v2\/tags?post=62480"}],"curies":[{"name":"wp","href":"https:\/\/api.w.org\/{rel}","templated":true}]}}