{"id":62487,"date":"2022-09-26T08:32:05","date_gmt":"2022-09-26T06:32:05","guid":{"rendered":"https:\/\/vosgesinfo.fr\/remiremontinfo\/2022\/09\/val-dajol-chalot-de-feuillee-nouvelle-a-ete-inaugure\/"},"modified":"2022-09-26T08:32:05","modified_gmt":"2022-09-26T06:32:05","slug":"val-dajol-chalot-de-feuillee-nouvelle-a-ete-inaugure","status":"publish","type":"post","link":"https:\/\/vosgesinfo.fr\/remiremontinfo\/2022\/09\/val-dajol-chalot-de-feuillee-nouvelle-a-ete-inaugure\/","title":{"rendered":"Le Val d\u2019Ajol\u00a0: le chalot de la Feuill\u00e9e Nouvelle a \u00e9t\u00e9 inaugur\u00e9"},"content":{"rendered":"<p><a href=\"\/2022\/09\/306322820_462470015912834_7204715235864100536_n.jpg\"><img decoding=\"async\" class=\"alignnone size-large wp-image-354531\" src=\"\/2022\/09\/306322820_462470015912834_7204715235864100536_n-1024x461.jpg\" alt=\"306322820_462470015912834_7204715235864100536_n\" width=\"960\" height=\"432\" \/><\/a><\/p>\n<p><span style=\"font-size: 10pt;\"><em>Photos par la Mairie du Val d&rsquo;Ajol\u00a0<\/em><\/span><\/p>\n<h2><span style=\"font-size: 12pt;\"><strong><span style=\"color: #000000;\">P<\/span><span style=\"color: #000000;\">lusieurs fois report\u00e9e <\/span><span style=\"color: #000000;\">a cause des restrictions li\u00e9es \u00e0 la crise de la Covid-19, l\u2019inauguration <\/span><span style=\"color: #000000;\">du chalot de la Feuill\u00e9e Nouvelle<\/span><span style=\"color: #000000;\"> a eu lieu. Le chalot a \u00e9t\u00e9<\/span><span style=\"color: #000000;\"> r\u00e9install\u00e9 et r\u00e9nov\u00e9 en 2020 par l&rsquo;association du pays du Chalot, en partenariat notamment avec la mairie <\/span><span style=\"color: #000000;\">du Val d\u2019Ajol.\u00a0<\/span><\/strong><\/span><\/h2>\n<p><em><span style=\"color: #000000;\">\u00ab\u00a0<\/span><\/em><span style=\"color: #000000;\"><em>Ce chalot \u00e0 but p\u00e9dagogique construit en 1786 a \u00e9t\u00e9 plusieurs fois mont\u00e9 et d\u00e9mont\u00e9 pour \u00eatre pr\u00e9sent\u00e9 dans des \u00e9v\u00e8nements divers\u00a0\u00bb<\/em>, <\/span><span style=\"color: #000000;\">explique la mairie.<em> \u00ab\u00a0<\/em><\/span><em><span style=\"color: #000000;\">Gardons la m\u00e9moire des anciens, continuons \u00e0 faire vivre notre pass\u00e9 ! Cette ann\u00e9e 3 chalots ont \u00e9t\u00e9 restaur\u00e9s. Bravo et merci aux b\u00e9n\u00e9voles !\u00a0\u00bb\u00a0<\/span><\/em><\/p>\n\n","protected":false},"excerpt":{"rendered":"<p>Photos par la Mairie du Val d&rsquo;Ajol\u00a0 Plusieurs fois report\u00e9e a cause des restrictions li\u00e9es \u00e0 la crise de la [&hellip;]<\/p>\n","protected":false},"author":407,"featured_media":62488,"comment_status":"open","ping_status":"open","sticky":false,"template":"","format":"standard","meta":{"footnotes":""},"categories":[26,4,121,82],"tags":[4746,123,32],"class_list":["post-62487","post","type-post","status-publish","format-standard","has-post-thumbnail","hentry","category-a-la-une","category-culture","category-le-val-dajol-le-val-dajol-son-canton","category-le-val-dajol-son-canton","tag-chalot","tag-val-dajol","tag-vosges"],"acf":[],"yoast_head":"<!-- This site is optimized with the Yoast SEO plugin v22.5 - https:\/\/yoast.com\/wordpress\/plugins\/seo\/ -->\n<title>Le Val d\u2019Ajol\u00a0: le chalot de la Feuill\u00e9e Nouvelle a \u00e9t\u00e9 inaugur\u00e9 - Remiremont Info<\/title>\n<meta name=\"robots\" content=\"index, follow, max-snippet:-1, max-image-preview:large, max-video-preview:-1\" \/>\n<link rel=\"canonical\" href=\"https:\/\/vosgesinfo.fr\/remiremontinfo\/2022\/09\/val-dajol-chalot-de-feuillee-nouvelle-a-ete-inaugure\/\" \/>\n<meta name=\"twitter:card\" content=\"summary_large_image\" \/>\n<meta name=\"twitter:title\" content=\"Le Val d\u2019Ajol\u00a0: le chalot de la Feuill\u00e9e Nouvelle a \u00e9t\u00e9 inaugur\u00e9 - Remiremont Info\" \/>\n<meta name=\"twitter:description\" content=\"Photos par la Mairie du Val d&rsquo;Ajol\u00a0 Plusieurs fois report\u00e9e a cause des restrictions li\u00e9es \u00e0 la crise de la [&hellip;]\" \/>\n<meta name=\"twitter:image\" content=\"https:\/\/vosgesinfo.fr\/app\/uploads\/sites\/5\/2024\/09\/202209306322820-462470015912834-7204715235864100536-n1.jpg\" \/>\n<meta name=\"twitter:creator\" content=\"@VosgesInfo88\" \/>\n<meta name=\"twitter:site\" content=\"@VosgesInfo88\" \/>\n<meta name=\"twitter:label1\" content=\"\u00c9crit par\" \/>\n\t<meta name=\"twitter:data1\" content=\"C D\" \/>\n\t<meta name=\"twitter:label2\" content=\"Dur\u00e9e de lecture estim\u00e9e\" \/>\n\t<meta name=\"twitter:data2\" content=\"1 minute\" \/>\n<script type=\"application\/ld+json\" class=\"yoast-schema-graph\">{\"@context\":\"https:\/\/schema.org\",\"@graph\":[{\"@type\":\"Article\",\"@id\":\"https:\/\/vosgesinfo.fr\/remiremontinfo\/2022\/09\/val-dajol-chalot-de-feuillee-nouvelle-a-ete-inaugure\/#article\",\"isPartOf\":{\"@id\":\"https:\/\/vosgesinfo.fr\/remiremontinfo\/2022\/09\/val-dajol-chalot-de-feuillee-nouvelle-a-ete-inaugure\/\"},\"author\":{\"name\":\"C D\",\"@id\":\"https:\/\/vosgesinfo.fr\/remiremontinfo\/#\/schema\/person\/3bfd164d5218a185b1db68655a265316\"},\"headline\":\"Le Val d\u2019Ajol\u00a0: le chalot de la Feuill\u00e9e Nouvelle a \u00e9t\u00e9 inaugur\u00e9\",\"datePublished\":\"2022-09-26T06:32:05+00:00\",\"dateModified\":\"2022-09-26T06:32:05+00:00\",\"mainEntityOfPage\":{\"@id\":\"https:\/\/vosgesinfo.fr\/remiremontinfo\/2022\/09\/val-dajol-chalot-de-feuillee-nouvelle-a-ete-inaugure\/\"},\"wordCount\":138,\"commentCount\":0,\"publisher\":{\"@id\":\"https:\/\/vosgesinfo.fr\/remiremontinfo\/#organization\"},\"image\":{\"@id\":\"https:\/\/vosgesinfo.fr\/remiremontinfo\/2022\/09\/val-dajol-chalot-de-feuillee-nouvelle-a-ete-inaugure\/#primaryimage\"},\"thumbnailUrl\":\"https:\/\/vosgesinfo.fr\/app\/uploads\/sites\/5\/2024\/09\/202209306322820-462470015912834-7204715235864100536-n1.jpg\",\"keywords\":[\"chalot\",\"val d'ajol\",\"Vosges\"],\"articleSection\":[\"A la Une\",\"Culture\",\"Le Val d'Ajol\",\"Le Val-d'Ajol &amp; son canton\"],\"inLanguage\":\"fr-FR\",\"potentialAction\":[{\"@type\":\"CommentAction\",\"name\":\"Comment\",\"target\":[\"https:\/\/vosgesinfo.fr\/remiremontinfo\/2022\/09\/val-dajol-chalot-de-feuillee-nouvelle-a-ete-inaugure\/#respond\"]}]},{\"@type\":\"WebPage\",\"@id\":\"https:\/\/vosgesinfo.fr\/remiremontinfo\/2022\/09\/val-dajol-chalot-de-feuillee-nouvelle-a-ete-inaugure\/\",\"url\":\"https:\/\/vosgesinfo.fr\/remiremontinfo\/2022\/09\/val-dajol-chalot-de-feuillee-nouvelle-a-ete-inaugure\/\",\"name\":\"Le Val d\u2019Ajol\u00a0: le chalot de la Feuill\u00e9e Nouvelle a \u00e9t\u00e9 inaugur\u00e9 - Remiremont Info\",\"isPartOf\":{\"@id\":\"https:\/\/vosgesinfo.fr\/remiremontinfo\/#website\"},\"primaryImageOfPage\":{\"@id\":\"https:\/\/vosgesinfo.fr\/remiremontinfo\/2022\/09\/val-dajol-chalot-de-feuillee-nouvelle-a-ete-inaugure\/#primaryimage\"},\"image\":{\"@id\":\"https:\/\/vosgesinfo.fr\/remiremontinfo\/2022\/09\/val-dajol-chalot-de-feuillee-nouvelle-a-ete-inaugure\/#primaryimage\"},\"thumbnailUrl\":\"https:\/\/vosgesinfo.fr\/app\/uploads\/sites\/5\/2024\/09\/202209306322820-462470015912834-7204715235864100536-n1.jpg\",\"datePublished\":\"2022-09-26T06:32:05+00:00\",\"dateModified\":\"2022-09-26T06:32:05+00:00\",\"breadcrumb\":{\"@id\":\"https:\/\/vosgesinfo.fr\/remiremontinfo\/2022\/09\/val-dajol-chalot-de-feuillee-nouvelle-a-ete-inaugure\/#breadcrumb\"},\"inLanguage\":\"fr-FR\",\"potentialAction\":[{\"@type\":\"ReadAction\",\"target\":[\"https:\/\/vosgesinfo.fr\/remiremontinfo\/2022\/09\/val-dajol-chalot-de-feuillee-nouvelle-a-ete-inaugure\/\"]}]},{\"@type\":\"ImageObject\",\"inLanguage\":\"fr-FR\",\"@id\":\"https:\/\/vosgesinfo.fr\/remiremontinfo\/2022\/09\/val-dajol-chalot-de-feuillee-nouvelle-a-ete-inaugure\/#primaryimage\",\"url\":\"https:\/\/vosgesinfo.fr\/app\/uploads\/sites\/5\/2024\/09\/202209306322820-462470015912834-7204715235864100536-n1.jpg\",\"contentUrl\":\"https:\/\/vosgesinfo.fr\/app\/uploads\/sites\/5\/2024\/09\/202209306322820-462470015912834-7204715235864100536-n1.jpg\",\"width\":1158,\"height\":886},{\"@type\":\"BreadcrumbList\",\"@id\":\"https:\/\/vosgesinfo.fr\/remiremontinfo\/2022\/09\/val-dajol-chalot-de-feuillee-nouvelle-a-ete-inaugure\/#breadcrumb\",\"itemListElement\":[{\"@type\":\"ListItem\",\"position\":1,\"name\":\"Home\",\"item\":\"https:\/\/vosgesinfo.fr\/remiremontinfo\/\"},{\"@type\":\"ListItem\",\"position\":2,\"name\":\"Le Val d\u2019Ajol\u00a0: le chalot de la Feuill\u00e9e Nouvelle a \u00e9t\u00e9 inaugur\u00e9\"}]},{\"@type\":\"WebSite\",\"@id\":\"https:\/\/vosgesinfo.fr\/remiremontinfo\/#website\",\"url\":\"https:\/\/vosgesinfo.fr\/remiremontinfo\/\",\"name\":\"Remiremont Info\",\"description\":\"Toute l&#039;actualit\u00e9 de Remiremont\",\"publisher\":{\"@id\":\"https:\/\/vosgesinfo.fr\/remiremontinfo\/#organization\"},\"alternateName\":\"Toute l'actualit\u00e9 de Remiremont\",\"potentialAction\":[{\"@type\":\"SearchAction\",\"target\":{\"@type\":\"EntryPoint\",\"urlTemplate\":\"https:\/\/vosgesinfo.fr\/remiremontinfo\/?s={search_term_string}\"},\"query-input\":\"required name=search_term_string\"}],\"inLanguage\":\"fr-FR\"},{\"@type\":\"Organization\",\"@id\":\"https:\/\/vosgesinfo.fr\/remiremontinfo\/#organization\",\"name\":\"Remiremont Info\",\"url\":\"https:\/\/vosgesinfo.fr\/remiremontinfo\/\",\"logo\":{\"@type\":\"ImageObject\",\"inLanguage\":\"fr-FR\",\"@id\":\"https:\/\/vosgesinfo.fr\/remiremontinfo\/#\/schema\/logo\/image\/\",\"url\":\"https:\/\/vosgesinfo.fr\/app\/uploads\/sites\/5\/2023\/08\/favicon-remiremontinfo.png\",\"contentUrl\":\"https:\/\/vosgesinfo.fr\/app\/uploads\/sites\/5\/2023\/08\/favicon-remiremontinfo.png\",\"width\":512,\"height\":512,\"caption\":\"Remiremont Info\"},\"image\":{\"@id\":\"https:\/\/vosgesinfo.fr\/remiremontinfo\/#\/schema\/logo\/image\/\"},\"sameAs\":[\"https:\/\/www.facebook.com\/remiremontinfo\",\"https:\/\/x.com\/VosgesInfo88\",\"https:\/\/www.youtube.com\/@vosgesinfo\"]},{\"@type\":\"Person\",\"@id\":\"https:\/\/vosgesinfo.fr\/remiremontinfo\/#\/schema\/person\/3bfd164d5218a185b1db68655a265316\",\"name\":\"C D\",\"image\":{\"@type\":\"ImageObject\",\"inLanguage\":\"fr-FR\",\"@id\":\"https:\/\/vosgesinfo.fr\/remiremontinfo\/#\/schema\/person\/image\/\",\"url\":\"https:\/\/secure.gravatar.com\/avatar\/1f9a70007336511a47468b8f1c66f922b8b7cf617b02a31149ada43893a5d48f?s=96&d=mm&r=g\",\"contentUrl\":\"https:\/\/secure.gravatar.com\/avatar\/1f9a70007336511a47468b8f1c66f922b8b7cf617b02a31149ada43893a5d48f?s=96&d=mm&r=g\",\"caption\":\"C D\"},\"url\":\"https:\/\/vosgesinfo.fr\/remiremontinfo\/author\/cedric-drevet\/\"}]}<\/script>\n<!-- \/ Yoast SEO plugin. -->","yoast_head_json":{"title":"Le Val d\u2019Ajol\u00a0: le chalot de la Feuill\u00e9e Nouvelle a \u00e9t\u00e9 inaugur\u00e9 - Remiremont Info","robots":{"index":"index","follow":"follow","max-snippet":"max-snippet:-1","max-image-preview":"max-image-preview:large","max-video-preview":"max-video-preview:-1"},"canonical":"https:\/\/vosgesinfo.fr\/remiremontinfo\/2022\/09\/val-dajol-chalot-de-feuillee-nouvelle-a-ete-inaugure\/","twitter_card":"summary_large_image","twitter_title":"Le Val d\u2019Ajol\u00a0: le chalot de la Feuill\u00e9e Nouvelle a \u00e9t\u00e9 inaugur\u00e9 - Remiremont Info","twitter_description":"Photos par la Mairie du Val d&rsquo;Ajol\u00a0 Plusieurs fois report\u00e9e a cause des restrictions li\u00e9es \u00e0 la crise de la [&hellip;]","twitter_image":"https:\/\/vosgesinfo.fr\/app\/uploads\/sites\/5\/2024\/09\/202209306322820-462470015912834-7204715235864100536-n1.jpg","twitter_creator":"@VosgesInfo88","twitter_site":"@VosgesInfo88","twitter_misc":{"\u00c9crit par":"C D","Dur\u00e9e de lecture estim\u00e9e":"1 minute"},"schema":{"@context":"https:\/\/schema.org","@graph":[{"@type":"Article","@id":"https:\/\/vosgesinfo.fr\/remiremontinfo\/2022\/09\/val-dajol-chalot-de-feuillee-nouvelle-a-ete-inaugure\/#article","isPartOf":{"@id":"https:\/\/vosgesinfo.fr\/remiremontinfo\/2022\/09\/val-dajol-chalot-de-feuillee-nouvelle-a-ete-inaugure\/"},"author":{"name":"C D","@id":"https:\/\/vosgesinfo.fr\/remiremontinfo\/#\/schema\/person\/3bfd164d5218a185b1db68655a265316"},"headline":"Le Val d\u2019Ajol\u00a0: le chalot de la Feuill\u00e9e Nouvelle a \u00e9t\u00e9 inaugur\u00e9","datePublished":"2022-09-26T06:32:05+00:00","dateModified":"2022-09-26T06:32:05+00:00","mainEntityOfPage":{"@id":"https:\/\/vosgesinfo.fr\/remiremontinfo\/2022\/09\/val-dajol-chalot-de-feuillee-nouvelle-a-ete-inaugure\/"},"wordCount":138,"commentCount":0,"publisher":{"@id":"https:\/\/vosgesinfo.fr\/remiremontinfo\/#organization"},"image":{"@id":"https:\/\/vosgesinfo.fr\/remiremontinfo\/2022\/09\/val-dajol-chalot-de-feuillee-nouvelle-a-ete-inaugure\/#primaryimage"},"thumbnailUrl":"https:\/\/vosgesinfo.fr\/app\/uploads\/sites\/5\/2024\/09\/202209306322820-462470015912834-7204715235864100536-n1.jpg","keywords":["chalot","val d'ajol","Vosges"],"articleSection":["A la Une","Culture","Le Val d'Ajol","Le Val-d'Ajol &amp; son canton"],"inLanguage":"fr-FR","potentialAction":[{"@type":"CommentAction","name":"Comment","target":["https:\/\/vosgesinfo.fr\/remiremontinfo\/2022\/09\/val-dajol-chalot-de-feuillee-nouvelle-a-ete-inaugure\/#respond"]}]},{"@type":"WebPage","@id":"https:\/\/vosgesinfo.fr\/remiremontinfo\/2022\/09\/val-dajol-chalot-de-feuillee-nouvelle-a-ete-inaugure\/","url":"https:\/\/vosgesinfo.fr\/remiremontinfo\/2022\/09\/val-dajol-chalot-de-feuillee-nouvelle-a-ete-inaugure\/","name":"Le Val d\u2019Ajol\u00a0: le chalot de la Feuill\u00e9e Nouvelle a \u00e9t\u00e9 inaugur\u00e9 - Remiremont Info","isPartOf":{"@id":"https:\/\/vosgesinfo.fr\/remiremontinfo\/#website"},"primaryImageOfPage":{"@id":"https:\/\/vosgesinfo.fr\/remiremontinfo\/2022\/09\/val-dajol-chalot-de-feuillee-nouvelle-a-ete-inaugure\/#primaryimage"},"image":{"@id":"https:\/\/vosgesinfo.fr\/remiremontinfo\/2022\/09\/val-dajol-chalot-de-feuillee-nouvelle-a-ete-inaugure\/#primaryimage"},"thumbnailUrl":"https:\/\/vosgesinfo.fr\/app\/uploads\/sites\/5\/2024\/09\/202209306322820-462470015912834-7204715235864100536-n1.jpg","datePublished":"2022-09-26T06:32:05+00:00","dateModified":"2022-09-26T06:32:05+00:00","breadcrumb":{"@id":"https:\/\/vosgesinfo.fr\/remiremontinfo\/2022\/09\/val-dajol-chalot-de-feuillee-nouvelle-a-ete-inaugure\/#breadcrumb"},"inLanguage":"fr-FR","potentialAction":[{"@type":"ReadAction","target":["https:\/\/vosgesinfo.fr\/remiremontinfo\/2022\/09\/val-dajol-chalot-de-feuillee-nouvelle-a-ete-inaugure\/"]}]},{"@type":"ImageObject","inLanguage":"fr-FR","@id":"https:\/\/vosgesinfo.fr\/remiremontinfo\/2022\/09\/val-dajol-chalot-de-feuillee-nouvelle-a-ete-inaugure\/#primaryimage","url":"https:\/\/vosgesinfo.fr\/app\/uploads\/sites\/5\/2024\/09\/202209306322820-462470015912834-7204715235864100536-n1.jpg","contentUrl":"https:\/\/vosgesinfo.fr\/app\/uploads\/sites\/5\/2024\/09\/202209306322820-462470015912834-7204715235864100536-n1.jpg","width":1158,"height":886},{"@type":"BreadcrumbList","@id":"https:\/\/vosgesinfo.fr\/remiremontinfo\/2022\/09\/val-dajol-chalot-de-feuillee-nouvelle-a-ete-inaugure\/#breadcrumb","itemListElement":[{"@type":"ListItem","position":1,"name":"Home","item":"https:\/\/vosgesinfo.fr\/remiremontinfo\/"},{"@type":"ListItem","position":2,"name":"Le Val d\u2019Ajol\u00a0: le chalot de la Feuill\u00e9e Nouvelle a \u00e9t\u00e9 inaugur\u00e9"}]},{"@type":"WebSite","@id":"https:\/\/vosgesinfo.fr\/remiremontinfo\/#website","url":"https:\/\/vosgesinfo.fr\/remiremontinfo\/","name":"Remiremont Info","description":"Toute l&#039;actualit\u00e9 de Remiremont","publisher":{"@id":"https:\/\/vosgesinfo.fr\/remiremontinfo\/#organization"},"alternateName":"Toute l'actualit\u00e9 de Remiremont","potentialAction":[{"@type":"SearchAction","target":{"@type":"EntryPoint","urlTemplate":"https:\/\/vosgesinfo.fr\/remiremontinfo\/?s={search_term_string}"},"query-input":"required name=search_term_string"}],"inLanguage":"fr-FR"},{"@type":"Organization","@id":"https:\/\/vosgesinfo.fr\/remiremontinfo\/#organization","name":"Remiremont Info","url":"https:\/\/vosgesinfo.fr\/remiremontinfo\/","logo":{"@type":"ImageObject","inLanguage":"fr-FR","@id":"https:\/\/vosgesinfo.fr\/remiremontinfo\/#\/schema\/logo\/image\/","url":"https:\/\/vosgesinfo.fr\/app\/uploads\/sites\/5\/2023\/08\/favicon-remiremontinfo.png","contentUrl":"https:\/\/vosgesinfo.fr\/app\/uploads\/sites\/5\/2023\/08\/favicon-remiremontinfo.png","width":512,"height":512,"caption":"Remiremont Info"},"image":{"@id":"https:\/\/vosgesinfo.fr\/remiremontinfo\/#\/schema\/logo\/image\/"},"sameAs":["https:\/\/www.facebook.com\/remiremontinfo","https:\/\/x.com\/VosgesInfo88","https:\/\/www.youtube.com\/@vosgesinfo"]},{"@type":"Person","@id":"https:\/\/vosgesinfo.fr\/remiremontinfo\/#\/schema\/person\/3bfd164d5218a185b1db68655a265316","name":"C D","image":{"@type":"ImageObject","inLanguage":"fr-FR","@id":"https:\/\/vosgesinfo.fr\/remiremontinfo\/#\/schema\/person\/image\/","url":"https:\/\/secure.gravatar.com\/avatar\/1f9a70007336511a47468b8f1c66f922b8b7cf617b02a31149ada43893a5d48f?s=96&d=mm&r=g","contentUrl":"https:\/\/secure.gravatar.com\/avatar\/1f9a70007336511a47468b8f1c66f922b8b7cf617b02a31149ada43893a5d48f?s=96&d=mm&r=g","caption":"C D"},"url":"https:\/\/vosgesinfo.fr\/remiremontinfo\/author\/cedric-drevet\/"}]}},"_links":{"self":[{"href":"https:\/\/vosgesinfo.fr\/remiremontinfo\/wp-json\/wp\/v2\/posts\/62487","targetHints":{"allow":["GET"]}}],"collection":[{"href":"https:\/\/vosgesinfo.fr\/remiremontinfo\/wp-json\/wp\/v2\/posts"}],"about":[{"href":"https:\/\/vosgesinfo.fr\/remiremontinfo\/wp-json\/wp\/v2\/types\/post"}],"author":[{"embeddable":true,"href":"https:\/\/vosgesinfo.fr\/remiremontinfo\/wp-json\/wp\/v2\/users\/407"}],"replies":[{"embeddable":true,"href":"https:\/\/vosgesinfo.fr\/remiremontinfo\/wp-json\/wp\/v2\/comments?post=62487"}],"version-history":[{"count":0,"href":"https:\/\/vosgesinfo.fr\/remiremontinfo\/wp-json\/wp\/v2\/posts\/62487\/revisions"}],"wp:featuredmedia":[{"embeddable":true,"href":"https:\/\/vosgesinfo.fr\/remiremontinfo\/wp-json\/wp\/v2\/media\/62488"}],"wp:attachment":[{"href":"https:\/\/vosgesinfo.fr\/remiremontinfo\/wp-json\/wp\/v2\/media?parent=62487"}],"wp:term":[{"taxonomy":"category","embeddable":true,"href":"https:\/\/vosgesinfo.fr\/remiremontinfo\/wp-json\/wp\/v2\/categories?post=62487"},{"taxonomy":"post_tag","embeddable":true,"href":"https:\/\/vosgesinfo.fr\/remiremontinfo\/wp-json\/wp\/v2\/tags?post=62487"}],"curies":[{"name":"wp","href":"https:\/\/api.w.org\/{rel}","templated":true}]}}