{"id":62495,"date":"2022-09-26T08:57:35","date_gmt":"2022-09-26T06:57:35","guid":{"rendered":"https:\/\/vosgesinfo.fr\/remiremontinfo\/2022\/09\/fchm-route-5eme-tour-de-coupe-de-france\/"},"modified":"2022-09-26T08:57:35","modified_gmt":"2022-09-26T06:57:35","slug":"fchm-route-5eme-tour-de-coupe-de-france","status":"publish","type":"post","link":"https:\/\/vosgesinfo.fr\/remiremontinfo\/2022\/09\/fchm-route-5eme-tour-de-coupe-de-france\/","title":{"rendered":"Le FCHM en route pour le 5\u00e8me tour de la Coupe de France"},"content":{"rendered":"<p><a href=\"\/2022\/09\/Capture-d\u2019\u00e9cran-2022-09-26-105158.png\"><img decoding=\"async\" class=\"alignnone size-large wp-image-354540\" src=\"\/2022\/09\/Capture-d\u2019\u00e9cran-2022-09-26-105158-1024x677.png\" alt=\"Capture d\u2019\u00e9cran 2022-09-26 105158\" width=\"960\" height=\"635\" \/><\/a><\/p>\n<p><span style=\"font-size: 10pt;\"><em>Source : FCHM\u00a0<\/em><\/span><\/p>\n<h2><span style=\"font-size: 12pt;\"><strong><span style=\"color: #000000;\">Lors du<\/span><span style=\"color: #000000;\"> 4<\/span><span style=\"color: #000000;\">\u00e8<\/span><span style=\"color: #000000;\">me tour de la <\/span><span style=\"color: #000000;\">C<\/span><span style=\"color: #000000;\">oupe de France, <\/span><span style=\"color: #000000;\">le FCHM (Football Club de la Haute Moselotte) a remport\u00e9 ce dimanche une v<\/span><span style=\"color: #000000;\">ictoire 2-1 <\/span><span style=\"color: #000000;\">face \u00e0 G<\/span><span style=\"color: #000000;\">erb<\/span><span style=\"color: #000000;\">\u00e9<\/span><span style=\"color: #000000;\">viller. <\/span><span style=\"color: #000000;\">Le club prend donc la<\/span><span style=\"color: #000000;\"> route <\/span><span style=\"color: #000000;\">du<\/span><span style=\"color: #000000;\"> 5<\/span><span style=\"color: #000000;\">\u00e8<\/span><span style=\"color: #000000;\">me tour. <\/span><span style=\"color: #000000;\">L\u2019\u00e9quipe du FCHM revient sur ce match :\u00a0<\/span><\/strong><\/span><\/h2>\n<p><em><span style=\"color: #000000;\">\u00ab\u00a0<\/span><span style=\"color: #000000;\">L<\/span><span style=\"color: #000000;\">e match commence bien et on ouvre le score rapidement par <\/span><span style=\"color: #000000;\">C<\/span><span style=\"color: #000000;\">l\u00e9ment, mais les blessures font leurs apparitions et nous d\u00e9sorganise<\/span><span style=\"color: #000000;\">nt.<\/span> <span style=\"color: #000000;\">N<\/span><span style=\"color: #000000;\">ous doublons la mise par Thomas <\/span><span style=\"color: #000000;\">C<\/span><span style=\"color: #000000;\">. En deuxi\u00e8me mi- temps, surtout en fin de match, nous aurions pu <\/span><span style=\"color: #000000;\">n<\/span><span style=\"color: #000000;\">ous mettre \u00e0 l\u2019abri mais par manque de justesse technique de choix ou par les arr\u00eats du gardien nous en restons \u00e0 2-1. Malheureusement de <\/span><span style=\"color: #000000;\">nombreux<\/span><\/em><span style=\"color: #000000;\"><em> bless\u00e9s viennent un peu ternir la journ\u00e9e\u00a0\u00bb<\/em>. <\/span><span style=\"color: #000000;\">Un beau moment tout de m\u00eame pour le club. <em>\u00ab\u00a0<\/em><\/span><em><span style=\"color: #000000;\">Il y aura des moments plus difficiles cette saison. Mais en faites un club amateur, c est tout c<\/span><span style=\"color: #000000;\">a\u00a0\u00bb.\u00a0<\/span><\/em><\/p>\n\n","protected":false},"excerpt":{"rendered":"<p>Source : FCHM\u00a0 Lors du 4\u00e8me tour de la Coupe de France, le FCHM (Football Club de la Haute Moselotte) [&hellip;]<\/p>\n","protected":false},"author":407,"featured_media":62496,"comment_status":"open","ping_status":"open","sticky":false,"template":"","format":"standard","meta":{"footnotes":""},"categories":[26,104,25,14],"tags":[2388,2268,32],"class_list":["post-62495","post","type-post","status-publish","format-standard","has-post-thumbnail","hentry","category-a-la-une","category-la-bresse-la-bresse-son-canton","category-la-bresse-son-canton","category-sport","tag-fchm","tag-foot","tag-vosges"],"acf":[],"yoast_head":"<!-- This site is optimized with the Yoast SEO plugin v22.5 - https:\/\/yoast.com\/wordpress\/plugins\/seo\/ -->\n<title>Le FCHM en route pour le 5\u00e8me tour de la Coupe de France - Remiremont Info<\/title>\n<meta name=\"robots\" content=\"index, follow, max-snippet:-1, max-image-preview:large, max-video-preview:-1\" \/>\n<link rel=\"canonical\" href=\"https:\/\/vosgesinfo.fr\/remiremontinfo\/2022\/09\/fchm-route-5eme-tour-de-coupe-de-france\/\" \/>\n<meta name=\"twitter:card\" content=\"summary_large_image\" \/>\n<meta name=\"twitter:title\" content=\"Le FCHM en route pour le 5\u00e8me tour de la Coupe de France - Remiremont Info\" \/>\n<meta name=\"twitter:description\" content=\"Source : FCHM\u00a0 Lors du 4\u00e8me tour de la Coupe de France, le FCHM (Football Club de la Haute Moselotte) [&hellip;]\" \/>\n<meta name=\"twitter:image\" content=\"https:\/\/vosgesinfo.fr\/app\/uploads\/sites\/5\/2024\/09\/202209capture-decran-2022-09-26-105511.png\" \/>\n<meta name=\"twitter:creator\" content=\"@VosgesInfo88\" \/>\n<meta name=\"twitter:site\" content=\"@VosgesInfo88\" \/>\n<meta name=\"twitter:label1\" content=\"\u00c9crit par\" \/>\n\t<meta name=\"twitter:data1\" content=\"C D\" \/>\n\t<meta name=\"twitter:label2\" content=\"Dur\u00e9e de lecture estim\u00e9e\" \/>\n\t<meta name=\"twitter:data2\" content=\"1 minute\" \/>\n<script type=\"application\/ld+json\" class=\"yoast-schema-graph\">{\"@context\":\"https:\/\/schema.org\",\"@graph\":[{\"@type\":\"Article\",\"@id\":\"https:\/\/vosgesinfo.fr\/remiremontinfo\/2022\/09\/fchm-route-5eme-tour-de-coupe-de-france\/#article\",\"isPartOf\":{\"@id\":\"https:\/\/vosgesinfo.fr\/remiremontinfo\/2022\/09\/fchm-route-5eme-tour-de-coupe-de-france\/\"},\"author\":{\"name\":\"C D\",\"@id\":\"https:\/\/vosgesinfo.fr\/remiremontinfo\/#\/schema\/person\/3bfd164d5218a185b1db68655a265316\"},\"headline\":\"Le FCHM en route pour le 5\u00e8me tour de la Coupe de France\",\"datePublished\":\"2022-09-26T06:57:35+00:00\",\"dateModified\":\"2022-09-26T06:57:35+00:00\",\"mainEntityOfPage\":{\"@id\":\"https:\/\/vosgesinfo.fr\/remiremontinfo\/2022\/09\/fchm-route-5eme-tour-de-coupe-de-france\/\"},\"wordCount\":183,\"commentCount\":0,\"publisher\":{\"@id\":\"https:\/\/vosgesinfo.fr\/remiremontinfo\/#organization\"},\"image\":{\"@id\":\"https:\/\/vosgesinfo.fr\/remiremontinfo\/2022\/09\/fchm-route-5eme-tour-de-coupe-de-france\/#primaryimage\"},\"thumbnailUrl\":\"https:\/\/vosgesinfo.fr\/app\/uploads\/sites\/5\/2024\/09\/202209capture-decran-2022-09-26-105511.png\",\"keywords\":[\"FCHM\",\"foot\",\"Vosges\"],\"articleSection\":[\"A la Une\",\"La Bresse\",\"La Bresse &amp; son canton\",\"Sport\"],\"inLanguage\":\"fr-FR\",\"potentialAction\":[{\"@type\":\"CommentAction\",\"name\":\"Comment\",\"target\":[\"https:\/\/vosgesinfo.fr\/remiremontinfo\/2022\/09\/fchm-route-5eme-tour-de-coupe-de-france\/#respond\"]}]},{\"@type\":\"WebPage\",\"@id\":\"https:\/\/vosgesinfo.fr\/remiremontinfo\/2022\/09\/fchm-route-5eme-tour-de-coupe-de-france\/\",\"url\":\"https:\/\/vosgesinfo.fr\/remiremontinfo\/2022\/09\/fchm-route-5eme-tour-de-coupe-de-france\/\",\"name\":\"Le FCHM en route pour le 5\u00e8me tour de la Coupe de France - Remiremont Info\",\"isPartOf\":{\"@id\":\"https:\/\/vosgesinfo.fr\/remiremontinfo\/#website\"},\"primaryImageOfPage\":{\"@id\":\"https:\/\/vosgesinfo.fr\/remiremontinfo\/2022\/09\/fchm-route-5eme-tour-de-coupe-de-france\/#primaryimage\"},\"image\":{\"@id\":\"https:\/\/vosgesinfo.fr\/remiremontinfo\/2022\/09\/fchm-route-5eme-tour-de-coupe-de-france\/#primaryimage\"},\"thumbnailUrl\":\"https:\/\/vosgesinfo.fr\/app\/uploads\/sites\/5\/2024\/09\/202209capture-decran-2022-09-26-105511.png\",\"datePublished\":\"2022-09-26T06:57:35+00:00\",\"dateModified\":\"2022-09-26T06:57:35+00:00\",\"breadcrumb\":{\"@id\":\"https:\/\/vosgesinfo.fr\/remiremontinfo\/2022\/09\/fchm-route-5eme-tour-de-coupe-de-france\/#breadcrumb\"},\"inLanguage\":\"fr-FR\",\"potentialAction\":[{\"@type\":\"ReadAction\",\"target\":[\"https:\/\/vosgesinfo.fr\/remiremontinfo\/2022\/09\/fchm-route-5eme-tour-de-coupe-de-france\/\"]}]},{\"@type\":\"ImageObject\",\"inLanguage\":\"fr-FR\",\"@id\":\"https:\/\/vosgesinfo.fr\/remiremontinfo\/2022\/09\/fchm-route-5eme-tour-de-coupe-de-france\/#primaryimage\",\"url\":\"https:\/\/vosgesinfo.fr\/app\/uploads\/sites\/5\/2024\/09\/202209capture-decran-2022-09-26-105511.png\",\"contentUrl\":\"https:\/\/vosgesinfo.fr\/app\/uploads\/sites\/5\/2024\/09\/202209capture-decran-2022-09-26-105511.png\",\"width\":1018,\"height\":785},{\"@type\":\"BreadcrumbList\",\"@id\":\"https:\/\/vosgesinfo.fr\/remiremontinfo\/2022\/09\/fchm-route-5eme-tour-de-coupe-de-france\/#breadcrumb\",\"itemListElement\":[{\"@type\":\"ListItem\",\"position\":1,\"name\":\"Home\",\"item\":\"https:\/\/vosgesinfo.fr\/remiremontinfo\/\"},{\"@type\":\"ListItem\",\"position\":2,\"name\":\"Le FCHM en route pour le 5\u00e8me tour de la Coupe de France\"}]},{\"@type\":\"WebSite\",\"@id\":\"https:\/\/vosgesinfo.fr\/remiremontinfo\/#website\",\"url\":\"https:\/\/vosgesinfo.fr\/remiremontinfo\/\",\"name\":\"Remiremont Info\",\"description\":\"Toute l&#039;actualit\u00e9 de Remiremont\",\"publisher\":{\"@id\":\"https:\/\/vosgesinfo.fr\/remiremontinfo\/#organization\"},\"alternateName\":\"Toute l'actualit\u00e9 de Remiremont\",\"potentialAction\":[{\"@type\":\"SearchAction\",\"target\":{\"@type\":\"EntryPoint\",\"urlTemplate\":\"https:\/\/vosgesinfo.fr\/remiremontinfo\/?s={search_term_string}\"},\"query-input\":\"required name=search_term_string\"}],\"inLanguage\":\"fr-FR\"},{\"@type\":\"Organization\",\"@id\":\"https:\/\/vosgesinfo.fr\/remiremontinfo\/#organization\",\"name\":\"Remiremont Info\",\"url\":\"https:\/\/vosgesinfo.fr\/remiremontinfo\/\",\"logo\":{\"@type\":\"ImageObject\",\"inLanguage\":\"fr-FR\",\"@id\":\"https:\/\/vosgesinfo.fr\/remiremontinfo\/#\/schema\/logo\/image\/\",\"url\":\"https:\/\/vosgesinfo.fr\/app\/uploads\/sites\/5\/2023\/08\/favicon-remiremontinfo.png\",\"contentUrl\":\"https:\/\/vosgesinfo.fr\/app\/uploads\/sites\/5\/2023\/08\/favicon-remiremontinfo.png\",\"width\":512,\"height\":512,\"caption\":\"Remiremont Info\"},\"image\":{\"@id\":\"https:\/\/vosgesinfo.fr\/remiremontinfo\/#\/schema\/logo\/image\/\"},\"sameAs\":[\"https:\/\/www.facebook.com\/remiremontinfo\",\"https:\/\/x.com\/VosgesInfo88\",\"https:\/\/www.youtube.com\/@vosgesinfo\"]},{\"@type\":\"Person\",\"@id\":\"https:\/\/vosgesinfo.fr\/remiremontinfo\/#\/schema\/person\/3bfd164d5218a185b1db68655a265316\",\"name\":\"C D\",\"image\":{\"@type\":\"ImageObject\",\"inLanguage\":\"fr-FR\",\"@id\":\"https:\/\/vosgesinfo.fr\/remiremontinfo\/#\/schema\/person\/image\/\",\"url\":\"https:\/\/secure.gravatar.com\/avatar\/1f9a70007336511a47468b8f1c66f922b8b7cf617b02a31149ada43893a5d48f?s=96&d=mm&r=g\",\"contentUrl\":\"https:\/\/secure.gravatar.com\/avatar\/1f9a70007336511a47468b8f1c66f922b8b7cf617b02a31149ada43893a5d48f?s=96&d=mm&r=g\",\"caption\":\"C D\"},\"url\":\"https:\/\/vosgesinfo.fr\/remiremontinfo\/author\/cedric-drevet\/\"}]}<\/script>\n<!-- \/ Yoast SEO plugin. -->","yoast_head_json":{"title":"Le FCHM en route pour le 5\u00e8me tour de la Coupe de France - Remiremont Info","robots":{"index":"index","follow":"follow","max-snippet":"max-snippet:-1","max-image-preview":"max-image-preview:large","max-video-preview":"max-video-preview:-1"},"canonical":"https:\/\/vosgesinfo.fr\/remiremontinfo\/2022\/09\/fchm-route-5eme-tour-de-coupe-de-france\/","twitter_card":"summary_large_image","twitter_title":"Le FCHM en route pour le 5\u00e8me tour de la Coupe de France - Remiremont Info","twitter_description":"Source : FCHM\u00a0 Lors du 4\u00e8me tour de la Coupe de France, le FCHM (Football Club de la Haute Moselotte) [&hellip;]","twitter_image":"https:\/\/vosgesinfo.fr\/app\/uploads\/sites\/5\/2024\/09\/202209capture-decran-2022-09-26-105511.png","twitter_creator":"@VosgesInfo88","twitter_site":"@VosgesInfo88","twitter_misc":{"\u00c9crit par":"C D","Dur\u00e9e de lecture estim\u00e9e":"1 minute"},"schema":{"@context":"https:\/\/schema.org","@graph":[{"@type":"Article","@id":"https:\/\/vosgesinfo.fr\/remiremontinfo\/2022\/09\/fchm-route-5eme-tour-de-coupe-de-france\/#article","isPartOf":{"@id":"https:\/\/vosgesinfo.fr\/remiremontinfo\/2022\/09\/fchm-route-5eme-tour-de-coupe-de-france\/"},"author":{"name":"C D","@id":"https:\/\/vosgesinfo.fr\/remiremontinfo\/#\/schema\/person\/3bfd164d5218a185b1db68655a265316"},"headline":"Le FCHM en route pour le 5\u00e8me tour de la Coupe de France","datePublished":"2022-09-26T06:57:35+00:00","dateModified":"2022-09-26T06:57:35+00:00","mainEntityOfPage":{"@id":"https:\/\/vosgesinfo.fr\/remiremontinfo\/2022\/09\/fchm-route-5eme-tour-de-coupe-de-france\/"},"wordCount":183,"commentCount":0,"publisher":{"@id":"https:\/\/vosgesinfo.fr\/remiremontinfo\/#organization"},"image":{"@id":"https:\/\/vosgesinfo.fr\/remiremontinfo\/2022\/09\/fchm-route-5eme-tour-de-coupe-de-france\/#primaryimage"},"thumbnailUrl":"https:\/\/vosgesinfo.fr\/app\/uploads\/sites\/5\/2024\/09\/202209capture-decran-2022-09-26-105511.png","keywords":["FCHM","foot","Vosges"],"articleSection":["A la Une","La Bresse","La Bresse &amp; son canton","Sport"],"inLanguage":"fr-FR","potentialAction":[{"@type":"CommentAction","name":"Comment","target":["https:\/\/vosgesinfo.fr\/remiremontinfo\/2022\/09\/fchm-route-5eme-tour-de-coupe-de-france\/#respond"]}]},{"@type":"WebPage","@id":"https:\/\/vosgesinfo.fr\/remiremontinfo\/2022\/09\/fchm-route-5eme-tour-de-coupe-de-france\/","url":"https:\/\/vosgesinfo.fr\/remiremontinfo\/2022\/09\/fchm-route-5eme-tour-de-coupe-de-france\/","name":"Le FCHM en route pour le 5\u00e8me tour de la Coupe de France - Remiremont Info","isPartOf":{"@id":"https:\/\/vosgesinfo.fr\/remiremontinfo\/#website"},"primaryImageOfPage":{"@id":"https:\/\/vosgesinfo.fr\/remiremontinfo\/2022\/09\/fchm-route-5eme-tour-de-coupe-de-france\/#primaryimage"},"image":{"@id":"https:\/\/vosgesinfo.fr\/remiremontinfo\/2022\/09\/fchm-route-5eme-tour-de-coupe-de-france\/#primaryimage"},"thumbnailUrl":"https:\/\/vosgesinfo.fr\/app\/uploads\/sites\/5\/2024\/09\/202209capture-decran-2022-09-26-105511.png","datePublished":"2022-09-26T06:57:35+00:00","dateModified":"2022-09-26T06:57:35+00:00","breadcrumb":{"@id":"https:\/\/vosgesinfo.fr\/remiremontinfo\/2022\/09\/fchm-route-5eme-tour-de-coupe-de-france\/#breadcrumb"},"inLanguage":"fr-FR","potentialAction":[{"@type":"ReadAction","target":["https:\/\/vosgesinfo.fr\/remiremontinfo\/2022\/09\/fchm-route-5eme-tour-de-coupe-de-france\/"]}]},{"@type":"ImageObject","inLanguage":"fr-FR","@id":"https:\/\/vosgesinfo.fr\/remiremontinfo\/2022\/09\/fchm-route-5eme-tour-de-coupe-de-france\/#primaryimage","url":"https:\/\/vosgesinfo.fr\/app\/uploads\/sites\/5\/2024\/09\/202209capture-decran-2022-09-26-105511.png","contentUrl":"https:\/\/vosgesinfo.fr\/app\/uploads\/sites\/5\/2024\/09\/202209capture-decran-2022-09-26-105511.png","width":1018,"height":785},{"@type":"BreadcrumbList","@id":"https:\/\/vosgesinfo.fr\/remiremontinfo\/2022\/09\/fchm-route-5eme-tour-de-coupe-de-france\/#breadcrumb","itemListElement":[{"@type":"ListItem","position":1,"name":"Home","item":"https:\/\/vosgesinfo.fr\/remiremontinfo\/"},{"@type":"ListItem","position":2,"name":"Le FCHM en route pour le 5\u00e8me tour de la Coupe de France"}]},{"@type":"WebSite","@id":"https:\/\/vosgesinfo.fr\/remiremontinfo\/#website","url":"https:\/\/vosgesinfo.fr\/remiremontinfo\/","name":"Remiremont Info","description":"Toute l&#039;actualit\u00e9 de Remiremont","publisher":{"@id":"https:\/\/vosgesinfo.fr\/remiremontinfo\/#organization"},"alternateName":"Toute l'actualit\u00e9 de Remiremont","potentialAction":[{"@type":"SearchAction","target":{"@type":"EntryPoint","urlTemplate":"https:\/\/vosgesinfo.fr\/remiremontinfo\/?s={search_term_string}"},"query-input":"required name=search_term_string"}],"inLanguage":"fr-FR"},{"@type":"Organization","@id":"https:\/\/vosgesinfo.fr\/remiremontinfo\/#organization","name":"Remiremont Info","url":"https:\/\/vosgesinfo.fr\/remiremontinfo\/","logo":{"@type":"ImageObject","inLanguage":"fr-FR","@id":"https:\/\/vosgesinfo.fr\/remiremontinfo\/#\/schema\/logo\/image\/","url":"https:\/\/vosgesinfo.fr\/app\/uploads\/sites\/5\/2023\/08\/favicon-remiremontinfo.png","contentUrl":"https:\/\/vosgesinfo.fr\/app\/uploads\/sites\/5\/2023\/08\/favicon-remiremontinfo.png","width":512,"height":512,"caption":"Remiremont Info"},"image":{"@id":"https:\/\/vosgesinfo.fr\/remiremontinfo\/#\/schema\/logo\/image\/"},"sameAs":["https:\/\/www.facebook.com\/remiremontinfo","https:\/\/x.com\/VosgesInfo88","https:\/\/www.youtube.com\/@vosgesinfo"]},{"@type":"Person","@id":"https:\/\/vosgesinfo.fr\/remiremontinfo\/#\/schema\/person\/3bfd164d5218a185b1db68655a265316","name":"C D","image":{"@type":"ImageObject","inLanguage":"fr-FR","@id":"https:\/\/vosgesinfo.fr\/remiremontinfo\/#\/schema\/person\/image\/","url":"https:\/\/secure.gravatar.com\/avatar\/1f9a70007336511a47468b8f1c66f922b8b7cf617b02a31149ada43893a5d48f?s=96&d=mm&r=g","contentUrl":"https:\/\/secure.gravatar.com\/avatar\/1f9a70007336511a47468b8f1c66f922b8b7cf617b02a31149ada43893a5d48f?s=96&d=mm&r=g","caption":"C D"},"url":"https:\/\/vosgesinfo.fr\/remiremontinfo\/author\/cedric-drevet\/"}]}},"_links":{"self":[{"href":"https:\/\/vosgesinfo.fr\/remiremontinfo\/wp-json\/wp\/v2\/posts\/62495","targetHints":{"allow":["GET"]}}],"collection":[{"href":"https:\/\/vosgesinfo.fr\/remiremontinfo\/wp-json\/wp\/v2\/posts"}],"about":[{"href":"https:\/\/vosgesinfo.fr\/remiremontinfo\/wp-json\/wp\/v2\/types\/post"}],"author":[{"embeddable":true,"href":"https:\/\/vosgesinfo.fr\/remiremontinfo\/wp-json\/wp\/v2\/users\/407"}],"replies":[{"embeddable":true,"href":"https:\/\/vosgesinfo.fr\/remiremontinfo\/wp-json\/wp\/v2\/comments?post=62495"}],"version-history":[{"count":0,"href":"https:\/\/vosgesinfo.fr\/remiremontinfo\/wp-json\/wp\/v2\/posts\/62495\/revisions"}],"wp:featuredmedia":[{"embeddable":true,"href":"https:\/\/vosgesinfo.fr\/remiremontinfo\/wp-json\/wp\/v2\/media\/62496"}],"wp:attachment":[{"href":"https:\/\/vosgesinfo.fr\/remiremontinfo\/wp-json\/wp\/v2\/media?parent=62495"}],"wp:term":[{"taxonomy":"category","embeddable":true,"href":"https:\/\/vosgesinfo.fr\/remiremontinfo\/wp-json\/wp\/v2\/categories?post=62495"},{"taxonomy":"post_tag","embeddable":true,"href":"https:\/\/vosgesinfo.fr\/remiremontinfo\/wp-json\/wp\/v2\/tags?post=62495"}],"curies":[{"name":"wp","href":"https:\/\/api.w.org\/{rel}","templated":true}]}}